{"id":32325,"date":"2019-08-29T10:33:21","date_gmt":"2019-08-29T08:33:21","guid":{"rendered":"http:\/\/www.tressis.com\/blog\/?p=32325"},"modified":"2019-08-29T10:33:21","modified_gmt":"2019-08-29T08:33:21","slug":"la-politica-sigue-dominando-los-titulares-en-europa","status":"publish","type":"post","link":"https:\/\/www.tressis.com\/ca\/blog\/la-politica-sigue-dominando-los-titulares-en-europa\/","title":{"rendered":"La pol\u00edtica sigue dominando los titulares en Europa"},"content":{"rendered":"<p>Ni la inversi\u00f3n de la curva americana, ni la suspensi\u00f3n del Parlamento brit\u00e1nico impidieron que los mercados norteamericanos y brit\u00e1nicos continuaran recuperando el terreno perdido el pasado viernes. <!--more-->Todos los activos de riesgo tuvieron ayer un buen d\u00eda, con la \u00fanica excepci\u00f3n de la renta variable europea y eso que ayer se llegaba a un principio de acuerdo para la formaci\u00f3n de gobierno en Italia. <\/p>\n<p>No es novedad que la pol\u00edtica siga dominando los titulares en Europa, ni que los temas sean el <i>brexit<\/i> e Italia. Empezando por la isla, Boris Johnson solicitaba la suspensi\u00f3n del Parlamento durante un mes y la reina lo aprobaba. Dicha medida podr\u00eda complicar los esfuerzos de la oposici\u00f3n para frenar una salida sin acuerdo o una nueva extensi\u00f3n del art\u00edculo 50. Mientras, desde Italia, la rentabilidad exigida a la deuda a 10 a\u00f1os italiana lleg\u00f3 a caer por debajo del 1% con la noticia de la posible formaci\u00f3n de un gobierno de coalici\u00f3n entre el Movimiento 5 Estrellas y el Partido Democr\u00e1tico, siendo Conte, de nuevo, el primer ministro. Es decir, un ejecutivo muy parecido al actual, pero sin Salvini y, en principio, m\u00e1s proeuropeo. <\/p>\n<p>En Estados Unidos, cuando se acerca peligrosamente la fecha del 1 de septiembre en la que entran en vigor buena parte de los aranceles anunciados, Steven Mnuchin (secretario del Tesoro de los Estados Unidos) quiso tranquilizar a los inversores al afirmar que una delegaci\u00f3n de negociadores chinos visitar\u00e1 Washington, aunque no quiso especificar cu\u00e1ndo y si las reuniones de septiembre siguen en pie. <\/p>\n<p>Pero centr\u00e1ndonos en la situaci\u00f3n econ\u00f3mica, la posible futura recesi\u00f3n americana sigue en boca de todos los inversores. Hoy tendremos la revisi\u00f3n del dato del PIB del segundo trimestre y ya veremos si se queda por encima del 2%. En Alemania, en cambio, ya se da m\u00e1s que por descontado que en octubre se anunciar\u00e1 la recesi\u00f3n de la locomotora europea. Por su parte, el crecimiento franc\u00e9s del pasado trimestre super\u00f3 tanto las estimaciones como el dato preliminar.<\/p>\n<p>Hoy no tendremos citas empresariales de relevancia por lo que los focos se centrar\u00e1n en la pol\u00edtica. <\/p>\n<p>Buen d\u00eda.<\/p>\n<p><center><strong>Jorge Gonz\u00e1lez G\u00f3mez<\/strong><br \/>\nDirector de an\u00e1lisis<\/center><\/p>\n","protected":false},"excerpt":{"rendered":"<p>Ni la inversi\u00f3n de la curva americana, ni la suspensi\u00f3n del Parlamento brit\u00e1nico impidieron que los mercados norteamericanos y brit\u00e1nicos continuaran recuperando el terreno perdido el pasado viernes.<\/p>\n","protected":false},"author":4,"featured_media":32326,"comment_status":"open","ping_status":"closed","sticky":false,"template":"","format":"standard","meta":{"_acf_changed":false,"footnotes":""},"categories":[9721],"tags":[],"class_list":["post-32325","post","type-post","status-publish","format-standard","has-post-thumbnail","hentry","category-morning-meeting"],"acf":[],"yoast_head":"<!-- This site is optimized with the Yoast SEO plugin v27.5 - https:\/\/yoast.com\/product\/yoast-seo-wordpress\/ -->\n<title>La pol\u00edtica sigue dominando los titulares en Europa<\/title>\n<meta name=\"description\" content=\"No es novedad que la pol\u00edtica siga dominando los titulares en Europa, ni que los temas sean el brexit e Italia.\" \/>\n<meta name=\"robots\" content=\"index, follow, max-snippet:-1, max-image-preview:large, max-video-preview:-1\" \/>\n<link rel=\"canonical\" href=\"https:\/\/www.tressis.com\/ca\/blog\/la-politica-sigue-dominando-los-titulares-en-europa\/\" \/>\n<meta property=\"og:locale\" content=\"ca_ES\" \/>\n<meta property=\"og:type\" content=\"article\" \/>\n<meta property=\"og:title\" content=\"La pol\u00edtica sigue dominando los titulares en Europa\" \/>\n<meta property=\"og:description\" content=\"No es novedad que la pol\u00edtica siga dominando los titulares en Europa, ni que los temas sean el brexit e Italia.\" \/>\n<meta property=\"og:url\" content=\"https:\/\/www.tressis.com\/ca\/blog\/la-politica-sigue-dominando-los-titulares-en-europa\/\" \/>\n<meta property=\"og:site_name\" content=\"Tressis\" \/>\n<meta property=\"article:publisher\" content=\"https:\/\/www.facebook.com\/Tressis\/\" \/>\n<meta property=\"article:published_time\" content=\"2019-08-29T08:33:21+00:00\" \/>\n<meta property=\"og:image\" content=\"https:\/\/www.tressis.com\/wp-content\/uploads\/2019\/08\/20190829-mmv.jpg\" \/>\n\t<meta property=\"og:image:width\" content=\"1100\" \/>\n\t<meta property=\"og:image:height\" content=\"487\" \/>\n\t<meta property=\"og:image:type\" content=\"image\/jpeg\" \/>\n<meta name=\"author\" content=\"Lola\" \/>\n<meta name=\"twitter:card\" content=\"summary_large_image\" \/>\n<meta name=\"twitter:creator\" content=\"@TressisSV\" \/>\n<meta name=\"twitter:site\" content=\"@TressisSV\" \/>\n<meta name=\"twitter:label1\" content=\"Escrit per\" \/>\n\t<meta name=\"twitter:data1\" content=\"Lola\" \/>\n\t<meta name=\"twitter:label2\" content=\"Temps estimat de lectura\" \/>\n\t<meta name=\"twitter:data2\" content=\"2 minuts\" \/>\n<script type=\"application\/ld+json\" class=\"yoast-schema-graph\">{\"@context\":\"https:\\\/\\\/schema.org\",\"@graph\":[{\"@type\":\"Article\",\"@id\":\"https:\\\/\\\/www.tressis.com\\\/ca\\\/blog\\\/la-politica-sigue-dominando-los-titulares-en-europa\\\/#article\",\"isPartOf\":{\"@id\":\"https:\\\/\\\/www.tressis.com\\\/ca\\\/blog\\\/la-politica-sigue-dominando-los-titulares-en-europa\\\/\"},\"author\":{\"name\":\"Lola\",\"@id\":\"https:\\\/\\\/www.tressis.com\\\/ca\\\/#\\\/schema\\\/person\\\/b833c1d724d8764920b6d6852c70584e\"},\"headline\":\"La pol\u00edtica sigue dominando los titulares en Europa\",\"datePublished\":\"2019-08-29T08:33:21+00:00\",\"mainEntityOfPage\":{\"@id\":\"https:\\\/\\\/www.tressis.com\\\/ca\\\/blog\\\/la-politica-sigue-dominando-los-titulares-en-europa\\\/\"},\"wordCount\":394,\"commentCount\":0,\"publisher\":{\"@id\":\"https:\\\/\\\/www.tressis.com\\\/ca\\\/#organization\"},\"image\":{\"@id\":\"https:\\\/\\\/www.tressis.com\\\/ca\\\/blog\\\/la-politica-sigue-dominando-los-titulares-en-europa\\\/#primaryimage\"},\"thumbnailUrl\":\"https:\\\/\\\/www.tressis.com\\\/wp-content\\\/uploads\\\/2019\\\/08\\\/20190829-mmv.jpg\",\"articleSection\":[\"Morning meeting\"],\"inLanguage\":\"ca\",\"potentialAction\":[{\"@type\":\"CommentAction\",\"name\":\"Comment\",\"target\":[\"https:\\\/\\\/www.tressis.com\\\/ca\\\/blog\\\/la-politica-sigue-dominando-los-titulares-en-europa\\\/#respond\"]}]},{\"@type\":\"WebPage\",\"@id\":\"https:\\\/\\\/www.tressis.com\\\/ca\\\/blog\\\/la-politica-sigue-dominando-los-titulares-en-europa\\\/\",\"url\":\"https:\\\/\\\/www.tressis.com\\\/ca\\\/blog\\\/la-politica-sigue-dominando-los-titulares-en-europa\\\/\",\"name\":\"La pol\u00edtica sigue dominando los titulares en Europa\",\"isPartOf\":{\"@id\":\"https:\\\/\\\/www.tressis.com\\\/ca\\\/#website\"},\"primaryImageOfPage\":{\"@id\":\"https:\\\/\\\/www.tressis.com\\\/ca\\\/blog\\\/la-politica-sigue-dominando-los-titulares-en-europa\\\/#primaryimage\"},\"image\":{\"@id\":\"https:\\\/\\\/www.tressis.com\\\/ca\\\/blog\\\/la-politica-sigue-dominando-los-titulares-en-europa\\\/#primaryimage\"},\"thumbnailUrl\":\"https:\\\/\\\/www.tressis.com\\\/wp-content\\\/uploads\\\/2019\\\/08\\\/20190829-mmv.jpg\",\"datePublished\":\"2019-08-29T08:33:21+00:00\",\"description\":\"No es novedad que la pol\u00edtica siga dominando los titulares en Europa, ni que los temas sean el brexit e Italia.\",\"breadcrumb\":{\"@id\":\"https:\\\/\\\/www.tressis.com\\\/ca\\\/blog\\\/la-politica-sigue-dominando-los-titulares-en-europa\\\/#breadcrumb\"},\"inLanguage\":\"ca\",\"potentialAction\":[{\"@type\":\"ReadAction\",\"target\":[\"https:\\\/\\\/www.tressis.com\\\/ca\\\/blog\\\/la-politica-sigue-dominando-los-titulares-en-europa\\\/\"]}]},{\"@type\":\"ImageObject\",\"inLanguage\":\"ca\",\"@id\":\"https:\\\/\\\/www.tressis.com\\\/ca\\\/blog\\\/la-politica-sigue-dominando-los-titulares-en-europa\\\/#primaryimage\",\"url\":\"https:\\\/\\\/www.tressis.com\\\/wp-content\\\/uploads\\\/2019\\\/08\\\/20190829-mmv.jpg\",\"contentUrl\":\"https:\\\/\\\/www.tressis.com\\\/wp-content\\\/uploads\\\/2019\\\/08\\\/20190829-mmv.jpg\",\"width\":1100,\"height\":487,\"caption\":\"La pol\u00edtica sigue dominando los titulares en Europa\"},{\"@type\":\"BreadcrumbList\",\"@id\":\"https:\\\/\\\/www.tressis.com\\\/ca\\\/blog\\\/la-politica-sigue-dominando-los-titulares-en-europa\\\/#breadcrumb\",\"itemListElement\":[{\"@type\":\"ListItem\",\"position\":1,\"name\":\"Inicio\",\"item\":\"https:\\\/\\\/www.tressis.com\\\/ca\\\/\"},{\"@type\":\"ListItem\",\"position\":2,\"name\":\"La pol\u00edtica sigue dominando los titulares en Europa\"}]},{\"@type\":\"WebSite\",\"@id\":\"https:\\\/\\\/www.tressis.com\\\/ca\\\/#website\",\"url\":\"https:\\\/\\\/www.tressis.com\\\/ca\\\/\",\"name\":\"Tressis banca privada\",\"description\":\"Tressis | Planificaci\u00f3n financiera y gesti\u00f3n de patrimonios\",\"publisher\":{\"@id\":\"https:\\\/\\\/www.tressis.com\\\/ca\\\/#organization\"},\"potentialAction\":[{\"@type\":\"SearchAction\",\"target\":{\"@type\":\"EntryPoint\",\"urlTemplate\":\"https:\\\/\\\/www.tressis.com\\\/ca\\\/?s={search_term_string}\"},\"query-input\":{\"@type\":\"PropertyValueSpecification\",\"valueRequired\":true,\"valueName\":\"search_term_string\"}}],\"inLanguage\":\"ca\"},{\"@type\":\"Organization\",\"@id\":\"https:\\\/\\\/www.tressis.com\\\/ca\\\/#organization\",\"name\":\"Tressis\",\"url\":\"https:\\\/\\\/www.tressis.com\\\/ca\\\/\",\"logo\":{\"@type\":\"ImageObject\",\"inLanguage\":\"ca\",\"@id\":\"https:\\\/\\\/www.tressis.com\\\/ca\\\/#\\\/schema\\\/logo\\\/image\\\/\",\"url\":\"https:\\\/\\\/www.tressis.com\\\/wp-content\\\/uploads\\\/2025\\\/06\\\/logo-tressis-112.png\",\"contentUrl\":\"https:\\\/\\\/www.tressis.com\\\/wp-content\\\/uploads\\\/2025\\\/06\\\/logo-tressis-112.png\",\"width\":112,\"height\":112,\"caption\":\"Tressis\"},\"image\":{\"@id\":\"https:\\\/\\\/www.tressis.com\\\/ca\\\/#\\\/schema\\\/logo\\\/image\\\/\"},\"sameAs\":[\"https:\\\/\\\/www.facebook.com\\\/Tressis\\\/\",\"https:\\\/\\\/x.com\\\/TressisSV\",\"https:\\\/\\\/www.instagram.com\\\/tressissv\\\/?hl=es\",\"https:\\\/\\\/linkedin.com\\\/company\\\/tressis\\\/\",\"https:\\\/\\\/www.youtube.com\\\/user\\\/tressissv\",\"https:\\\/\\\/open.spotify.com\\\/show\\\/3jmTe1Nf0wqMILl7diWV6h?si=d7112519f13c4593&nd=1\"]},{\"@type\":\"Person\",\"@id\":\"https:\\\/\\\/www.tressis.com\\\/ca\\\/#\\\/schema\\\/person\\\/b833c1d724d8764920b6d6852c70584e\",\"name\":\"Lola\",\"image\":{\"@type\":\"ImageObject\",\"inLanguage\":\"ca\",\"@id\":\"https:\\\/\\\/secure.gravatar.com\\\/avatar\\\/05e646486b23ff45df9649110609c7e31b8c4a3e2821caa23d6317f405e0c51d?s=96&d=mm&r=g\",\"url\":\"https:\\\/\\\/secure.gravatar.com\\\/avatar\\\/05e646486b23ff45df9649110609c7e31b8c4a3e2821caa23d6317f405e0c51d?s=96&d=mm&r=g\",\"contentUrl\":\"https:\\\/\\\/secure.gravatar.com\\\/avatar\\\/05e646486b23ff45df9649110609c7e31b8c4a3e2821caa23d6317f405e0c51d?s=96&d=mm&r=g\",\"caption\":\"Lola\"}}]}<\/script>\n<!-- \/ Yoast SEO plugin. -->","yoast_head_json":{"title":"La pol\u00edtica sigue dominando los titulares en Europa","description":"No es novedad que la pol\u00edtica siga dominando los titulares en Europa, ni que los temas sean el brexit e Italia.","robots":{"index":"index","follow":"follow","max-snippet":"max-snippet:-1","max-image-preview":"max-image-preview:large","max-video-preview":"max-video-preview:-1"},"canonical":"https:\/\/www.tressis.com\/ca\/blog\/la-politica-sigue-dominando-los-titulares-en-europa\/","og_locale":"ca_ES","og_type":"article","og_title":"La pol\u00edtica sigue dominando los titulares en Europa","og_description":"No es novedad que la pol\u00edtica siga dominando los titulares en Europa, ni que los temas sean el brexit e Italia.","og_url":"https:\/\/www.tressis.com\/ca\/blog\/la-politica-sigue-dominando-los-titulares-en-europa\/","og_site_name":"Tressis","article_publisher":"https:\/\/www.facebook.com\/Tressis\/","article_published_time":"2019-08-29T08:33:21+00:00","og_image":[{"width":1100,"height":487,"url":"https:\/\/www.tressis.com\/wp-content\/uploads\/2019\/08\/20190829-mmv.jpg","type":"image\/jpeg"}],"author":"Lola","twitter_card":"summary_large_image","twitter_creator":"@TressisSV","twitter_site":"@TressisSV","twitter_misc":{"Escrit per":"Lola","Temps estimat de lectura":"2 minuts"},"schema":{"@context":"https:\/\/schema.org","@graph":[{"@type":"Article","@id":"https:\/\/www.tressis.com\/ca\/blog\/la-politica-sigue-dominando-los-titulares-en-europa\/#article","isPartOf":{"@id":"https:\/\/www.tressis.com\/ca\/blog\/la-politica-sigue-dominando-los-titulares-en-europa\/"},"author":{"name":"Lola","@id":"https:\/\/www.tressis.com\/ca\/#\/schema\/person\/b833c1d724d8764920b6d6852c70584e"},"headline":"La pol\u00edtica sigue dominando los titulares en Europa","datePublished":"2019-08-29T08:33:21+00:00","mainEntityOfPage":{"@id":"https:\/\/www.tressis.com\/ca\/blog\/la-politica-sigue-dominando-los-titulares-en-europa\/"},"wordCount":394,"commentCount":0,"publisher":{"@id":"https:\/\/www.tressis.com\/ca\/#organization"},"image":{"@id":"https:\/\/www.tressis.com\/ca\/blog\/la-politica-sigue-dominando-los-titulares-en-europa\/#primaryimage"},"thumbnailUrl":"https:\/\/www.tressis.com\/wp-content\/uploads\/2019\/08\/20190829-mmv.jpg","articleSection":["Morning meeting"],"inLanguage":"ca","potentialAction":[{"@type":"CommentAction","name":"Comment","target":["https:\/\/www.tressis.com\/ca\/blog\/la-politica-sigue-dominando-los-titulares-en-europa\/#respond"]}]},{"@type":"WebPage","@id":"https:\/\/www.tressis.com\/ca\/blog\/la-politica-sigue-dominando-los-titulares-en-europa\/","url":"https:\/\/www.tressis.com\/ca\/blog\/la-politica-sigue-dominando-los-titulares-en-europa\/","name":"La pol\u00edtica sigue dominando los titulares en Europa","isPartOf":{"@id":"https:\/\/www.tressis.com\/ca\/#website"},"primaryImageOfPage":{"@id":"https:\/\/www.tressis.com\/ca\/blog\/la-politica-sigue-dominando-los-titulares-en-europa\/#primaryimage"},"image":{"@id":"https:\/\/www.tressis.com\/ca\/blog\/la-politica-sigue-dominando-los-titulares-en-europa\/#primaryimage"},"thumbnailUrl":"https:\/\/www.tressis.com\/wp-content\/uploads\/2019\/08\/20190829-mmv.jpg","datePublished":"2019-08-29T08:33:21+00:00","description":"No es novedad que la pol\u00edtica siga dominando los titulares en Europa, ni que los temas sean el brexit e Italia.","breadcrumb":{"@id":"https:\/\/www.tressis.com\/ca\/blog\/la-politica-sigue-dominando-los-titulares-en-europa\/#breadcrumb"},"inLanguage":"ca","potentialAction":[{"@type":"ReadAction","target":["https:\/\/www.tressis.com\/ca\/blog\/la-politica-sigue-dominando-los-titulares-en-europa\/"]}]},{"@type":"ImageObject","inLanguage":"ca","@id":"https:\/\/www.tressis.com\/ca\/blog\/la-politica-sigue-dominando-los-titulares-en-europa\/#primaryimage","url":"https:\/\/www.tressis.com\/wp-content\/uploads\/2019\/08\/20190829-mmv.jpg","contentUrl":"https:\/\/www.tressis.com\/wp-content\/uploads\/2019\/08\/20190829-mmv.jpg","width":1100,"height":487,"caption":"La pol\u00edtica sigue dominando los titulares en Europa"},{"@type":"BreadcrumbList","@id":"https:\/\/www.tressis.com\/ca\/blog\/la-politica-sigue-dominando-los-titulares-en-europa\/#breadcrumb","itemListElement":[{"@type":"ListItem","position":1,"name":"Inicio","item":"https:\/\/www.tressis.com\/ca\/"},{"@type":"ListItem","position":2,"name":"La pol\u00edtica sigue dominando los titulares en Europa"}]},{"@type":"WebSite","@id":"https:\/\/www.tressis.com\/ca\/#website","url":"https:\/\/www.tressis.com\/ca\/","name":"Tressis banca privada","description":"Tressis | Planificaci\u00f3n financiera y gesti\u00f3n de patrimonios","publisher":{"@id":"https:\/\/www.tressis.com\/ca\/#organization"},"potentialAction":[{"@type":"SearchAction","target":{"@type":"EntryPoint","urlTemplate":"https:\/\/www.tressis.com\/ca\/?s={search_term_string}"},"query-input":{"@type":"PropertyValueSpecification","valueRequired":true,"valueName":"search_term_string"}}],"inLanguage":"ca"},{"@type":"Organization","@id":"https:\/\/www.tressis.com\/ca\/#organization","name":"Tressis","url":"https:\/\/www.tressis.com\/ca\/","logo":{"@type":"ImageObject","inLanguage":"ca","@id":"https:\/\/www.tressis.com\/ca\/#\/schema\/logo\/image\/","url":"https:\/\/www.tressis.com\/wp-content\/uploads\/2025\/06\/logo-tressis-112.png","contentUrl":"https:\/\/www.tressis.com\/wp-content\/uploads\/2025\/06\/logo-tressis-112.png","width":112,"height":112,"caption":"Tressis"},"image":{"@id":"https:\/\/www.tressis.com\/ca\/#\/schema\/logo\/image\/"},"sameAs":["https:\/\/www.facebook.com\/Tressis\/","https:\/\/x.com\/TressisSV","https:\/\/www.instagram.com\/tressissv\/?hl=es","https:\/\/linkedin.com\/company\/tressis\/","https:\/\/www.youtube.com\/user\/tressissv","https:\/\/open.spotify.com\/show\/3jmTe1Nf0wqMILl7diWV6h?si=d7112519f13c4593&nd=1"]},{"@type":"Person","@id":"https:\/\/www.tressis.com\/ca\/#\/schema\/person\/b833c1d724d8764920b6d6852c70584e","name":"Lola","image":{"@type":"ImageObject","inLanguage":"ca","@id":"https:\/\/secure.gravatar.com\/avatar\/05e646486b23ff45df9649110609c7e31b8c4a3e2821caa23d6317f405e0c51d?s=96&d=mm&r=g","url":"https:\/\/secure.gravatar.com\/avatar\/05e646486b23ff45df9649110609c7e31b8c4a3e2821caa23d6317f405e0c51d?s=96&d=mm&r=g","contentUrl":"https:\/\/secure.gravatar.com\/avatar\/05e646486b23ff45df9649110609c7e31b8c4a3e2821caa23d6317f405e0c51d?s=96&d=mm&r=g","caption":"Lola"}}]}},"_links":{"self":[{"href":"https:\/\/www.tressis.com\/ca\/wp-json\/wp\/v2\/posts\/32325","targetHints":{"allow":["GET"]}}],"collection":[{"href":"https:\/\/www.tressis.com\/ca\/wp-json\/wp\/v2\/posts"}],"about":[{"href":"https:\/\/www.tressis.com\/ca\/wp-json\/wp\/v2\/types\/post"}],"author":[{"embeddable":true,"href":"https:\/\/www.tressis.com\/ca\/wp-json\/wp\/v2\/users\/4"}],"replies":[{"embeddable":true,"href":"https:\/\/www.tressis.com\/ca\/wp-json\/wp\/v2\/comments?post=32325"}],"version-history":[{"count":0,"href":"https:\/\/www.tressis.com\/ca\/wp-json\/wp\/v2\/posts\/32325\/revisions"}],"wp:featuredmedia":[{"embeddable":true,"href":"https:\/\/www.tressis.com\/ca\/wp-json\/wp\/v2\/media\/32326"}],"wp:attachment":[{"href":"https:\/\/www.tressis.com\/ca\/wp-json\/wp\/v2\/media?parent=32325"}],"wp:term":[{"taxonomy":"category","embeddable":true,"href":"https:\/\/www.tressis.com\/ca\/wp-json\/wp\/v2\/categories?post=32325"},{"taxonomy":"post_tag","embeddable":true,"href":"https:\/\/www.tressis.com\/ca\/wp-json\/wp\/v2\/tags?post=32325"}],"curies":[{"name":"wp","href":"https:\/\/api.w.org\/{rel}","templated":true}]}}