{"id":32320,"date":"2019-08-28T10:26:59","date_gmt":"2019-08-28T08:26:59","guid":{"rendered":"http:\/\/www.tressis.com\/blog\/?p=32320"},"modified":"2019-08-28T10:26:59","modified_gmt":"2019-08-28T08:26:59","slug":"estallan-las-relaciones-de-japon-con-corea-del-sur","status":"publish","type":"post","link":"https:\/\/www.tressis.com\/ca\/blog\/estallan-las-relaciones-de-japon-con-corea-del-sur\/","title":{"rendered":"Estallan las relaciones de Jap\u00f3n con Corea del Sur"},"content":{"rendered":"<p>La curva americana continua invirti\u00e9ndose y enviando se\u00f1ales de que la guerra comercial puede mandar a recesi\u00f3n a la principal econom\u00eda del mundo.<!--more--><\/p>\n<p>Pero las bolsas se lo tomaron de forma mixta: mientras las acciones europeas sub\u00edan gracias al empuje de las empresas de coches ante las expectativas de mayor demanda china, las americanas retroced\u00edan ligeramente. El petr\u00f3leo viv\u00eda tambi\u00e9n una buena sesi\u00f3n, aunque no era por el posible aumento de la demanda global, sino por las incertidumbres geopol\u00edticas y la negativa del presidente iran\u00ed a reunirse con Trump hasta que no les levanten las sanciones.<\/p>\n<p>En cuanto a las disputas geopol\u00edticas, ya tenemos nuevo frente en la guerra comercial. Ahora que parec\u00eda que Trump relajaba sus pretensiones frente a China y la UE tras la cumbre del G7, estallan las relaciones de Jap\u00f3n con Corea del Sur. Las disputas se desataron el mes pasado cuando Tokio empez\u00f3 a restringir las exportaciones de varios compuestos necesarios para la producci\u00f3n de semiconductores y otros elementos electr\u00f3nicos.<\/p>\n<p>Al menos las noticias que llegaban de Italia eran un poco mejores. Todo indica que el primer ministro dimisionario, Giuseppe Conte, guiar\u00e1 la mayor\u00eda parlamentaria de izquierdas que est\u00e1n formando el Movimiento 5 Estrellas y el Partido Democr\u00e1tico, a pesar de sus profundos recelos, rencillas personales y desconfianza mutua. Los mercados, a pesar de que no termina de gustarles mucho eso de que gobiernen los antisistema, lo celebraron con nuevas compras de la deuda transalpina y eso que a\u00fan no conocemos cu\u00e1les son las intenciones fiscales del nuevo ejecutivo.<\/p>\n<p>Mientras, en el Reino Unido la oposici\u00f3n busca un punto en com\u00fan para evitar que el <i>brexit<\/i> se produzca sin acuerdo. Por su parte, Boris Johnson sigue intentando encontrar una alternativa a la salvaguarda irlandesa.<\/p>\n<p>El d\u00eda que no tengamos noticias geopol\u00edticas o de disputas internas dentro de alguna de las principales econom\u00edas del mundo los inversores se quedar\u00e1n sin excusas para asumir que la situaci\u00f3n econ\u00f3mica contin\u00faa empeorando y que el \u00fanico sost\u00e9n del mercado est\u00e1n siendo los bancos centrales y la capacidad de consumo de las familias. Como uno de los dos cambie su actual din\u00e1mica podr\u00edamos tener problemas muy graves.<\/p>\n<p>De hecho, ayer conoc\u00edamos que la confianza del consumidor americana se mantiene fuerte a pesar de la ca\u00edda de las expectativas futuras. Pero los precios inmobiliarios empiezan a dejar de aumentar con la misma fuerza que en el pasado.<\/p>\n<p>Buen d\u00eda.<\/p>\n<p><center><strong>Jorge Gonz\u00e1lez G\u00f3mez<\/strong><br \/>\nDirecci\u00f3n de Inversiones<\/center><\/p>\n","protected":false},"excerpt":{"rendered":"<p>La curva americana continua invirti\u00e9ndose y enviando se\u00f1ales de que la guerra comercial puede mandar a recesi\u00f3n a la principal econom\u00eda del mundo.<\/p>\n","protected":false},"author":4,"featured_media":32321,"comment_status":"open","ping_status":"closed","sticky":false,"template":"","format":"standard","meta":{"_acf_changed":false,"footnotes":""},"categories":[9721],"tags":[],"class_list":["post-32320","post","type-post","status-publish","format-standard","has-post-thumbnail","hentry","category-morning-meeting"],"acf":[],"yoast_head":"<!-- This site is optimized with the Yoast SEO plugin v27.5 - https:\/\/yoast.com\/product\/yoast-seo-wordpress\/ -->\n<title>Estallan las relaciones de Jap\u00f3n con Corea del Sur<\/title>\n<meta name=\"description\" content=\"Las disputas se desataron el mes pasado cuando Tokio empez\u00f3 a restringir las exportaciones de varios compuestos necesarios para la producci\u00f3n de semiconductores y otros elementos electr\u00f3nicos.\" \/>\n<meta name=\"robots\" content=\"index, follow, max-snippet:-1, max-image-preview:large, max-video-preview:-1\" \/>\n<link rel=\"canonical\" href=\"https:\/\/www.tressis.com\/ca\/blog\/estallan-las-relaciones-de-japon-con-corea-del-sur\/\" \/>\n<meta property=\"og:locale\" content=\"ca_ES\" \/>\n<meta property=\"og:type\" content=\"article\" \/>\n<meta property=\"og:title\" content=\"Estallan las relaciones de Jap\u00f3n con Corea del Sur\" \/>\n<meta property=\"og:description\" content=\"Las disputas se desataron el mes pasado cuando Tokio empez\u00f3 a restringir las exportaciones de varios compuestos necesarios para la producci\u00f3n de semiconductores y otros elementos electr\u00f3nicos.\" \/>\n<meta property=\"og:url\" content=\"https:\/\/www.tressis.com\/ca\/blog\/estallan-las-relaciones-de-japon-con-corea-del-sur\/\" \/>\n<meta property=\"og:site_name\" content=\"Tressis\" \/>\n<meta property=\"article:publisher\" content=\"https:\/\/www.facebook.com\/Tressis\/\" \/>\n<meta property=\"article:published_time\" content=\"2019-08-28T08:26:59+00:00\" \/>\n<meta property=\"og:image\" content=\"https:\/\/www.tressis.com\/wp-content\/uploads\/2019\/08\/20190828-corea-sur-japon.jpg\" \/>\n\t<meta property=\"og:image:width\" content=\"1100\" \/>\n\t<meta property=\"og:image:height\" content=\"487\" \/>\n\t<meta property=\"og:image:type\" content=\"image\/jpeg\" \/>\n<meta name=\"author\" content=\"Lola\" \/>\n<meta name=\"twitter:card\" content=\"summary_large_image\" \/>\n<meta name=\"twitter:creator\" content=\"@TressisSV\" \/>\n<meta name=\"twitter:site\" content=\"@TressisSV\" \/>\n<meta name=\"twitter:label1\" content=\"Escrit per\" \/>\n\t<meta name=\"twitter:data1\" content=\"Lola\" \/>\n\t<meta name=\"twitter:label2\" content=\"Temps estimat de lectura\" \/>\n\t<meta name=\"twitter:data2\" content=\"2 minuts\" \/>\n<script type=\"application\/ld+json\" class=\"yoast-schema-graph\">{\"@context\":\"https:\\\/\\\/schema.org\",\"@graph\":[{\"@type\":\"Article\",\"@id\":\"https:\\\/\\\/www.tressis.com\\\/ca\\\/blog\\\/estallan-las-relaciones-de-japon-con-corea-del-sur\\\/#article\",\"isPartOf\":{\"@id\":\"https:\\\/\\\/www.tressis.com\\\/ca\\\/blog\\\/estallan-las-relaciones-de-japon-con-corea-del-sur\\\/\"},\"author\":{\"name\":\"Lola\",\"@id\":\"https:\\\/\\\/www.tressis.com\\\/ca\\\/#\\\/schema\\\/person\\\/b833c1d724d8764920b6d6852c70584e\"},\"headline\":\"Estallan las relaciones de Jap\u00f3n con Corea del Sur\",\"datePublished\":\"2019-08-28T08:26:59+00:00\",\"mainEntityOfPage\":{\"@id\":\"https:\\\/\\\/www.tressis.com\\\/ca\\\/blog\\\/estallan-las-relaciones-de-japon-con-corea-del-sur\\\/\"},\"wordCount\":453,\"commentCount\":0,\"publisher\":{\"@id\":\"https:\\\/\\\/www.tressis.com\\\/ca\\\/#organization\"},\"image\":{\"@id\":\"https:\\\/\\\/www.tressis.com\\\/ca\\\/blog\\\/estallan-las-relaciones-de-japon-con-corea-del-sur\\\/#primaryimage\"},\"thumbnailUrl\":\"https:\\\/\\\/www.tressis.com\\\/wp-content\\\/uploads\\\/2019\\\/08\\\/20190828-corea-sur-japon.jpg\",\"articleSection\":[\"Morning meeting\"],\"inLanguage\":\"ca\",\"potentialAction\":[{\"@type\":\"CommentAction\",\"name\":\"Comment\",\"target\":[\"https:\\\/\\\/www.tressis.com\\\/ca\\\/blog\\\/estallan-las-relaciones-de-japon-con-corea-del-sur\\\/#respond\"]}]},{\"@type\":\"WebPage\",\"@id\":\"https:\\\/\\\/www.tressis.com\\\/ca\\\/blog\\\/estallan-las-relaciones-de-japon-con-corea-del-sur\\\/\",\"url\":\"https:\\\/\\\/www.tressis.com\\\/ca\\\/blog\\\/estallan-las-relaciones-de-japon-con-corea-del-sur\\\/\",\"name\":\"Estallan las relaciones de Jap\u00f3n con Corea del Sur\",\"isPartOf\":{\"@id\":\"https:\\\/\\\/www.tressis.com\\\/ca\\\/#website\"},\"primaryImageOfPage\":{\"@id\":\"https:\\\/\\\/www.tressis.com\\\/ca\\\/blog\\\/estallan-las-relaciones-de-japon-con-corea-del-sur\\\/#primaryimage\"},\"image\":{\"@id\":\"https:\\\/\\\/www.tressis.com\\\/ca\\\/blog\\\/estallan-las-relaciones-de-japon-con-corea-del-sur\\\/#primaryimage\"},\"thumbnailUrl\":\"https:\\\/\\\/www.tressis.com\\\/wp-content\\\/uploads\\\/2019\\\/08\\\/20190828-corea-sur-japon.jpg\",\"datePublished\":\"2019-08-28T08:26:59+00:00\",\"description\":\"Las disputas se desataron el mes pasado cuando Tokio empez\u00f3 a restringir las exportaciones de varios compuestos necesarios para la producci\u00f3n de semiconductores y otros elementos electr\u00f3nicos.\",\"breadcrumb\":{\"@id\":\"https:\\\/\\\/www.tressis.com\\\/ca\\\/blog\\\/estallan-las-relaciones-de-japon-con-corea-del-sur\\\/#breadcrumb\"},\"inLanguage\":\"ca\",\"potentialAction\":[{\"@type\":\"ReadAction\",\"target\":[\"https:\\\/\\\/www.tressis.com\\\/ca\\\/blog\\\/estallan-las-relaciones-de-japon-con-corea-del-sur\\\/\"]}]},{\"@type\":\"ImageObject\",\"inLanguage\":\"ca\",\"@id\":\"https:\\\/\\\/www.tressis.com\\\/ca\\\/blog\\\/estallan-las-relaciones-de-japon-con-corea-del-sur\\\/#primaryimage\",\"url\":\"https:\\\/\\\/www.tressis.com\\\/wp-content\\\/uploads\\\/2019\\\/08\\\/20190828-corea-sur-japon.jpg\",\"contentUrl\":\"https:\\\/\\\/www.tressis.com\\\/wp-content\\\/uploads\\\/2019\\\/08\\\/20190828-corea-sur-japon.jpg\",\"width\":1100,\"height\":487,\"caption\":\"Jap\u00f3n y Corea del sur\"},{\"@type\":\"BreadcrumbList\",\"@id\":\"https:\\\/\\\/www.tressis.com\\\/ca\\\/blog\\\/estallan-las-relaciones-de-japon-con-corea-del-sur\\\/#breadcrumb\",\"itemListElement\":[{\"@type\":\"ListItem\",\"position\":1,\"name\":\"Inicio\",\"item\":\"https:\\\/\\\/www.tressis.com\\\/ca\\\/\"},{\"@type\":\"ListItem\",\"position\":2,\"name\":\"Estallan las relaciones de Jap\u00f3n con Corea del Sur\"}]},{\"@type\":\"WebSite\",\"@id\":\"https:\\\/\\\/www.tressis.com\\\/ca\\\/#website\",\"url\":\"https:\\\/\\\/www.tressis.com\\\/ca\\\/\",\"name\":\"Tressis banca privada\",\"description\":\"Tressis | Planificaci\u00f3n financiera y gesti\u00f3n de patrimonios\",\"publisher\":{\"@id\":\"https:\\\/\\\/www.tressis.com\\\/ca\\\/#organization\"},\"potentialAction\":[{\"@type\":\"SearchAction\",\"target\":{\"@type\":\"EntryPoint\",\"urlTemplate\":\"https:\\\/\\\/www.tressis.com\\\/ca\\\/?s={search_term_string}\"},\"query-input\":{\"@type\":\"PropertyValueSpecification\",\"valueRequired\":true,\"valueName\":\"search_term_string\"}}],\"inLanguage\":\"ca\"},{\"@type\":\"Organization\",\"@id\":\"https:\\\/\\\/www.tressis.com\\\/ca\\\/#organization\",\"name\":\"Tressis\",\"url\":\"https:\\\/\\\/www.tressis.com\\\/ca\\\/\",\"logo\":{\"@type\":\"ImageObject\",\"inLanguage\":\"ca\",\"@id\":\"https:\\\/\\\/www.tressis.com\\\/ca\\\/#\\\/schema\\\/logo\\\/image\\\/\",\"url\":\"https:\\\/\\\/www.tressis.com\\\/wp-content\\\/uploads\\\/2025\\\/06\\\/logo-tressis-112.png\",\"contentUrl\":\"https:\\\/\\\/www.tressis.com\\\/wp-content\\\/uploads\\\/2025\\\/06\\\/logo-tressis-112.png\",\"width\":112,\"height\":112,\"caption\":\"Tressis\"},\"image\":{\"@id\":\"https:\\\/\\\/www.tressis.com\\\/ca\\\/#\\\/schema\\\/logo\\\/image\\\/\"},\"sameAs\":[\"https:\\\/\\\/www.facebook.com\\\/Tressis\\\/\",\"https:\\\/\\\/x.com\\\/TressisSV\",\"https:\\\/\\\/www.instagram.com\\\/tressissv\\\/?hl=es\",\"https:\\\/\\\/linkedin.com\\\/company\\\/tressis\\\/\",\"https:\\\/\\\/www.youtube.com\\\/user\\\/tressissv\",\"https:\\\/\\\/open.spotify.com\\\/show\\\/3jmTe1Nf0wqMILl7diWV6h?si=d7112519f13c4593&nd=1\"]},{\"@type\":\"Person\",\"@id\":\"https:\\\/\\\/www.tressis.com\\\/ca\\\/#\\\/schema\\\/person\\\/b833c1d724d8764920b6d6852c70584e\",\"name\":\"Lola\",\"image\":{\"@type\":\"ImageObject\",\"inLanguage\":\"ca\",\"@id\":\"https:\\\/\\\/secure.gravatar.com\\\/avatar\\\/05e646486b23ff45df9649110609c7e31b8c4a3e2821caa23d6317f405e0c51d?s=96&d=mm&r=g\",\"url\":\"https:\\\/\\\/secure.gravatar.com\\\/avatar\\\/05e646486b23ff45df9649110609c7e31b8c4a3e2821caa23d6317f405e0c51d?s=96&d=mm&r=g\",\"contentUrl\":\"https:\\\/\\\/secure.gravatar.com\\\/avatar\\\/05e646486b23ff45df9649110609c7e31b8c4a3e2821caa23d6317f405e0c51d?s=96&d=mm&r=g\",\"caption\":\"Lola\"}}]}<\/script>\n<!-- \/ Yoast SEO plugin. -->","yoast_head_json":{"title":"Estallan las relaciones de Jap\u00f3n con Corea del Sur","description":"Las disputas se desataron el mes pasado cuando Tokio empez\u00f3 a restringir las exportaciones de varios compuestos necesarios para la producci\u00f3n de semiconductores y otros elementos electr\u00f3nicos.","robots":{"index":"index","follow":"follow","max-snippet":"max-snippet:-1","max-image-preview":"max-image-preview:large","max-video-preview":"max-video-preview:-1"},"canonical":"https:\/\/www.tressis.com\/ca\/blog\/estallan-las-relaciones-de-japon-con-corea-del-sur\/","og_locale":"ca_ES","og_type":"article","og_title":"Estallan las relaciones de Jap\u00f3n con Corea del Sur","og_description":"Las disputas se desataron el mes pasado cuando Tokio empez\u00f3 a restringir las exportaciones de varios compuestos necesarios para la producci\u00f3n de semiconductores y otros elementos electr\u00f3nicos.","og_url":"https:\/\/www.tressis.com\/ca\/blog\/estallan-las-relaciones-de-japon-con-corea-del-sur\/","og_site_name":"Tressis","article_publisher":"https:\/\/www.facebook.com\/Tressis\/","article_published_time":"2019-08-28T08:26:59+00:00","og_image":[{"width":1100,"height":487,"url":"https:\/\/www.tressis.com\/wp-content\/uploads\/2019\/08\/20190828-corea-sur-japon.jpg","type":"image\/jpeg"}],"author":"Lola","twitter_card":"summary_large_image","twitter_creator":"@TressisSV","twitter_site":"@TressisSV","twitter_misc":{"Escrit per":"Lola","Temps estimat de lectura":"2 minuts"},"schema":{"@context":"https:\/\/schema.org","@graph":[{"@type":"Article","@id":"https:\/\/www.tressis.com\/ca\/blog\/estallan-las-relaciones-de-japon-con-corea-del-sur\/#article","isPartOf":{"@id":"https:\/\/www.tressis.com\/ca\/blog\/estallan-las-relaciones-de-japon-con-corea-del-sur\/"},"author":{"name":"Lola","@id":"https:\/\/www.tressis.com\/ca\/#\/schema\/person\/b833c1d724d8764920b6d6852c70584e"},"headline":"Estallan las relaciones de Jap\u00f3n con Corea del Sur","datePublished":"2019-08-28T08:26:59+00:00","mainEntityOfPage":{"@id":"https:\/\/www.tressis.com\/ca\/blog\/estallan-las-relaciones-de-japon-con-corea-del-sur\/"},"wordCount":453,"commentCount":0,"publisher":{"@id":"https:\/\/www.tressis.com\/ca\/#organization"},"image":{"@id":"https:\/\/www.tressis.com\/ca\/blog\/estallan-las-relaciones-de-japon-con-corea-del-sur\/#primaryimage"},"thumbnailUrl":"https:\/\/www.tressis.com\/wp-content\/uploads\/2019\/08\/20190828-corea-sur-japon.jpg","articleSection":["Morning meeting"],"inLanguage":"ca","potentialAction":[{"@type":"CommentAction","name":"Comment","target":["https:\/\/www.tressis.com\/ca\/blog\/estallan-las-relaciones-de-japon-con-corea-del-sur\/#respond"]}]},{"@type":"WebPage","@id":"https:\/\/www.tressis.com\/ca\/blog\/estallan-las-relaciones-de-japon-con-corea-del-sur\/","url":"https:\/\/www.tressis.com\/ca\/blog\/estallan-las-relaciones-de-japon-con-corea-del-sur\/","name":"Estallan las relaciones de Jap\u00f3n con Corea del Sur","isPartOf":{"@id":"https:\/\/www.tressis.com\/ca\/#website"},"primaryImageOfPage":{"@id":"https:\/\/www.tressis.com\/ca\/blog\/estallan-las-relaciones-de-japon-con-corea-del-sur\/#primaryimage"},"image":{"@id":"https:\/\/www.tressis.com\/ca\/blog\/estallan-las-relaciones-de-japon-con-corea-del-sur\/#primaryimage"},"thumbnailUrl":"https:\/\/www.tressis.com\/wp-content\/uploads\/2019\/08\/20190828-corea-sur-japon.jpg","datePublished":"2019-08-28T08:26:59+00:00","description":"Las disputas se desataron el mes pasado cuando Tokio empez\u00f3 a restringir las exportaciones de varios compuestos necesarios para la producci\u00f3n de semiconductores y otros elementos electr\u00f3nicos.","breadcrumb":{"@id":"https:\/\/www.tressis.com\/ca\/blog\/estallan-las-relaciones-de-japon-con-corea-del-sur\/#breadcrumb"},"inLanguage":"ca","potentialAction":[{"@type":"ReadAction","target":["https:\/\/www.tressis.com\/ca\/blog\/estallan-las-relaciones-de-japon-con-corea-del-sur\/"]}]},{"@type":"ImageObject","inLanguage":"ca","@id":"https:\/\/www.tressis.com\/ca\/blog\/estallan-las-relaciones-de-japon-con-corea-del-sur\/#primaryimage","url":"https:\/\/www.tressis.com\/wp-content\/uploads\/2019\/08\/20190828-corea-sur-japon.jpg","contentUrl":"https:\/\/www.tressis.com\/wp-content\/uploads\/2019\/08\/20190828-corea-sur-japon.jpg","width":1100,"height":487,"caption":"Jap\u00f3n y Corea del sur"},{"@type":"BreadcrumbList","@id":"https:\/\/www.tressis.com\/ca\/blog\/estallan-las-relaciones-de-japon-con-corea-del-sur\/#breadcrumb","itemListElement":[{"@type":"ListItem","position":1,"name":"Inicio","item":"https:\/\/www.tressis.com\/ca\/"},{"@type":"ListItem","position":2,"name":"Estallan las relaciones de Jap\u00f3n con Corea del Sur"}]},{"@type":"WebSite","@id":"https:\/\/www.tressis.com\/ca\/#website","url":"https:\/\/www.tressis.com\/ca\/","name":"Tressis banca privada","description":"Tressis | Planificaci\u00f3n financiera y gesti\u00f3n de patrimonios","publisher":{"@id":"https:\/\/www.tressis.com\/ca\/#organization"},"potentialAction":[{"@type":"SearchAction","target":{"@type":"EntryPoint","urlTemplate":"https:\/\/www.tressis.com\/ca\/?s={search_term_string}"},"query-input":{"@type":"PropertyValueSpecification","valueRequired":true,"valueName":"search_term_string"}}],"inLanguage":"ca"},{"@type":"Organization","@id":"https:\/\/www.tressis.com\/ca\/#organization","name":"Tressis","url":"https:\/\/www.tressis.com\/ca\/","logo":{"@type":"ImageObject","inLanguage":"ca","@id":"https:\/\/www.tressis.com\/ca\/#\/schema\/logo\/image\/","url":"https:\/\/www.tressis.com\/wp-content\/uploads\/2025\/06\/logo-tressis-112.png","contentUrl":"https:\/\/www.tressis.com\/wp-content\/uploads\/2025\/06\/logo-tressis-112.png","width":112,"height":112,"caption":"Tressis"},"image":{"@id":"https:\/\/www.tressis.com\/ca\/#\/schema\/logo\/image\/"},"sameAs":["https:\/\/www.facebook.com\/Tressis\/","https:\/\/x.com\/TressisSV","https:\/\/www.instagram.com\/tressissv\/?hl=es","https:\/\/linkedin.com\/company\/tressis\/","https:\/\/www.youtube.com\/user\/tressissv","https:\/\/open.spotify.com\/show\/3jmTe1Nf0wqMILl7diWV6h?si=d7112519f13c4593&nd=1"]},{"@type":"Person","@id":"https:\/\/www.tressis.com\/ca\/#\/schema\/person\/b833c1d724d8764920b6d6852c70584e","name":"Lola","image":{"@type":"ImageObject","inLanguage":"ca","@id":"https:\/\/secure.gravatar.com\/avatar\/05e646486b23ff45df9649110609c7e31b8c4a3e2821caa23d6317f405e0c51d?s=96&d=mm&r=g","url":"https:\/\/secure.gravatar.com\/avatar\/05e646486b23ff45df9649110609c7e31b8c4a3e2821caa23d6317f405e0c51d?s=96&d=mm&r=g","contentUrl":"https:\/\/secure.gravatar.com\/avatar\/05e646486b23ff45df9649110609c7e31b8c4a3e2821caa23d6317f405e0c51d?s=96&d=mm&r=g","caption":"Lola"}}]}},"_links":{"self":[{"href":"https:\/\/www.tressis.com\/ca\/wp-json\/wp\/v2\/posts\/32320","targetHints":{"allow":["GET"]}}],"collection":[{"href":"https:\/\/www.tressis.com\/ca\/wp-json\/wp\/v2\/posts"}],"about":[{"href":"https:\/\/www.tressis.com\/ca\/wp-json\/wp\/v2\/types\/post"}],"author":[{"embeddable":true,"href":"https:\/\/www.tressis.com\/ca\/wp-json\/wp\/v2\/users\/4"}],"replies":[{"embeddable":true,"href":"https:\/\/www.tressis.com\/ca\/wp-json\/wp\/v2\/comments?post=32320"}],"version-history":[{"count":0,"href":"https:\/\/www.tressis.com\/ca\/wp-json\/wp\/v2\/posts\/32320\/revisions"}],"wp:featuredmedia":[{"embeddable":true,"href":"https:\/\/www.tressis.com\/ca\/wp-json\/wp\/v2\/media\/32321"}],"wp:attachment":[{"href":"https:\/\/www.tressis.com\/ca\/wp-json\/wp\/v2\/media?parent=32320"}],"wp:term":[{"taxonomy":"category","embeddable":true,"href":"https:\/\/www.tressis.com\/ca\/wp-json\/wp\/v2\/categories?post=32320"},{"taxonomy":"post_tag","embeddable":true,"href":"https:\/\/www.tressis.com\/ca\/wp-json\/wp\/v2\/tags?post=32320"}],"curies":[{"name":"wp","href":"https:\/\/api.w.org\/{rel}","templated":true}]}}