{"id":32305,"date":"2019-08-26T10:34:11","date_gmt":"2019-08-26T08:34:11","guid":{"rendered":"http:\/\/www.tressis.com\/blog\/?p=32305"},"modified":"2019-08-26T10:34:11","modified_gmt":"2019-08-26T08:34:11","slug":"nuevo-escenario-en-la-guerra-comercial-escalada-de-tension","status":"publish","type":"post","link":"https:\/\/www.tressis.com\/ca\/blog\/nuevo-escenario-en-la-guerra-comercial-escalada-de-tension\/","title":{"rendered":"Nuevo escenario en la guerra comercial: escalada de tensi\u00f3n"},"content":{"rendered":"<p>Cuando todo el mundo estaba atento a lo que pudiera pasar en Biarritz durante la reuni\u00f3n del G7 apareci\u00f3 China y se llev\u00f3 por delante las bolsas.<!--more--><\/p>\n<p>Nuevo escenario en la guerra comercial: escalada de tensi\u00f3n. Porque, por supuesto, Trump no fue capaz de mantener la calma y respondi\u00f3 con un aumento en los aranceles desde el 25% al 30% para productos por valor de 250.000 millones de d\u00f3lares, y subida del 10% al 15% para los que entran en vigor la semana que viene.<\/p>\n<p>Los incendios en el Amazonas y la guerra comercial entre China y Estados Unidos, con el temor de que sea el desencadenante de una recesi\u00f3n econ\u00f3mica mundial, est\u00e1n siendo los temas de esta cumbre del G7, que tendr\u00e1 hoy su \u00faltima jornada. Macron ha querido convertirse en el gran diplom\u00e1tico global y se ha tirado la semana intentando hacer de mediador entre Ir\u00e1n y Estados Unidos; el Reino Unido y UE; los pa\u00edses latinoamericanos y la UE\u2026 pero parece que el \u00fanico principio de acuerdo que podr\u00eda salir de estas reuniones es el que tienen entre Donald Tusk y Boris Johnson.<\/p>\n<p>Respecto a Jackson Hole, poca novedad. El mercado espera como agua de mayo que los bancos centrales m\u00e1s importantes eviten una recesi\u00f3n econ\u00f3mica mundial. En ese sentido, la Fed, a trav\u00e9s de su presidente Jerome Powell, redujo las expectativas de un cambio de ciclo monetario y comentaba que las bajadas de tipos ser\u00e1n puntuales. Ya veremos. Donde parece claro que va a haber un nuevo golpe de efecto monetario es en Europa. Es probable que tras la reuni\u00f3n de mediados de septiembre nos anuncien una bajada de los tipos de inter\u00e9s, un programa de compras de activos mayor, o quiz\u00e1 nuevos apoyos al sector bancario y financiamiento al consumo, entre otras cosas.<\/p>\n<p>Esta semana tendremos importantes datos macroecon\u00f3micos, pero esperamos que sea una semana de tr\u00e1mite a la espera de las reuniones de septiembre del BCE (d\u00eda 12) y de la Fed (18), de los datos de empleo americano y lo que pueda deparar de las relaciones comerciales de las principales econom\u00edas del mundo. Eso s\u00ed mover\u00e1 el mercado.<\/p>\n<p>Buena semana.<\/p>\n<p><center><strong>Jorge Gonz\u00e1lez G\u00f3mez<\/strong><br \/>\nDirector de An\u00e1lisis<\/center><\/p>\n","protected":false},"excerpt":{"rendered":"<p>Cuando todo el mundo estaba atento a lo que pudiera pasar en Biarritz durante la reuni\u00f3n del G7 apareci\u00f3 China y se llev\u00f3 por delante las bolsas.<\/p>\n","protected":false},"author":4,"featured_media":32306,"comment_status":"open","ping_status":"closed","sticky":false,"template":"","format":"standard","meta":{"_acf_changed":false,"footnotes":""},"categories":[9721],"tags":[],"class_list":["post-32305","post","type-post","status-publish","format-standard","has-post-thumbnail","hentry","category-morning-meeting"],"acf":[],"yoast_head":"<!-- This site is optimized with the Yoast SEO plugin v27.5 - https:\/\/yoast.com\/product\/yoast-seo-wordpress\/ -->\n<title>Nuevo escenario en la guerra comercial: escalada de tensi\u00f3n<\/title>\n<meta name=\"description\" content=\"Trump no fue capaz de mantener la calma y respondi\u00f3 con un aumento en los aranceles desde el 25% al 30% para productos por valor de 250.000 millones de d\u00f3lares.\" \/>\n<meta name=\"robots\" content=\"index, follow, max-snippet:-1, max-image-preview:large, max-video-preview:-1\" \/>\n<link rel=\"canonical\" href=\"https:\/\/www.tressis.com\/ca\/blog\/nuevo-escenario-en-la-guerra-comercial-escalada-de-tension\/\" \/>\n<meta property=\"og:locale\" content=\"ca_ES\" \/>\n<meta property=\"og:type\" content=\"article\" \/>\n<meta property=\"og:title\" content=\"Nuevo escenario en la guerra comercial: escalada de tensi\u00f3n\" \/>\n<meta property=\"og:description\" content=\"Trump no fue capaz de mantener la calma y respondi\u00f3 con un aumento en los aranceles desde el 25% al 30% para productos por valor de 250.000 millones de d\u00f3lares.\" \/>\n<meta property=\"og:url\" content=\"https:\/\/www.tressis.com\/ca\/blog\/nuevo-escenario-en-la-guerra-comercial-escalada-de-tension\/\" \/>\n<meta property=\"og:site_name\" content=\"Tressis\" \/>\n<meta property=\"article:publisher\" content=\"https:\/\/www.facebook.com\/Tressis\/\" \/>\n<meta property=\"article:published_time\" content=\"2019-08-26T08:34:11+00:00\" \/>\n<meta property=\"og:image\" content=\"https:\/\/www.tressis.com\/wp-content\/uploads\/2019\/08\/20190826-guerra-comercial.jpg\" \/>\n\t<meta property=\"og:image:width\" content=\"1100\" \/>\n\t<meta property=\"og:image:height\" content=\"487\" \/>\n\t<meta property=\"og:image:type\" content=\"image\/jpeg\" \/>\n<meta name=\"author\" content=\"Lola\" \/>\n<meta name=\"twitter:card\" content=\"summary_large_image\" \/>\n<meta name=\"twitter:creator\" content=\"@TressisSV\" \/>\n<meta name=\"twitter:site\" content=\"@TressisSV\" \/>\n<meta name=\"twitter:label1\" content=\"Escrit per\" \/>\n\t<meta name=\"twitter:data1\" content=\"Lola\" \/>\n\t<meta name=\"twitter:label2\" content=\"Temps estimat de lectura\" \/>\n\t<meta name=\"twitter:data2\" content=\"2 minuts\" \/>\n<script type=\"application\/ld+json\" class=\"yoast-schema-graph\">{\"@context\":\"https:\\\/\\\/schema.org\",\"@graph\":[{\"@type\":\"Article\",\"@id\":\"https:\\\/\\\/www.tressis.com\\\/ca\\\/blog\\\/nuevo-escenario-en-la-guerra-comercial-escalada-de-tension\\\/#article\",\"isPartOf\":{\"@id\":\"https:\\\/\\\/www.tressis.com\\\/ca\\\/blog\\\/nuevo-escenario-en-la-guerra-comercial-escalada-de-tension\\\/\"},\"author\":{\"name\":\"Lola\",\"@id\":\"https:\\\/\\\/www.tressis.com\\\/ca\\\/#\\\/schema\\\/person\\\/b833c1d724d8764920b6d6852c70584e\"},\"headline\":\"Nuevo escenario en la guerra comercial: escalada de tensi\u00f3n\",\"datePublished\":\"2019-08-26T08:34:11+00:00\",\"mainEntityOfPage\":{\"@id\":\"https:\\\/\\\/www.tressis.com\\\/ca\\\/blog\\\/nuevo-escenario-en-la-guerra-comercial-escalada-de-tension\\\/\"},\"wordCount\":390,\"commentCount\":0,\"publisher\":{\"@id\":\"https:\\\/\\\/www.tressis.com\\\/ca\\\/#organization\"},\"image\":{\"@id\":\"https:\\\/\\\/www.tressis.com\\\/ca\\\/blog\\\/nuevo-escenario-en-la-guerra-comercial-escalada-de-tension\\\/#primaryimage\"},\"thumbnailUrl\":\"https:\\\/\\\/www.tressis.com\\\/wp-content\\\/uploads\\\/2019\\\/08\\\/20190826-guerra-comercial.jpg\",\"articleSection\":[\"Morning meeting\"],\"inLanguage\":\"ca\",\"potentialAction\":[{\"@type\":\"CommentAction\",\"name\":\"Comment\",\"target\":[\"https:\\\/\\\/www.tressis.com\\\/ca\\\/blog\\\/nuevo-escenario-en-la-guerra-comercial-escalada-de-tension\\\/#respond\"]}]},{\"@type\":\"WebPage\",\"@id\":\"https:\\\/\\\/www.tressis.com\\\/ca\\\/blog\\\/nuevo-escenario-en-la-guerra-comercial-escalada-de-tension\\\/\",\"url\":\"https:\\\/\\\/www.tressis.com\\\/ca\\\/blog\\\/nuevo-escenario-en-la-guerra-comercial-escalada-de-tension\\\/\",\"name\":\"Nuevo escenario en la guerra comercial: escalada de tensi\u00f3n\",\"isPartOf\":{\"@id\":\"https:\\\/\\\/www.tressis.com\\\/ca\\\/#website\"},\"primaryImageOfPage\":{\"@id\":\"https:\\\/\\\/www.tressis.com\\\/ca\\\/blog\\\/nuevo-escenario-en-la-guerra-comercial-escalada-de-tension\\\/#primaryimage\"},\"image\":{\"@id\":\"https:\\\/\\\/www.tressis.com\\\/ca\\\/blog\\\/nuevo-escenario-en-la-guerra-comercial-escalada-de-tension\\\/#primaryimage\"},\"thumbnailUrl\":\"https:\\\/\\\/www.tressis.com\\\/wp-content\\\/uploads\\\/2019\\\/08\\\/20190826-guerra-comercial.jpg\",\"datePublished\":\"2019-08-26T08:34:11+00:00\",\"description\":\"Trump no fue capaz de mantener la calma y respondi\u00f3 con un aumento en los aranceles desde el 25% al 30% para productos por valor de 250.000 millones de d\u00f3lares.\",\"breadcrumb\":{\"@id\":\"https:\\\/\\\/www.tressis.com\\\/ca\\\/blog\\\/nuevo-escenario-en-la-guerra-comercial-escalada-de-tension\\\/#breadcrumb\"},\"inLanguage\":\"ca\",\"potentialAction\":[{\"@type\":\"ReadAction\",\"target\":[\"https:\\\/\\\/www.tressis.com\\\/ca\\\/blog\\\/nuevo-escenario-en-la-guerra-comercial-escalada-de-tension\\\/\"]}]},{\"@type\":\"ImageObject\",\"inLanguage\":\"ca\",\"@id\":\"https:\\\/\\\/www.tressis.com\\\/ca\\\/blog\\\/nuevo-escenario-en-la-guerra-comercial-escalada-de-tension\\\/#primaryimage\",\"url\":\"https:\\\/\\\/www.tressis.com\\\/wp-content\\\/uploads\\\/2019\\\/08\\\/20190826-guerra-comercial.jpg\",\"contentUrl\":\"https:\\\/\\\/www.tressis.com\\\/wp-content\\\/uploads\\\/2019\\\/08\\\/20190826-guerra-comercial.jpg\",\"width\":1100,\"height\":487,\"caption\":\"Nuevo escenario en la guerra comercial: escalada de tensi\u00f3n\"},{\"@type\":\"BreadcrumbList\",\"@id\":\"https:\\\/\\\/www.tressis.com\\\/ca\\\/blog\\\/nuevo-escenario-en-la-guerra-comercial-escalada-de-tension\\\/#breadcrumb\",\"itemListElement\":[{\"@type\":\"ListItem\",\"position\":1,\"name\":\"Inicio\",\"item\":\"https:\\\/\\\/www.tressis.com\\\/ca\\\/\"},{\"@type\":\"ListItem\",\"position\":2,\"name\":\"Nuevo escenario en la guerra comercial: escalada de tensi\u00f3n\"}]},{\"@type\":\"WebSite\",\"@id\":\"https:\\\/\\\/www.tressis.com\\\/ca\\\/#website\",\"url\":\"https:\\\/\\\/www.tressis.com\\\/ca\\\/\",\"name\":\"Tressis banca privada\",\"description\":\"Tressis | Planificaci\u00f3n financiera y gesti\u00f3n de patrimonios\",\"publisher\":{\"@id\":\"https:\\\/\\\/www.tressis.com\\\/ca\\\/#organization\"},\"potentialAction\":[{\"@type\":\"SearchAction\",\"target\":{\"@type\":\"EntryPoint\",\"urlTemplate\":\"https:\\\/\\\/www.tressis.com\\\/ca\\\/?s={search_term_string}\"},\"query-input\":{\"@type\":\"PropertyValueSpecification\",\"valueRequired\":true,\"valueName\":\"search_term_string\"}}],\"inLanguage\":\"ca\"},{\"@type\":\"Organization\",\"@id\":\"https:\\\/\\\/www.tressis.com\\\/ca\\\/#organization\",\"name\":\"Tressis\",\"url\":\"https:\\\/\\\/www.tressis.com\\\/ca\\\/\",\"logo\":{\"@type\":\"ImageObject\",\"inLanguage\":\"ca\",\"@id\":\"https:\\\/\\\/www.tressis.com\\\/ca\\\/#\\\/schema\\\/logo\\\/image\\\/\",\"url\":\"https:\\\/\\\/www.tressis.com\\\/wp-content\\\/uploads\\\/2025\\\/06\\\/logo-tressis-112.png\",\"contentUrl\":\"https:\\\/\\\/www.tressis.com\\\/wp-content\\\/uploads\\\/2025\\\/06\\\/logo-tressis-112.png\",\"width\":112,\"height\":112,\"caption\":\"Tressis\"},\"image\":{\"@id\":\"https:\\\/\\\/www.tressis.com\\\/ca\\\/#\\\/schema\\\/logo\\\/image\\\/\"},\"sameAs\":[\"https:\\\/\\\/www.facebook.com\\\/Tressis\\\/\",\"https:\\\/\\\/x.com\\\/TressisSV\",\"https:\\\/\\\/www.instagram.com\\\/tressissv\\\/?hl=es\",\"https:\\\/\\\/linkedin.com\\\/company\\\/tressis\\\/\",\"https:\\\/\\\/www.youtube.com\\\/user\\\/tressissv\",\"https:\\\/\\\/open.spotify.com\\\/show\\\/3jmTe1Nf0wqMILl7diWV6h?si=d7112519f13c4593&nd=1\"]},{\"@type\":\"Person\",\"@id\":\"https:\\\/\\\/www.tressis.com\\\/ca\\\/#\\\/schema\\\/person\\\/b833c1d724d8764920b6d6852c70584e\",\"name\":\"Lola\",\"image\":{\"@type\":\"ImageObject\",\"inLanguage\":\"ca\",\"@id\":\"https:\\\/\\\/secure.gravatar.com\\\/avatar\\\/05e646486b23ff45df9649110609c7e31b8c4a3e2821caa23d6317f405e0c51d?s=96&d=mm&r=g\",\"url\":\"https:\\\/\\\/secure.gravatar.com\\\/avatar\\\/05e646486b23ff45df9649110609c7e31b8c4a3e2821caa23d6317f405e0c51d?s=96&d=mm&r=g\",\"contentUrl\":\"https:\\\/\\\/secure.gravatar.com\\\/avatar\\\/05e646486b23ff45df9649110609c7e31b8c4a3e2821caa23d6317f405e0c51d?s=96&d=mm&r=g\",\"caption\":\"Lola\"}}]}<\/script>\n<!-- \/ Yoast SEO plugin. -->","yoast_head_json":{"title":"Nuevo escenario en la guerra comercial: escalada de tensi\u00f3n","description":"Trump no fue capaz de mantener la calma y respondi\u00f3 con un aumento en los aranceles desde el 25% al 30% para productos por valor de 250.000 millones de d\u00f3lares.","robots":{"index":"index","follow":"follow","max-snippet":"max-snippet:-1","max-image-preview":"max-image-preview:large","max-video-preview":"max-video-preview:-1"},"canonical":"https:\/\/www.tressis.com\/ca\/blog\/nuevo-escenario-en-la-guerra-comercial-escalada-de-tension\/","og_locale":"ca_ES","og_type":"article","og_title":"Nuevo escenario en la guerra comercial: escalada de tensi\u00f3n","og_description":"Trump no fue capaz de mantener la calma y respondi\u00f3 con un aumento en los aranceles desde el 25% al 30% para productos por valor de 250.000 millones de d\u00f3lares.","og_url":"https:\/\/www.tressis.com\/ca\/blog\/nuevo-escenario-en-la-guerra-comercial-escalada-de-tension\/","og_site_name":"Tressis","article_publisher":"https:\/\/www.facebook.com\/Tressis\/","article_published_time":"2019-08-26T08:34:11+00:00","og_image":[{"width":1100,"height":487,"url":"https:\/\/www.tressis.com\/wp-content\/uploads\/2019\/08\/20190826-guerra-comercial.jpg","type":"image\/jpeg"}],"author":"Lola","twitter_card":"summary_large_image","twitter_creator":"@TressisSV","twitter_site":"@TressisSV","twitter_misc":{"Escrit per":"Lola","Temps estimat de lectura":"2 minuts"},"schema":{"@context":"https:\/\/schema.org","@graph":[{"@type":"Article","@id":"https:\/\/www.tressis.com\/ca\/blog\/nuevo-escenario-en-la-guerra-comercial-escalada-de-tension\/#article","isPartOf":{"@id":"https:\/\/www.tressis.com\/ca\/blog\/nuevo-escenario-en-la-guerra-comercial-escalada-de-tension\/"},"author":{"name":"Lola","@id":"https:\/\/www.tressis.com\/ca\/#\/schema\/person\/b833c1d724d8764920b6d6852c70584e"},"headline":"Nuevo escenario en la guerra comercial: escalada de tensi\u00f3n","datePublished":"2019-08-26T08:34:11+00:00","mainEntityOfPage":{"@id":"https:\/\/www.tressis.com\/ca\/blog\/nuevo-escenario-en-la-guerra-comercial-escalada-de-tension\/"},"wordCount":390,"commentCount":0,"publisher":{"@id":"https:\/\/www.tressis.com\/ca\/#organization"},"image":{"@id":"https:\/\/www.tressis.com\/ca\/blog\/nuevo-escenario-en-la-guerra-comercial-escalada-de-tension\/#primaryimage"},"thumbnailUrl":"https:\/\/www.tressis.com\/wp-content\/uploads\/2019\/08\/20190826-guerra-comercial.jpg","articleSection":["Morning meeting"],"inLanguage":"ca","potentialAction":[{"@type":"CommentAction","name":"Comment","target":["https:\/\/www.tressis.com\/ca\/blog\/nuevo-escenario-en-la-guerra-comercial-escalada-de-tension\/#respond"]}]},{"@type":"WebPage","@id":"https:\/\/www.tressis.com\/ca\/blog\/nuevo-escenario-en-la-guerra-comercial-escalada-de-tension\/","url":"https:\/\/www.tressis.com\/ca\/blog\/nuevo-escenario-en-la-guerra-comercial-escalada-de-tension\/","name":"Nuevo escenario en la guerra comercial: escalada de tensi\u00f3n","isPartOf":{"@id":"https:\/\/www.tressis.com\/ca\/#website"},"primaryImageOfPage":{"@id":"https:\/\/www.tressis.com\/ca\/blog\/nuevo-escenario-en-la-guerra-comercial-escalada-de-tension\/#primaryimage"},"image":{"@id":"https:\/\/www.tressis.com\/ca\/blog\/nuevo-escenario-en-la-guerra-comercial-escalada-de-tension\/#primaryimage"},"thumbnailUrl":"https:\/\/www.tressis.com\/wp-content\/uploads\/2019\/08\/20190826-guerra-comercial.jpg","datePublished":"2019-08-26T08:34:11+00:00","description":"Trump no fue capaz de mantener la calma y respondi\u00f3 con un aumento en los aranceles desde el 25% al 30% para productos por valor de 250.000 millones de d\u00f3lares.","breadcrumb":{"@id":"https:\/\/www.tressis.com\/ca\/blog\/nuevo-escenario-en-la-guerra-comercial-escalada-de-tension\/#breadcrumb"},"inLanguage":"ca","potentialAction":[{"@type":"ReadAction","target":["https:\/\/www.tressis.com\/ca\/blog\/nuevo-escenario-en-la-guerra-comercial-escalada-de-tension\/"]}]},{"@type":"ImageObject","inLanguage":"ca","@id":"https:\/\/www.tressis.com\/ca\/blog\/nuevo-escenario-en-la-guerra-comercial-escalada-de-tension\/#primaryimage","url":"https:\/\/www.tressis.com\/wp-content\/uploads\/2019\/08\/20190826-guerra-comercial.jpg","contentUrl":"https:\/\/www.tressis.com\/wp-content\/uploads\/2019\/08\/20190826-guerra-comercial.jpg","width":1100,"height":487,"caption":"Nuevo escenario en la guerra comercial: escalada de tensi\u00f3n"},{"@type":"BreadcrumbList","@id":"https:\/\/www.tressis.com\/ca\/blog\/nuevo-escenario-en-la-guerra-comercial-escalada-de-tension\/#breadcrumb","itemListElement":[{"@type":"ListItem","position":1,"name":"Inicio","item":"https:\/\/www.tressis.com\/ca\/"},{"@type":"ListItem","position":2,"name":"Nuevo escenario en la guerra comercial: escalada de tensi\u00f3n"}]},{"@type":"WebSite","@id":"https:\/\/www.tressis.com\/ca\/#website","url":"https:\/\/www.tressis.com\/ca\/","name":"Tressis banca privada","description":"Tressis | Planificaci\u00f3n financiera y gesti\u00f3n de patrimonios","publisher":{"@id":"https:\/\/www.tressis.com\/ca\/#organization"},"potentialAction":[{"@type":"SearchAction","target":{"@type":"EntryPoint","urlTemplate":"https:\/\/www.tressis.com\/ca\/?s={search_term_string}"},"query-input":{"@type":"PropertyValueSpecification","valueRequired":true,"valueName":"search_term_string"}}],"inLanguage":"ca"},{"@type":"Organization","@id":"https:\/\/www.tressis.com\/ca\/#organization","name":"Tressis","url":"https:\/\/www.tressis.com\/ca\/","logo":{"@type":"ImageObject","inLanguage":"ca","@id":"https:\/\/www.tressis.com\/ca\/#\/schema\/logo\/image\/","url":"https:\/\/www.tressis.com\/wp-content\/uploads\/2025\/06\/logo-tressis-112.png","contentUrl":"https:\/\/www.tressis.com\/wp-content\/uploads\/2025\/06\/logo-tressis-112.png","width":112,"height":112,"caption":"Tressis"},"image":{"@id":"https:\/\/www.tressis.com\/ca\/#\/schema\/logo\/image\/"},"sameAs":["https:\/\/www.facebook.com\/Tressis\/","https:\/\/x.com\/TressisSV","https:\/\/www.instagram.com\/tressissv\/?hl=es","https:\/\/linkedin.com\/company\/tressis\/","https:\/\/www.youtube.com\/user\/tressissv","https:\/\/open.spotify.com\/show\/3jmTe1Nf0wqMILl7diWV6h?si=d7112519f13c4593&nd=1"]},{"@type":"Person","@id":"https:\/\/www.tressis.com\/ca\/#\/schema\/person\/b833c1d724d8764920b6d6852c70584e","name":"Lola","image":{"@type":"ImageObject","inLanguage":"ca","@id":"https:\/\/secure.gravatar.com\/avatar\/05e646486b23ff45df9649110609c7e31b8c4a3e2821caa23d6317f405e0c51d?s=96&d=mm&r=g","url":"https:\/\/secure.gravatar.com\/avatar\/05e646486b23ff45df9649110609c7e31b8c4a3e2821caa23d6317f405e0c51d?s=96&d=mm&r=g","contentUrl":"https:\/\/secure.gravatar.com\/avatar\/05e646486b23ff45df9649110609c7e31b8c4a3e2821caa23d6317f405e0c51d?s=96&d=mm&r=g","caption":"Lola"}}]}},"_links":{"self":[{"href":"https:\/\/www.tressis.com\/ca\/wp-json\/wp\/v2\/posts\/32305","targetHints":{"allow":["GET"]}}],"collection":[{"href":"https:\/\/www.tressis.com\/ca\/wp-json\/wp\/v2\/posts"}],"about":[{"href":"https:\/\/www.tressis.com\/ca\/wp-json\/wp\/v2\/types\/post"}],"author":[{"embeddable":true,"href":"https:\/\/www.tressis.com\/ca\/wp-json\/wp\/v2\/users\/4"}],"replies":[{"embeddable":true,"href":"https:\/\/www.tressis.com\/ca\/wp-json\/wp\/v2\/comments?post=32305"}],"version-history":[{"count":0,"href":"https:\/\/www.tressis.com\/ca\/wp-json\/wp\/v2\/posts\/32305\/revisions"}],"wp:featuredmedia":[{"embeddable":true,"href":"https:\/\/www.tressis.com\/ca\/wp-json\/wp\/v2\/media\/32306"}],"wp:attachment":[{"href":"https:\/\/www.tressis.com\/ca\/wp-json\/wp\/v2\/media?parent=32305"}],"wp:term":[{"taxonomy":"category","embeddable":true,"href":"https:\/\/www.tressis.com\/ca\/wp-json\/wp\/v2\/categories?post=32305"},{"taxonomy":"post_tag","embeddable":true,"href":"https:\/\/www.tressis.com\/ca\/wp-json\/wp\/v2\/tags?post=32305"}],"curies":[{"name":"wp","href":"https:\/\/api.w.org\/{rel}","templated":true}]}}