{"id":32290,"date":"2019-08-08T11:08:55","date_gmt":"2019-08-08T09:08:55","guid":{"rendered":"http:\/\/www.tressis.com\/blog\/?p=32290"},"modified":"2019-08-08T11:08:55","modified_gmt":"2019-08-08T09:08:55","slug":"habra-una-recesion-global","status":"publish","type":"post","link":"https:\/\/www.tressis.com\/ca\/blog\/habra-una-recesion-global\/","title":{"rendered":"\u00bfHabr\u00e1 una recesi\u00f3n global?"},"content":{"rendered":"<p>\u00bfPuede que el evidente distanciamiento entre China y Estados Unidos provoque la llegada de la tan anunciada recesi\u00f3n global?<!--more--><\/p>\n<p>Si los inversores piensan de esta forma, tranquilidad, porque ayer diversas autoridades monetarias pusieron su granito de arena para tratar de que esto no suceda, al menos por ahora. Por un lado, tres bancos centrales del entorno asi\u00e1tico (Nueva Zelanda, India y Tailandia) tomaron la decisi\u00f3n de rebajar sus tipos de inter\u00e9s. Aunque estos movimientos no son nada comparados con la simple menci\u00f3n de Charles Evans, uno de los miembros de la Fed, de las palabras \u201crecorte\u201d y \u201cadicional\u201d en una misma frase.<\/p>\n<p>Y es que ayer la Reserva Federal tuvo su parte de protagonismo. Donald Trump insiti\u00f3 en su disputa personal con Jerome Powell, llegando a decir que el problema de Estados Unidos no es China, sino la propia Reserva Federal. Esto debi\u00f3 de ser demasiado para Volcker, Greenspan, Bernanke y Yellen, antecesores de Powell en su puesto, ya que publicaron una carta conjunta pidi\u00e9ndole al presidente que respetara la independencia de la instituci\u00f3n.<\/p>\n<p>Y mientras, la publicaci\u00f3n de los datos de balanza comercial china nos dejaba el mejor dato de exportaciones desde marzo, volviendo a terreno positivo. Evidentemente este efecto tiene pinta de ser temporal, pues se refiere al mes de julio, cuando todav\u00eda pens\u00e1bamos que ambos pa\u00edses iban a esforzarse por entenderse. Aunque esto parezca la historia de nunca acabar, en noviembre de 2020 tenemos elecciones americanas, as\u00ed que m\u00e1s le vale a Donald Trump asegurarse de que la econom\u00eda y los mercados lleguen en buena forma a esa fecha si quiere ser reelegido.<\/p>\n<p>Con tanto hablar de pol\u00edtica, casi se me olvida comentar que, con todo esto sucediendo, las bolsas consiguieron acabar el d\u00eda en n\u00fameros verdes. De hecho, en Wall Street la sesi\u00f3n comenzaba de forma negativa, pero la reforzada expectativa de un recorte de tipos (gracias a Evans) provoc\u00f3 un giro al alza. En los bonos, estas palabras lo que causaron fue que los m\u00ednimos hist\u00f3ricos sigan siendo cada vez m\u00e1s m\u00ednimos, con el bund llegando a rozar el -0,6% y Espa\u00f1a financi\u00e1ndose ya por debajo del 0,2%. En los \u00faltimos nueve meses, el importe de la deuda que cotiza en rentabilidades negativas ha aumentado en un 200%, y no parece que vaya a dejar de crecer.<\/p>\n<p>Finalizamos nuestro repaso del mundo en Roma, donde el matrimonio de conveniencia entre Liga Norte y Movimiento 5 Estrellas puede estar a punto de romperse. Salvini, consciente de los buenos resultados que obtendr\u00eda en unas nuevas elecciones, est\u00e1 amenazando a su socio de gobierno con disolver el ejecutivo si no apoyan sus demandas. Nada que no se viese venir, vaya.<\/p>\n<p>Buen d\u00eda.<\/p>\n<p><center><strong>M\u00aa Salom\u00e9 Bouzas Romero<\/strong><br \/>\nDirecci\u00f3n de Inversiones<\/center><\/p>\n","protected":false},"excerpt":{"rendered":"<p>\u00bfPuede que el evidente distanciamiento entre China y Estados Unidos provoque la llegada de la tan anunciada recesi\u00f3n global?<\/p>\n","protected":false},"author":4,"featured_media":32291,"comment_status":"open","ping_status":"closed","sticky":false,"template":"","format":"standard","meta":{"_acf_changed":false,"footnotes":""},"categories":[9721],"tags":[],"class_list":["post-32290","post","type-post","status-publish","format-standard","has-post-thumbnail","hentry","category-morning-meeting"],"acf":[],"yoast_head":"<!-- This site is optimized with the Yoast SEO plugin v27.5 - https:\/\/yoast.com\/product\/yoast-seo-wordpress\/ -->\n<title>\u00bfHabr\u00e1 una recesi\u00f3n global?<\/title>\n<meta name=\"description\" content=\"Donald Trump insiti\u00f3 en su disputa personal con Jerome Powell, llegando a decir que el problema de Estados Unidos no es China, sino la propia Reserva Federal\" \/>\n<meta name=\"robots\" content=\"index, follow, max-snippet:-1, max-image-preview:large, max-video-preview:-1\" \/>\n<link rel=\"canonical\" href=\"https:\/\/www.tressis.com\/ca\/blog\/habra-una-recesion-global\/\" \/>\n<meta property=\"og:locale\" content=\"ca_ES\" \/>\n<meta property=\"og:type\" content=\"article\" \/>\n<meta property=\"og:title\" content=\"\u00bfHabr\u00e1 una recesi\u00f3n global?\" \/>\n<meta property=\"og:description\" content=\"Donald Trump insiti\u00f3 en su disputa personal con Jerome Powell, llegando a decir que el problema de Estados Unidos no es China, sino la propia Reserva Federal\" \/>\n<meta property=\"og:url\" content=\"https:\/\/www.tressis.com\/ca\/blog\/habra-una-recesion-global\/\" \/>\n<meta property=\"og:site_name\" content=\"Tressis\" \/>\n<meta property=\"article:publisher\" content=\"https:\/\/www.facebook.com\/Tressis\/\" \/>\n<meta property=\"article:published_time\" content=\"2019-08-08T09:08:55+00:00\" \/>\n<meta property=\"og:image\" content=\"https:\/\/www.tressis.com\/wp-content\/uploads\/2019\/08\/donald-trump-jerome-powell.jpg\" \/>\n\t<meta property=\"og:image:width\" content=\"1100\" \/>\n\t<meta property=\"og:image:height\" content=\"487\" \/>\n\t<meta property=\"og:image:type\" content=\"image\/jpeg\" \/>\n<meta name=\"author\" content=\"Lola\" \/>\n<meta name=\"twitter:card\" content=\"summary_large_image\" \/>\n<meta name=\"twitter:creator\" content=\"@TressisSV\" \/>\n<meta name=\"twitter:site\" content=\"@TressisSV\" \/>\n<meta name=\"twitter:label1\" content=\"Escrit per\" \/>\n\t<meta name=\"twitter:data1\" content=\"Lola\" \/>\n\t<meta name=\"twitter:label2\" content=\"Temps estimat de lectura\" \/>\n\t<meta name=\"twitter:data2\" content=\"2 minuts\" \/>\n<script type=\"application\/ld+json\" class=\"yoast-schema-graph\">{\"@context\":\"https:\\\/\\\/schema.org\",\"@graph\":[{\"@type\":\"Article\",\"@id\":\"https:\\\/\\\/www.tressis.com\\\/ca\\\/blog\\\/habra-una-recesion-global\\\/#article\",\"isPartOf\":{\"@id\":\"https:\\\/\\\/www.tressis.com\\\/ca\\\/blog\\\/habra-una-recesion-global\\\/\"},\"author\":{\"name\":\"Lola\",\"@id\":\"https:\\\/\\\/www.tressis.com\\\/ca\\\/#\\\/schema\\\/person\\\/b833c1d724d8764920b6d6852c70584e\"},\"headline\":\"\u00bfHabr\u00e1 una recesi\u00f3n global?\",\"datePublished\":\"2019-08-08T09:08:55+00:00\",\"mainEntityOfPage\":{\"@id\":\"https:\\\/\\\/www.tressis.com\\\/ca\\\/blog\\\/habra-una-recesion-global\\\/\"},\"wordCount\":478,\"commentCount\":0,\"publisher\":{\"@id\":\"https:\\\/\\\/www.tressis.com\\\/ca\\\/#organization\"},\"image\":{\"@id\":\"https:\\\/\\\/www.tressis.com\\\/ca\\\/blog\\\/habra-una-recesion-global\\\/#primaryimage\"},\"thumbnailUrl\":\"https:\\\/\\\/www.tressis.com\\\/wp-content\\\/uploads\\\/2019\\\/08\\\/donald-trump-jerome-powell.jpg\",\"articleSection\":[\"Morning meeting\"],\"inLanguage\":\"ca\",\"potentialAction\":[{\"@type\":\"CommentAction\",\"name\":\"Comment\",\"target\":[\"https:\\\/\\\/www.tressis.com\\\/ca\\\/blog\\\/habra-una-recesion-global\\\/#respond\"]}]},{\"@type\":\"WebPage\",\"@id\":\"https:\\\/\\\/www.tressis.com\\\/ca\\\/blog\\\/habra-una-recesion-global\\\/\",\"url\":\"https:\\\/\\\/www.tressis.com\\\/ca\\\/blog\\\/habra-una-recesion-global\\\/\",\"name\":\"\u00bfHabr\u00e1 una recesi\u00f3n global?\",\"isPartOf\":{\"@id\":\"https:\\\/\\\/www.tressis.com\\\/ca\\\/#website\"},\"primaryImageOfPage\":{\"@id\":\"https:\\\/\\\/www.tressis.com\\\/ca\\\/blog\\\/habra-una-recesion-global\\\/#primaryimage\"},\"image\":{\"@id\":\"https:\\\/\\\/www.tressis.com\\\/ca\\\/blog\\\/habra-una-recesion-global\\\/#primaryimage\"},\"thumbnailUrl\":\"https:\\\/\\\/www.tressis.com\\\/wp-content\\\/uploads\\\/2019\\\/08\\\/donald-trump-jerome-powell.jpg\",\"datePublished\":\"2019-08-08T09:08:55+00:00\",\"description\":\"Donald Trump insiti\u00f3 en su disputa personal con Jerome Powell, llegando a decir que el problema de Estados Unidos no es China, sino la propia Reserva Federal\",\"breadcrumb\":{\"@id\":\"https:\\\/\\\/www.tressis.com\\\/ca\\\/blog\\\/habra-una-recesion-global\\\/#breadcrumb\"},\"inLanguage\":\"ca\",\"potentialAction\":[{\"@type\":\"ReadAction\",\"target\":[\"https:\\\/\\\/www.tressis.com\\\/ca\\\/blog\\\/habra-una-recesion-global\\\/\"]}]},{\"@type\":\"ImageObject\",\"inLanguage\":\"ca\",\"@id\":\"https:\\\/\\\/www.tressis.com\\\/ca\\\/blog\\\/habra-una-recesion-global\\\/#primaryimage\",\"url\":\"https:\\\/\\\/www.tressis.com\\\/wp-content\\\/uploads\\\/2019\\\/08\\\/donald-trump-jerome-powell.jpg\",\"contentUrl\":\"https:\\\/\\\/www.tressis.com\\\/wp-content\\\/uploads\\\/2019\\\/08\\\/donald-trump-jerome-powell.jpg\",\"width\":1100,\"height\":487,\"caption\":\"\u00bfHabr\u00e1 una recesi\u00f3n global?\"},{\"@type\":\"BreadcrumbList\",\"@id\":\"https:\\\/\\\/www.tressis.com\\\/ca\\\/blog\\\/habra-una-recesion-global\\\/#breadcrumb\",\"itemListElement\":[{\"@type\":\"ListItem\",\"position\":1,\"name\":\"Inicio\",\"item\":\"https:\\\/\\\/www.tressis.com\\\/ca\\\/\"},{\"@type\":\"ListItem\",\"position\":2,\"name\":\"\u00bfHabr\u00e1 una recesi\u00f3n global?\"}]},{\"@type\":\"WebSite\",\"@id\":\"https:\\\/\\\/www.tressis.com\\\/ca\\\/#website\",\"url\":\"https:\\\/\\\/www.tressis.com\\\/ca\\\/\",\"name\":\"Tressis banca privada\",\"description\":\"Tressis | Planificaci\u00f3n financiera y gesti\u00f3n de patrimonios\",\"publisher\":{\"@id\":\"https:\\\/\\\/www.tressis.com\\\/ca\\\/#organization\"},\"potentialAction\":[{\"@type\":\"SearchAction\",\"target\":{\"@type\":\"EntryPoint\",\"urlTemplate\":\"https:\\\/\\\/www.tressis.com\\\/ca\\\/?s={search_term_string}\"},\"query-input\":{\"@type\":\"PropertyValueSpecification\",\"valueRequired\":true,\"valueName\":\"search_term_string\"}}],\"inLanguage\":\"ca\"},{\"@type\":\"Organization\",\"@id\":\"https:\\\/\\\/www.tressis.com\\\/ca\\\/#organization\",\"name\":\"Tressis\",\"url\":\"https:\\\/\\\/www.tressis.com\\\/ca\\\/\",\"logo\":{\"@type\":\"ImageObject\",\"inLanguage\":\"ca\",\"@id\":\"https:\\\/\\\/www.tressis.com\\\/ca\\\/#\\\/schema\\\/logo\\\/image\\\/\",\"url\":\"https:\\\/\\\/www.tressis.com\\\/wp-content\\\/uploads\\\/2025\\\/06\\\/logo-tressis-112.png\",\"contentUrl\":\"https:\\\/\\\/www.tressis.com\\\/wp-content\\\/uploads\\\/2025\\\/06\\\/logo-tressis-112.png\",\"width\":112,\"height\":112,\"caption\":\"Tressis\"},\"image\":{\"@id\":\"https:\\\/\\\/www.tressis.com\\\/ca\\\/#\\\/schema\\\/logo\\\/image\\\/\"},\"sameAs\":[\"https:\\\/\\\/www.facebook.com\\\/Tressis\\\/\",\"https:\\\/\\\/x.com\\\/TressisSV\",\"https:\\\/\\\/www.instagram.com\\\/tressissv\\\/?hl=es\",\"https:\\\/\\\/linkedin.com\\\/company\\\/tressis\\\/\",\"https:\\\/\\\/www.youtube.com\\\/user\\\/tressissv\",\"https:\\\/\\\/open.spotify.com\\\/show\\\/3jmTe1Nf0wqMILl7diWV6h?si=d7112519f13c4593&nd=1\"]},{\"@type\":\"Person\",\"@id\":\"https:\\\/\\\/www.tressis.com\\\/ca\\\/#\\\/schema\\\/person\\\/b833c1d724d8764920b6d6852c70584e\",\"name\":\"Lola\",\"image\":{\"@type\":\"ImageObject\",\"inLanguage\":\"ca\",\"@id\":\"https:\\\/\\\/secure.gravatar.com\\\/avatar\\\/05e646486b23ff45df9649110609c7e31b8c4a3e2821caa23d6317f405e0c51d?s=96&d=mm&r=g\",\"url\":\"https:\\\/\\\/secure.gravatar.com\\\/avatar\\\/05e646486b23ff45df9649110609c7e31b8c4a3e2821caa23d6317f405e0c51d?s=96&d=mm&r=g\",\"contentUrl\":\"https:\\\/\\\/secure.gravatar.com\\\/avatar\\\/05e646486b23ff45df9649110609c7e31b8c4a3e2821caa23d6317f405e0c51d?s=96&d=mm&r=g\",\"caption\":\"Lola\"}}]}<\/script>\n<!-- \/ Yoast SEO plugin. -->","yoast_head_json":{"title":"\u00bfHabr\u00e1 una recesi\u00f3n global?","description":"Donald Trump insiti\u00f3 en su disputa personal con Jerome Powell, llegando a decir que el problema de Estados Unidos no es China, sino la propia Reserva Federal","robots":{"index":"index","follow":"follow","max-snippet":"max-snippet:-1","max-image-preview":"max-image-preview:large","max-video-preview":"max-video-preview:-1"},"canonical":"https:\/\/www.tressis.com\/ca\/blog\/habra-una-recesion-global\/","og_locale":"ca_ES","og_type":"article","og_title":"\u00bfHabr\u00e1 una recesi\u00f3n global?","og_description":"Donald Trump insiti\u00f3 en su disputa personal con Jerome Powell, llegando a decir que el problema de Estados Unidos no es China, sino la propia Reserva Federal","og_url":"https:\/\/www.tressis.com\/ca\/blog\/habra-una-recesion-global\/","og_site_name":"Tressis","article_publisher":"https:\/\/www.facebook.com\/Tressis\/","article_published_time":"2019-08-08T09:08:55+00:00","og_image":[{"width":1100,"height":487,"url":"https:\/\/www.tressis.com\/wp-content\/uploads\/2019\/08\/donald-trump-jerome-powell.jpg","type":"image\/jpeg"}],"author":"Lola","twitter_card":"summary_large_image","twitter_creator":"@TressisSV","twitter_site":"@TressisSV","twitter_misc":{"Escrit per":"Lola","Temps estimat de lectura":"2 minuts"},"schema":{"@context":"https:\/\/schema.org","@graph":[{"@type":"Article","@id":"https:\/\/www.tressis.com\/ca\/blog\/habra-una-recesion-global\/#article","isPartOf":{"@id":"https:\/\/www.tressis.com\/ca\/blog\/habra-una-recesion-global\/"},"author":{"name":"Lola","@id":"https:\/\/www.tressis.com\/ca\/#\/schema\/person\/b833c1d724d8764920b6d6852c70584e"},"headline":"\u00bfHabr\u00e1 una recesi\u00f3n global?","datePublished":"2019-08-08T09:08:55+00:00","mainEntityOfPage":{"@id":"https:\/\/www.tressis.com\/ca\/blog\/habra-una-recesion-global\/"},"wordCount":478,"commentCount":0,"publisher":{"@id":"https:\/\/www.tressis.com\/ca\/#organization"},"image":{"@id":"https:\/\/www.tressis.com\/ca\/blog\/habra-una-recesion-global\/#primaryimage"},"thumbnailUrl":"https:\/\/www.tressis.com\/wp-content\/uploads\/2019\/08\/donald-trump-jerome-powell.jpg","articleSection":["Morning meeting"],"inLanguage":"ca","potentialAction":[{"@type":"CommentAction","name":"Comment","target":["https:\/\/www.tressis.com\/ca\/blog\/habra-una-recesion-global\/#respond"]}]},{"@type":"WebPage","@id":"https:\/\/www.tressis.com\/ca\/blog\/habra-una-recesion-global\/","url":"https:\/\/www.tressis.com\/ca\/blog\/habra-una-recesion-global\/","name":"\u00bfHabr\u00e1 una recesi\u00f3n global?","isPartOf":{"@id":"https:\/\/www.tressis.com\/ca\/#website"},"primaryImageOfPage":{"@id":"https:\/\/www.tressis.com\/ca\/blog\/habra-una-recesion-global\/#primaryimage"},"image":{"@id":"https:\/\/www.tressis.com\/ca\/blog\/habra-una-recesion-global\/#primaryimage"},"thumbnailUrl":"https:\/\/www.tressis.com\/wp-content\/uploads\/2019\/08\/donald-trump-jerome-powell.jpg","datePublished":"2019-08-08T09:08:55+00:00","description":"Donald Trump insiti\u00f3 en su disputa personal con Jerome Powell, llegando a decir que el problema de Estados Unidos no es China, sino la propia Reserva Federal","breadcrumb":{"@id":"https:\/\/www.tressis.com\/ca\/blog\/habra-una-recesion-global\/#breadcrumb"},"inLanguage":"ca","potentialAction":[{"@type":"ReadAction","target":["https:\/\/www.tressis.com\/ca\/blog\/habra-una-recesion-global\/"]}]},{"@type":"ImageObject","inLanguage":"ca","@id":"https:\/\/www.tressis.com\/ca\/blog\/habra-una-recesion-global\/#primaryimage","url":"https:\/\/www.tressis.com\/wp-content\/uploads\/2019\/08\/donald-trump-jerome-powell.jpg","contentUrl":"https:\/\/www.tressis.com\/wp-content\/uploads\/2019\/08\/donald-trump-jerome-powell.jpg","width":1100,"height":487,"caption":"\u00bfHabr\u00e1 una recesi\u00f3n global?"},{"@type":"BreadcrumbList","@id":"https:\/\/www.tressis.com\/ca\/blog\/habra-una-recesion-global\/#breadcrumb","itemListElement":[{"@type":"ListItem","position":1,"name":"Inicio","item":"https:\/\/www.tressis.com\/ca\/"},{"@type":"ListItem","position":2,"name":"\u00bfHabr\u00e1 una recesi\u00f3n global?"}]},{"@type":"WebSite","@id":"https:\/\/www.tressis.com\/ca\/#website","url":"https:\/\/www.tressis.com\/ca\/","name":"Tressis banca privada","description":"Tressis | Planificaci\u00f3n financiera y gesti\u00f3n de patrimonios","publisher":{"@id":"https:\/\/www.tressis.com\/ca\/#organization"},"potentialAction":[{"@type":"SearchAction","target":{"@type":"EntryPoint","urlTemplate":"https:\/\/www.tressis.com\/ca\/?s={search_term_string}"},"query-input":{"@type":"PropertyValueSpecification","valueRequired":true,"valueName":"search_term_string"}}],"inLanguage":"ca"},{"@type":"Organization","@id":"https:\/\/www.tressis.com\/ca\/#organization","name":"Tressis","url":"https:\/\/www.tressis.com\/ca\/","logo":{"@type":"ImageObject","inLanguage":"ca","@id":"https:\/\/www.tressis.com\/ca\/#\/schema\/logo\/image\/","url":"https:\/\/www.tressis.com\/wp-content\/uploads\/2025\/06\/logo-tressis-112.png","contentUrl":"https:\/\/www.tressis.com\/wp-content\/uploads\/2025\/06\/logo-tressis-112.png","width":112,"height":112,"caption":"Tressis"},"image":{"@id":"https:\/\/www.tressis.com\/ca\/#\/schema\/logo\/image\/"},"sameAs":["https:\/\/www.facebook.com\/Tressis\/","https:\/\/x.com\/TressisSV","https:\/\/www.instagram.com\/tressissv\/?hl=es","https:\/\/linkedin.com\/company\/tressis\/","https:\/\/www.youtube.com\/user\/tressissv","https:\/\/open.spotify.com\/show\/3jmTe1Nf0wqMILl7diWV6h?si=d7112519f13c4593&nd=1"]},{"@type":"Person","@id":"https:\/\/www.tressis.com\/ca\/#\/schema\/person\/b833c1d724d8764920b6d6852c70584e","name":"Lola","image":{"@type":"ImageObject","inLanguage":"ca","@id":"https:\/\/secure.gravatar.com\/avatar\/05e646486b23ff45df9649110609c7e31b8c4a3e2821caa23d6317f405e0c51d?s=96&d=mm&r=g","url":"https:\/\/secure.gravatar.com\/avatar\/05e646486b23ff45df9649110609c7e31b8c4a3e2821caa23d6317f405e0c51d?s=96&d=mm&r=g","contentUrl":"https:\/\/secure.gravatar.com\/avatar\/05e646486b23ff45df9649110609c7e31b8c4a3e2821caa23d6317f405e0c51d?s=96&d=mm&r=g","caption":"Lola"}}]}},"_links":{"self":[{"href":"https:\/\/www.tressis.com\/ca\/wp-json\/wp\/v2\/posts\/32290","targetHints":{"allow":["GET"]}}],"collection":[{"href":"https:\/\/www.tressis.com\/ca\/wp-json\/wp\/v2\/posts"}],"about":[{"href":"https:\/\/www.tressis.com\/ca\/wp-json\/wp\/v2\/types\/post"}],"author":[{"embeddable":true,"href":"https:\/\/www.tressis.com\/ca\/wp-json\/wp\/v2\/users\/4"}],"replies":[{"embeddable":true,"href":"https:\/\/www.tressis.com\/ca\/wp-json\/wp\/v2\/comments?post=32290"}],"version-history":[{"count":0,"href":"https:\/\/www.tressis.com\/ca\/wp-json\/wp\/v2\/posts\/32290\/revisions"}],"wp:featuredmedia":[{"embeddable":true,"href":"https:\/\/www.tressis.com\/ca\/wp-json\/wp\/v2\/media\/32291"}],"wp:attachment":[{"href":"https:\/\/www.tressis.com\/ca\/wp-json\/wp\/v2\/media?parent=32290"}],"wp:term":[{"taxonomy":"category","embeddable":true,"href":"https:\/\/www.tressis.com\/ca\/wp-json\/wp\/v2\/categories?post=32290"},{"taxonomy":"post_tag","embeddable":true,"href":"https:\/\/www.tressis.com\/ca\/wp-json\/wp\/v2\/tags?post=32290"}],"curies":[{"name":"wp","href":"https:\/\/api.w.org\/{rel}","templated":true}]}}