{"id":32143,"date":"2019-07-19T11:08:14","date_gmt":"2019-07-19T09:08:14","guid":{"rendered":"http:\/\/www.tressis.com\/blog\/?p=32143"},"modified":"2019-07-19T11:08:14","modified_gmt":"2019-07-19T09:08:14","slug":"la-fed-y-microsoft-salen-al-rescate-de-las-bolsas","status":"publish","type":"post","link":"https:\/\/www.tressis.com\/ca\/blog\/la-fed-y-microsoft-salen-al-rescate-de-las-bolsas\/","title":{"rendered":"La Fed y Microsoft salen al rescate de las bolsas"},"content":{"rendered":"<p>Tampoco es que los \u00faltimos d\u00edas hubi\u00e9semos registrado unas p\u00e9rdidas muy importantes, pero s\u00ed que est\u00e1bamos entrando en un mercado lateral con tendencia bajista hasta que las palabras de varios miembros de la Reserva Federal reforzaron las expectativas de bajadas de tipos.<!--more--><\/p>\n<p>Como ya dec\u00edamos, ayer tuvimos las declaraciones de Williams, vicepresidente de la Reserva Federal, quien considera que la gesti\u00f3n de la pol\u00edtica monetaria deber\u00eda ser proactiva y que no tendr\u00edan que esperar sentados hasta que los problemas econ\u00f3micos se sientan en la calle. Por su parte, Clarida abog\u00f3 por actuar de manera preventiva para estimular la econom\u00eda en un entorno de baja inflaci\u00f3n. La verdad es que dejan poco espacio para la duda. Tendremos recortes de tipos el 31 de julio. Ahora la clave es conocer si ser\u00e1 del 0,25% o del 0,5%, con la opini\u00f3n de los inversores claramente dividida entre ambas opciones. Y eso que la macro empieza a recuperarse. Como muestra el indicador de actividad de Filadelfia, el cual ha rebotado al alza con fuerza.<\/p>\n<p>En Europa seguimos a vueltas con el <i>brexit<\/i>. Ayer el parlamento brit\u00e1nico aprobaba una enmienda para dificultar que el pr\u00f3ximo primer ministro tome decisiones de manera unilateral o por lo menos sin ni siquiera consultarles. Esta medida se puede entender como un intento de presionar a los dos candidatos a primer ministro a negociar un acuerdo con la Uni\u00f3n Europea.<\/p>\n<p>En cuanto a la temporada de resultados, Microsoft anunci\u00f3 este jueves unos beneficios netos que duplicaban en el conjunto de su a\u00f1o fiscal 2019 las ganancias obtenidas en el ejercicio anterior, en parte gracias a la reducci\u00f3n de las provisiones fiscales. Sorprend\u00edan gratamente al mercado, que recuperaba el sentimiento alcista tras varios d\u00edas dubitativos. Por su parte, Morgan Stanley obtuvo un beneficio neto de 2.031 millones de d\u00f3lares en el segundo trimestre del a\u00f1o, lo que representa un retroceso del 10,4% respecto del resultado registrado por la entidad en el mismo periodo de 2018.<\/p>\n<p>Por \u00faltimo, volv\u00edan a intensificarse las tensiones en el estrecho de Ormuz. Ayer Ir\u00e1n decid\u00eda apresar a un petrolero en el Golfo P\u00e9rsico, a la vez que EE.UU. anunciaba el derribo de un dron iran\u00ed. Si alguien buscaba cu\u00e1l podr\u00eda convertirse en la noticia que tumbase a los mercados tras un fant\u00e1stico primer semestre, las declaraciones cruzadas entre Ir\u00e1n y EE.UU. van ganando enteros.<\/p>\n<p>Buen fin de semana.<\/p>\n<p><center><strong>Jorge Gonz\u00e1lez G\u00f3mez<\/strong><\/center><center>Direcci\u00f3n de Inversiones<\/center><\/p>\n","protected":false},"excerpt":{"rendered":"<p>Tampoco es que los \u00faltimos d\u00edas hubi\u00e9semos registrado unas p\u00e9rdidas muy importantes, pero s\u00ed que est\u00e1bamos entrando en un mercado lateral con tendencia bajista hasta que las palabras de varios miembros de la Reserva Federal reforzaron las expectativas de bajadas de tipos.<\/p>\n","protected":false},"author":4,"featured_media":32144,"comment_status":"open","ping_status":"closed","sticky":false,"template":"","format":"standard","meta":{"_acf_changed":false,"footnotes":""},"categories":[9721],"tags":[],"class_list":["post-32143","post","type-post","status-publish","format-standard","has-post-thumbnail","hentry","category-morning-meeting"],"acf":[],"yoast_head":"<!-- This site is optimized with the Yoast SEO plugin v27.5 - https:\/\/yoast.com\/product\/yoast-seo-wordpress\/ -->\n<title>La Fed y Microsoft salen al rescate de las bolsas<\/title>\n<meta name=\"description\" content=\"Si alguien buscaba cu\u00e1l podr\u00eda convertirse en la noticia que tumbase a los mercados tras un fant\u00e1stico primer semestre, las declaraciones cruzadas entre Ir\u00e1n y EE.UU. van ganando enteros\" \/>\n<meta name=\"robots\" content=\"index, follow, max-snippet:-1, max-image-preview:large, max-video-preview:-1\" \/>\n<link rel=\"canonical\" href=\"https:\/\/www.tressis.com\/ca\/blog\/la-fed-y-microsoft-salen-al-rescate-de-las-bolsas\/\" \/>\n<meta property=\"og:locale\" content=\"ca_ES\" \/>\n<meta property=\"og:type\" content=\"article\" \/>\n<meta property=\"og:title\" content=\"La Fed y Microsoft salen al rescate de las bolsas\" \/>\n<meta property=\"og:description\" content=\"Si alguien buscaba cu\u00e1l podr\u00eda convertirse en la noticia que tumbase a los mercados tras un fant\u00e1stico primer semestre, las declaraciones cruzadas entre Ir\u00e1n y EE.UU. van ganando enteros\" \/>\n<meta property=\"og:url\" content=\"https:\/\/www.tressis.com\/ca\/blog\/la-fed-y-microsoft-salen-al-rescate-de-las-bolsas\/\" \/>\n<meta property=\"og:site_name\" content=\"Tressis\" \/>\n<meta property=\"article:publisher\" content=\"https:\/\/www.facebook.com\/Tressis\/\" \/>\n<meta property=\"article:published_time\" content=\"2019-07-19T09:08:14+00:00\" \/>\n<meta property=\"og:image\" content=\"https:\/\/www.tressis.com\/wp-content\/uploads\/2019\/07\/20190719-mmv1.jpg\" \/>\n\t<meta property=\"og:image:width\" content=\"1100\" \/>\n\t<meta property=\"og:image:height\" content=\"487\" \/>\n\t<meta property=\"og:image:type\" content=\"image\/jpeg\" \/>\n<meta name=\"author\" content=\"Lola\" \/>\n<meta name=\"twitter:card\" content=\"summary_large_image\" \/>\n<meta name=\"twitter:creator\" content=\"@TressisSV\" \/>\n<meta name=\"twitter:site\" content=\"@TressisSV\" \/>\n<meta name=\"twitter:label1\" content=\"Escrit per\" \/>\n\t<meta name=\"twitter:data1\" content=\"Lola\" \/>\n\t<meta name=\"twitter:label2\" content=\"Temps estimat de lectura\" \/>\n\t<meta name=\"twitter:data2\" content=\"2 minuts\" \/>\n<script type=\"application\/ld+json\" class=\"yoast-schema-graph\">{\"@context\":\"https:\\\/\\\/schema.org\",\"@graph\":[{\"@type\":\"Article\",\"@id\":\"https:\\\/\\\/www.tressis.com\\\/ca\\\/blog\\\/la-fed-y-microsoft-salen-al-rescate-de-las-bolsas\\\/#article\",\"isPartOf\":{\"@id\":\"https:\\\/\\\/www.tressis.com\\\/ca\\\/blog\\\/la-fed-y-microsoft-salen-al-rescate-de-las-bolsas\\\/\"},\"author\":{\"name\":\"Lola\",\"@id\":\"https:\\\/\\\/www.tressis.com\\\/ca\\\/#\\\/schema\\\/person\\\/b833c1d724d8764920b6d6852c70584e\"},\"headline\":\"La Fed y Microsoft salen al rescate de las bolsas\",\"datePublished\":\"2019-07-19T09:08:14+00:00\",\"mainEntityOfPage\":{\"@id\":\"https:\\\/\\\/www.tressis.com\\\/ca\\\/blog\\\/la-fed-y-microsoft-salen-al-rescate-de-las-bolsas\\\/\"},\"wordCount\":436,\"commentCount\":0,\"publisher\":{\"@id\":\"https:\\\/\\\/www.tressis.com\\\/ca\\\/#organization\"},\"image\":{\"@id\":\"https:\\\/\\\/www.tressis.com\\\/ca\\\/blog\\\/la-fed-y-microsoft-salen-al-rescate-de-las-bolsas\\\/#primaryimage\"},\"thumbnailUrl\":\"https:\\\/\\\/www.tressis.com\\\/wp-content\\\/uploads\\\/2019\\\/07\\\/20190719-mmv1.jpg\",\"articleSection\":[\"Morning meeting\"],\"inLanguage\":\"ca\",\"potentialAction\":[{\"@type\":\"CommentAction\",\"name\":\"Comment\",\"target\":[\"https:\\\/\\\/www.tressis.com\\\/ca\\\/blog\\\/la-fed-y-microsoft-salen-al-rescate-de-las-bolsas\\\/#respond\"]}]},{\"@type\":\"WebPage\",\"@id\":\"https:\\\/\\\/www.tressis.com\\\/ca\\\/blog\\\/la-fed-y-microsoft-salen-al-rescate-de-las-bolsas\\\/\",\"url\":\"https:\\\/\\\/www.tressis.com\\\/ca\\\/blog\\\/la-fed-y-microsoft-salen-al-rescate-de-las-bolsas\\\/\",\"name\":\"La Fed y Microsoft salen al rescate de las bolsas\",\"isPartOf\":{\"@id\":\"https:\\\/\\\/www.tressis.com\\\/ca\\\/#website\"},\"primaryImageOfPage\":{\"@id\":\"https:\\\/\\\/www.tressis.com\\\/ca\\\/blog\\\/la-fed-y-microsoft-salen-al-rescate-de-las-bolsas\\\/#primaryimage\"},\"image\":{\"@id\":\"https:\\\/\\\/www.tressis.com\\\/ca\\\/blog\\\/la-fed-y-microsoft-salen-al-rescate-de-las-bolsas\\\/#primaryimage\"},\"thumbnailUrl\":\"https:\\\/\\\/www.tressis.com\\\/wp-content\\\/uploads\\\/2019\\\/07\\\/20190719-mmv1.jpg\",\"datePublished\":\"2019-07-19T09:08:14+00:00\",\"description\":\"Si alguien buscaba cu\u00e1l podr\u00eda convertirse en la noticia que tumbase a los mercados tras un fant\u00e1stico primer semestre, las declaraciones cruzadas entre Ir\u00e1n y EE.UU. van ganando enteros\",\"breadcrumb\":{\"@id\":\"https:\\\/\\\/www.tressis.com\\\/ca\\\/blog\\\/la-fed-y-microsoft-salen-al-rescate-de-las-bolsas\\\/#breadcrumb\"},\"inLanguage\":\"ca\",\"potentialAction\":[{\"@type\":\"ReadAction\",\"target\":[\"https:\\\/\\\/www.tressis.com\\\/ca\\\/blog\\\/la-fed-y-microsoft-salen-al-rescate-de-las-bolsas\\\/\"]}]},{\"@type\":\"ImageObject\",\"inLanguage\":\"ca\",\"@id\":\"https:\\\/\\\/www.tressis.com\\\/ca\\\/blog\\\/la-fed-y-microsoft-salen-al-rescate-de-las-bolsas\\\/#primaryimage\",\"url\":\"https:\\\/\\\/www.tressis.com\\\/wp-content\\\/uploads\\\/2019\\\/07\\\/20190719-mmv1.jpg\",\"contentUrl\":\"https:\\\/\\\/www.tressis.com\\\/wp-content\\\/uploads\\\/2019\\\/07\\\/20190719-mmv1.jpg\",\"width\":1100,\"height\":487,\"caption\":\"La Fed y Microsoft salen al rescate de las bolsas\"},{\"@type\":\"BreadcrumbList\",\"@id\":\"https:\\\/\\\/www.tressis.com\\\/ca\\\/blog\\\/la-fed-y-microsoft-salen-al-rescate-de-las-bolsas\\\/#breadcrumb\",\"itemListElement\":[{\"@type\":\"ListItem\",\"position\":1,\"name\":\"Inicio\",\"item\":\"https:\\\/\\\/www.tressis.com\\\/ca\\\/\"},{\"@type\":\"ListItem\",\"position\":2,\"name\":\"La Fed y Microsoft salen al rescate de las bolsas\"}]},{\"@type\":\"WebSite\",\"@id\":\"https:\\\/\\\/www.tressis.com\\\/ca\\\/#website\",\"url\":\"https:\\\/\\\/www.tressis.com\\\/ca\\\/\",\"name\":\"Tressis banca privada\",\"description\":\"Tressis | Planificaci\u00f3n financiera y gesti\u00f3n de patrimonios\",\"publisher\":{\"@id\":\"https:\\\/\\\/www.tressis.com\\\/ca\\\/#organization\"},\"potentialAction\":[{\"@type\":\"SearchAction\",\"target\":{\"@type\":\"EntryPoint\",\"urlTemplate\":\"https:\\\/\\\/www.tressis.com\\\/ca\\\/?s={search_term_string}\"},\"query-input\":{\"@type\":\"PropertyValueSpecification\",\"valueRequired\":true,\"valueName\":\"search_term_string\"}}],\"inLanguage\":\"ca\"},{\"@type\":\"Organization\",\"@id\":\"https:\\\/\\\/www.tressis.com\\\/ca\\\/#organization\",\"name\":\"Tressis\",\"url\":\"https:\\\/\\\/www.tressis.com\\\/ca\\\/\",\"logo\":{\"@type\":\"ImageObject\",\"inLanguage\":\"ca\",\"@id\":\"https:\\\/\\\/www.tressis.com\\\/ca\\\/#\\\/schema\\\/logo\\\/image\\\/\",\"url\":\"https:\\\/\\\/www.tressis.com\\\/wp-content\\\/uploads\\\/2025\\\/06\\\/logo-tressis-112.png\",\"contentUrl\":\"https:\\\/\\\/www.tressis.com\\\/wp-content\\\/uploads\\\/2025\\\/06\\\/logo-tressis-112.png\",\"width\":112,\"height\":112,\"caption\":\"Tressis\"},\"image\":{\"@id\":\"https:\\\/\\\/www.tressis.com\\\/ca\\\/#\\\/schema\\\/logo\\\/image\\\/\"},\"sameAs\":[\"https:\\\/\\\/www.facebook.com\\\/Tressis\\\/\",\"https:\\\/\\\/x.com\\\/TressisSV\",\"https:\\\/\\\/www.instagram.com\\\/tressissv\\\/?hl=es\",\"https:\\\/\\\/linkedin.com\\\/company\\\/tressis\\\/\",\"https:\\\/\\\/www.youtube.com\\\/user\\\/tressissv\",\"https:\\\/\\\/open.spotify.com\\\/show\\\/3jmTe1Nf0wqMILl7diWV6h?si=d7112519f13c4593&nd=1\"]},{\"@type\":\"Person\",\"@id\":\"https:\\\/\\\/www.tressis.com\\\/ca\\\/#\\\/schema\\\/person\\\/b833c1d724d8764920b6d6852c70584e\",\"name\":\"Lola\",\"image\":{\"@type\":\"ImageObject\",\"inLanguage\":\"ca\",\"@id\":\"https:\\\/\\\/secure.gravatar.com\\\/avatar\\\/05e646486b23ff45df9649110609c7e31b8c4a3e2821caa23d6317f405e0c51d?s=96&d=mm&r=g\",\"url\":\"https:\\\/\\\/secure.gravatar.com\\\/avatar\\\/05e646486b23ff45df9649110609c7e31b8c4a3e2821caa23d6317f405e0c51d?s=96&d=mm&r=g\",\"contentUrl\":\"https:\\\/\\\/secure.gravatar.com\\\/avatar\\\/05e646486b23ff45df9649110609c7e31b8c4a3e2821caa23d6317f405e0c51d?s=96&d=mm&r=g\",\"caption\":\"Lola\"}}]}<\/script>\n<!-- \/ Yoast SEO plugin. -->","yoast_head_json":{"title":"La Fed y Microsoft salen al rescate de las bolsas","description":"Si alguien buscaba cu\u00e1l podr\u00eda convertirse en la noticia que tumbase a los mercados tras un fant\u00e1stico primer semestre, las declaraciones cruzadas entre Ir\u00e1n y EE.UU. van ganando enteros","robots":{"index":"index","follow":"follow","max-snippet":"max-snippet:-1","max-image-preview":"max-image-preview:large","max-video-preview":"max-video-preview:-1"},"canonical":"https:\/\/www.tressis.com\/ca\/blog\/la-fed-y-microsoft-salen-al-rescate-de-las-bolsas\/","og_locale":"ca_ES","og_type":"article","og_title":"La Fed y Microsoft salen al rescate de las bolsas","og_description":"Si alguien buscaba cu\u00e1l podr\u00eda convertirse en la noticia que tumbase a los mercados tras un fant\u00e1stico primer semestre, las declaraciones cruzadas entre Ir\u00e1n y EE.UU. van ganando enteros","og_url":"https:\/\/www.tressis.com\/ca\/blog\/la-fed-y-microsoft-salen-al-rescate-de-las-bolsas\/","og_site_name":"Tressis","article_publisher":"https:\/\/www.facebook.com\/Tressis\/","article_published_time":"2019-07-19T09:08:14+00:00","og_image":[{"width":1100,"height":487,"url":"https:\/\/www.tressis.com\/wp-content\/uploads\/2019\/07\/20190719-mmv1.jpg","type":"image\/jpeg"}],"author":"Lola","twitter_card":"summary_large_image","twitter_creator":"@TressisSV","twitter_site":"@TressisSV","twitter_misc":{"Escrit per":"Lola","Temps estimat de lectura":"2 minuts"},"schema":{"@context":"https:\/\/schema.org","@graph":[{"@type":"Article","@id":"https:\/\/www.tressis.com\/ca\/blog\/la-fed-y-microsoft-salen-al-rescate-de-las-bolsas\/#article","isPartOf":{"@id":"https:\/\/www.tressis.com\/ca\/blog\/la-fed-y-microsoft-salen-al-rescate-de-las-bolsas\/"},"author":{"name":"Lola","@id":"https:\/\/www.tressis.com\/ca\/#\/schema\/person\/b833c1d724d8764920b6d6852c70584e"},"headline":"La Fed y Microsoft salen al rescate de las bolsas","datePublished":"2019-07-19T09:08:14+00:00","mainEntityOfPage":{"@id":"https:\/\/www.tressis.com\/ca\/blog\/la-fed-y-microsoft-salen-al-rescate-de-las-bolsas\/"},"wordCount":436,"commentCount":0,"publisher":{"@id":"https:\/\/www.tressis.com\/ca\/#organization"},"image":{"@id":"https:\/\/www.tressis.com\/ca\/blog\/la-fed-y-microsoft-salen-al-rescate-de-las-bolsas\/#primaryimage"},"thumbnailUrl":"https:\/\/www.tressis.com\/wp-content\/uploads\/2019\/07\/20190719-mmv1.jpg","articleSection":["Morning meeting"],"inLanguage":"ca","potentialAction":[{"@type":"CommentAction","name":"Comment","target":["https:\/\/www.tressis.com\/ca\/blog\/la-fed-y-microsoft-salen-al-rescate-de-las-bolsas\/#respond"]}]},{"@type":"WebPage","@id":"https:\/\/www.tressis.com\/ca\/blog\/la-fed-y-microsoft-salen-al-rescate-de-las-bolsas\/","url":"https:\/\/www.tressis.com\/ca\/blog\/la-fed-y-microsoft-salen-al-rescate-de-las-bolsas\/","name":"La Fed y Microsoft salen al rescate de las bolsas","isPartOf":{"@id":"https:\/\/www.tressis.com\/ca\/#website"},"primaryImageOfPage":{"@id":"https:\/\/www.tressis.com\/ca\/blog\/la-fed-y-microsoft-salen-al-rescate-de-las-bolsas\/#primaryimage"},"image":{"@id":"https:\/\/www.tressis.com\/ca\/blog\/la-fed-y-microsoft-salen-al-rescate-de-las-bolsas\/#primaryimage"},"thumbnailUrl":"https:\/\/www.tressis.com\/wp-content\/uploads\/2019\/07\/20190719-mmv1.jpg","datePublished":"2019-07-19T09:08:14+00:00","description":"Si alguien buscaba cu\u00e1l podr\u00eda convertirse en la noticia que tumbase a los mercados tras un fant\u00e1stico primer semestre, las declaraciones cruzadas entre Ir\u00e1n y EE.UU. van ganando enteros","breadcrumb":{"@id":"https:\/\/www.tressis.com\/ca\/blog\/la-fed-y-microsoft-salen-al-rescate-de-las-bolsas\/#breadcrumb"},"inLanguage":"ca","potentialAction":[{"@type":"ReadAction","target":["https:\/\/www.tressis.com\/ca\/blog\/la-fed-y-microsoft-salen-al-rescate-de-las-bolsas\/"]}]},{"@type":"ImageObject","inLanguage":"ca","@id":"https:\/\/www.tressis.com\/ca\/blog\/la-fed-y-microsoft-salen-al-rescate-de-las-bolsas\/#primaryimage","url":"https:\/\/www.tressis.com\/wp-content\/uploads\/2019\/07\/20190719-mmv1.jpg","contentUrl":"https:\/\/www.tressis.com\/wp-content\/uploads\/2019\/07\/20190719-mmv1.jpg","width":1100,"height":487,"caption":"La Fed y Microsoft salen al rescate de las bolsas"},{"@type":"BreadcrumbList","@id":"https:\/\/www.tressis.com\/ca\/blog\/la-fed-y-microsoft-salen-al-rescate-de-las-bolsas\/#breadcrumb","itemListElement":[{"@type":"ListItem","position":1,"name":"Inicio","item":"https:\/\/www.tressis.com\/ca\/"},{"@type":"ListItem","position":2,"name":"La Fed y Microsoft salen al rescate de las bolsas"}]},{"@type":"WebSite","@id":"https:\/\/www.tressis.com\/ca\/#website","url":"https:\/\/www.tressis.com\/ca\/","name":"Tressis banca privada","description":"Tressis | Planificaci\u00f3n financiera y gesti\u00f3n de patrimonios","publisher":{"@id":"https:\/\/www.tressis.com\/ca\/#organization"},"potentialAction":[{"@type":"SearchAction","target":{"@type":"EntryPoint","urlTemplate":"https:\/\/www.tressis.com\/ca\/?s={search_term_string}"},"query-input":{"@type":"PropertyValueSpecification","valueRequired":true,"valueName":"search_term_string"}}],"inLanguage":"ca"},{"@type":"Organization","@id":"https:\/\/www.tressis.com\/ca\/#organization","name":"Tressis","url":"https:\/\/www.tressis.com\/ca\/","logo":{"@type":"ImageObject","inLanguage":"ca","@id":"https:\/\/www.tressis.com\/ca\/#\/schema\/logo\/image\/","url":"https:\/\/www.tressis.com\/wp-content\/uploads\/2025\/06\/logo-tressis-112.png","contentUrl":"https:\/\/www.tressis.com\/wp-content\/uploads\/2025\/06\/logo-tressis-112.png","width":112,"height":112,"caption":"Tressis"},"image":{"@id":"https:\/\/www.tressis.com\/ca\/#\/schema\/logo\/image\/"},"sameAs":["https:\/\/www.facebook.com\/Tressis\/","https:\/\/x.com\/TressisSV","https:\/\/www.instagram.com\/tressissv\/?hl=es","https:\/\/linkedin.com\/company\/tressis\/","https:\/\/www.youtube.com\/user\/tressissv","https:\/\/open.spotify.com\/show\/3jmTe1Nf0wqMILl7diWV6h?si=d7112519f13c4593&nd=1"]},{"@type":"Person","@id":"https:\/\/www.tressis.com\/ca\/#\/schema\/person\/b833c1d724d8764920b6d6852c70584e","name":"Lola","image":{"@type":"ImageObject","inLanguage":"ca","@id":"https:\/\/secure.gravatar.com\/avatar\/05e646486b23ff45df9649110609c7e31b8c4a3e2821caa23d6317f405e0c51d?s=96&d=mm&r=g","url":"https:\/\/secure.gravatar.com\/avatar\/05e646486b23ff45df9649110609c7e31b8c4a3e2821caa23d6317f405e0c51d?s=96&d=mm&r=g","contentUrl":"https:\/\/secure.gravatar.com\/avatar\/05e646486b23ff45df9649110609c7e31b8c4a3e2821caa23d6317f405e0c51d?s=96&d=mm&r=g","caption":"Lola"}}]}},"_links":{"self":[{"href":"https:\/\/www.tressis.com\/ca\/wp-json\/wp\/v2\/posts\/32143","targetHints":{"allow":["GET"]}}],"collection":[{"href":"https:\/\/www.tressis.com\/ca\/wp-json\/wp\/v2\/posts"}],"about":[{"href":"https:\/\/www.tressis.com\/ca\/wp-json\/wp\/v2\/types\/post"}],"author":[{"embeddable":true,"href":"https:\/\/www.tressis.com\/ca\/wp-json\/wp\/v2\/users\/4"}],"replies":[{"embeddable":true,"href":"https:\/\/www.tressis.com\/ca\/wp-json\/wp\/v2\/comments?post=32143"}],"version-history":[{"count":0,"href":"https:\/\/www.tressis.com\/ca\/wp-json\/wp\/v2\/posts\/32143\/revisions"}],"wp:featuredmedia":[{"embeddable":true,"href":"https:\/\/www.tressis.com\/ca\/wp-json\/wp\/v2\/media\/32144"}],"wp:attachment":[{"href":"https:\/\/www.tressis.com\/ca\/wp-json\/wp\/v2\/media?parent=32143"}],"wp:term":[{"taxonomy":"category","embeddable":true,"href":"https:\/\/www.tressis.com\/ca\/wp-json\/wp\/v2\/categories?post=32143"},{"taxonomy":"post_tag","embeddable":true,"href":"https:\/\/www.tressis.com\/ca\/wp-json\/wp\/v2\/tags?post=32143"}],"curies":[{"name":"wp","href":"https:\/\/api.w.org\/{rel}","templated":true}]}}