{"id":32003,"date":"2019-07-09T11:11:23","date_gmt":"2019-07-09T09:11:23","guid":{"rendered":"http:\/\/www.tressis.com\/blog\/?p=32003"},"modified":"2019-07-09T11:11:23","modified_gmt":"2019-07-09T09:11:23","slug":"el-dato-mas-bajo-de-confianza-del-inversor-desde-el-2015","status":"publish","type":"post","link":"https:\/\/www.tressis.com\/ca\/blog\/el-dato-mas-bajo-de-confianza-del-inversor-desde-el-2015\/","title":{"rendered":"El dato m\u00e1s bajo de Confianza del Inversor desde el 2015"},"content":{"rendered":"<p>Los inversores est\u00e1n aprovechando estos \u00faltimos d\u00edas para recoger algo de beneficios tras los m\u00e1ximos registrados la semana pasada y de cara a la comparecencia semestral del presidente de la Fed<!--more--> ante el Comit\u00e9 de Servicios Financieros del Congreso (ma\u00f1ana mi\u00e9rcoles) y el Comit\u00e9 Bancario del Senado (el jueves). No vaya a ser que Powell diga algo que no guste, como que la econom\u00eda estadounidense sigue dando signos de fortaleza. \u00bfIr\u00f3nico, no?<\/p>\n<p>Donde no mejoran las cosas es en Europa. Muy mal dato de Confianza del Inversor publicado por Sentix ayer. Fue el dato m\u00e1s bajo desde 2015 y el peor mes de julio desde 2013. Tambi\u00e9n conoc\u00edamos el aumento del super\u00e1vit comercial alem\u00e1n. La buena noticia: las exportaciones subieron m\u00e1s de lo esperado a pesar de todala  la incertidumbre comercial internacional. La mala: la ca\u00edda de la demanda de productos extranjeros por parte de los consumidores alemanes.<\/p>\n<p>Hoy no tendremos citas macroecon\u00f3micas de relevancia en Estados Unidos ni en Europa, y casi mejor que as\u00ed hubiera sido en Jap\u00f3n, donde se han desplomado los pedidos de nueva maquinaria. Lo que s\u00ed que estamos teniendo son avisos de varias compa\u00f1\u00edas de que las ventas del segundo trimestre han sido m\u00e1s flojas de lo esperado inicialmente. Las expectativas de beneficios apuntan a una ca\u00edda del -2,7% durante este segundo semestre. No deber\u00eda ser muy dif\u00edcil batirlas, pero el dato final podr\u00eda ser muy bajo.<\/p>\n<p>Buen d\u00eda.<\/p>\n<p><center><strong>Jorge Gonz\u00e1lez G\u00f3mez<\/strong><\/center><center>Director de analisis<\/center><\/p>\n","protected":false},"excerpt":{"rendered":"<p>Los inversores est\u00e1n aprovechando estos \u00faltimos d\u00edas para recoger algo de beneficios tras los m\u00e1ximos registrados la semana pasada y de cara a la comparecencia semestral del presidente de la Fed<\/p>\n","protected":false},"author":4,"featured_media":32005,"comment_status":"open","ping_status":"closed","sticky":false,"template":"","format":"standard","meta":{"_acf_changed":false,"footnotes":""},"categories":[9721],"tags":[],"class_list":["post-32003","post","type-post","status-publish","format-standard","has-post-thumbnail","hentry","category-morning-meeting"],"acf":[],"yoast_head":"<!-- This site is optimized with the Yoast SEO plugin v27.5 - https:\/\/yoast.com\/product\/yoast-seo-wordpress\/ -->\n<title>El dato m\u00e1s bajo de Confianza del Inversor desde el 2015<\/title>\n<meta name=\"description\" content=\"Todas las miras puestas en las pr\u00f3ximas reuniones de Powell a lo largo de la semana\" \/>\n<meta name=\"robots\" content=\"index, follow, max-snippet:-1, max-image-preview:large, max-video-preview:-1\" \/>\n<link rel=\"canonical\" href=\"https:\/\/www.tressis.com\/ca\/blog\/el-dato-mas-bajo-de-confianza-del-inversor-desde-el-2015\/\" \/>\n<meta property=\"og:locale\" content=\"ca_ES\" \/>\n<meta property=\"og:type\" content=\"article\" \/>\n<meta property=\"og:title\" content=\"El dato m\u00e1s bajo de Confianza del Inversor desde el 2015\" \/>\n<meta property=\"og:description\" content=\"Todas las miras puestas en las pr\u00f3ximas reuniones de Powell a lo largo de la semana\" \/>\n<meta property=\"og:url\" content=\"https:\/\/www.tressis.com\/ca\/blog\/el-dato-mas-bajo-de-confianza-del-inversor-desde-el-2015\/\" \/>\n<meta property=\"og:site_name\" content=\"Tressis\" \/>\n<meta property=\"article:publisher\" content=\"https:\/\/www.facebook.com\/Tressis\/\" \/>\n<meta property=\"article:published_time\" content=\"2019-07-09T09:11:23+00:00\" \/>\n<meta property=\"og:image\" content=\"https:\/\/www.tressis.com\/wp-content\/uploads\/2019\/07\/20190709-mmv.jpg\" \/>\n\t<meta property=\"og:image:width\" content=\"1100\" \/>\n\t<meta property=\"og:image:height\" content=\"487\" \/>\n\t<meta property=\"og:image:type\" content=\"image\/jpeg\" \/>\n<meta name=\"author\" content=\"Lola\" \/>\n<meta name=\"twitter:card\" content=\"summary_large_image\" \/>\n<meta name=\"twitter:creator\" content=\"@TressisSV\" \/>\n<meta name=\"twitter:site\" content=\"@TressisSV\" \/>\n<meta name=\"twitter:label1\" content=\"Escrit per\" \/>\n\t<meta name=\"twitter:data1\" content=\"Lola\" \/>\n\t<meta name=\"twitter:label2\" content=\"Temps estimat de lectura\" \/>\n\t<meta name=\"twitter:data2\" content=\"1 minut\" \/>\n<script type=\"application\/ld+json\" class=\"yoast-schema-graph\">{\"@context\":\"https:\\\/\\\/schema.org\",\"@graph\":[{\"@type\":\"Article\",\"@id\":\"https:\\\/\\\/www.tressis.com\\\/ca\\\/blog\\\/el-dato-mas-bajo-de-confianza-del-inversor-desde-el-2015\\\/#article\",\"isPartOf\":{\"@id\":\"https:\\\/\\\/www.tressis.com\\\/ca\\\/blog\\\/el-dato-mas-bajo-de-confianza-del-inversor-desde-el-2015\\\/\"},\"author\":{\"name\":\"Lola\",\"@id\":\"https:\\\/\\\/www.tressis.com\\\/ca\\\/#\\\/schema\\\/person\\\/b833c1d724d8764920b6d6852c70584e\"},\"headline\":\"El dato m\u00e1s bajo de Confianza del Inversor desde el 2015\",\"datePublished\":\"2019-07-09T09:11:23+00:00\",\"mainEntityOfPage\":{\"@id\":\"https:\\\/\\\/www.tressis.com\\\/ca\\\/blog\\\/el-dato-mas-bajo-de-confianza-del-inversor-desde-el-2015\\\/\"},\"wordCount\":275,\"commentCount\":0,\"publisher\":{\"@id\":\"https:\\\/\\\/www.tressis.com\\\/ca\\\/#organization\"},\"image\":{\"@id\":\"https:\\\/\\\/www.tressis.com\\\/ca\\\/blog\\\/el-dato-mas-bajo-de-confianza-del-inversor-desde-el-2015\\\/#primaryimage\"},\"thumbnailUrl\":\"https:\\\/\\\/www.tressis.com\\\/wp-content\\\/uploads\\\/2019\\\/07\\\/20190709-mmv.jpg\",\"articleSection\":[\"Morning meeting\"],\"inLanguage\":\"ca\",\"potentialAction\":[{\"@type\":\"CommentAction\",\"name\":\"Comment\",\"target\":[\"https:\\\/\\\/www.tressis.com\\\/ca\\\/blog\\\/el-dato-mas-bajo-de-confianza-del-inversor-desde-el-2015\\\/#respond\"]}]},{\"@type\":\"WebPage\",\"@id\":\"https:\\\/\\\/www.tressis.com\\\/ca\\\/blog\\\/el-dato-mas-bajo-de-confianza-del-inversor-desde-el-2015\\\/\",\"url\":\"https:\\\/\\\/www.tressis.com\\\/ca\\\/blog\\\/el-dato-mas-bajo-de-confianza-del-inversor-desde-el-2015\\\/\",\"name\":\"El dato m\u00e1s bajo de Confianza del Inversor desde el 2015\",\"isPartOf\":{\"@id\":\"https:\\\/\\\/www.tressis.com\\\/ca\\\/#website\"},\"primaryImageOfPage\":{\"@id\":\"https:\\\/\\\/www.tressis.com\\\/ca\\\/blog\\\/el-dato-mas-bajo-de-confianza-del-inversor-desde-el-2015\\\/#primaryimage\"},\"image\":{\"@id\":\"https:\\\/\\\/www.tressis.com\\\/ca\\\/blog\\\/el-dato-mas-bajo-de-confianza-del-inversor-desde-el-2015\\\/#primaryimage\"},\"thumbnailUrl\":\"https:\\\/\\\/www.tressis.com\\\/wp-content\\\/uploads\\\/2019\\\/07\\\/20190709-mmv.jpg\",\"datePublished\":\"2019-07-09T09:11:23+00:00\",\"description\":\"Todas las miras puestas en las pr\u00f3ximas reuniones de Powell a lo largo de la semana\",\"breadcrumb\":{\"@id\":\"https:\\\/\\\/www.tressis.com\\\/ca\\\/blog\\\/el-dato-mas-bajo-de-confianza-del-inversor-desde-el-2015\\\/#breadcrumb\"},\"inLanguage\":\"ca\",\"potentialAction\":[{\"@type\":\"ReadAction\",\"target\":[\"https:\\\/\\\/www.tressis.com\\\/ca\\\/blog\\\/el-dato-mas-bajo-de-confianza-del-inversor-desde-el-2015\\\/\"]}]},{\"@type\":\"ImageObject\",\"inLanguage\":\"ca\",\"@id\":\"https:\\\/\\\/www.tressis.com\\\/ca\\\/blog\\\/el-dato-mas-bajo-de-confianza-del-inversor-desde-el-2015\\\/#primaryimage\",\"url\":\"https:\\\/\\\/www.tressis.com\\\/wp-content\\\/uploads\\\/2019\\\/07\\\/20190709-mmv.jpg\",\"contentUrl\":\"https:\\\/\\\/www.tressis.com\\\/wp-content\\\/uploads\\\/2019\\\/07\\\/20190709-mmv.jpg\",\"width\":1100,\"height\":487,\"caption\":\"El dato m\u00e1s bajo de Confianza del Inversor desde el 2015\"},{\"@type\":\"BreadcrumbList\",\"@id\":\"https:\\\/\\\/www.tressis.com\\\/ca\\\/blog\\\/el-dato-mas-bajo-de-confianza-del-inversor-desde-el-2015\\\/#breadcrumb\",\"itemListElement\":[{\"@type\":\"ListItem\",\"position\":1,\"name\":\"Inicio\",\"item\":\"https:\\\/\\\/www.tressis.com\\\/ca\\\/\"},{\"@type\":\"ListItem\",\"position\":2,\"name\":\"El dato m\u00e1s bajo de Confianza del Inversor desde el 2015\"}]},{\"@type\":\"WebSite\",\"@id\":\"https:\\\/\\\/www.tressis.com\\\/ca\\\/#website\",\"url\":\"https:\\\/\\\/www.tressis.com\\\/ca\\\/\",\"name\":\"Tressis banca privada\",\"description\":\"Tressis | Planificaci\u00f3n financiera y gesti\u00f3n de patrimonios\",\"publisher\":{\"@id\":\"https:\\\/\\\/www.tressis.com\\\/ca\\\/#organization\"},\"potentialAction\":[{\"@type\":\"SearchAction\",\"target\":{\"@type\":\"EntryPoint\",\"urlTemplate\":\"https:\\\/\\\/www.tressis.com\\\/ca\\\/?s={search_term_string}\"},\"query-input\":{\"@type\":\"PropertyValueSpecification\",\"valueRequired\":true,\"valueName\":\"search_term_string\"}}],\"inLanguage\":\"ca\"},{\"@type\":\"Organization\",\"@id\":\"https:\\\/\\\/www.tressis.com\\\/ca\\\/#organization\",\"name\":\"Tressis\",\"url\":\"https:\\\/\\\/www.tressis.com\\\/ca\\\/\",\"logo\":{\"@type\":\"ImageObject\",\"inLanguage\":\"ca\",\"@id\":\"https:\\\/\\\/www.tressis.com\\\/ca\\\/#\\\/schema\\\/logo\\\/image\\\/\",\"url\":\"https:\\\/\\\/www.tressis.com\\\/wp-content\\\/uploads\\\/2025\\\/06\\\/logo-tressis-112.png\",\"contentUrl\":\"https:\\\/\\\/www.tressis.com\\\/wp-content\\\/uploads\\\/2025\\\/06\\\/logo-tressis-112.png\",\"width\":112,\"height\":112,\"caption\":\"Tressis\"},\"image\":{\"@id\":\"https:\\\/\\\/www.tressis.com\\\/ca\\\/#\\\/schema\\\/logo\\\/image\\\/\"},\"sameAs\":[\"https:\\\/\\\/www.facebook.com\\\/Tressis\\\/\",\"https:\\\/\\\/x.com\\\/TressisSV\",\"https:\\\/\\\/www.instagram.com\\\/tressissv\\\/?hl=es\",\"https:\\\/\\\/linkedin.com\\\/company\\\/tressis\\\/\",\"https:\\\/\\\/www.youtube.com\\\/user\\\/tressissv\",\"https:\\\/\\\/open.spotify.com\\\/show\\\/3jmTe1Nf0wqMILl7diWV6h?si=d7112519f13c4593&nd=1\"]},{\"@type\":\"Person\",\"@id\":\"https:\\\/\\\/www.tressis.com\\\/ca\\\/#\\\/schema\\\/person\\\/b833c1d724d8764920b6d6852c70584e\",\"name\":\"Lola\",\"image\":{\"@type\":\"ImageObject\",\"inLanguage\":\"ca\",\"@id\":\"https:\\\/\\\/secure.gravatar.com\\\/avatar\\\/05e646486b23ff45df9649110609c7e31b8c4a3e2821caa23d6317f405e0c51d?s=96&d=mm&r=g\",\"url\":\"https:\\\/\\\/secure.gravatar.com\\\/avatar\\\/05e646486b23ff45df9649110609c7e31b8c4a3e2821caa23d6317f405e0c51d?s=96&d=mm&r=g\",\"contentUrl\":\"https:\\\/\\\/secure.gravatar.com\\\/avatar\\\/05e646486b23ff45df9649110609c7e31b8c4a3e2821caa23d6317f405e0c51d?s=96&d=mm&r=g\",\"caption\":\"Lola\"}}]}<\/script>\n<!-- \/ Yoast SEO plugin. -->","yoast_head_json":{"title":"El dato m\u00e1s bajo de Confianza del Inversor desde el 2015","description":"Todas las miras puestas en las pr\u00f3ximas reuniones de Powell a lo largo de la semana","robots":{"index":"index","follow":"follow","max-snippet":"max-snippet:-1","max-image-preview":"max-image-preview:large","max-video-preview":"max-video-preview:-1"},"canonical":"https:\/\/www.tressis.com\/ca\/blog\/el-dato-mas-bajo-de-confianza-del-inversor-desde-el-2015\/","og_locale":"ca_ES","og_type":"article","og_title":"El dato m\u00e1s bajo de Confianza del Inversor desde el 2015","og_description":"Todas las miras puestas en las pr\u00f3ximas reuniones de Powell a lo largo de la semana","og_url":"https:\/\/www.tressis.com\/ca\/blog\/el-dato-mas-bajo-de-confianza-del-inversor-desde-el-2015\/","og_site_name":"Tressis","article_publisher":"https:\/\/www.facebook.com\/Tressis\/","article_published_time":"2019-07-09T09:11:23+00:00","og_image":[{"width":1100,"height":487,"url":"https:\/\/www.tressis.com\/wp-content\/uploads\/2019\/07\/20190709-mmv.jpg","type":"image\/jpeg"}],"author":"Lola","twitter_card":"summary_large_image","twitter_creator":"@TressisSV","twitter_site":"@TressisSV","twitter_misc":{"Escrit per":"Lola","Temps estimat de lectura":"1 minut"},"schema":{"@context":"https:\/\/schema.org","@graph":[{"@type":"Article","@id":"https:\/\/www.tressis.com\/ca\/blog\/el-dato-mas-bajo-de-confianza-del-inversor-desde-el-2015\/#article","isPartOf":{"@id":"https:\/\/www.tressis.com\/ca\/blog\/el-dato-mas-bajo-de-confianza-del-inversor-desde-el-2015\/"},"author":{"name":"Lola","@id":"https:\/\/www.tressis.com\/ca\/#\/schema\/person\/b833c1d724d8764920b6d6852c70584e"},"headline":"El dato m\u00e1s bajo de Confianza del Inversor desde el 2015","datePublished":"2019-07-09T09:11:23+00:00","mainEntityOfPage":{"@id":"https:\/\/www.tressis.com\/ca\/blog\/el-dato-mas-bajo-de-confianza-del-inversor-desde-el-2015\/"},"wordCount":275,"commentCount":0,"publisher":{"@id":"https:\/\/www.tressis.com\/ca\/#organization"},"image":{"@id":"https:\/\/www.tressis.com\/ca\/blog\/el-dato-mas-bajo-de-confianza-del-inversor-desde-el-2015\/#primaryimage"},"thumbnailUrl":"https:\/\/www.tressis.com\/wp-content\/uploads\/2019\/07\/20190709-mmv.jpg","articleSection":["Morning meeting"],"inLanguage":"ca","potentialAction":[{"@type":"CommentAction","name":"Comment","target":["https:\/\/www.tressis.com\/ca\/blog\/el-dato-mas-bajo-de-confianza-del-inversor-desde-el-2015\/#respond"]}]},{"@type":"WebPage","@id":"https:\/\/www.tressis.com\/ca\/blog\/el-dato-mas-bajo-de-confianza-del-inversor-desde-el-2015\/","url":"https:\/\/www.tressis.com\/ca\/blog\/el-dato-mas-bajo-de-confianza-del-inversor-desde-el-2015\/","name":"El dato m\u00e1s bajo de Confianza del Inversor desde el 2015","isPartOf":{"@id":"https:\/\/www.tressis.com\/ca\/#website"},"primaryImageOfPage":{"@id":"https:\/\/www.tressis.com\/ca\/blog\/el-dato-mas-bajo-de-confianza-del-inversor-desde-el-2015\/#primaryimage"},"image":{"@id":"https:\/\/www.tressis.com\/ca\/blog\/el-dato-mas-bajo-de-confianza-del-inversor-desde-el-2015\/#primaryimage"},"thumbnailUrl":"https:\/\/www.tressis.com\/wp-content\/uploads\/2019\/07\/20190709-mmv.jpg","datePublished":"2019-07-09T09:11:23+00:00","description":"Todas las miras puestas en las pr\u00f3ximas reuniones de Powell a lo largo de la semana","breadcrumb":{"@id":"https:\/\/www.tressis.com\/ca\/blog\/el-dato-mas-bajo-de-confianza-del-inversor-desde-el-2015\/#breadcrumb"},"inLanguage":"ca","potentialAction":[{"@type":"ReadAction","target":["https:\/\/www.tressis.com\/ca\/blog\/el-dato-mas-bajo-de-confianza-del-inversor-desde-el-2015\/"]}]},{"@type":"ImageObject","inLanguage":"ca","@id":"https:\/\/www.tressis.com\/ca\/blog\/el-dato-mas-bajo-de-confianza-del-inversor-desde-el-2015\/#primaryimage","url":"https:\/\/www.tressis.com\/wp-content\/uploads\/2019\/07\/20190709-mmv.jpg","contentUrl":"https:\/\/www.tressis.com\/wp-content\/uploads\/2019\/07\/20190709-mmv.jpg","width":1100,"height":487,"caption":"El dato m\u00e1s bajo de Confianza del Inversor desde el 2015"},{"@type":"BreadcrumbList","@id":"https:\/\/www.tressis.com\/ca\/blog\/el-dato-mas-bajo-de-confianza-del-inversor-desde-el-2015\/#breadcrumb","itemListElement":[{"@type":"ListItem","position":1,"name":"Inicio","item":"https:\/\/www.tressis.com\/ca\/"},{"@type":"ListItem","position":2,"name":"El dato m\u00e1s bajo de Confianza del Inversor desde el 2015"}]},{"@type":"WebSite","@id":"https:\/\/www.tressis.com\/ca\/#website","url":"https:\/\/www.tressis.com\/ca\/","name":"Tressis banca privada","description":"Tressis | Planificaci\u00f3n financiera y gesti\u00f3n de patrimonios","publisher":{"@id":"https:\/\/www.tressis.com\/ca\/#organization"},"potentialAction":[{"@type":"SearchAction","target":{"@type":"EntryPoint","urlTemplate":"https:\/\/www.tressis.com\/ca\/?s={search_term_string}"},"query-input":{"@type":"PropertyValueSpecification","valueRequired":true,"valueName":"search_term_string"}}],"inLanguage":"ca"},{"@type":"Organization","@id":"https:\/\/www.tressis.com\/ca\/#organization","name":"Tressis","url":"https:\/\/www.tressis.com\/ca\/","logo":{"@type":"ImageObject","inLanguage":"ca","@id":"https:\/\/www.tressis.com\/ca\/#\/schema\/logo\/image\/","url":"https:\/\/www.tressis.com\/wp-content\/uploads\/2025\/06\/logo-tressis-112.png","contentUrl":"https:\/\/www.tressis.com\/wp-content\/uploads\/2025\/06\/logo-tressis-112.png","width":112,"height":112,"caption":"Tressis"},"image":{"@id":"https:\/\/www.tressis.com\/ca\/#\/schema\/logo\/image\/"},"sameAs":["https:\/\/www.facebook.com\/Tressis\/","https:\/\/x.com\/TressisSV","https:\/\/www.instagram.com\/tressissv\/?hl=es","https:\/\/linkedin.com\/company\/tressis\/","https:\/\/www.youtube.com\/user\/tressissv","https:\/\/open.spotify.com\/show\/3jmTe1Nf0wqMILl7diWV6h?si=d7112519f13c4593&nd=1"]},{"@type":"Person","@id":"https:\/\/www.tressis.com\/ca\/#\/schema\/person\/b833c1d724d8764920b6d6852c70584e","name":"Lola","image":{"@type":"ImageObject","inLanguage":"ca","@id":"https:\/\/secure.gravatar.com\/avatar\/05e646486b23ff45df9649110609c7e31b8c4a3e2821caa23d6317f405e0c51d?s=96&d=mm&r=g","url":"https:\/\/secure.gravatar.com\/avatar\/05e646486b23ff45df9649110609c7e31b8c4a3e2821caa23d6317f405e0c51d?s=96&d=mm&r=g","contentUrl":"https:\/\/secure.gravatar.com\/avatar\/05e646486b23ff45df9649110609c7e31b8c4a3e2821caa23d6317f405e0c51d?s=96&d=mm&r=g","caption":"Lola"}}]}},"_links":{"self":[{"href":"https:\/\/www.tressis.com\/ca\/wp-json\/wp\/v2\/posts\/32003","targetHints":{"allow":["GET"]}}],"collection":[{"href":"https:\/\/www.tressis.com\/ca\/wp-json\/wp\/v2\/posts"}],"about":[{"href":"https:\/\/www.tressis.com\/ca\/wp-json\/wp\/v2\/types\/post"}],"author":[{"embeddable":true,"href":"https:\/\/www.tressis.com\/ca\/wp-json\/wp\/v2\/users\/4"}],"replies":[{"embeddable":true,"href":"https:\/\/www.tressis.com\/ca\/wp-json\/wp\/v2\/comments?post=32003"}],"version-history":[{"count":0,"href":"https:\/\/www.tressis.com\/ca\/wp-json\/wp\/v2\/posts\/32003\/revisions"}],"wp:featuredmedia":[{"embeddable":true,"href":"https:\/\/www.tressis.com\/ca\/wp-json\/wp\/v2\/media\/32005"}],"wp:attachment":[{"href":"https:\/\/www.tressis.com\/ca\/wp-json\/wp\/v2\/media?parent=32003"}],"wp:term":[{"taxonomy":"category","embeddable":true,"href":"https:\/\/www.tressis.com\/ca\/wp-json\/wp\/v2\/categories?post=32003"},{"taxonomy":"post_tag","embeddable":true,"href":"https:\/\/www.tressis.com\/ca\/wp-json\/wp\/v2\/tags?post=32003"}],"curies":[{"name":"wp","href":"https:\/\/api.w.org\/{rel}","templated":true}]}}