{"id":31825,"date":"2019-06-20T11:23:29","date_gmt":"2019-06-20T09:23:29","guid":{"rendered":"http:\/\/www.tressis.com\/blog\/?p=31825"},"modified":"2024-09-26T09:51:59","modified_gmt":"2024-09-26T07:51:59","slug":"miembros-de-la-fed-abogan-por-la-bajada-de-tipos","status":"publish","type":"post","link":"https:\/\/www.tressis.com\/ca\/blog\/miembros-de-la-fed-abogan-por-la-bajada-de-tipos\/","title":{"rendered":"Miembros de la Fed abogan por la bajada de tipos"},"content":{"rendered":"<p>Dos elementos fueron los determinantes para que el mercado americano (abierto a la hora de la rueda de prensa) recibiera con subidas las declaraciones del m\u00e1ximo mandatario de la Reserva Federal<!--more-->: por un lado, la eliminaci\u00f3n de la palabra \u201cpaciente\u201d de su discurso que utilizaba para definir la postura del organismo y, por otro, la falta del tradicional consenso en el seno del Comit\u00e9. Ahora la actitud de la Fed ha pasado a ser acomodaticia y muchos de sus miembros abogan por la primera bajada de tipos desde el a\u00f1o 2008. Y alguno de ellos hasta por que se produzcan dos este a\u00f1o.<\/p>\n<p>S\u00ed, ya sabemos que la guerra comercial est\u00e1 impactando a la econom\u00eda norteamericana pero, \u00bfy si de quien se est\u00e1 preocupando la Reserva Federal es de la salud global? Estados Unidos es una econom\u00eda relativamente cerrada que depende en, aproximadamente, un 66% de su consumo interno. Est\u00e1 claro que algo afectar\u00e1. \u00bfPero tanto? (t\u00f3menlo como reflexiones de una servidora).<\/p>\n<p>Menos &#8220;chicha&#8221; tuvo la reuni\u00f3n del Banco de Jap\u00f3n. Ellos siguen a vueltas con sus <i>abenomics<\/i>, intentando revertir su estanflaci\u00f3n secular, utilizando la pol\u00edtica monetaria para mantener los tipos a diez a\u00f1os en niveles de 0% y tratando de impulsar el consumo.<\/p>\n<p>M\u00e1s cerca de nuestros hogares, concretamente en B\u00e9lgica, los Veintiocho se re\u00fanen para tratar de cubrir cuatro de los puestos con m\u00e1s poder de la Uni\u00f3n Europea. Se quedan vacantes las presidencias de la Comisi\u00f3n Europea, el Consejo, el Parlamento y, c\u00f3mo no, el Banco Central. Los pasillos de Bruselas hoy deben ser iguales a los mejores momentos de House of Cards pero con Pedro S\u00e1nchez y compa\u00f1\u00eda en lugar de Kevin Spacey.<\/p>\n<p>Finalmente, Facebook vuelve a estar en boca de todos. Ayer presentaba el proyecto de su criptodivisa libra. Muchos pensamos en un primer momento que Zuckerberg pod\u00eda haber escogido otro nombre para su moneda, pero claro, su libra en ingl\u00e9s es libra, mientras que la de los brit\u00e1nicos es <i>pound<\/i>. Problemas de los que no tenemos al idioma m\u00e1s hablado del mundo como lengua materna. En cualquier caso, esta no ha contado con el \u00e9xito esperado, pues las dudas sobre su viabilidad son patentes y justificadas. El hecho de que una compa\u00f1\u00eda cuyos esc\u00e1ndalos recientes han sido relacionados con la privacidad controle todo un miniecosistema financiero no es muy tranquilizador. Adem\u00e1s, las autoridades monetarias son entes p\u00fablicos, entre otras cosas, para no verse condicionadas por ese inter\u00e9s en beneficiarse por el servicio dado y pensar solo en el bien com\u00fan. Y para qu\u00e9 mentir: controlar el dinero supone ostentar un poder tan grande que no creo que los Estados dejen escapar.<\/p>\n<p>Buen d\u00eda.<\/p>\n<p><center><strong>Salom\u00e9 Bouzas Romero<\/strong><\/center><center>Direcci\u00f3n de Inversiones<\/center><\/p>\n","protected":false},"excerpt":{"rendered":"<p>Dos elementos fueron los determinantes para que el mercado americano (abierto a la hora de la rueda de prensa) recibiera con subidas las declaraciones del m\u00e1ximo mandatario de la Reserva Federal<\/p>\n","protected":false},"author":4,"featured_media":31827,"comment_status":"open","ping_status":"closed","sticky":false,"template":"","format":"standard","meta":{"_acf_changed":false,"footnotes":""},"categories":[9721],"tags":[490,565,2680,2720,3128],"class_list":["post-31825","post","type-post","status-publish","format-standard","has-post-thumbnail","hentry","category-morning-meeting","tag-banco-de-japon","tag-belgica","tag-facebook","tag-fed","tag-guerra-comercial"],"acf":[],"yoast_head":"<!-- This site is optimized with the Yoast SEO plugin v27.5 - https:\/\/yoast.com\/product\/yoast-seo-wordpress\/ -->\n<title>Miembros de la Fed abogan por la bajada de tipos<\/title>\n<meta name=\"description\" content=\"Ahora la actitud de la Fed ha pasado a ser acomodaticia y muchos de sus miembros abogan por la primera bajada de tipos desde el a\u00f1o 2008.\" \/>\n<meta name=\"robots\" content=\"index, follow, max-snippet:-1, max-image-preview:large, max-video-preview:-1\" \/>\n<link rel=\"canonical\" href=\"https:\/\/www.tressis.com\/ca\/blog\/miembros-de-la-fed-abogan-por-la-bajada-de-tipos\/\" \/>\n<meta property=\"og:locale\" content=\"ca_ES\" \/>\n<meta property=\"og:type\" content=\"article\" \/>\n<meta property=\"og:title\" content=\"Miembros de la Fed abogan por la bajada de tipos\" \/>\n<meta property=\"og:description\" content=\"Ahora la actitud de la Fed ha pasado a ser acomodaticia y muchos de sus miembros abogan por la primera bajada de tipos desde el a\u00f1o 2008.\" \/>\n<meta property=\"og:url\" content=\"https:\/\/www.tressis.com\/ca\/blog\/miembros-de-la-fed-abogan-por-la-bajada-de-tipos\/\" \/>\n<meta property=\"og:site_name\" content=\"Tressis\" \/>\n<meta property=\"article:publisher\" content=\"https:\/\/www.facebook.com\/Tressis\/\" \/>\n<meta property=\"article:published_time\" content=\"2019-06-20T09:23:29+00:00\" \/>\n<meta property=\"article:modified_time\" content=\"2024-09-26T07:51:59+00:00\" \/>\n<meta property=\"og:image\" content=\"https:\/\/www.tressis.com\/wp-content\/uploads\/2019\/06\/20190620-mmv.jpg\" \/>\n\t<meta property=\"og:image:width\" content=\"1100\" \/>\n\t<meta property=\"og:image:height\" content=\"487\" \/>\n\t<meta property=\"og:image:type\" content=\"image\/jpeg\" \/>\n<meta name=\"author\" content=\"Lola\" \/>\n<meta name=\"twitter:card\" content=\"summary_large_image\" \/>\n<meta name=\"twitter:creator\" content=\"@TressisSV\" \/>\n<meta name=\"twitter:site\" content=\"@TressisSV\" \/>\n<meta name=\"twitter:label1\" content=\"Escrit per\" \/>\n\t<meta name=\"twitter:data1\" content=\"Lola\" \/>\n\t<meta name=\"twitter:label2\" content=\"Temps estimat de lectura\" \/>\n\t<meta name=\"twitter:data2\" content=\"2 minuts\" \/>\n<script type=\"application\/ld+json\" class=\"yoast-schema-graph\">{\"@context\":\"https:\\\/\\\/schema.org\",\"@graph\":[{\"@type\":\"Article\",\"@id\":\"https:\\\/\\\/www.tressis.com\\\/ca\\\/blog\\\/miembros-de-la-fed-abogan-por-la-bajada-de-tipos\\\/#article\",\"isPartOf\":{\"@id\":\"https:\\\/\\\/www.tressis.com\\\/ca\\\/blog\\\/miembros-de-la-fed-abogan-por-la-bajada-de-tipos\\\/\"},\"author\":{\"name\":\"Lola\",\"@id\":\"https:\\\/\\\/www.tressis.com\\\/ca\\\/#\\\/schema\\\/person\\\/b833c1d724d8764920b6d6852c70584e\"},\"headline\":\"Miembros de la Fed abogan por la bajada de tipos\",\"datePublished\":\"2019-06-20T09:23:29+00:00\",\"dateModified\":\"2024-09-26T07:51:59+00:00\",\"mainEntityOfPage\":{\"@id\":\"https:\\\/\\\/www.tressis.com\\\/ca\\\/blog\\\/miembros-de-la-fed-abogan-por-la-bajada-de-tipos\\\/\"},\"wordCount\":485,\"commentCount\":0,\"publisher\":{\"@id\":\"https:\\\/\\\/www.tressis.com\\\/ca\\\/#organization\"},\"image\":{\"@id\":\"https:\\\/\\\/www.tressis.com\\\/ca\\\/blog\\\/miembros-de-la-fed-abogan-por-la-bajada-de-tipos\\\/#primaryimage\"},\"thumbnailUrl\":\"https:\\\/\\\/www.tressis.com\\\/wp-content\\\/uploads\\\/2019\\\/06\\\/20190620-mmv.jpg\",\"keywords\":[\"Banco de Jap\u00f3n\",\"B\u00e9lgica\",\"Facebook\",\"fed\",\"guerra comercial\"],\"articleSection\":[\"Morning meeting\"],\"inLanguage\":\"ca\",\"potentialAction\":[{\"@type\":\"CommentAction\",\"name\":\"Comment\",\"target\":[\"https:\\\/\\\/www.tressis.com\\\/ca\\\/blog\\\/miembros-de-la-fed-abogan-por-la-bajada-de-tipos\\\/#respond\"]}]},{\"@type\":\"WebPage\",\"@id\":\"https:\\\/\\\/www.tressis.com\\\/ca\\\/blog\\\/miembros-de-la-fed-abogan-por-la-bajada-de-tipos\\\/\",\"url\":\"https:\\\/\\\/www.tressis.com\\\/ca\\\/blog\\\/miembros-de-la-fed-abogan-por-la-bajada-de-tipos\\\/\",\"name\":\"Miembros de la Fed abogan por la bajada de tipos\",\"isPartOf\":{\"@id\":\"https:\\\/\\\/www.tressis.com\\\/ca\\\/#website\"},\"primaryImageOfPage\":{\"@id\":\"https:\\\/\\\/www.tressis.com\\\/ca\\\/blog\\\/miembros-de-la-fed-abogan-por-la-bajada-de-tipos\\\/#primaryimage\"},\"image\":{\"@id\":\"https:\\\/\\\/www.tressis.com\\\/ca\\\/blog\\\/miembros-de-la-fed-abogan-por-la-bajada-de-tipos\\\/#primaryimage\"},\"thumbnailUrl\":\"https:\\\/\\\/www.tressis.com\\\/wp-content\\\/uploads\\\/2019\\\/06\\\/20190620-mmv.jpg\",\"datePublished\":\"2019-06-20T09:23:29+00:00\",\"dateModified\":\"2024-09-26T07:51:59+00:00\",\"description\":\"Ahora la actitud de la Fed ha pasado a ser acomodaticia y muchos de sus miembros abogan por la primera bajada de tipos desde el a\u00f1o 2008.\",\"breadcrumb\":{\"@id\":\"https:\\\/\\\/www.tressis.com\\\/ca\\\/blog\\\/miembros-de-la-fed-abogan-por-la-bajada-de-tipos\\\/#breadcrumb\"},\"inLanguage\":\"ca\",\"potentialAction\":[{\"@type\":\"ReadAction\",\"target\":[\"https:\\\/\\\/www.tressis.com\\\/ca\\\/blog\\\/miembros-de-la-fed-abogan-por-la-bajada-de-tipos\\\/\"]}]},{\"@type\":\"ImageObject\",\"inLanguage\":\"ca\",\"@id\":\"https:\\\/\\\/www.tressis.com\\\/ca\\\/blog\\\/miembros-de-la-fed-abogan-por-la-bajada-de-tipos\\\/#primaryimage\",\"url\":\"https:\\\/\\\/www.tressis.com\\\/wp-content\\\/uploads\\\/2019\\\/06\\\/20190620-mmv.jpg\",\"contentUrl\":\"https:\\\/\\\/www.tressis.com\\\/wp-content\\\/uploads\\\/2019\\\/06\\\/20190620-mmv.jpg\",\"width\":1100,\"height\":487,\"caption\":\"Miembros de la Fed abogan por la bajada de tipos\"},{\"@type\":\"BreadcrumbList\",\"@id\":\"https:\\\/\\\/www.tressis.com\\\/ca\\\/blog\\\/miembros-de-la-fed-abogan-por-la-bajada-de-tipos\\\/#breadcrumb\",\"itemListElement\":[{\"@type\":\"ListItem\",\"position\":1,\"name\":\"Inicio\",\"item\":\"https:\\\/\\\/www.tressis.com\\\/ca\\\/\"},{\"@type\":\"ListItem\",\"position\":2,\"name\":\"Morning meeting\",\"item\":\"https:\\\/\\\/www.tressis.com\\\/ca\\\/blog\\\/categorias\\\/morning-meeting-ca\\\/\"},{\"@type\":\"ListItem\",\"position\":3,\"name\":\"Miembros de la Fed abogan por la bajada de tipos\"}]},{\"@type\":\"WebSite\",\"@id\":\"https:\\\/\\\/www.tressis.com\\\/ca\\\/#website\",\"url\":\"https:\\\/\\\/www.tressis.com\\\/ca\\\/\",\"name\":\"Tressis banca privada\",\"description\":\"Tressis | Planificaci\u00f3n financiera y gesti\u00f3n de patrimonios\",\"publisher\":{\"@id\":\"https:\\\/\\\/www.tressis.com\\\/ca\\\/#organization\"},\"potentialAction\":[{\"@type\":\"SearchAction\",\"target\":{\"@type\":\"EntryPoint\",\"urlTemplate\":\"https:\\\/\\\/www.tressis.com\\\/ca\\\/?s={search_term_string}\"},\"query-input\":{\"@type\":\"PropertyValueSpecification\",\"valueRequired\":true,\"valueName\":\"search_term_string\"}}],\"inLanguage\":\"ca\"},{\"@type\":\"Organization\",\"@id\":\"https:\\\/\\\/www.tressis.com\\\/ca\\\/#organization\",\"name\":\"Tressis\",\"url\":\"https:\\\/\\\/www.tressis.com\\\/ca\\\/\",\"logo\":{\"@type\":\"ImageObject\",\"inLanguage\":\"ca\",\"@id\":\"https:\\\/\\\/www.tressis.com\\\/ca\\\/#\\\/schema\\\/logo\\\/image\\\/\",\"url\":\"https:\\\/\\\/www.tressis.com\\\/wp-content\\\/uploads\\\/2025\\\/06\\\/logo-tressis-112.png\",\"contentUrl\":\"https:\\\/\\\/www.tressis.com\\\/wp-content\\\/uploads\\\/2025\\\/06\\\/logo-tressis-112.png\",\"width\":112,\"height\":112,\"caption\":\"Tressis\"},\"image\":{\"@id\":\"https:\\\/\\\/www.tressis.com\\\/ca\\\/#\\\/schema\\\/logo\\\/image\\\/\"},\"sameAs\":[\"https:\\\/\\\/www.facebook.com\\\/Tressis\\\/\",\"https:\\\/\\\/x.com\\\/TressisSV\",\"https:\\\/\\\/www.instagram.com\\\/tressissv\\\/?hl=es\",\"https:\\\/\\\/linkedin.com\\\/company\\\/tressis\\\/\",\"https:\\\/\\\/www.youtube.com\\\/user\\\/tressissv\",\"https:\\\/\\\/open.spotify.com\\\/show\\\/3jmTe1Nf0wqMILl7diWV6h?si=d7112519f13c4593&nd=1\"]},{\"@type\":\"Person\",\"@id\":\"https:\\\/\\\/www.tressis.com\\\/ca\\\/#\\\/schema\\\/person\\\/b833c1d724d8764920b6d6852c70584e\",\"name\":\"Lola\",\"image\":{\"@type\":\"ImageObject\",\"inLanguage\":\"ca\",\"@id\":\"https:\\\/\\\/secure.gravatar.com\\\/avatar\\\/05e646486b23ff45df9649110609c7e31b8c4a3e2821caa23d6317f405e0c51d?s=96&d=mm&r=g\",\"url\":\"https:\\\/\\\/secure.gravatar.com\\\/avatar\\\/05e646486b23ff45df9649110609c7e31b8c4a3e2821caa23d6317f405e0c51d?s=96&d=mm&r=g\",\"contentUrl\":\"https:\\\/\\\/secure.gravatar.com\\\/avatar\\\/05e646486b23ff45df9649110609c7e31b8c4a3e2821caa23d6317f405e0c51d?s=96&d=mm&r=g\",\"caption\":\"Lola\"}}]}<\/script>\n<!-- \/ Yoast SEO plugin. -->","yoast_head_json":{"title":"Miembros de la Fed abogan por la bajada de tipos","description":"Ahora la actitud de la Fed ha pasado a ser acomodaticia y muchos de sus miembros abogan por la primera bajada de tipos desde el a\u00f1o 2008.","robots":{"index":"index","follow":"follow","max-snippet":"max-snippet:-1","max-image-preview":"max-image-preview:large","max-video-preview":"max-video-preview:-1"},"canonical":"https:\/\/www.tressis.com\/ca\/blog\/miembros-de-la-fed-abogan-por-la-bajada-de-tipos\/","og_locale":"ca_ES","og_type":"article","og_title":"Miembros de la Fed abogan por la bajada de tipos","og_description":"Ahora la actitud de la Fed ha pasado a ser acomodaticia y muchos de sus miembros abogan por la primera bajada de tipos desde el a\u00f1o 2008.","og_url":"https:\/\/www.tressis.com\/ca\/blog\/miembros-de-la-fed-abogan-por-la-bajada-de-tipos\/","og_site_name":"Tressis","article_publisher":"https:\/\/www.facebook.com\/Tressis\/","article_published_time":"2019-06-20T09:23:29+00:00","article_modified_time":"2024-09-26T07:51:59+00:00","og_image":[{"width":1100,"height":487,"url":"https:\/\/www.tressis.com\/wp-content\/uploads\/2019\/06\/20190620-mmv.jpg","type":"image\/jpeg"}],"author":"Lola","twitter_card":"summary_large_image","twitter_creator":"@TressisSV","twitter_site":"@TressisSV","twitter_misc":{"Escrit per":"Lola","Temps estimat de lectura":"2 minuts"},"schema":{"@context":"https:\/\/schema.org","@graph":[{"@type":"Article","@id":"https:\/\/www.tressis.com\/ca\/blog\/miembros-de-la-fed-abogan-por-la-bajada-de-tipos\/#article","isPartOf":{"@id":"https:\/\/www.tressis.com\/ca\/blog\/miembros-de-la-fed-abogan-por-la-bajada-de-tipos\/"},"author":{"name":"Lola","@id":"https:\/\/www.tressis.com\/ca\/#\/schema\/person\/b833c1d724d8764920b6d6852c70584e"},"headline":"Miembros de la Fed abogan por la bajada de tipos","datePublished":"2019-06-20T09:23:29+00:00","dateModified":"2024-09-26T07:51:59+00:00","mainEntityOfPage":{"@id":"https:\/\/www.tressis.com\/ca\/blog\/miembros-de-la-fed-abogan-por-la-bajada-de-tipos\/"},"wordCount":485,"commentCount":0,"publisher":{"@id":"https:\/\/www.tressis.com\/ca\/#organization"},"image":{"@id":"https:\/\/www.tressis.com\/ca\/blog\/miembros-de-la-fed-abogan-por-la-bajada-de-tipos\/#primaryimage"},"thumbnailUrl":"https:\/\/www.tressis.com\/wp-content\/uploads\/2019\/06\/20190620-mmv.jpg","keywords":["Banco de Jap\u00f3n","B\u00e9lgica","Facebook","fed","guerra comercial"],"articleSection":["Morning meeting"],"inLanguage":"ca","potentialAction":[{"@type":"CommentAction","name":"Comment","target":["https:\/\/www.tressis.com\/ca\/blog\/miembros-de-la-fed-abogan-por-la-bajada-de-tipos\/#respond"]}]},{"@type":"WebPage","@id":"https:\/\/www.tressis.com\/ca\/blog\/miembros-de-la-fed-abogan-por-la-bajada-de-tipos\/","url":"https:\/\/www.tressis.com\/ca\/blog\/miembros-de-la-fed-abogan-por-la-bajada-de-tipos\/","name":"Miembros de la Fed abogan por la bajada de tipos","isPartOf":{"@id":"https:\/\/www.tressis.com\/ca\/#website"},"primaryImageOfPage":{"@id":"https:\/\/www.tressis.com\/ca\/blog\/miembros-de-la-fed-abogan-por-la-bajada-de-tipos\/#primaryimage"},"image":{"@id":"https:\/\/www.tressis.com\/ca\/blog\/miembros-de-la-fed-abogan-por-la-bajada-de-tipos\/#primaryimage"},"thumbnailUrl":"https:\/\/www.tressis.com\/wp-content\/uploads\/2019\/06\/20190620-mmv.jpg","datePublished":"2019-06-20T09:23:29+00:00","dateModified":"2024-09-26T07:51:59+00:00","description":"Ahora la actitud de la Fed ha pasado a ser acomodaticia y muchos de sus miembros abogan por la primera bajada de tipos desde el a\u00f1o 2008.","breadcrumb":{"@id":"https:\/\/www.tressis.com\/ca\/blog\/miembros-de-la-fed-abogan-por-la-bajada-de-tipos\/#breadcrumb"},"inLanguage":"ca","potentialAction":[{"@type":"ReadAction","target":["https:\/\/www.tressis.com\/ca\/blog\/miembros-de-la-fed-abogan-por-la-bajada-de-tipos\/"]}]},{"@type":"ImageObject","inLanguage":"ca","@id":"https:\/\/www.tressis.com\/ca\/blog\/miembros-de-la-fed-abogan-por-la-bajada-de-tipos\/#primaryimage","url":"https:\/\/www.tressis.com\/wp-content\/uploads\/2019\/06\/20190620-mmv.jpg","contentUrl":"https:\/\/www.tressis.com\/wp-content\/uploads\/2019\/06\/20190620-mmv.jpg","width":1100,"height":487,"caption":"Miembros de la Fed abogan por la bajada de tipos"},{"@type":"BreadcrumbList","@id":"https:\/\/www.tressis.com\/ca\/blog\/miembros-de-la-fed-abogan-por-la-bajada-de-tipos\/#breadcrumb","itemListElement":[{"@type":"ListItem","position":1,"name":"Inicio","item":"https:\/\/www.tressis.com\/ca\/"},{"@type":"ListItem","position":2,"name":"Morning meeting","item":"https:\/\/www.tressis.com\/ca\/blog\/categorias\/morning-meeting-ca\/"},{"@type":"ListItem","position":3,"name":"Miembros de la Fed abogan por la bajada de tipos"}]},{"@type":"WebSite","@id":"https:\/\/www.tressis.com\/ca\/#website","url":"https:\/\/www.tressis.com\/ca\/","name":"Tressis banca privada","description":"Tressis | Planificaci\u00f3n financiera y gesti\u00f3n de patrimonios","publisher":{"@id":"https:\/\/www.tressis.com\/ca\/#organization"},"potentialAction":[{"@type":"SearchAction","target":{"@type":"EntryPoint","urlTemplate":"https:\/\/www.tressis.com\/ca\/?s={search_term_string}"},"query-input":{"@type":"PropertyValueSpecification","valueRequired":true,"valueName":"search_term_string"}}],"inLanguage":"ca"},{"@type":"Organization","@id":"https:\/\/www.tressis.com\/ca\/#organization","name":"Tressis","url":"https:\/\/www.tressis.com\/ca\/","logo":{"@type":"ImageObject","inLanguage":"ca","@id":"https:\/\/www.tressis.com\/ca\/#\/schema\/logo\/image\/","url":"https:\/\/www.tressis.com\/wp-content\/uploads\/2025\/06\/logo-tressis-112.png","contentUrl":"https:\/\/www.tressis.com\/wp-content\/uploads\/2025\/06\/logo-tressis-112.png","width":112,"height":112,"caption":"Tressis"},"image":{"@id":"https:\/\/www.tressis.com\/ca\/#\/schema\/logo\/image\/"},"sameAs":["https:\/\/www.facebook.com\/Tressis\/","https:\/\/x.com\/TressisSV","https:\/\/www.instagram.com\/tressissv\/?hl=es","https:\/\/linkedin.com\/company\/tressis\/","https:\/\/www.youtube.com\/user\/tressissv","https:\/\/open.spotify.com\/show\/3jmTe1Nf0wqMILl7diWV6h?si=d7112519f13c4593&nd=1"]},{"@type":"Person","@id":"https:\/\/www.tressis.com\/ca\/#\/schema\/person\/b833c1d724d8764920b6d6852c70584e","name":"Lola","image":{"@type":"ImageObject","inLanguage":"ca","@id":"https:\/\/secure.gravatar.com\/avatar\/05e646486b23ff45df9649110609c7e31b8c4a3e2821caa23d6317f405e0c51d?s=96&d=mm&r=g","url":"https:\/\/secure.gravatar.com\/avatar\/05e646486b23ff45df9649110609c7e31b8c4a3e2821caa23d6317f405e0c51d?s=96&d=mm&r=g","contentUrl":"https:\/\/secure.gravatar.com\/avatar\/05e646486b23ff45df9649110609c7e31b8c4a3e2821caa23d6317f405e0c51d?s=96&d=mm&r=g","caption":"Lola"}}]}},"_links":{"self":[{"href":"https:\/\/www.tressis.com\/ca\/wp-json\/wp\/v2\/posts\/31825","targetHints":{"allow":["GET"]}}],"collection":[{"href":"https:\/\/www.tressis.com\/ca\/wp-json\/wp\/v2\/posts"}],"about":[{"href":"https:\/\/www.tressis.com\/ca\/wp-json\/wp\/v2\/types\/post"}],"author":[{"embeddable":true,"href":"https:\/\/www.tressis.com\/ca\/wp-json\/wp\/v2\/users\/4"}],"replies":[{"embeddable":true,"href":"https:\/\/www.tressis.com\/ca\/wp-json\/wp\/v2\/comments?post=31825"}],"version-history":[{"count":1,"href":"https:\/\/www.tressis.com\/ca\/wp-json\/wp\/v2\/posts\/31825\/revisions"}],"predecessor-version":[{"id":101675,"href":"https:\/\/www.tressis.com\/ca\/wp-json\/wp\/v2\/posts\/31825\/revisions\/101675"}],"wp:featuredmedia":[{"embeddable":true,"href":"https:\/\/www.tressis.com\/ca\/wp-json\/wp\/v2\/media\/31827"}],"wp:attachment":[{"href":"https:\/\/www.tressis.com\/ca\/wp-json\/wp\/v2\/media?parent=31825"}],"wp:term":[{"taxonomy":"category","embeddable":true,"href":"https:\/\/www.tressis.com\/ca\/wp-json\/wp\/v2\/categories?post=31825"},{"taxonomy":"post_tag","embeddable":true,"href":"https:\/\/www.tressis.com\/ca\/wp-json\/wp\/v2\/tags?post=31825"}],"curies":[{"name":"wp","href":"https:\/\/api.w.org\/{rel}","templated":true}]}}