{"id":31573,"date":"2019-05-23T10:48:28","date_gmt":"2019-05-23T08:48:28","guid":{"rendered":"http:\/\/www.tressis.com\/blog\/?p=31573"},"modified":"2019-05-23T10:48:28","modified_gmt":"2019-05-23T08:48:28","slug":"europa-no-esta-para-tirar-cohetes","status":"publish","type":"post","link":"https:\/\/www.tressis.com\/ca\/blog\/europa-no-esta-para-tirar-cohetes\/","title":{"rendered":"Europa no est\u00e1 para tirar cohetes"},"content":{"rendered":"<p>La jornada de ayer transcurri\u00f3, como viene siendo habitual, entre mensajes, a veces contradictorios, que sal\u00edan tanto desde Washington como de Pek\u00edn.<!--more--> Podr\u00edamos extendernos todo lo que quisi\u00e9semos en este punto, pero lo cierto es que no hay nada nuevo que comentar y que as\u00ed ser\u00e1 en tanto en cuanto ambos pa\u00edses no fijen una fecha para volver a sentarse a la mesa. Y adem\u00e1s, como la gran mayor\u00eda de cosas repetitivas de la vida, aburre un poco.<\/p>\n<p>\u00bfEntonces por qu\u00e9 lo mencionamos? Pues porque nos guste o no, sigue moviendo los mercados. As\u00ed, asistimos a una sesi\u00f3n de signo mixto en las principales plazas mundiales, con los sectores m\u00e1s defensivos presentando un mejor comportamiento y las principales referencias de renta fija dej\u00e1ndose algo m\u00e1s de rentabilidad por el camino. Y el <i>bund<\/i> alem\u00e1n est\u00e1 ya en el -0,10%. Y los tramos 2-7 a\u00f1os del <i>treasury<\/i> a cinco puntos b\u00e1sicos de invertirse\u2026 Impensable para una mente no financiera que aceptemos que nos paguen lo mismo por prestar nuestro dinero dos a\u00f1os que dejarlo siete.<\/p>\n<p>La publicaci\u00f3n del acta de la reuni\u00f3n de mayo de la Reserva Federal pr\u00e1cticamente ni inmut\u00f3 a los inversores, pues tampoco tra\u00eda ninguna sorpresa: los tipos permanecer\u00e1n estables por ahora, la econom\u00eda crece y no existen presiones inflacionistas preocupantes.<\/p>\n<p>Si cogemos un espejo y lo ponemos frente a Estados Unidos, tendr\u00edamos Europa, en el sentido de las noticias, que no en los niveles. El BCE publicar\u00e1 las notas de su reuni\u00f3n, de las que tampoco se espera gran cosa. Alemania dar\u00e1 a conocer el dato final de crecimiento del primer trimestre de 2019, que, si no existen sorpresas, pondr\u00e1 fin a dos trimestres consecutivos de depresi\u00f3n del mismo y de preocupaci\u00f3n sobre el estado de la locomotora germana. <\/p>\n<p>No es que Europa est\u00e9 para tirar cohetes, pero al menos parece que, esta vez, hemos conseguido salir del bache. Y digo esta vez, porque el domingo tenemos unas elecciones europeas que se antojan las m\u00e1s polarizadas de la historia, que pueden complicar un futuro ya de por s\u00ed no muy halag\u00fce\u00f1o. Y con el morbo de ver a unos ciudadanos brit\u00e1nicos condenados a salir de la Uni\u00f3n, votando a sus representantes en la misma, mientras el partido conservador no consigue echar a Theresa May del poder ni con agua caliente.<\/p>\n<p>Buen d\u00eda.<\/p>\n<p><center><strong>M\u00aa Salom\u00e9 Bouzas Romero<\/strong><br \/>\nDirecci\u00f3n de Inversiones<\/center><\/p>\n","protected":false},"excerpt":{"rendered":"<p>La jornada de ayer transcurri\u00f3, como viene siendo habitual, entre mensajes, a veces contradictorios, que sal\u00edan tanto desde Washington como de Pek\u00edn.<\/p>\n","protected":false},"author":4,"featured_media":31574,"comment_status":"open","ping_status":"closed","sticky":false,"template":"","format":"standard","meta":{"_acf_changed":false,"footnotes":""},"categories":[9721],"tags":[],"class_list":["post-31573","post","type-post","status-publish","format-standard","has-post-thumbnail","hentry","category-morning-meeting"],"acf":[],"yoast_head":"<!-- This site is optimized with the Yoast SEO plugin v27.5 - https:\/\/yoast.com\/product\/yoast-seo-wordpress\/ -->\n<title>Europa no est\u00e1 para tirar cohetes<\/title>\n<meta name=\"description\" content=\"No es que Europa est\u00e9 para tirar cohetes, pero al menos parece que, esta vez, hemos conseguido salir del bache porque el domingo tenemos unas elecciones europeas que se antojan las m\u00e1s polarizadas de la historia.\" \/>\n<meta name=\"robots\" content=\"index, follow, max-snippet:-1, max-image-preview:large, max-video-preview:-1\" \/>\n<link rel=\"canonical\" href=\"https:\/\/www.tressis.com\/ca\/blog\/europa-no-esta-para-tirar-cohetes\/\" \/>\n<meta property=\"og:locale\" content=\"ca_ES\" \/>\n<meta property=\"og:type\" content=\"article\" \/>\n<meta property=\"og:title\" content=\"Europa no est\u00e1 para tirar cohetes\" \/>\n<meta property=\"og:description\" content=\"No es que Europa est\u00e9 para tirar cohetes, pero al menos parece que, esta vez, hemos conseguido salir del bache porque el domingo tenemos unas elecciones europeas que se antojan las m\u00e1s polarizadas de la historia.\" \/>\n<meta property=\"og:url\" content=\"https:\/\/www.tressis.com\/ca\/blog\/europa-no-esta-para-tirar-cohetes\/\" \/>\n<meta property=\"og:site_name\" content=\"Tressis\" \/>\n<meta property=\"article:publisher\" content=\"https:\/\/www.facebook.com\/Tressis\/\" \/>\n<meta property=\"article:published_time\" content=\"2019-05-23T08:48:28+00:00\" \/>\n<meta property=\"og:image\" content=\"https:\/\/www.tressis.com\/wp-content\/uploads\/2019\/05\/20190523-mmv.jpg\" \/>\n\t<meta property=\"og:image:width\" content=\"1100\" \/>\n\t<meta property=\"og:image:height\" content=\"487\" \/>\n\t<meta property=\"og:image:type\" content=\"image\/jpeg\" \/>\n<meta name=\"author\" content=\"Lola\" \/>\n<meta name=\"twitter:card\" content=\"summary_large_image\" \/>\n<meta name=\"twitter:creator\" content=\"@TressisSV\" \/>\n<meta name=\"twitter:site\" content=\"@TressisSV\" \/>\n<meta name=\"twitter:label1\" content=\"Escrit per\" \/>\n\t<meta name=\"twitter:data1\" content=\"Lola\" \/>\n\t<meta name=\"twitter:label2\" content=\"Temps estimat de lectura\" \/>\n\t<meta name=\"twitter:data2\" content=\"2 minuts\" \/>\n<script type=\"application\/ld+json\" class=\"yoast-schema-graph\">{\"@context\":\"https:\\\/\\\/schema.org\",\"@graph\":[{\"@type\":\"Article\",\"@id\":\"https:\\\/\\\/www.tressis.com\\\/ca\\\/blog\\\/europa-no-esta-para-tirar-cohetes\\\/#article\",\"isPartOf\":{\"@id\":\"https:\\\/\\\/www.tressis.com\\\/ca\\\/blog\\\/europa-no-esta-para-tirar-cohetes\\\/\"},\"author\":{\"name\":\"Lola\",\"@id\":\"https:\\\/\\\/www.tressis.com\\\/ca\\\/#\\\/schema\\\/person\\\/b833c1d724d8764920b6d6852c70584e\"},\"headline\":\"Europa no est\u00e1 para tirar cohetes\",\"datePublished\":\"2019-05-23T08:48:28+00:00\",\"mainEntityOfPage\":{\"@id\":\"https:\\\/\\\/www.tressis.com\\\/ca\\\/blog\\\/europa-no-esta-para-tirar-cohetes\\\/\"},\"wordCount\":429,\"commentCount\":0,\"publisher\":{\"@id\":\"https:\\\/\\\/www.tressis.com\\\/ca\\\/#organization\"},\"image\":{\"@id\":\"https:\\\/\\\/www.tressis.com\\\/ca\\\/blog\\\/europa-no-esta-para-tirar-cohetes\\\/#primaryimage\"},\"thumbnailUrl\":\"https:\\\/\\\/www.tressis.com\\\/wp-content\\\/uploads\\\/2019\\\/05\\\/20190523-mmv.jpg\",\"articleSection\":[\"Morning meeting\"],\"inLanguage\":\"ca\",\"potentialAction\":[{\"@type\":\"CommentAction\",\"name\":\"Comment\",\"target\":[\"https:\\\/\\\/www.tressis.com\\\/ca\\\/blog\\\/europa-no-esta-para-tirar-cohetes\\\/#respond\"]}]},{\"@type\":\"WebPage\",\"@id\":\"https:\\\/\\\/www.tressis.com\\\/ca\\\/blog\\\/europa-no-esta-para-tirar-cohetes\\\/\",\"url\":\"https:\\\/\\\/www.tressis.com\\\/ca\\\/blog\\\/europa-no-esta-para-tirar-cohetes\\\/\",\"name\":\"Europa no est\u00e1 para tirar cohetes\",\"isPartOf\":{\"@id\":\"https:\\\/\\\/www.tressis.com\\\/ca\\\/#website\"},\"primaryImageOfPage\":{\"@id\":\"https:\\\/\\\/www.tressis.com\\\/ca\\\/blog\\\/europa-no-esta-para-tirar-cohetes\\\/#primaryimage\"},\"image\":{\"@id\":\"https:\\\/\\\/www.tressis.com\\\/ca\\\/blog\\\/europa-no-esta-para-tirar-cohetes\\\/#primaryimage\"},\"thumbnailUrl\":\"https:\\\/\\\/www.tressis.com\\\/wp-content\\\/uploads\\\/2019\\\/05\\\/20190523-mmv.jpg\",\"datePublished\":\"2019-05-23T08:48:28+00:00\",\"description\":\"No es que Europa est\u00e9 para tirar cohetes, pero al menos parece que, esta vez, hemos conseguido salir del bache porque el domingo tenemos unas elecciones europeas que se antojan las m\u00e1s polarizadas de la historia.\",\"breadcrumb\":{\"@id\":\"https:\\\/\\\/www.tressis.com\\\/ca\\\/blog\\\/europa-no-esta-para-tirar-cohetes\\\/#breadcrumb\"},\"inLanguage\":\"ca\",\"potentialAction\":[{\"@type\":\"ReadAction\",\"target\":[\"https:\\\/\\\/www.tressis.com\\\/ca\\\/blog\\\/europa-no-esta-para-tirar-cohetes\\\/\"]}]},{\"@type\":\"ImageObject\",\"inLanguage\":\"ca\",\"@id\":\"https:\\\/\\\/www.tressis.com\\\/ca\\\/blog\\\/europa-no-esta-para-tirar-cohetes\\\/#primaryimage\",\"url\":\"https:\\\/\\\/www.tressis.com\\\/wp-content\\\/uploads\\\/2019\\\/05\\\/20190523-mmv.jpg\",\"contentUrl\":\"https:\\\/\\\/www.tressis.com\\\/wp-content\\\/uploads\\\/2019\\\/05\\\/20190523-mmv.jpg\",\"width\":1100,\"height\":487,\"caption\":\"Europa no est\u00e1 para tirar cohetes\"},{\"@type\":\"BreadcrumbList\",\"@id\":\"https:\\\/\\\/www.tressis.com\\\/ca\\\/blog\\\/europa-no-esta-para-tirar-cohetes\\\/#breadcrumb\",\"itemListElement\":[{\"@type\":\"ListItem\",\"position\":1,\"name\":\"Inicio\",\"item\":\"https:\\\/\\\/www.tressis.com\\\/ca\\\/\"},{\"@type\":\"ListItem\",\"position\":2,\"name\":\"Europa no est\u00e1 para tirar cohetes\"}]},{\"@type\":\"WebSite\",\"@id\":\"https:\\\/\\\/www.tressis.com\\\/ca\\\/#website\",\"url\":\"https:\\\/\\\/www.tressis.com\\\/ca\\\/\",\"name\":\"Tressis banca privada\",\"description\":\"Tressis | Planificaci\u00f3n financiera y gesti\u00f3n de patrimonios\",\"publisher\":{\"@id\":\"https:\\\/\\\/www.tressis.com\\\/ca\\\/#organization\"},\"potentialAction\":[{\"@type\":\"SearchAction\",\"target\":{\"@type\":\"EntryPoint\",\"urlTemplate\":\"https:\\\/\\\/www.tressis.com\\\/ca\\\/?s={search_term_string}\"},\"query-input\":{\"@type\":\"PropertyValueSpecification\",\"valueRequired\":true,\"valueName\":\"search_term_string\"}}],\"inLanguage\":\"ca\"},{\"@type\":\"Organization\",\"@id\":\"https:\\\/\\\/www.tressis.com\\\/ca\\\/#organization\",\"name\":\"Tressis\",\"url\":\"https:\\\/\\\/www.tressis.com\\\/ca\\\/\",\"logo\":{\"@type\":\"ImageObject\",\"inLanguage\":\"ca\",\"@id\":\"https:\\\/\\\/www.tressis.com\\\/ca\\\/#\\\/schema\\\/logo\\\/image\\\/\",\"url\":\"https:\\\/\\\/www.tressis.com\\\/wp-content\\\/uploads\\\/2025\\\/06\\\/logo-tressis-112.png\",\"contentUrl\":\"https:\\\/\\\/www.tressis.com\\\/wp-content\\\/uploads\\\/2025\\\/06\\\/logo-tressis-112.png\",\"width\":112,\"height\":112,\"caption\":\"Tressis\"},\"image\":{\"@id\":\"https:\\\/\\\/www.tressis.com\\\/ca\\\/#\\\/schema\\\/logo\\\/image\\\/\"},\"sameAs\":[\"https:\\\/\\\/www.facebook.com\\\/Tressis\\\/\",\"https:\\\/\\\/x.com\\\/TressisSV\",\"https:\\\/\\\/www.instagram.com\\\/tressissv\\\/?hl=es\",\"https:\\\/\\\/linkedin.com\\\/company\\\/tressis\\\/\",\"https:\\\/\\\/www.youtube.com\\\/user\\\/tressissv\",\"https:\\\/\\\/open.spotify.com\\\/show\\\/3jmTe1Nf0wqMILl7diWV6h?si=d7112519f13c4593&nd=1\"]},{\"@type\":\"Person\",\"@id\":\"https:\\\/\\\/www.tressis.com\\\/ca\\\/#\\\/schema\\\/person\\\/b833c1d724d8764920b6d6852c70584e\",\"name\":\"Lola\",\"image\":{\"@type\":\"ImageObject\",\"inLanguage\":\"ca\",\"@id\":\"https:\\\/\\\/secure.gravatar.com\\\/avatar\\\/05e646486b23ff45df9649110609c7e31b8c4a3e2821caa23d6317f405e0c51d?s=96&d=mm&r=g\",\"url\":\"https:\\\/\\\/secure.gravatar.com\\\/avatar\\\/05e646486b23ff45df9649110609c7e31b8c4a3e2821caa23d6317f405e0c51d?s=96&d=mm&r=g\",\"contentUrl\":\"https:\\\/\\\/secure.gravatar.com\\\/avatar\\\/05e646486b23ff45df9649110609c7e31b8c4a3e2821caa23d6317f405e0c51d?s=96&d=mm&r=g\",\"caption\":\"Lola\"}}]}<\/script>\n<!-- \/ Yoast SEO plugin. -->","yoast_head_json":{"title":"Europa no est\u00e1 para tirar cohetes","description":"No es que Europa est\u00e9 para tirar cohetes, pero al menos parece que, esta vez, hemos conseguido salir del bache porque el domingo tenemos unas elecciones europeas que se antojan las m\u00e1s polarizadas de la historia.","robots":{"index":"index","follow":"follow","max-snippet":"max-snippet:-1","max-image-preview":"max-image-preview:large","max-video-preview":"max-video-preview:-1"},"canonical":"https:\/\/www.tressis.com\/ca\/blog\/europa-no-esta-para-tirar-cohetes\/","og_locale":"ca_ES","og_type":"article","og_title":"Europa no est\u00e1 para tirar cohetes","og_description":"No es que Europa est\u00e9 para tirar cohetes, pero al menos parece que, esta vez, hemos conseguido salir del bache porque el domingo tenemos unas elecciones europeas que se antojan las m\u00e1s polarizadas de la historia.","og_url":"https:\/\/www.tressis.com\/ca\/blog\/europa-no-esta-para-tirar-cohetes\/","og_site_name":"Tressis","article_publisher":"https:\/\/www.facebook.com\/Tressis\/","article_published_time":"2019-05-23T08:48:28+00:00","og_image":[{"width":1100,"height":487,"url":"https:\/\/www.tressis.com\/wp-content\/uploads\/2019\/05\/20190523-mmv.jpg","type":"image\/jpeg"}],"author":"Lola","twitter_card":"summary_large_image","twitter_creator":"@TressisSV","twitter_site":"@TressisSV","twitter_misc":{"Escrit per":"Lola","Temps estimat de lectura":"2 minuts"},"schema":{"@context":"https:\/\/schema.org","@graph":[{"@type":"Article","@id":"https:\/\/www.tressis.com\/ca\/blog\/europa-no-esta-para-tirar-cohetes\/#article","isPartOf":{"@id":"https:\/\/www.tressis.com\/ca\/blog\/europa-no-esta-para-tirar-cohetes\/"},"author":{"name":"Lola","@id":"https:\/\/www.tressis.com\/ca\/#\/schema\/person\/b833c1d724d8764920b6d6852c70584e"},"headline":"Europa no est\u00e1 para tirar cohetes","datePublished":"2019-05-23T08:48:28+00:00","mainEntityOfPage":{"@id":"https:\/\/www.tressis.com\/ca\/blog\/europa-no-esta-para-tirar-cohetes\/"},"wordCount":429,"commentCount":0,"publisher":{"@id":"https:\/\/www.tressis.com\/ca\/#organization"},"image":{"@id":"https:\/\/www.tressis.com\/ca\/blog\/europa-no-esta-para-tirar-cohetes\/#primaryimage"},"thumbnailUrl":"https:\/\/www.tressis.com\/wp-content\/uploads\/2019\/05\/20190523-mmv.jpg","articleSection":["Morning meeting"],"inLanguage":"ca","potentialAction":[{"@type":"CommentAction","name":"Comment","target":["https:\/\/www.tressis.com\/ca\/blog\/europa-no-esta-para-tirar-cohetes\/#respond"]}]},{"@type":"WebPage","@id":"https:\/\/www.tressis.com\/ca\/blog\/europa-no-esta-para-tirar-cohetes\/","url":"https:\/\/www.tressis.com\/ca\/blog\/europa-no-esta-para-tirar-cohetes\/","name":"Europa no est\u00e1 para tirar cohetes","isPartOf":{"@id":"https:\/\/www.tressis.com\/ca\/#website"},"primaryImageOfPage":{"@id":"https:\/\/www.tressis.com\/ca\/blog\/europa-no-esta-para-tirar-cohetes\/#primaryimage"},"image":{"@id":"https:\/\/www.tressis.com\/ca\/blog\/europa-no-esta-para-tirar-cohetes\/#primaryimage"},"thumbnailUrl":"https:\/\/www.tressis.com\/wp-content\/uploads\/2019\/05\/20190523-mmv.jpg","datePublished":"2019-05-23T08:48:28+00:00","description":"No es que Europa est\u00e9 para tirar cohetes, pero al menos parece que, esta vez, hemos conseguido salir del bache porque el domingo tenemos unas elecciones europeas que se antojan las m\u00e1s polarizadas de la historia.","breadcrumb":{"@id":"https:\/\/www.tressis.com\/ca\/blog\/europa-no-esta-para-tirar-cohetes\/#breadcrumb"},"inLanguage":"ca","potentialAction":[{"@type":"ReadAction","target":["https:\/\/www.tressis.com\/ca\/blog\/europa-no-esta-para-tirar-cohetes\/"]}]},{"@type":"ImageObject","inLanguage":"ca","@id":"https:\/\/www.tressis.com\/ca\/blog\/europa-no-esta-para-tirar-cohetes\/#primaryimage","url":"https:\/\/www.tressis.com\/wp-content\/uploads\/2019\/05\/20190523-mmv.jpg","contentUrl":"https:\/\/www.tressis.com\/wp-content\/uploads\/2019\/05\/20190523-mmv.jpg","width":1100,"height":487,"caption":"Europa no est\u00e1 para tirar cohetes"},{"@type":"BreadcrumbList","@id":"https:\/\/www.tressis.com\/ca\/blog\/europa-no-esta-para-tirar-cohetes\/#breadcrumb","itemListElement":[{"@type":"ListItem","position":1,"name":"Inicio","item":"https:\/\/www.tressis.com\/ca\/"},{"@type":"ListItem","position":2,"name":"Europa no est\u00e1 para tirar cohetes"}]},{"@type":"WebSite","@id":"https:\/\/www.tressis.com\/ca\/#website","url":"https:\/\/www.tressis.com\/ca\/","name":"Tressis banca privada","description":"Tressis | Planificaci\u00f3n financiera y gesti\u00f3n de patrimonios","publisher":{"@id":"https:\/\/www.tressis.com\/ca\/#organization"},"potentialAction":[{"@type":"SearchAction","target":{"@type":"EntryPoint","urlTemplate":"https:\/\/www.tressis.com\/ca\/?s={search_term_string}"},"query-input":{"@type":"PropertyValueSpecification","valueRequired":true,"valueName":"search_term_string"}}],"inLanguage":"ca"},{"@type":"Organization","@id":"https:\/\/www.tressis.com\/ca\/#organization","name":"Tressis","url":"https:\/\/www.tressis.com\/ca\/","logo":{"@type":"ImageObject","inLanguage":"ca","@id":"https:\/\/www.tressis.com\/ca\/#\/schema\/logo\/image\/","url":"https:\/\/www.tressis.com\/wp-content\/uploads\/2025\/06\/logo-tressis-112.png","contentUrl":"https:\/\/www.tressis.com\/wp-content\/uploads\/2025\/06\/logo-tressis-112.png","width":112,"height":112,"caption":"Tressis"},"image":{"@id":"https:\/\/www.tressis.com\/ca\/#\/schema\/logo\/image\/"},"sameAs":["https:\/\/www.facebook.com\/Tressis\/","https:\/\/x.com\/TressisSV","https:\/\/www.instagram.com\/tressissv\/?hl=es","https:\/\/linkedin.com\/company\/tressis\/","https:\/\/www.youtube.com\/user\/tressissv","https:\/\/open.spotify.com\/show\/3jmTe1Nf0wqMILl7diWV6h?si=d7112519f13c4593&nd=1"]},{"@type":"Person","@id":"https:\/\/www.tressis.com\/ca\/#\/schema\/person\/b833c1d724d8764920b6d6852c70584e","name":"Lola","image":{"@type":"ImageObject","inLanguage":"ca","@id":"https:\/\/secure.gravatar.com\/avatar\/05e646486b23ff45df9649110609c7e31b8c4a3e2821caa23d6317f405e0c51d?s=96&d=mm&r=g","url":"https:\/\/secure.gravatar.com\/avatar\/05e646486b23ff45df9649110609c7e31b8c4a3e2821caa23d6317f405e0c51d?s=96&d=mm&r=g","contentUrl":"https:\/\/secure.gravatar.com\/avatar\/05e646486b23ff45df9649110609c7e31b8c4a3e2821caa23d6317f405e0c51d?s=96&d=mm&r=g","caption":"Lola"}}]}},"_links":{"self":[{"href":"https:\/\/www.tressis.com\/ca\/wp-json\/wp\/v2\/posts\/31573","targetHints":{"allow":["GET"]}}],"collection":[{"href":"https:\/\/www.tressis.com\/ca\/wp-json\/wp\/v2\/posts"}],"about":[{"href":"https:\/\/www.tressis.com\/ca\/wp-json\/wp\/v2\/types\/post"}],"author":[{"embeddable":true,"href":"https:\/\/www.tressis.com\/ca\/wp-json\/wp\/v2\/users\/4"}],"replies":[{"embeddable":true,"href":"https:\/\/www.tressis.com\/ca\/wp-json\/wp\/v2\/comments?post=31573"}],"version-history":[{"count":0,"href":"https:\/\/www.tressis.com\/ca\/wp-json\/wp\/v2\/posts\/31573\/revisions"}],"wp:featuredmedia":[{"embeddable":true,"href":"https:\/\/www.tressis.com\/ca\/wp-json\/wp\/v2\/media\/31574"}],"wp:attachment":[{"href":"https:\/\/www.tressis.com\/ca\/wp-json\/wp\/v2\/media?parent=31573"}],"wp:term":[{"taxonomy":"category","embeddable":true,"href":"https:\/\/www.tressis.com\/ca\/wp-json\/wp\/v2\/categories?post=31573"},{"taxonomy":"post_tag","embeddable":true,"href":"https:\/\/www.tressis.com\/ca\/wp-json\/wp\/v2\/tags?post=31573"}],"curies":[{"name":"wp","href":"https:\/\/api.w.org\/{rel}","templated":true}]}}