{"id":31523,"date":"2019-05-16T10:50:51","date_gmt":"2019-05-16T08:50:51","guid":{"rendered":"http:\/\/www.tressis.com\/blog\/?p=31523"},"modified":"2019-05-16T10:50:51","modified_gmt":"2019-05-16T08:50:51","slug":"saldra-italia-de-la-recesion","status":"publish","type":"post","link":"https:\/\/www.tressis.com\/ca\/blog\/saldra-italia-de-la-recesion\/","title":{"rendered":"\u00bfSaldr\u00e1 Italia de la recesi\u00f3n?"},"content":{"rendered":"<p>Las bolsas volv\u00edan a recuperar terreno el d\u00eda de ayer gracias a las se\u00f1ales de que la Administraci\u00f3n Trump est\u00e1 trabajando para aliviar las tensiones con sus socios comerciales.<!--more--><\/p>\n<p>Dichas noticias compensaban las preocupaciones sobre el crecimiento global despu\u00e9s de la publicaci\u00f3n de algunos datos econ\u00f3micos de EE.UU. y China decepcionantes.<\/p>\n<p>El sentimiento del mercado poco a poco se revierte despu\u00e9s de que varios informes de la Casa Blanca mostraran que Trump planea retrasar la aprobaci\u00f3n de nuevas tarifas sobre veh\u00edculos y autopartes importados desde Europa en hasta seis meses. Tambi\u00e9n ayudaban las declaraciones formuladas por el secretario del Tesoro, Steven Mnuchin, quien anunciaba que los negociadores estaban llegando a un acuerdo con Canad\u00e1 y M\u00e9xico sobre los aranceles al acero y el aluminio. Mnuchin tambi\u00e9n dijo que pretend\u00eda viajar a Pek\u00edn para reanudar las conversaciones sobre comercio con el gigante asi\u00e1tico.<\/p>\n<p>En Europa, la principal noticia econ\u00f3mica ven\u00eda desde Alemania, donde el PIB del primer trimestre del a\u00f1o emerg\u00eda del estancamiento de los \u00faltimos seis meses, alcanzando el 0,4%. Al mismo ritmo creci\u00f3 el conjunto de la zona euro, que tom\u00f3 impulso, adem\u00e1s, con la salida de la recesi\u00f3n de Italia. Este \u00faltimo pa\u00eds volv\u00eda a intranquilizar a los inversores en bonos, toda vez que Matteo Salvini coment\u00f3 que su Gobierno estaba dispuesto a incumplir las normas fiscales de la Uni\u00f3n Europea si esto fuese necesario para estimular el empleo.<\/p>\n<p>Por su parte, los precios del petr\u00f3leo crudo volvieron a aumentar el mi\u00e9rcoles, despu\u00e9s de que la EIA informar\u00e1 de que los inventarios de gasolina estadounidenses cayeron m\u00e1s de lo esperado la semana pasada y a pesar de que la actividad de refino aumentaba. Estos datos coincidieron con el aumento de las tensiones geopol\u00edticas entre Estados Unidos e Ir\u00e1n.<\/p>\n<p>Buen d\u00eda.<\/p>\n<p><center><strong>Jorge Gonz\u00e1lez G\u00f3mez, CAIA<\/strong><br \/>\nDirecci\u00f3n de Inversiones<\/center><\/p>\n","protected":false},"excerpt":{"rendered":"<p>Las bolsas volv\u00edan a recuperar terreno el d\u00eda de ayer gracias a las se\u00f1ales de que la Administraci\u00f3n Trump est\u00e1 trabajando para aliviar las tensiones con sus socios comerciales.<\/p>\n","protected":false},"author":4,"featured_media":31524,"comment_status":"open","ping_status":"closed","sticky":false,"template":"","format":"standard","meta":{"_acf_changed":false,"footnotes":""},"categories":[9721],"tags":[270,281,989,1118,2229,2492,2556,3673,3696,3993,4240,4753,4845,6734,6772],"class_list":["post-31523","post","type-post","status-publish","format-standard","has-post-thumbnail","hentry","category-morning-meeting","tag-aprobacion-tarifas-vehiculos","tag-aranceles","tag-canada","tag-china","tag-eia","tag-estados-unidos","tag-europa","tag-iran","tag-italia","tag-mateo-salvini","tag-mexico","tag-pekin","tag-petroleo","tag-trump","tag-union-europea"],"acf":[],"yoast_head":"<!-- This site is optimized with the Yoast SEO plugin v27.5 - https:\/\/yoast.com\/product\/yoast-seo-wordpress\/ -->\n<title>\u00bfSaldr\u00e1 Italia de la recesi\u00f3n?<\/title>\n<meta name=\"description\" content=\"Matteo Salvini coment\u00f3 que su Gobierno estaba dispuesto a incumplir las normas fiscales de la Uni\u00f3n Europea si esto fuese necesario para estimular el empleo\" \/>\n<meta name=\"robots\" content=\"index, follow, max-snippet:-1, max-image-preview:large, max-video-preview:-1\" \/>\n<link rel=\"canonical\" href=\"https:\/\/www.tressis.com\/ca\/blog\/saldra-italia-de-la-recesion\/\" \/>\n<meta property=\"og:locale\" content=\"ca_ES\" \/>\n<meta property=\"og:type\" content=\"article\" \/>\n<meta property=\"og:title\" content=\"\u00bfSaldr\u00e1 Italia de la recesi\u00f3n?\" \/>\n<meta property=\"og:description\" content=\"Matteo Salvini coment\u00f3 que su Gobierno estaba dispuesto a incumplir las normas fiscales de la Uni\u00f3n Europea si esto fuese necesario para estimular el empleo\" \/>\n<meta property=\"og:url\" content=\"https:\/\/www.tressis.com\/ca\/blog\/saldra-italia-de-la-recesion\/\" \/>\n<meta property=\"og:site_name\" content=\"Tressis\" \/>\n<meta property=\"article:publisher\" content=\"https:\/\/www.facebook.com\/Tressis\/\" \/>\n<meta property=\"article:published_time\" content=\"2019-05-16T08:50:51+00:00\" \/>\n<meta property=\"og:image\" content=\"https:\/\/www.tressis.com\/wp-content\/uploads\/2019\/05\/20190516-mmv.jpg\" \/>\n\t<meta property=\"og:image:width\" content=\"1100\" \/>\n\t<meta property=\"og:image:height\" content=\"487\" \/>\n\t<meta property=\"og:image:type\" content=\"image\/jpeg\" \/>\n<meta name=\"author\" content=\"Lola\" \/>\n<meta name=\"twitter:card\" content=\"summary_large_image\" \/>\n<meta name=\"twitter:creator\" content=\"@TressisSV\" \/>\n<meta name=\"twitter:site\" content=\"@TressisSV\" \/>\n<meta name=\"twitter:label1\" content=\"Escrit per\" \/>\n\t<meta name=\"twitter:data1\" content=\"Lola\" \/>\n\t<meta name=\"twitter:label2\" content=\"Temps estimat de lectura\" \/>\n\t<meta name=\"twitter:data2\" content=\"2 minuts\" \/>\n<script type=\"application\/ld+json\" class=\"yoast-schema-graph\">{\"@context\":\"https:\\\/\\\/schema.org\",\"@graph\":[{\"@type\":\"Article\",\"@id\":\"https:\\\/\\\/www.tressis.com\\\/ca\\\/blog\\\/saldra-italia-de-la-recesion\\\/#article\",\"isPartOf\":{\"@id\":\"https:\\\/\\\/www.tressis.com\\\/ca\\\/blog\\\/saldra-italia-de-la-recesion\\\/\"},\"author\":{\"name\":\"Lola\",\"@id\":\"https:\\\/\\\/www.tressis.com\\\/ca\\\/#\\\/schema\\\/person\\\/b833c1d724d8764920b6d6852c70584e\"},\"headline\":\"\u00bfSaldr\u00e1 Italia de la recesi\u00f3n?\",\"datePublished\":\"2019-05-16T08:50:51+00:00\",\"mainEntityOfPage\":{\"@id\":\"https:\\\/\\\/www.tressis.com\\\/ca\\\/blog\\\/saldra-italia-de-la-recesion\\\/\"},\"wordCount\":340,\"commentCount\":0,\"publisher\":{\"@id\":\"https:\\\/\\\/www.tressis.com\\\/ca\\\/#organization\"},\"image\":{\"@id\":\"https:\\\/\\\/www.tressis.com\\\/ca\\\/blog\\\/saldra-italia-de-la-recesion\\\/#primaryimage\"},\"thumbnailUrl\":\"https:\\\/\\\/www.tressis.com\\\/wp-content\\\/uploads\\\/2019\\\/05\\\/20190516-mmv.jpg\",\"keywords\":[\"aprobaci\u00f3n tarifas veh\u00edculos\",\"aranceles\",\"Canad\u00e1\",\"china\",\"EIA\",\"Estados Unidos\",\"Europa\",\"Ir\u00e1n\",\"Italia\",\"Mateo Salvini\",\"M\u00e9xico\",\"Pek\u00edn\",\"petr\u00f3leo\",\"Trump\",\"Uni\u00f3n Europea\"],\"articleSection\":[\"Morning meeting\"],\"inLanguage\":\"ca\",\"potentialAction\":[{\"@type\":\"CommentAction\",\"name\":\"Comment\",\"target\":[\"https:\\\/\\\/www.tressis.com\\\/ca\\\/blog\\\/saldra-italia-de-la-recesion\\\/#respond\"]}]},{\"@type\":\"WebPage\",\"@id\":\"https:\\\/\\\/www.tressis.com\\\/ca\\\/blog\\\/saldra-italia-de-la-recesion\\\/\",\"url\":\"https:\\\/\\\/www.tressis.com\\\/ca\\\/blog\\\/saldra-italia-de-la-recesion\\\/\",\"name\":\"\u00bfSaldr\u00e1 Italia de la recesi\u00f3n?\",\"isPartOf\":{\"@id\":\"https:\\\/\\\/www.tressis.com\\\/ca\\\/#website\"},\"primaryImageOfPage\":{\"@id\":\"https:\\\/\\\/www.tressis.com\\\/ca\\\/blog\\\/saldra-italia-de-la-recesion\\\/#primaryimage\"},\"image\":{\"@id\":\"https:\\\/\\\/www.tressis.com\\\/ca\\\/blog\\\/saldra-italia-de-la-recesion\\\/#primaryimage\"},\"thumbnailUrl\":\"https:\\\/\\\/www.tressis.com\\\/wp-content\\\/uploads\\\/2019\\\/05\\\/20190516-mmv.jpg\",\"datePublished\":\"2019-05-16T08:50:51+00:00\",\"description\":\"Matteo Salvini coment\u00f3 que su Gobierno estaba dispuesto a incumplir las normas fiscales de la Uni\u00f3n Europea si esto fuese necesario para estimular el empleo\",\"breadcrumb\":{\"@id\":\"https:\\\/\\\/www.tressis.com\\\/ca\\\/blog\\\/saldra-italia-de-la-recesion\\\/#breadcrumb\"},\"inLanguage\":\"ca\",\"potentialAction\":[{\"@type\":\"ReadAction\",\"target\":[\"https:\\\/\\\/www.tressis.com\\\/ca\\\/blog\\\/saldra-italia-de-la-recesion\\\/\"]}]},{\"@type\":\"ImageObject\",\"inLanguage\":\"ca\",\"@id\":\"https:\\\/\\\/www.tressis.com\\\/ca\\\/blog\\\/saldra-italia-de-la-recesion\\\/#primaryimage\",\"url\":\"https:\\\/\\\/www.tressis.com\\\/wp-content\\\/uploads\\\/2019\\\/05\\\/20190516-mmv.jpg\",\"contentUrl\":\"https:\\\/\\\/www.tressis.com\\\/wp-content\\\/uploads\\\/2019\\\/05\\\/20190516-mmv.jpg\",\"width\":1100,\"height\":487,\"caption\":\"\u00bfSaldr\u00e1 Italia de la recesi\u00f3n?\"},{\"@type\":\"BreadcrumbList\",\"@id\":\"https:\\\/\\\/www.tressis.com\\\/ca\\\/blog\\\/saldra-italia-de-la-recesion\\\/#breadcrumb\",\"itemListElement\":[{\"@type\":\"ListItem\",\"position\":1,\"name\":\"Inicio\",\"item\":\"https:\\\/\\\/www.tressis.com\\\/ca\\\/\"},{\"@type\":\"ListItem\",\"position\":2,\"name\":\"\u00bfSaldr\u00e1 Italia de la recesi\u00f3n?\"}]},{\"@type\":\"WebSite\",\"@id\":\"https:\\\/\\\/www.tressis.com\\\/ca\\\/#website\",\"url\":\"https:\\\/\\\/www.tressis.com\\\/ca\\\/\",\"name\":\"Tressis banca privada\",\"description\":\"Tressis | Planificaci\u00f3n financiera y gesti\u00f3n de patrimonios\",\"publisher\":{\"@id\":\"https:\\\/\\\/www.tressis.com\\\/ca\\\/#organization\"},\"potentialAction\":[{\"@type\":\"SearchAction\",\"target\":{\"@type\":\"EntryPoint\",\"urlTemplate\":\"https:\\\/\\\/www.tressis.com\\\/ca\\\/?s={search_term_string}\"},\"query-input\":{\"@type\":\"PropertyValueSpecification\",\"valueRequired\":true,\"valueName\":\"search_term_string\"}}],\"inLanguage\":\"ca\"},{\"@type\":\"Organization\",\"@id\":\"https:\\\/\\\/www.tressis.com\\\/ca\\\/#organization\",\"name\":\"Tressis\",\"url\":\"https:\\\/\\\/www.tressis.com\\\/ca\\\/\",\"logo\":{\"@type\":\"ImageObject\",\"inLanguage\":\"ca\",\"@id\":\"https:\\\/\\\/www.tressis.com\\\/ca\\\/#\\\/schema\\\/logo\\\/image\\\/\",\"url\":\"https:\\\/\\\/www.tressis.com\\\/wp-content\\\/uploads\\\/2025\\\/06\\\/logo-tressis-112.png\",\"contentUrl\":\"https:\\\/\\\/www.tressis.com\\\/wp-content\\\/uploads\\\/2025\\\/06\\\/logo-tressis-112.png\",\"width\":112,\"height\":112,\"caption\":\"Tressis\"},\"image\":{\"@id\":\"https:\\\/\\\/www.tressis.com\\\/ca\\\/#\\\/schema\\\/logo\\\/image\\\/\"},\"sameAs\":[\"https:\\\/\\\/www.facebook.com\\\/Tressis\\\/\",\"https:\\\/\\\/x.com\\\/TressisSV\",\"https:\\\/\\\/www.instagram.com\\\/tressissv\\\/?hl=es\",\"https:\\\/\\\/linkedin.com\\\/company\\\/tressis\\\/\",\"https:\\\/\\\/www.youtube.com\\\/user\\\/tressissv\",\"https:\\\/\\\/open.spotify.com\\\/show\\\/3jmTe1Nf0wqMILl7diWV6h?si=d7112519f13c4593&nd=1\"]},{\"@type\":\"Person\",\"@id\":\"https:\\\/\\\/www.tressis.com\\\/ca\\\/#\\\/schema\\\/person\\\/b833c1d724d8764920b6d6852c70584e\",\"name\":\"Lola\",\"image\":{\"@type\":\"ImageObject\",\"inLanguage\":\"ca\",\"@id\":\"https:\\\/\\\/secure.gravatar.com\\\/avatar\\\/05e646486b23ff45df9649110609c7e31b8c4a3e2821caa23d6317f405e0c51d?s=96&d=mm&r=g\",\"url\":\"https:\\\/\\\/secure.gravatar.com\\\/avatar\\\/05e646486b23ff45df9649110609c7e31b8c4a3e2821caa23d6317f405e0c51d?s=96&d=mm&r=g\",\"contentUrl\":\"https:\\\/\\\/secure.gravatar.com\\\/avatar\\\/05e646486b23ff45df9649110609c7e31b8c4a3e2821caa23d6317f405e0c51d?s=96&d=mm&r=g\",\"caption\":\"Lola\"}}]}<\/script>\n<!-- \/ Yoast SEO plugin. -->","yoast_head_json":{"title":"\u00bfSaldr\u00e1 Italia de la recesi\u00f3n?","description":"Matteo Salvini coment\u00f3 que su Gobierno estaba dispuesto a incumplir las normas fiscales de la Uni\u00f3n Europea si esto fuese necesario para estimular el empleo","robots":{"index":"index","follow":"follow","max-snippet":"max-snippet:-1","max-image-preview":"max-image-preview:large","max-video-preview":"max-video-preview:-1"},"canonical":"https:\/\/www.tressis.com\/ca\/blog\/saldra-italia-de-la-recesion\/","og_locale":"ca_ES","og_type":"article","og_title":"\u00bfSaldr\u00e1 Italia de la recesi\u00f3n?","og_description":"Matteo Salvini coment\u00f3 que su Gobierno estaba dispuesto a incumplir las normas fiscales de la Uni\u00f3n Europea si esto fuese necesario para estimular el empleo","og_url":"https:\/\/www.tressis.com\/ca\/blog\/saldra-italia-de-la-recesion\/","og_site_name":"Tressis","article_publisher":"https:\/\/www.facebook.com\/Tressis\/","article_published_time":"2019-05-16T08:50:51+00:00","og_image":[{"width":1100,"height":487,"url":"https:\/\/www.tressis.com\/wp-content\/uploads\/2019\/05\/20190516-mmv.jpg","type":"image\/jpeg"}],"author":"Lola","twitter_card":"summary_large_image","twitter_creator":"@TressisSV","twitter_site":"@TressisSV","twitter_misc":{"Escrit per":"Lola","Temps estimat de lectura":"2 minuts"},"schema":{"@context":"https:\/\/schema.org","@graph":[{"@type":"Article","@id":"https:\/\/www.tressis.com\/ca\/blog\/saldra-italia-de-la-recesion\/#article","isPartOf":{"@id":"https:\/\/www.tressis.com\/ca\/blog\/saldra-italia-de-la-recesion\/"},"author":{"name":"Lola","@id":"https:\/\/www.tressis.com\/ca\/#\/schema\/person\/b833c1d724d8764920b6d6852c70584e"},"headline":"\u00bfSaldr\u00e1 Italia de la recesi\u00f3n?","datePublished":"2019-05-16T08:50:51+00:00","mainEntityOfPage":{"@id":"https:\/\/www.tressis.com\/ca\/blog\/saldra-italia-de-la-recesion\/"},"wordCount":340,"commentCount":0,"publisher":{"@id":"https:\/\/www.tressis.com\/ca\/#organization"},"image":{"@id":"https:\/\/www.tressis.com\/ca\/blog\/saldra-italia-de-la-recesion\/#primaryimage"},"thumbnailUrl":"https:\/\/www.tressis.com\/wp-content\/uploads\/2019\/05\/20190516-mmv.jpg","keywords":["aprobaci\u00f3n tarifas veh\u00edculos","aranceles","Canad\u00e1","china","EIA","Estados Unidos","Europa","Ir\u00e1n","Italia","Mateo Salvini","M\u00e9xico","Pek\u00edn","petr\u00f3leo","Trump","Uni\u00f3n Europea"],"articleSection":["Morning meeting"],"inLanguage":"ca","potentialAction":[{"@type":"CommentAction","name":"Comment","target":["https:\/\/www.tressis.com\/ca\/blog\/saldra-italia-de-la-recesion\/#respond"]}]},{"@type":"WebPage","@id":"https:\/\/www.tressis.com\/ca\/blog\/saldra-italia-de-la-recesion\/","url":"https:\/\/www.tressis.com\/ca\/blog\/saldra-italia-de-la-recesion\/","name":"\u00bfSaldr\u00e1 Italia de la recesi\u00f3n?","isPartOf":{"@id":"https:\/\/www.tressis.com\/ca\/#website"},"primaryImageOfPage":{"@id":"https:\/\/www.tressis.com\/ca\/blog\/saldra-italia-de-la-recesion\/#primaryimage"},"image":{"@id":"https:\/\/www.tressis.com\/ca\/blog\/saldra-italia-de-la-recesion\/#primaryimage"},"thumbnailUrl":"https:\/\/www.tressis.com\/wp-content\/uploads\/2019\/05\/20190516-mmv.jpg","datePublished":"2019-05-16T08:50:51+00:00","description":"Matteo Salvini coment\u00f3 que su Gobierno estaba dispuesto a incumplir las normas fiscales de la Uni\u00f3n Europea si esto fuese necesario para estimular el empleo","breadcrumb":{"@id":"https:\/\/www.tressis.com\/ca\/blog\/saldra-italia-de-la-recesion\/#breadcrumb"},"inLanguage":"ca","potentialAction":[{"@type":"ReadAction","target":["https:\/\/www.tressis.com\/ca\/blog\/saldra-italia-de-la-recesion\/"]}]},{"@type":"ImageObject","inLanguage":"ca","@id":"https:\/\/www.tressis.com\/ca\/blog\/saldra-italia-de-la-recesion\/#primaryimage","url":"https:\/\/www.tressis.com\/wp-content\/uploads\/2019\/05\/20190516-mmv.jpg","contentUrl":"https:\/\/www.tressis.com\/wp-content\/uploads\/2019\/05\/20190516-mmv.jpg","width":1100,"height":487,"caption":"\u00bfSaldr\u00e1 Italia de la recesi\u00f3n?"},{"@type":"BreadcrumbList","@id":"https:\/\/www.tressis.com\/ca\/blog\/saldra-italia-de-la-recesion\/#breadcrumb","itemListElement":[{"@type":"ListItem","position":1,"name":"Inicio","item":"https:\/\/www.tressis.com\/ca\/"},{"@type":"ListItem","position":2,"name":"\u00bfSaldr\u00e1 Italia de la recesi\u00f3n?"}]},{"@type":"WebSite","@id":"https:\/\/www.tressis.com\/ca\/#website","url":"https:\/\/www.tressis.com\/ca\/","name":"Tressis banca privada","description":"Tressis | Planificaci\u00f3n financiera y gesti\u00f3n de patrimonios","publisher":{"@id":"https:\/\/www.tressis.com\/ca\/#organization"},"potentialAction":[{"@type":"SearchAction","target":{"@type":"EntryPoint","urlTemplate":"https:\/\/www.tressis.com\/ca\/?s={search_term_string}"},"query-input":{"@type":"PropertyValueSpecification","valueRequired":true,"valueName":"search_term_string"}}],"inLanguage":"ca"},{"@type":"Organization","@id":"https:\/\/www.tressis.com\/ca\/#organization","name":"Tressis","url":"https:\/\/www.tressis.com\/ca\/","logo":{"@type":"ImageObject","inLanguage":"ca","@id":"https:\/\/www.tressis.com\/ca\/#\/schema\/logo\/image\/","url":"https:\/\/www.tressis.com\/wp-content\/uploads\/2025\/06\/logo-tressis-112.png","contentUrl":"https:\/\/www.tressis.com\/wp-content\/uploads\/2025\/06\/logo-tressis-112.png","width":112,"height":112,"caption":"Tressis"},"image":{"@id":"https:\/\/www.tressis.com\/ca\/#\/schema\/logo\/image\/"},"sameAs":["https:\/\/www.facebook.com\/Tressis\/","https:\/\/x.com\/TressisSV","https:\/\/www.instagram.com\/tressissv\/?hl=es","https:\/\/linkedin.com\/company\/tressis\/","https:\/\/www.youtube.com\/user\/tressissv","https:\/\/open.spotify.com\/show\/3jmTe1Nf0wqMILl7diWV6h?si=d7112519f13c4593&nd=1"]},{"@type":"Person","@id":"https:\/\/www.tressis.com\/ca\/#\/schema\/person\/b833c1d724d8764920b6d6852c70584e","name":"Lola","image":{"@type":"ImageObject","inLanguage":"ca","@id":"https:\/\/secure.gravatar.com\/avatar\/05e646486b23ff45df9649110609c7e31b8c4a3e2821caa23d6317f405e0c51d?s=96&d=mm&r=g","url":"https:\/\/secure.gravatar.com\/avatar\/05e646486b23ff45df9649110609c7e31b8c4a3e2821caa23d6317f405e0c51d?s=96&d=mm&r=g","contentUrl":"https:\/\/secure.gravatar.com\/avatar\/05e646486b23ff45df9649110609c7e31b8c4a3e2821caa23d6317f405e0c51d?s=96&d=mm&r=g","caption":"Lola"}}]}},"_links":{"self":[{"href":"https:\/\/www.tressis.com\/ca\/wp-json\/wp\/v2\/posts\/31523","targetHints":{"allow":["GET"]}}],"collection":[{"href":"https:\/\/www.tressis.com\/ca\/wp-json\/wp\/v2\/posts"}],"about":[{"href":"https:\/\/www.tressis.com\/ca\/wp-json\/wp\/v2\/types\/post"}],"author":[{"embeddable":true,"href":"https:\/\/www.tressis.com\/ca\/wp-json\/wp\/v2\/users\/4"}],"replies":[{"embeddable":true,"href":"https:\/\/www.tressis.com\/ca\/wp-json\/wp\/v2\/comments?post=31523"}],"version-history":[{"count":0,"href":"https:\/\/www.tressis.com\/ca\/wp-json\/wp\/v2\/posts\/31523\/revisions"}],"wp:featuredmedia":[{"embeddable":true,"href":"https:\/\/www.tressis.com\/ca\/wp-json\/wp\/v2\/media\/31524"}],"wp:attachment":[{"href":"https:\/\/www.tressis.com\/ca\/wp-json\/wp\/v2\/media?parent=31523"}],"wp:term":[{"taxonomy":"category","embeddable":true,"href":"https:\/\/www.tressis.com\/ca\/wp-json\/wp\/v2\/categories?post=31523"},{"taxonomy":"post_tag","embeddable":true,"href":"https:\/\/www.tressis.com\/ca\/wp-json\/wp\/v2\/tags?post=31523"}],"curies":[{"name":"wp","href":"https:\/\/api.w.org\/{rel}","templated":true}]}}