{"id":31494,"date":"2019-05-13T11:03:18","date_gmt":"2019-05-13T09:03:18","guid":{"rendered":"http:\/\/www.tressis.com\/blog\/?p=31494"},"modified":"2019-05-13T11:03:18","modified_gmt":"2019-05-13T09:03:18","slug":"la-peor-semana-bursatil-en-lo-que-va-de-ano","status":"publish","type":"post","link":"https:\/\/www.tressis.com\/ca\/blog\/la-peor-semana-bursatil-en-lo-que-va-de-ano\/","title":{"rendered":"La peor semana burs\u00e1til en lo que va de a\u00f1o"},"content":{"rendered":"<p>El viernes terminaba la peor semana burs\u00e1til en lo que va de a\u00f1o. Lo cual no era dif\u00edcil teniendo en cuenta la fuerte subida que llevaban registrando los principales \u00edndices desde finales de diciembre. <!--more--><\/p>\n<p>El detonante: otra vez Trump, aunque esta vez podr\u00edamos decir que fue m\u00e1s culpa de los chinos que de los americanos, puesto que los \u00faltimos ya estaban pensando en descorchar el champagne y celebrar que hab\u00edan conseguido doblegar al temible drag\u00f3n comunista. Nada m\u00e1s lejos de la realidad, que los chinos decidieron sobre la bocina retirar parte de sus compromisos ya adquiridos. Ahora, unos dicen que podr\u00edan reunirse en Jap\u00f3n durante las reuniones del G20 del mes que viene, mientras que los otros dicen no saber nada de un posible encuentro. Por lo menos, los presidentes se han estado mandando cartas amorosas durante los \u00faltimos d\u00edas y han mantenido conversaciones \u201cconstructivas\u201d.<\/p>\n<p>Ya veremos en qu\u00e9 queda todo, pero por ahora al mercado le ha dado mal de altura y ha decidi\u00f3 recoger parte de los beneficios. Justo en el mes de mayo\u2026 y eso a pesar de que los beneficios empresariales est\u00e1n siendo cuando menos aceptables.<\/p>\n<p>Por lo pronto, el mercado vuelve a favorecer los bonos, especialmente aquellos considerados refugio. Tambi\u00e9n es cierto que es dif\u00edcil ir contra algo que disfruta de una oferta limitada y la gran demanda de los bancos centrales, quienes contin\u00faan comprando activos como si estuvi\u00e9ramos en medio de una gran recesi\u00f3n.<\/p>\n<p>Buen d\u00eda.<\/p>\n<p><center><strong>Jorge Gonz\u00e1lez G\u00f3mez<\/strong><br \/>\nDirecci\u00f3n de Inversiones<\/center><\/p>\n","protected":false},"excerpt":{"rendered":"<p>El viernes terminaba la peor semana burs\u00e1til en lo que va de a\u00f1o. Lo cual no era dif\u00edcil teniendo en cuenta la fuerte subida que llevaban registrando los principales \u00edndices desde finales de diciembre.<\/p>\n","protected":false},"author":4,"featured_media":31498,"comment_status":"open","ping_status":"closed","sticky":false,"template":"","format":"standard","meta":{"_acf_changed":false,"footnotes":""},"categories":[9721],"tags":[1118,1341,1843,2936,3714,4761,5406,6734],"class_list":["post-31494","post","type-post","status-publish","format-standard","has-post-thumbnail","hentry","category-morning-meeting","tag-china","tag-comunista","tag-demanda-bancos-centrales","tag-g20","tag-japon","tag-peor-semana-bursatil","tag-recesion","tag-trump"],"acf":[],"yoast_head":"<!-- This site is optimized with the Yoast SEO plugin v27.5 - https:\/\/yoast.com\/product\/yoast-seo-wordpress\/ -->\n<title>La peor semana burs\u00e1til en lo que va de a\u00f1o<\/title>\n<meta name=\"description\" content=\"El detonante: otra vez Trump, aunque esta vez podr\u00edamos decir que fue m\u00e1s culpa de los chinos que de los americanos\" \/>\n<meta name=\"robots\" content=\"index, follow, max-snippet:-1, max-image-preview:large, max-video-preview:-1\" \/>\n<link rel=\"canonical\" href=\"https:\/\/www.tressis.com\/ca\/blog\/la-peor-semana-bursatil-en-lo-que-va-de-ano\/\" \/>\n<meta property=\"og:locale\" content=\"ca_ES\" \/>\n<meta property=\"og:type\" content=\"article\" \/>\n<meta property=\"og:title\" content=\"La peor semana burs\u00e1til en lo que va de a\u00f1o\" \/>\n<meta property=\"og:description\" content=\"El detonante: otra vez Trump, aunque esta vez podr\u00edamos decir que fue m\u00e1s culpa de los chinos que de los americanos\" \/>\n<meta property=\"og:url\" content=\"https:\/\/www.tressis.com\/ca\/blog\/la-peor-semana-bursatil-en-lo-que-va-de-ano\/\" \/>\n<meta property=\"og:site_name\" content=\"Tressis\" \/>\n<meta property=\"article:publisher\" content=\"https:\/\/www.facebook.com\/Tressis\/\" \/>\n<meta property=\"article:published_time\" content=\"2019-05-13T09:03:18+00:00\" \/>\n<meta property=\"og:image\" content=\"https:\/\/www.tressis.com\/wp-content\/uploads\/2019\/05\/20190513-mmv.jpg\" \/>\n\t<meta property=\"og:image:width\" content=\"1100\" \/>\n\t<meta property=\"og:image:height\" content=\"487\" \/>\n\t<meta property=\"og:image:type\" content=\"image\/jpeg\" \/>\n<meta name=\"author\" content=\"Lola\" \/>\n<meta name=\"twitter:card\" content=\"summary_large_image\" \/>\n<meta name=\"twitter:creator\" content=\"@TressisSV\" \/>\n<meta name=\"twitter:site\" content=\"@TressisSV\" \/>\n<meta name=\"twitter:label1\" content=\"Escrit per\" \/>\n\t<meta name=\"twitter:data1\" content=\"Lola\" \/>\n\t<meta name=\"twitter:label2\" content=\"Temps estimat de lectura\" \/>\n\t<meta name=\"twitter:data2\" content=\"1 minut\" \/>\n<script type=\"application\/ld+json\" class=\"yoast-schema-graph\">{\"@context\":\"https:\\\/\\\/schema.org\",\"@graph\":[{\"@type\":\"Article\",\"@id\":\"https:\\\/\\\/www.tressis.com\\\/ca\\\/blog\\\/la-peor-semana-bursatil-en-lo-que-va-de-ano\\\/#article\",\"isPartOf\":{\"@id\":\"https:\\\/\\\/www.tressis.com\\\/ca\\\/blog\\\/la-peor-semana-bursatil-en-lo-que-va-de-ano\\\/\"},\"author\":{\"name\":\"Lola\",\"@id\":\"https:\\\/\\\/www.tressis.com\\\/ca\\\/#\\\/schema\\\/person\\\/b833c1d724d8764920b6d6852c70584e\"},\"headline\":\"La peor semana burs\u00e1til en lo que va de a\u00f1o\",\"datePublished\":\"2019-05-13T09:03:18+00:00\",\"mainEntityOfPage\":{\"@id\":\"https:\\\/\\\/www.tressis.com\\\/ca\\\/blog\\\/la-peor-semana-bursatil-en-lo-que-va-de-ano\\\/\"},\"wordCount\":281,\"commentCount\":0,\"publisher\":{\"@id\":\"https:\\\/\\\/www.tressis.com\\\/ca\\\/#organization\"},\"image\":{\"@id\":\"https:\\\/\\\/www.tressis.com\\\/ca\\\/blog\\\/la-peor-semana-bursatil-en-lo-que-va-de-ano\\\/#primaryimage\"},\"thumbnailUrl\":\"https:\\\/\\\/www.tressis.com\\\/wp-content\\\/uploads\\\/2019\\\/05\\\/20190513-mmv.jpg\",\"keywords\":[\"china\",\"comunista\",\"demanda bancos centrales\",\"G20\",\"Jap\u00f3n\",\"peor semana burs\u00e1til\",\"recesi\u00f3n\",\"Trump\"],\"articleSection\":[\"Morning meeting\"],\"inLanguage\":\"ca\",\"potentialAction\":[{\"@type\":\"CommentAction\",\"name\":\"Comment\",\"target\":[\"https:\\\/\\\/www.tressis.com\\\/ca\\\/blog\\\/la-peor-semana-bursatil-en-lo-que-va-de-ano\\\/#respond\"]}]},{\"@type\":\"WebPage\",\"@id\":\"https:\\\/\\\/www.tressis.com\\\/ca\\\/blog\\\/la-peor-semana-bursatil-en-lo-que-va-de-ano\\\/\",\"url\":\"https:\\\/\\\/www.tressis.com\\\/ca\\\/blog\\\/la-peor-semana-bursatil-en-lo-que-va-de-ano\\\/\",\"name\":\"La peor semana burs\u00e1til en lo que va de a\u00f1o\",\"isPartOf\":{\"@id\":\"https:\\\/\\\/www.tressis.com\\\/ca\\\/#website\"},\"primaryImageOfPage\":{\"@id\":\"https:\\\/\\\/www.tressis.com\\\/ca\\\/blog\\\/la-peor-semana-bursatil-en-lo-que-va-de-ano\\\/#primaryimage\"},\"image\":{\"@id\":\"https:\\\/\\\/www.tressis.com\\\/ca\\\/blog\\\/la-peor-semana-bursatil-en-lo-que-va-de-ano\\\/#primaryimage\"},\"thumbnailUrl\":\"https:\\\/\\\/www.tressis.com\\\/wp-content\\\/uploads\\\/2019\\\/05\\\/20190513-mmv.jpg\",\"datePublished\":\"2019-05-13T09:03:18+00:00\",\"description\":\"El detonante: otra vez Trump, aunque esta vez podr\u00edamos decir que fue m\u00e1s culpa de los chinos que de los americanos\",\"breadcrumb\":{\"@id\":\"https:\\\/\\\/www.tressis.com\\\/ca\\\/blog\\\/la-peor-semana-bursatil-en-lo-que-va-de-ano\\\/#breadcrumb\"},\"inLanguage\":\"ca\",\"potentialAction\":[{\"@type\":\"ReadAction\",\"target\":[\"https:\\\/\\\/www.tressis.com\\\/ca\\\/blog\\\/la-peor-semana-bursatil-en-lo-que-va-de-ano\\\/\"]}]},{\"@type\":\"ImageObject\",\"inLanguage\":\"ca\",\"@id\":\"https:\\\/\\\/www.tressis.com\\\/ca\\\/blog\\\/la-peor-semana-bursatil-en-lo-que-va-de-ano\\\/#primaryimage\",\"url\":\"https:\\\/\\\/www.tressis.com\\\/wp-content\\\/uploads\\\/2019\\\/05\\\/20190513-mmv.jpg\",\"contentUrl\":\"https:\\\/\\\/www.tressis.com\\\/wp-content\\\/uploads\\\/2019\\\/05\\\/20190513-mmv.jpg\",\"width\":1100,\"height\":487,\"caption\":\"La peor semana burs\u00e1til en lo que va de a\u00f1o\"},{\"@type\":\"BreadcrumbList\",\"@id\":\"https:\\\/\\\/www.tressis.com\\\/ca\\\/blog\\\/la-peor-semana-bursatil-en-lo-que-va-de-ano\\\/#breadcrumb\",\"itemListElement\":[{\"@type\":\"ListItem\",\"position\":1,\"name\":\"Inicio\",\"item\":\"https:\\\/\\\/www.tressis.com\\\/ca\\\/\"},{\"@type\":\"ListItem\",\"position\":2,\"name\":\"Morning meeting\",\"item\":\"https:\\\/\\\/www.tressis.com\\\/ca\\\/blog\\\/categorias\\\/morning-meeting-ca\\\/\"},{\"@type\":\"ListItem\",\"position\":3,\"name\":\"La peor semana burs\u00e1til en lo que va de a\u00f1o\"}]},{\"@type\":\"WebSite\",\"@id\":\"https:\\\/\\\/www.tressis.com\\\/ca\\\/#website\",\"url\":\"https:\\\/\\\/www.tressis.com\\\/ca\\\/\",\"name\":\"Tressis banca privada\",\"description\":\"Tressis | Planificaci\u00f3n financiera y gesti\u00f3n de patrimonios\",\"publisher\":{\"@id\":\"https:\\\/\\\/www.tressis.com\\\/ca\\\/#organization\"},\"potentialAction\":[{\"@type\":\"SearchAction\",\"target\":{\"@type\":\"EntryPoint\",\"urlTemplate\":\"https:\\\/\\\/www.tressis.com\\\/ca\\\/?s={search_term_string}\"},\"query-input\":{\"@type\":\"PropertyValueSpecification\",\"valueRequired\":true,\"valueName\":\"search_term_string\"}}],\"inLanguage\":\"ca\"},{\"@type\":\"Organization\",\"@id\":\"https:\\\/\\\/www.tressis.com\\\/ca\\\/#organization\",\"name\":\"Tressis\",\"url\":\"https:\\\/\\\/www.tressis.com\\\/ca\\\/\",\"logo\":{\"@type\":\"ImageObject\",\"inLanguage\":\"ca\",\"@id\":\"https:\\\/\\\/www.tressis.com\\\/ca\\\/#\\\/schema\\\/logo\\\/image\\\/\",\"url\":\"https:\\\/\\\/www.tressis.com\\\/wp-content\\\/uploads\\\/2025\\\/06\\\/logo-tressis-112.png\",\"contentUrl\":\"https:\\\/\\\/www.tressis.com\\\/wp-content\\\/uploads\\\/2025\\\/06\\\/logo-tressis-112.png\",\"width\":112,\"height\":112,\"caption\":\"Tressis\"},\"image\":{\"@id\":\"https:\\\/\\\/www.tressis.com\\\/ca\\\/#\\\/schema\\\/logo\\\/image\\\/\"},\"sameAs\":[\"https:\\\/\\\/www.facebook.com\\\/Tressis\\\/\",\"https:\\\/\\\/x.com\\\/TressisSV\",\"https:\\\/\\\/www.instagram.com\\\/tressissv\\\/?hl=es\",\"https:\\\/\\\/linkedin.com\\\/company\\\/tressis\\\/\",\"https:\\\/\\\/www.youtube.com\\\/user\\\/tressissv\",\"https:\\\/\\\/open.spotify.com\\\/show\\\/3jmTe1Nf0wqMILl7diWV6h?si=d7112519f13c4593&nd=1\"]},{\"@type\":\"Person\",\"@id\":\"https:\\\/\\\/www.tressis.com\\\/ca\\\/#\\\/schema\\\/person\\\/b833c1d724d8764920b6d6852c70584e\",\"name\":\"Lola\",\"image\":{\"@type\":\"ImageObject\",\"inLanguage\":\"ca\",\"@id\":\"https:\\\/\\\/secure.gravatar.com\\\/avatar\\\/05e646486b23ff45df9649110609c7e31b8c4a3e2821caa23d6317f405e0c51d?s=96&d=mm&r=g\",\"url\":\"https:\\\/\\\/secure.gravatar.com\\\/avatar\\\/05e646486b23ff45df9649110609c7e31b8c4a3e2821caa23d6317f405e0c51d?s=96&d=mm&r=g\",\"contentUrl\":\"https:\\\/\\\/secure.gravatar.com\\\/avatar\\\/05e646486b23ff45df9649110609c7e31b8c4a3e2821caa23d6317f405e0c51d?s=96&d=mm&r=g\",\"caption\":\"Lola\"}}]}<\/script>\n<!-- \/ Yoast SEO plugin. -->","yoast_head_json":{"title":"La peor semana burs\u00e1til en lo que va de a\u00f1o","description":"El detonante: otra vez Trump, aunque esta vez podr\u00edamos decir que fue m\u00e1s culpa de los chinos que de los americanos","robots":{"index":"index","follow":"follow","max-snippet":"max-snippet:-1","max-image-preview":"max-image-preview:large","max-video-preview":"max-video-preview:-1"},"canonical":"https:\/\/www.tressis.com\/ca\/blog\/la-peor-semana-bursatil-en-lo-que-va-de-ano\/","og_locale":"ca_ES","og_type":"article","og_title":"La peor semana burs\u00e1til en lo que va de a\u00f1o","og_description":"El detonante: otra vez Trump, aunque esta vez podr\u00edamos decir que fue m\u00e1s culpa de los chinos que de los americanos","og_url":"https:\/\/www.tressis.com\/ca\/blog\/la-peor-semana-bursatil-en-lo-que-va-de-ano\/","og_site_name":"Tressis","article_publisher":"https:\/\/www.facebook.com\/Tressis\/","article_published_time":"2019-05-13T09:03:18+00:00","og_image":[{"width":1100,"height":487,"url":"https:\/\/www.tressis.com\/wp-content\/uploads\/2019\/05\/20190513-mmv.jpg","type":"image\/jpeg"}],"author":"Lola","twitter_card":"summary_large_image","twitter_creator":"@TressisSV","twitter_site":"@TressisSV","twitter_misc":{"Escrit per":"Lola","Temps estimat de lectura":"1 minut"},"schema":{"@context":"https:\/\/schema.org","@graph":[{"@type":"Article","@id":"https:\/\/www.tressis.com\/ca\/blog\/la-peor-semana-bursatil-en-lo-que-va-de-ano\/#article","isPartOf":{"@id":"https:\/\/www.tressis.com\/ca\/blog\/la-peor-semana-bursatil-en-lo-que-va-de-ano\/"},"author":{"name":"Lola","@id":"https:\/\/www.tressis.com\/ca\/#\/schema\/person\/b833c1d724d8764920b6d6852c70584e"},"headline":"La peor semana burs\u00e1til en lo que va de a\u00f1o","datePublished":"2019-05-13T09:03:18+00:00","mainEntityOfPage":{"@id":"https:\/\/www.tressis.com\/ca\/blog\/la-peor-semana-bursatil-en-lo-que-va-de-ano\/"},"wordCount":281,"commentCount":0,"publisher":{"@id":"https:\/\/www.tressis.com\/ca\/#organization"},"image":{"@id":"https:\/\/www.tressis.com\/ca\/blog\/la-peor-semana-bursatil-en-lo-que-va-de-ano\/#primaryimage"},"thumbnailUrl":"https:\/\/www.tressis.com\/wp-content\/uploads\/2019\/05\/20190513-mmv.jpg","keywords":["china","comunista","demanda bancos centrales","G20","Jap\u00f3n","peor semana burs\u00e1til","recesi\u00f3n","Trump"],"articleSection":["Morning meeting"],"inLanguage":"ca","potentialAction":[{"@type":"CommentAction","name":"Comment","target":["https:\/\/www.tressis.com\/ca\/blog\/la-peor-semana-bursatil-en-lo-que-va-de-ano\/#respond"]}]},{"@type":"WebPage","@id":"https:\/\/www.tressis.com\/ca\/blog\/la-peor-semana-bursatil-en-lo-que-va-de-ano\/","url":"https:\/\/www.tressis.com\/ca\/blog\/la-peor-semana-bursatil-en-lo-que-va-de-ano\/","name":"La peor semana burs\u00e1til en lo que va de a\u00f1o","isPartOf":{"@id":"https:\/\/www.tressis.com\/ca\/#website"},"primaryImageOfPage":{"@id":"https:\/\/www.tressis.com\/ca\/blog\/la-peor-semana-bursatil-en-lo-que-va-de-ano\/#primaryimage"},"image":{"@id":"https:\/\/www.tressis.com\/ca\/blog\/la-peor-semana-bursatil-en-lo-que-va-de-ano\/#primaryimage"},"thumbnailUrl":"https:\/\/www.tressis.com\/wp-content\/uploads\/2019\/05\/20190513-mmv.jpg","datePublished":"2019-05-13T09:03:18+00:00","description":"El detonante: otra vez Trump, aunque esta vez podr\u00edamos decir que fue m\u00e1s culpa de los chinos que de los americanos","breadcrumb":{"@id":"https:\/\/www.tressis.com\/ca\/blog\/la-peor-semana-bursatil-en-lo-que-va-de-ano\/#breadcrumb"},"inLanguage":"ca","potentialAction":[{"@type":"ReadAction","target":["https:\/\/www.tressis.com\/ca\/blog\/la-peor-semana-bursatil-en-lo-que-va-de-ano\/"]}]},{"@type":"ImageObject","inLanguage":"ca","@id":"https:\/\/www.tressis.com\/ca\/blog\/la-peor-semana-bursatil-en-lo-que-va-de-ano\/#primaryimage","url":"https:\/\/www.tressis.com\/wp-content\/uploads\/2019\/05\/20190513-mmv.jpg","contentUrl":"https:\/\/www.tressis.com\/wp-content\/uploads\/2019\/05\/20190513-mmv.jpg","width":1100,"height":487,"caption":"La peor semana burs\u00e1til en lo que va de a\u00f1o"},{"@type":"BreadcrumbList","@id":"https:\/\/www.tressis.com\/ca\/blog\/la-peor-semana-bursatil-en-lo-que-va-de-ano\/#breadcrumb","itemListElement":[{"@type":"ListItem","position":1,"name":"Inicio","item":"https:\/\/www.tressis.com\/ca\/"},{"@type":"ListItem","position":2,"name":"Morning meeting","item":"https:\/\/www.tressis.com\/ca\/blog\/categorias\/morning-meeting-ca\/"},{"@type":"ListItem","position":3,"name":"La peor semana burs\u00e1til en lo que va de a\u00f1o"}]},{"@type":"WebSite","@id":"https:\/\/www.tressis.com\/ca\/#website","url":"https:\/\/www.tressis.com\/ca\/","name":"Tressis banca privada","description":"Tressis | Planificaci\u00f3n financiera y gesti\u00f3n de patrimonios","publisher":{"@id":"https:\/\/www.tressis.com\/ca\/#organization"},"potentialAction":[{"@type":"SearchAction","target":{"@type":"EntryPoint","urlTemplate":"https:\/\/www.tressis.com\/ca\/?s={search_term_string}"},"query-input":{"@type":"PropertyValueSpecification","valueRequired":true,"valueName":"search_term_string"}}],"inLanguage":"ca"},{"@type":"Organization","@id":"https:\/\/www.tressis.com\/ca\/#organization","name":"Tressis","url":"https:\/\/www.tressis.com\/ca\/","logo":{"@type":"ImageObject","inLanguage":"ca","@id":"https:\/\/www.tressis.com\/ca\/#\/schema\/logo\/image\/","url":"https:\/\/www.tressis.com\/wp-content\/uploads\/2025\/06\/logo-tressis-112.png","contentUrl":"https:\/\/www.tressis.com\/wp-content\/uploads\/2025\/06\/logo-tressis-112.png","width":112,"height":112,"caption":"Tressis"},"image":{"@id":"https:\/\/www.tressis.com\/ca\/#\/schema\/logo\/image\/"},"sameAs":["https:\/\/www.facebook.com\/Tressis\/","https:\/\/x.com\/TressisSV","https:\/\/www.instagram.com\/tressissv\/?hl=es","https:\/\/linkedin.com\/company\/tressis\/","https:\/\/www.youtube.com\/user\/tressissv","https:\/\/open.spotify.com\/show\/3jmTe1Nf0wqMILl7diWV6h?si=d7112519f13c4593&nd=1"]},{"@type":"Person","@id":"https:\/\/www.tressis.com\/ca\/#\/schema\/person\/b833c1d724d8764920b6d6852c70584e","name":"Lola","image":{"@type":"ImageObject","inLanguage":"ca","@id":"https:\/\/secure.gravatar.com\/avatar\/05e646486b23ff45df9649110609c7e31b8c4a3e2821caa23d6317f405e0c51d?s=96&d=mm&r=g","url":"https:\/\/secure.gravatar.com\/avatar\/05e646486b23ff45df9649110609c7e31b8c4a3e2821caa23d6317f405e0c51d?s=96&d=mm&r=g","contentUrl":"https:\/\/secure.gravatar.com\/avatar\/05e646486b23ff45df9649110609c7e31b8c4a3e2821caa23d6317f405e0c51d?s=96&d=mm&r=g","caption":"Lola"}}]}},"_links":{"self":[{"href":"https:\/\/www.tressis.com\/ca\/wp-json\/wp\/v2\/posts\/31494","targetHints":{"allow":["GET"]}}],"collection":[{"href":"https:\/\/www.tressis.com\/ca\/wp-json\/wp\/v2\/posts"}],"about":[{"href":"https:\/\/www.tressis.com\/ca\/wp-json\/wp\/v2\/types\/post"}],"author":[{"embeddable":true,"href":"https:\/\/www.tressis.com\/ca\/wp-json\/wp\/v2\/users\/4"}],"replies":[{"embeddable":true,"href":"https:\/\/www.tressis.com\/ca\/wp-json\/wp\/v2\/comments?post=31494"}],"version-history":[{"count":0,"href":"https:\/\/www.tressis.com\/ca\/wp-json\/wp\/v2\/posts\/31494\/revisions"}],"wp:featuredmedia":[{"embeddable":true,"href":"https:\/\/www.tressis.com\/ca\/wp-json\/wp\/v2\/media\/31498"}],"wp:attachment":[{"href":"https:\/\/www.tressis.com\/ca\/wp-json\/wp\/v2\/media?parent=31494"}],"wp:term":[{"taxonomy":"category","embeddable":true,"href":"https:\/\/www.tressis.com\/ca\/wp-json\/wp\/v2\/categories?post=31494"},{"taxonomy":"post_tag","embeddable":true,"href":"https:\/\/www.tressis.com\/ca\/wp-json\/wp\/v2\/tags?post=31494"}],"curies":[{"name":"wp","href":"https:\/\/api.w.org\/{rel}","templated":true}]}}