{"id":31275,"date":"2019-04-04T10:46:05","date_gmt":"2019-04-04T08:46:05","guid":{"rendered":"http:\/\/www.tressis.com\/blog\/?p=31275"},"modified":"2019-04-04T10:46:05","modified_gmt":"2019-04-04T08:46:05","slug":"ayer-fue-un-dia-de-buenas-noticias","status":"publish","type":"post","link":"https:\/\/www.tressis.com\/ca\/blog\/ayer-fue-un-dia-de-buenas-noticias\/","title":{"rendered":"Ayer fue un d\u00eda de buenas noticias"},"content":{"rendered":"<p>Todo marcha por el camino adecuado cuando de las bolsas se habla.<!--more--><\/p>\n<p>Dice el com\u00fan de los inversores que la tibia mejora de la actividad econ\u00f3mica y las probabilidades crecientes de que EE.UU. y China empiecen a alcanzar principios de acuerdo para poner fin a las disputas comerciales son dos factores elementales. Pero como si de recoger un premio se tratara, no queremos olvidarnos de alguien sin cuya inestimable ayuda nada de esto habr\u00eda sido posible: los bancos centrales. Porque sin su cambio de registro ahora no estar\u00edamos aqu\u00ed.<\/p>\n<p>Efectivamente ayer fue un d\u00eda en el que el calendario de indicadores dej\u00f3 un reguero de buenas noticias. Muy especialmente en Europa, donde no falta quien ya se atreve a hablar de haber dejado atr\u00e1s lo peor. Los PMI de servicios fueron buenos sin m\u00e1s, igual que los manufactureros se hundieron d\u00edas atr\u00e1s sin excusas. No solo esto, sino que tambi\u00e9n las ventas minoristas han registrado el crecimiento m\u00e1s elevado en a\u00f1o y medio, lo que en comparaci\u00f3n a todos los datos de la industria demuestra las diferencias entre el sector secundario y el terciario.<\/p>\n<p>Algo distinta fue la lectura del ISM de servicios en EE.UU., donde si es verdad que retrocede, lo hace desde niveles de casi 60 a 56,1, unos n\u00fameros que vuelven a justificar por qu\u00e9 EE.UU y Europa son dos entidades diferentes, en lo econ\u00f3mico pero tambi\u00e9n en lo mental.<\/p>\n<p>Y luego el <i>brexit<\/i>. Alg\u00fan d\u00eda terminar\u00e1 y solo esperemos que a los brit\u00e1nicos no les entren las ganas de volver a la Uni\u00f3n Europea. Pues bien, quedan ocho d\u00edas para que venza el plazo para llegar a un acuerdo y por si acaso a Londres le da por pedir otro permiso de unas semanas ya sali\u00f3 Juncker a decir que no, que ya est\u00e1 bien, que o se presenta algo serio o&#8230; Por eso mismo que Theresa May se haya avenido a negociar con el laborismo, aunque tambi\u00e9n es cierto que la ruptura con parte de su partido es total, e incluso con su Gobierno, que sigue desintegr\u00e1ndose por d\u00edas. Continuar\u00e1.<\/p>\n<p>Buen d\u00eda.<\/p>\n<p><center><strong>Am\u00edlcar Barrios Vilallonga<\/strong><br \/>\nDirecci\u00f3n de Inversiones<\/center><\/p>\n","protected":false},"excerpt":{"rendered":"<p>Todo marcha por el camino adecuado cuando de las bolsas se habla.<\/p>\n","protected":false},"author":4,"featured_media":31276,"comment_status":"open","ping_status":"closed","sticky":false,"template":"","format":"standard","meta":{"_acf_changed":false,"footnotes":""},"categories":[9721],"tags":[508,811,1118,2068,2556,3688,4078,6568,6772],"class_list":["post-31275","post","type-post","status-publish","format-standard","has-post-thumbnail","hentry","category-morning-meeting","tag-bancos-centrales","tag-brexit","tag-china","tag-disputas-comerciales","tag-europa","tag-ism","tag-mejora-actividad-economica","tag-theresa-may","tag-union-europea"],"acf":[],"yoast_head":"<!-- This site is optimized with the Yoast SEO plugin v27.5 - https:\/\/yoast.com\/product\/yoast-seo-wordpress\/ -->\n<title>Ayer fue un d\u00eda de buenas noticias<\/title>\n<meta name=\"description\" content=\"En Europa no falta quien ya se atreve a hablar de haber dejado atr\u00e1s lo peor\" \/>\n<meta name=\"robots\" content=\"index, follow, max-snippet:-1, max-image-preview:large, max-video-preview:-1\" \/>\n<link rel=\"canonical\" href=\"https:\/\/www.tressis.com\/ca\/blog\/ayer-fue-un-dia-de-buenas-noticias\/\" \/>\n<meta property=\"og:locale\" content=\"ca_ES\" \/>\n<meta property=\"og:type\" content=\"article\" \/>\n<meta property=\"og:title\" content=\"Ayer fue un d\u00eda de buenas noticias\" \/>\n<meta property=\"og:description\" content=\"En Europa no falta quien ya se atreve a hablar de haber dejado atr\u00e1s lo peor\" \/>\n<meta property=\"og:url\" content=\"https:\/\/www.tressis.com\/ca\/blog\/ayer-fue-un-dia-de-buenas-noticias\/\" \/>\n<meta property=\"og:site_name\" content=\"Tressis\" \/>\n<meta property=\"article:publisher\" content=\"https:\/\/www.facebook.com\/Tressis\/\" \/>\n<meta property=\"article:published_time\" content=\"2019-04-04T08:46:05+00:00\" \/>\n<meta property=\"og:image\" content=\"https:\/\/www.tressis.com\/wp-content\/uploads\/2019\/04\/20190404-mmv.jpg\" \/>\n\t<meta property=\"og:image:width\" content=\"1100\" \/>\n\t<meta property=\"og:image:height\" content=\"487\" \/>\n\t<meta property=\"og:image:type\" content=\"image\/jpeg\" \/>\n<meta name=\"author\" content=\"Lola\" \/>\n<meta name=\"twitter:card\" content=\"summary_large_image\" \/>\n<meta name=\"twitter:creator\" content=\"@TressisSV\" \/>\n<meta name=\"twitter:site\" content=\"@TressisSV\" \/>\n<meta name=\"twitter:label1\" content=\"Escrit per\" \/>\n\t<meta name=\"twitter:data1\" content=\"Lola\" \/>\n\t<meta name=\"twitter:label2\" content=\"Temps estimat de lectura\" \/>\n\t<meta name=\"twitter:data2\" content=\"2 minuts\" \/>\n<script type=\"application\/ld+json\" class=\"yoast-schema-graph\">{\"@context\":\"https:\\\/\\\/schema.org\",\"@graph\":[{\"@type\":\"Article\",\"@id\":\"https:\\\/\\\/www.tressis.com\\\/ca\\\/blog\\\/ayer-fue-un-dia-de-buenas-noticias\\\/#article\",\"isPartOf\":{\"@id\":\"https:\\\/\\\/www.tressis.com\\\/ca\\\/blog\\\/ayer-fue-un-dia-de-buenas-noticias\\\/\"},\"author\":{\"name\":\"Lola\",\"@id\":\"https:\\\/\\\/www.tressis.com\\\/ca\\\/#\\\/schema\\\/person\\\/b833c1d724d8764920b6d6852c70584e\"},\"headline\":\"Ayer fue un d\u00eda de buenas noticias\",\"datePublished\":\"2019-04-04T08:46:05+00:00\",\"mainEntityOfPage\":{\"@id\":\"https:\\\/\\\/www.tressis.com\\\/ca\\\/blog\\\/ayer-fue-un-dia-de-buenas-noticias\\\/\"},\"wordCount\":389,\"commentCount\":0,\"publisher\":{\"@id\":\"https:\\\/\\\/www.tressis.com\\\/ca\\\/#organization\"},\"image\":{\"@id\":\"https:\\\/\\\/www.tressis.com\\\/ca\\\/blog\\\/ayer-fue-un-dia-de-buenas-noticias\\\/#primaryimage\"},\"thumbnailUrl\":\"https:\\\/\\\/www.tressis.com\\\/wp-content\\\/uploads\\\/2019\\\/04\\\/20190404-mmv.jpg\",\"keywords\":[\"bancos centrales\",\"Brexit\",\"china\",\"disputas comerciales\",\"Europa\",\"ISM\",\"mejora actividad econ\u00f3mica\",\"Theresa May\",\"Uni\u00f3n Europea\"],\"articleSection\":[\"Morning meeting\"],\"inLanguage\":\"ca\",\"potentialAction\":[{\"@type\":\"CommentAction\",\"name\":\"Comment\",\"target\":[\"https:\\\/\\\/www.tressis.com\\\/ca\\\/blog\\\/ayer-fue-un-dia-de-buenas-noticias\\\/#respond\"]}]},{\"@type\":\"WebPage\",\"@id\":\"https:\\\/\\\/www.tressis.com\\\/ca\\\/blog\\\/ayer-fue-un-dia-de-buenas-noticias\\\/\",\"url\":\"https:\\\/\\\/www.tressis.com\\\/ca\\\/blog\\\/ayer-fue-un-dia-de-buenas-noticias\\\/\",\"name\":\"Ayer fue un d\u00eda de buenas noticias\",\"isPartOf\":{\"@id\":\"https:\\\/\\\/www.tressis.com\\\/ca\\\/#website\"},\"primaryImageOfPage\":{\"@id\":\"https:\\\/\\\/www.tressis.com\\\/ca\\\/blog\\\/ayer-fue-un-dia-de-buenas-noticias\\\/#primaryimage\"},\"image\":{\"@id\":\"https:\\\/\\\/www.tressis.com\\\/ca\\\/blog\\\/ayer-fue-un-dia-de-buenas-noticias\\\/#primaryimage\"},\"thumbnailUrl\":\"https:\\\/\\\/www.tressis.com\\\/wp-content\\\/uploads\\\/2019\\\/04\\\/20190404-mmv.jpg\",\"datePublished\":\"2019-04-04T08:46:05+00:00\",\"description\":\"En Europa no falta quien ya se atreve a hablar de haber dejado atr\u00e1s lo peor\",\"breadcrumb\":{\"@id\":\"https:\\\/\\\/www.tressis.com\\\/ca\\\/blog\\\/ayer-fue-un-dia-de-buenas-noticias\\\/#breadcrumb\"},\"inLanguage\":\"ca\",\"potentialAction\":[{\"@type\":\"ReadAction\",\"target\":[\"https:\\\/\\\/www.tressis.com\\\/ca\\\/blog\\\/ayer-fue-un-dia-de-buenas-noticias\\\/\"]}]},{\"@type\":\"ImageObject\",\"inLanguage\":\"ca\",\"@id\":\"https:\\\/\\\/www.tressis.com\\\/ca\\\/blog\\\/ayer-fue-un-dia-de-buenas-noticias\\\/#primaryimage\",\"url\":\"https:\\\/\\\/www.tressis.com\\\/wp-content\\\/uploads\\\/2019\\\/04\\\/20190404-mmv.jpg\",\"contentUrl\":\"https:\\\/\\\/www.tressis.com\\\/wp-content\\\/uploads\\\/2019\\\/04\\\/20190404-mmv.jpg\",\"width\":1100,\"height\":487,\"caption\":\"Ayer fue un d\u00eda de buenas noticias\"},{\"@type\":\"BreadcrumbList\",\"@id\":\"https:\\\/\\\/www.tressis.com\\\/ca\\\/blog\\\/ayer-fue-un-dia-de-buenas-noticias\\\/#breadcrumb\",\"itemListElement\":[{\"@type\":\"ListItem\",\"position\":1,\"name\":\"Inicio\",\"item\":\"https:\\\/\\\/www.tressis.com\\\/ca\\\/\"},{\"@type\":\"ListItem\",\"position\":2,\"name\":\"Ayer fue un d\u00eda de buenas noticias\"}]},{\"@type\":\"WebSite\",\"@id\":\"https:\\\/\\\/www.tressis.com\\\/ca\\\/#website\",\"url\":\"https:\\\/\\\/www.tressis.com\\\/ca\\\/\",\"name\":\"Tressis banca privada\",\"description\":\"Tressis | Planificaci\u00f3n financiera y gesti\u00f3n de patrimonios\",\"publisher\":{\"@id\":\"https:\\\/\\\/www.tressis.com\\\/ca\\\/#organization\"},\"potentialAction\":[{\"@type\":\"SearchAction\",\"target\":{\"@type\":\"EntryPoint\",\"urlTemplate\":\"https:\\\/\\\/www.tressis.com\\\/ca\\\/?s={search_term_string}\"},\"query-input\":{\"@type\":\"PropertyValueSpecification\",\"valueRequired\":true,\"valueName\":\"search_term_string\"}}],\"inLanguage\":\"ca\"},{\"@type\":\"Organization\",\"@id\":\"https:\\\/\\\/www.tressis.com\\\/ca\\\/#organization\",\"name\":\"Tressis\",\"url\":\"https:\\\/\\\/www.tressis.com\\\/ca\\\/\",\"logo\":{\"@type\":\"ImageObject\",\"inLanguage\":\"ca\",\"@id\":\"https:\\\/\\\/www.tressis.com\\\/ca\\\/#\\\/schema\\\/logo\\\/image\\\/\",\"url\":\"https:\\\/\\\/www.tressis.com\\\/wp-content\\\/uploads\\\/2025\\\/06\\\/logo-tressis-112.png\",\"contentUrl\":\"https:\\\/\\\/www.tressis.com\\\/wp-content\\\/uploads\\\/2025\\\/06\\\/logo-tressis-112.png\",\"width\":112,\"height\":112,\"caption\":\"Tressis\"},\"image\":{\"@id\":\"https:\\\/\\\/www.tressis.com\\\/ca\\\/#\\\/schema\\\/logo\\\/image\\\/\"},\"sameAs\":[\"https:\\\/\\\/www.facebook.com\\\/Tressis\\\/\",\"https:\\\/\\\/x.com\\\/TressisSV\",\"https:\\\/\\\/www.instagram.com\\\/tressissv\\\/?hl=es\",\"https:\\\/\\\/linkedin.com\\\/company\\\/tressis\\\/\",\"https:\\\/\\\/www.youtube.com\\\/user\\\/tressissv\",\"https:\\\/\\\/open.spotify.com\\\/show\\\/3jmTe1Nf0wqMILl7diWV6h?si=d7112519f13c4593&nd=1\"]},{\"@type\":\"Person\",\"@id\":\"https:\\\/\\\/www.tressis.com\\\/ca\\\/#\\\/schema\\\/person\\\/b833c1d724d8764920b6d6852c70584e\",\"name\":\"Lola\",\"image\":{\"@type\":\"ImageObject\",\"inLanguage\":\"ca\",\"@id\":\"https:\\\/\\\/secure.gravatar.com\\\/avatar\\\/05e646486b23ff45df9649110609c7e31b8c4a3e2821caa23d6317f405e0c51d?s=96&d=mm&r=g\",\"url\":\"https:\\\/\\\/secure.gravatar.com\\\/avatar\\\/05e646486b23ff45df9649110609c7e31b8c4a3e2821caa23d6317f405e0c51d?s=96&d=mm&r=g\",\"contentUrl\":\"https:\\\/\\\/secure.gravatar.com\\\/avatar\\\/05e646486b23ff45df9649110609c7e31b8c4a3e2821caa23d6317f405e0c51d?s=96&d=mm&r=g\",\"caption\":\"Lola\"}}]}<\/script>\n<!-- \/ Yoast SEO plugin. -->","yoast_head_json":{"title":"Ayer fue un d\u00eda de buenas noticias","description":"En Europa no falta quien ya se atreve a hablar de haber dejado atr\u00e1s lo peor","robots":{"index":"index","follow":"follow","max-snippet":"max-snippet:-1","max-image-preview":"max-image-preview:large","max-video-preview":"max-video-preview:-1"},"canonical":"https:\/\/www.tressis.com\/ca\/blog\/ayer-fue-un-dia-de-buenas-noticias\/","og_locale":"ca_ES","og_type":"article","og_title":"Ayer fue un d\u00eda de buenas noticias","og_description":"En Europa no falta quien ya se atreve a hablar de haber dejado atr\u00e1s lo peor","og_url":"https:\/\/www.tressis.com\/ca\/blog\/ayer-fue-un-dia-de-buenas-noticias\/","og_site_name":"Tressis","article_publisher":"https:\/\/www.facebook.com\/Tressis\/","article_published_time":"2019-04-04T08:46:05+00:00","og_image":[{"width":1100,"height":487,"url":"https:\/\/www.tressis.com\/wp-content\/uploads\/2019\/04\/20190404-mmv.jpg","type":"image\/jpeg"}],"author":"Lola","twitter_card":"summary_large_image","twitter_creator":"@TressisSV","twitter_site":"@TressisSV","twitter_misc":{"Escrit per":"Lola","Temps estimat de lectura":"2 minuts"},"schema":{"@context":"https:\/\/schema.org","@graph":[{"@type":"Article","@id":"https:\/\/www.tressis.com\/ca\/blog\/ayer-fue-un-dia-de-buenas-noticias\/#article","isPartOf":{"@id":"https:\/\/www.tressis.com\/ca\/blog\/ayer-fue-un-dia-de-buenas-noticias\/"},"author":{"name":"Lola","@id":"https:\/\/www.tressis.com\/ca\/#\/schema\/person\/b833c1d724d8764920b6d6852c70584e"},"headline":"Ayer fue un d\u00eda de buenas noticias","datePublished":"2019-04-04T08:46:05+00:00","mainEntityOfPage":{"@id":"https:\/\/www.tressis.com\/ca\/blog\/ayer-fue-un-dia-de-buenas-noticias\/"},"wordCount":389,"commentCount":0,"publisher":{"@id":"https:\/\/www.tressis.com\/ca\/#organization"},"image":{"@id":"https:\/\/www.tressis.com\/ca\/blog\/ayer-fue-un-dia-de-buenas-noticias\/#primaryimage"},"thumbnailUrl":"https:\/\/www.tressis.com\/wp-content\/uploads\/2019\/04\/20190404-mmv.jpg","keywords":["bancos centrales","Brexit","china","disputas comerciales","Europa","ISM","mejora actividad econ\u00f3mica","Theresa May","Uni\u00f3n Europea"],"articleSection":["Morning meeting"],"inLanguage":"ca","potentialAction":[{"@type":"CommentAction","name":"Comment","target":["https:\/\/www.tressis.com\/ca\/blog\/ayer-fue-un-dia-de-buenas-noticias\/#respond"]}]},{"@type":"WebPage","@id":"https:\/\/www.tressis.com\/ca\/blog\/ayer-fue-un-dia-de-buenas-noticias\/","url":"https:\/\/www.tressis.com\/ca\/blog\/ayer-fue-un-dia-de-buenas-noticias\/","name":"Ayer fue un d\u00eda de buenas noticias","isPartOf":{"@id":"https:\/\/www.tressis.com\/ca\/#website"},"primaryImageOfPage":{"@id":"https:\/\/www.tressis.com\/ca\/blog\/ayer-fue-un-dia-de-buenas-noticias\/#primaryimage"},"image":{"@id":"https:\/\/www.tressis.com\/ca\/blog\/ayer-fue-un-dia-de-buenas-noticias\/#primaryimage"},"thumbnailUrl":"https:\/\/www.tressis.com\/wp-content\/uploads\/2019\/04\/20190404-mmv.jpg","datePublished":"2019-04-04T08:46:05+00:00","description":"En Europa no falta quien ya se atreve a hablar de haber dejado atr\u00e1s lo peor","breadcrumb":{"@id":"https:\/\/www.tressis.com\/ca\/blog\/ayer-fue-un-dia-de-buenas-noticias\/#breadcrumb"},"inLanguage":"ca","potentialAction":[{"@type":"ReadAction","target":["https:\/\/www.tressis.com\/ca\/blog\/ayer-fue-un-dia-de-buenas-noticias\/"]}]},{"@type":"ImageObject","inLanguage":"ca","@id":"https:\/\/www.tressis.com\/ca\/blog\/ayer-fue-un-dia-de-buenas-noticias\/#primaryimage","url":"https:\/\/www.tressis.com\/wp-content\/uploads\/2019\/04\/20190404-mmv.jpg","contentUrl":"https:\/\/www.tressis.com\/wp-content\/uploads\/2019\/04\/20190404-mmv.jpg","width":1100,"height":487,"caption":"Ayer fue un d\u00eda de buenas noticias"},{"@type":"BreadcrumbList","@id":"https:\/\/www.tressis.com\/ca\/blog\/ayer-fue-un-dia-de-buenas-noticias\/#breadcrumb","itemListElement":[{"@type":"ListItem","position":1,"name":"Inicio","item":"https:\/\/www.tressis.com\/ca\/"},{"@type":"ListItem","position":2,"name":"Ayer fue un d\u00eda de buenas noticias"}]},{"@type":"WebSite","@id":"https:\/\/www.tressis.com\/ca\/#website","url":"https:\/\/www.tressis.com\/ca\/","name":"Tressis banca privada","description":"Tressis | Planificaci\u00f3n financiera y gesti\u00f3n de patrimonios","publisher":{"@id":"https:\/\/www.tressis.com\/ca\/#organization"},"potentialAction":[{"@type":"SearchAction","target":{"@type":"EntryPoint","urlTemplate":"https:\/\/www.tressis.com\/ca\/?s={search_term_string}"},"query-input":{"@type":"PropertyValueSpecification","valueRequired":true,"valueName":"search_term_string"}}],"inLanguage":"ca"},{"@type":"Organization","@id":"https:\/\/www.tressis.com\/ca\/#organization","name":"Tressis","url":"https:\/\/www.tressis.com\/ca\/","logo":{"@type":"ImageObject","inLanguage":"ca","@id":"https:\/\/www.tressis.com\/ca\/#\/schema\/logo\/image\/","url":"https:\/\/www.tressis.com\/wp-content\/uploads\/2025\/06\/logo-tressis-112.png","contentUrl":"https:\/\/www.tressis.com\/wp-content\/uploads\/2025\/06\/logo-tressis-112.png","width":112,"height":112,"caption":"Tressis"},"image":{"@id":"https:\/\/www.tressis.com\/ca\/#\/schema\/logo\/image\/"},"sameAs":["https:\/\/www.facebook.com\/Tressis\/","https:\/\/x.com\/TressisSV","https:\/\/www.instagram.com\/tressissv\/?hl=es","https:\/\/linkedin.com\/company\/tressis\/","https:\/\/www.youtube.com\/user\/tressissv","https:\/\/open.spotify.com\/show\/3jmTe1Nf0wqMILl7diWV6h?si=d7112519f13c4593&nd=1"]},{"@type":"Person","@id":"https:\/\/www.tressis.com\/ca\/#\/schema\/person\/b833c1d724d8764920b6d6852c70584e","name":"Lola","image":{"@type":"ImageObject","inLanguage":"ca","@id":"https:\/\/secure.gravatar.com\/avatar\/05e646486b23ff45df9649110609c7e31b8c4a3e2821caa23d6317f405e0c51d?s=96&d=mm&r=g","url":"https:\/\/secure.gravatar.com\/avatar\/05e646486b23ff45df9649110609c7e31b8c4a3e2821caa23d6317f405e0c51d?s=96&d=mm&r=g","contentUrl":"https:\/\/secure.gravatar.com\/avatar\/05e646486b23ff45df9649110609c7e31b8c4a3e2821caa23d6317f405e0c51d?s=96&d=mm&r=g","caption":"Lola"}}]}},"_links":{"self":[{"href":"https:\/\/www.tressis.com\/ca\/wp-json\/wp\/v2\/posts\/31275","targetHints":{"allow":["GET"]}}],"collection":[{"href":"https:\/\/www.tressis.com\/ca\/wp-json\/wp\/v2\/posts"}],"about":[{"href":"https:\/\/www.tressis.com\/ca\/wp-json\/wp\/v2\/types\/post"}],"author":[{"embeddable":true,"href":"https:\/\/www.tressis.com\/ca\/wp-json\/wp\/v2\/users\/4"}],"replies":[{"embeddable":true,"href":"https:\/\/www.tressis.com\/ca\/wp-json\/wp\/v2\/comments?post=31275"}],"version-history":[{"count":0,"href":"https:\/\/www.tressis.com\/ca\/wp-json\/wp\/v2\/posts\/31275\/revisions"}],"wp:featuredmedia":[{"embeddable":true,"href":"https:\/\/www.tressis.com\/ca\/wp-json\/wp\/v2\/media\/31276"}],"wp:attachment":[{"href":"https:\/\/www.tressis.com\/ca\/wp-json\/wp\/v2\/media?parent=31275"}],"wp:term":[{"taxonomy":"category","embeddable":true,"href":"https:\/\/www.tressis.com\/ca\/wp-json\/wp\/v2\/categories?post=31275"},{"taxonomy":"post_tag","embeddable":true,"href":"https:\/\/www.tressis.com\/ca\/wp-json\/wp\/v2\/tags?post=31275"}],"curies":[{"name":"wp","href":"https:\/\/api.w.org\/{rel}","templated":true}]}}