{"id":31211,"date":"2019-03-29T10:10:32","date_gmt":"2019-03-29T09:10:32","guid":{"rendered":"http:\/\/www.tressis.com\/blog\/?p=31211"},"modified":"2019-03-29T10:10:32","modified_gmt":"2019-03-29T09:10:32","slug":"a-cuantos-nos-aburre-ya-esto-del-brexit","status":"publish","type":"post","link":"https:\/\/www.tressis.com\/ca\/blog\/a-cuantos-nos-aburre-ya-esto-del-brexit\/","title":{"rendered":"\u00bfA cu\u00e1ntos nos aburre ya esto del brexit?"},"content":{"rendered":"<p>\u00bfY a cu\u00e1ntos nos aburre ya esto del <i>brexit<\/i>? Si no quieres salir, pues no haberlo votado, que dir\u00e1n muchos y no faltos de raz\u00f3n.<!--more--> El esperpento en que se est\u00e1 convirtiendo un proceso que deber\u00eda haber terminado precisamente hoy, contando, eso s\u00ed, con que la seriedad hubiera estado presente en alg\u00fan momento, alcanza un nuevo punto. Se vota en unas horas el plan de salida negociado por May con la UE. S\u00ed, ese mismo que ya ha sido rechazado, a ver si ahora &#8220;cuela&#8221;. Dando por casi segura la derrota de la <i>premier<\/i>, qui\u00e9n, por cierto, hasta ha ofrecido su cabeza para darle una salida digna a esto, luego habr\u00e1 el qu\u00e9&#8230; pues otra votaci\u00f3n para decidir cu\u00e1ndo volver a votar la siguiente votaci\u00f3n de lo que ya se ha votado. En fin&#8230;<\/p>\n<p>A cambio estadounidenses y chinos avanzan lento pero seguro en su intento de liberar al mundo del amago continuo de guerra comercial. Las \u00faltimas novedades al respecto son (quitando el porcentaje de publicidad siempre positiva) esperanzadoras por boca de EE.UU., aunque si alguien esperaba que pudieran ser tambi\u00e9n r\u00e1pidas, mucho parece que estaba errando. Pero no por ello va a ser peor.<\/p>\n<p>Los indicadores alemanes publicados ayer siguen mostrando que el peso de las tensiones sobre el comercio mundial, adem\u00e1s de otras de origen nacional o europeo, todav\u00eda pesan. Aunque no tanto como la absoluta falta de esa fuerza que se le esperaba a la inflaci\u00f3n despu\u00e9s de haber inundado el sistema de liquidez. El \u00faltimo exponente de que los QE no han servido para darle &#8220;vidillla&#8221; a los precios es el IPC espa\u00f1ol, que, a pesar de todo, mantiene un muy digno 1,3%.<\/p>\n<p>La existencia de la ralentizaci\u00f3n global no es algo negociable hoy por hoy, aunque s\u00ed los miedos a que se desate una recesi\u00f3n inminente que ya podr\u00edan ir anticipando los movimientos de las curvas de deuda soberana. Pero un PIB como el de EE.UU., del 2,2%, da espacio al optimismo. Aunque es cierto que la \u00faltima lectura del crecimiento del cuarto trimestre ha quedado por debajo de lo esperado por culpa de una subida m\u00e1s suave del consumo y de la inversi\u00f3n. Pero subida al fin y al cabo.<\/p>\n<p>Buen fin de semana.<\/p>\n<p><center><strong>Am\u00edlcar Barrios Vilallonga<\/strong><br \/>\nDirecci\u00f3n de Inversiones<\/center><\/p>\n","protected":false},"excerpt":{"rendered":"<p>\u00bfY a cu\u00e1ntos nos aburre ya esto del brexit? Si no quieres salir, pues no haberlo votado, que dir\u00e1n muchos y no faltos de raz\u00f3n.<\/p>\n","protected":false},"author":4,"featured_media":31212,"comment_status":"open","ping_status":"closed","sticky":false,"template":"","format":"standard","meta":{"_acf_changed":false,"footnotes":""},"categories":[9721],"tags":[],"class_list":["post-31211","post","type-post","status-publish","format-standard","has-post-thumbnail","hentry","category-morning-meeting"],"acf":[],"yoast_head":"<!-- This site is optimized with the Yoast SEO plugin v27.5 - https:\/\/yoast.com\/product\/yoast-seo-wordpress\/ -->\n<title>\u00bfA cu\u00e1ntos nos aburre ya esto del brexit?<\/title>\n<meta name=\"description\" content=\"\u00bfY a cu\u00e1ntos nos aburre ya esto del brexit? Si no quieres salir, pues no haberlo votado, que dir\u00e1n muchos y no faltos de raz\u00f3n\" \/>\n<meta name=\"robots\" content=\"index, follow, max-snippet:-1, max-image-preview:large, max-video-preview:-1\" \/>\n<link rel=\"canonical\" href=\"https:\/\/www.tressis.com\/ca\/blog\/a-cuantos-nos-aburre-ya-esto-del-brexit\/\" \/>\n<meta property=\"og:locale\" content=\"ca_ES\" \/>\n<meta property=\"og:type\" content=\"article\" \/>\n<meta property=\"og:title\" content=\"\u00bfA cu\u00e1ntos nos aburre ya esto del brexit?\" \/>\n<meta property=\"og:description\" content=\"\u00bfY a cu\u00e1ntos nos aburre ya esto del brexit? Si no quieres salir, pues no haberlo votado, que dir\u00e1n muchos y no faltos de raz\u00f3n\" \/>\n<meta property=\"og:url\" content=\"https:\/\/www.tressis.com\/ca\/blog\/a-cuantos-nos-aburre-ya-esto-del-brexit\/\" \/>\n<meta property=\"og:site_name\" content=\"Tressis\" \/>\n<meta property=\"article:publisher\" content=\"https:\/\/www.facebook.com\/Tressis\/\" \/>\n<meta property=\"article:published_time\" content=\"2019-03-29T09:10:32+00:00\" \/>\n<meta property=\"og:image\" content=\"https:\/\/www.tressis.com\/wp-content\/uploads\/2019\/03\/20190329-mmv.jpg\" \/>\n\t<meta property=\"og:image:width\" content=\"1100\" \/>\n\t<meta property=\"og:image:height\" content=\"487\" \/>\n\t<meta property=\"og:image:type\" content=\"image\/jpeg\" \/>\n<meta name=\"author\" content=\"Lola\" \/>\n<meta name=\"twitter:card\" content=\"summary_large_image\" \/>\n<meta name=\"twitter:creator\" content=\"@TressisSV\" \/>\n<meta name=\"twitter:site\" content=\"@TressisSV\" \/>\n<meta name=\"twitter:label1\" content=\"Escrit per\" \/>\n\t<meta name=\"twitter:data1\" content=\"Lola\" \/>\n\t<meta name=\"twitter:label2\" content=\"Temps estimat de lectura\" \/>\n\t<meta name=\"twitter:data2\" content=\"2 minuts\" \/>\n<script type=\"application\/ld+json\" class=\"yoast-schema-graph\">{\"@context\":\"https:\\\/\\\/schema.org\",\"@graph\":[{\"@type\":\"Article\",\"@id\":\"https:\\\/\\\/www.tressis.com\\\/ca\\\/blog\\\/a-cuantos-nos-aburre-ya-esto-del-brexit\\\/#article\",\"isPartOf\":{\"@id\":\"https:\\\/\\\/www.tressis.com\\\/ca\\\/blog\\\/a-cuantos-nos-aburre-ya-esto-del-brexit\\\/\"},\"author\":{\"name\":\"Lola\",\"@id\":\"https:\\\/\\\/www.tressis.com\\\/ca\\\/#\\\/schema\\\/person\\\/b833c1d724d8764920b6d6852c70584e\"},\"headline\":\"\u00bfA cu\u00e1ntos nos aburre ya esto del brexit?\",\"datePublished\":\"2019-03-29T09:10:32+00:00\",\"mainEntityOfPage\":{\"@id\":\"https:\\\/\\\/www.tressis.com\\\/ca\\\/blog\\\/a-cuantos-nos-aburre-ya-esto-del-brexit\\\/\"},\"wordCount\":409,\"commentCount\":0,\"publisher\":{\"@id\":\"https:\\\/\\\/www.tressis.com\\\/ca\\\/#organization\"},\"image\":{\"@id\":\"https:\\\/\\\/www.tressis.com\\\/ca\\\/blog\\\/a-cuantos-nos-aburre-ya-esto-del-brexit\\\/#primaryimage\"},\"thumbnailUrl\":\"https:\\\/\\\/www.tressis.com\\\/wp-content\\\/uploads\\\/2019\\\/03\\\/20190329-mmv.jpg\",\"articleSection\":[\"Morning meeting\"],\"inLanguage\":\"ca\",\"potentialAction\":[{\"@type\":\"CommentAction\",\"name\":\"Comment\",\"target\":[\"https:\\\/\\\/www.tressis.com\\\/ca\\\/blog\\\/a-cuantos-nos-aburre-ya-esto-del-brexit\\\/#respond\"]}]},{\"@type\":\"WebPage\",\"@id\":\"https:\\\/\\\/www.tressis.com\\\/ca\\\/blog\\\/a-cuantos-nos-aburre-ya-esto-del-brexit\\\/\",\"url\":\"https:\\\/\\\/www.tressis.com\\\/ca\\\/blog\\\/a-cuantos-nos-aburre-ya-esto-del-brexit\\\/\",\"name\":\"\u00bfA cu\u00e1ntos nos aburre ya esto del brexit?\",\"isPartOf\":{\"@id\":\"https:\\\/\\\/www.tressis.com\\\/ca\\\/#website\"},\"primaryImageOfPage\":{\"@id\":\"https:\\\/\\\/www.tressis.com\\\/ca\\\/blog\\\/a-cuantos-nos-aburre-ya-esto-del-brexit\\\/#primaryimage\"},\"image\":{\"@id\":\"https:\\\/\\\/www.tressis.com\\\/ca\\\/blog\\\/a-cuantos-nos-aburre-ya-esto-del-brexit\\\/#primaryimage\"},\"thumbnailUrl\":\"https:\\\/\\\/www.tressis.com\\\/wp-content\\\/uploads\\\/2019\\\/03\\\/20190329-mmv.jpg\",\"datePublished\":\"2019-03-29T09:10:32+00:00\",\"description\":\"\u00bfY a cu\u00e1ntos nos aburre ya esto del brexit? Si no quieres salir, pues no haberlo votado, que dir\u00e1n muchos y no faltos de raz\u00f3n\",\"breadcrumb\":{\"@id\":\"https:\\\/\\\/www.tressis.com\\\/ca\\\/blog\\\/a-cuantos-nos-aburre-ya-esto-del-brexit\\\/#breadcrumb\"},\"inLanguage\":\"ca\",\"potentialAction\":[{\"@type\":\"ReadAction\",\"target\":[\"https:\\\/\\\/www.tressis.com\\\/ca\\\/blog\\\/a-cuantos-nos-aburre-ya-esto-del-brexit\\\/\"]}]},{\"@type\":\"ImageObject\",\"inLanguage\":\"ca\",\"@id\":\"https:\\\/\\\/www.tressis.com\\\/ca\\\/blog\\\/a-cuantos-nos-aburre-ya-esto-del-brexit\\\/#primaryimage\",\"url\":\"https:\\\/\\\/www.tressis.com\\\/wp-content\\\/uploads\\\/2019\\\/03\\\/20190329-mmv.jpg\",\"contentUrl\":\"https:\\\/\\\/www.tressis.com\\\/wp-content\\\/uploads\\\/2019\\\/03\\\/20190329-mmv.jpg\",\"width\":1100,\"height\":487,\"caption\":\"\u00bfA cu\u00e1ntos nos aburre ya esto del brexit?\"},{\"@type\":\"BreadcrumbList\",\"@id\":\"https:\\\/\\\/www.tressis.com\\\/ca\\\/blog\\\/a-cuantos-nos-aburre-ya-esto-del-brexit\\\/#breadcrumb\",\"itemListElement\":[{\"@type\":\"ListItem\",\"position\":1,\"name\":\"Inicio\",\"item\":\"https:\\\/\\\/www.tressis.com\\\/ca\\\/\"},{\"@type\":\"ListItem\",\"position\":2,\"name\":\"\u00bfA cu\u00e1ntos nos aburre ya esto del brexit?\"}]},{\"@type\":\"WebSite\",\"@id\":\"https:\\\/\\\/www.tressis.com\\\/ca\\\/#website\",\"url\":\"https:\\\/\\\/www.tressis.com\\\/ca\\\/\",\"name\":\"Tressis banca privada\",\"description\":\"Tressis | Planificaci\u00f3n financiera y gesti\u00f3n de patrimonios\",\"publisher\":{\"@id\":\"https:\\\/\\\/www.tressis.com\\\/ca\\\/#organization\"},\"potentialAction\":[{\"@type\":\"SearchAction\",\"target\":{\"@type\":\"EntryPoint\",\"urlTemplate\":\"https:\\\/\\\/www.tressis.com\\\/ca\\\/?s={search_term_string}\"},\"query-input\":{\"@type\":\"PropertyValueSpecification\",\"valueRequired\":true,\"valueName\":\"search_term_string\"}}],\"inLanguage\":\"ca\"},{\"@type\":\"Organization\",\"@id\":\"https:\\\/\\\/www.tressis.com\\\/ca\\\/#organization\",\"name\":\"Tressis\",\"url\":\"https:\\\/\\\/www.tressis.com\\\/ca\\\/\",\"logo\":{\"@type\":\"ImageObject\",\"inLanguage\":\"ca\",\"@id\":\"https:\\\/\\\/www.tressis.com\\\/ca\\\/#\\\/schema\\\/logo\\\/image\\\/\",\"url\":\"https:\\\/\\\/www.tressis.com\\\/wp-content\\\/uploads\\\/2025\\\/06\\\/logo-tressis-112.png\",\"contentUrl\":\"https:\\\/\\\/www.tressis.com\\\/wp-content\\\/uploads\\\/2025\\\/06\\\/logo-tressis-112.png\",\"width\":112,\"height\":112,\"caption\":\"Tressis\"},\"image\":{\"@id\":\"https:\\\/\\\/www.tressis.com\\\/ca\\\/#\\\/schema\\\/logo\\\/image\\\/\"},\"sameAs\":[\"https:\\\/\\\/www.facebook.com\\\/Tressis\\\/\",\"https:\\\/\\\/x.com\\\/TressisSV\",\"https:\\\/\\\/www.instagram.com\\\/tressissv\\\/?hl=es\",\"https:\\\/\\\/linkedin.com\\\/company\\\/tressis\\\/\",\"https:\\\/\\\/www.youtube.com\\\/user\\\/tressissv\",\"https:\\\/\\\/open.spotify.com\\\/show\\\/3jmTe1Nf0wqMILl7diWV6h?si=d7112519f13c4593&nd=1\"]},{\"@type\":\"Person\",\"@id\":\"https:\\\/\\\/www.tressis.com\\\/ca\\\/#\\\/schema\\\/person\\\/b833c1d724d8764920b6d6852c70584e\",\"name\":\"Lola\",\"image\":{\"@type\":\"ImageObject\",\"inLanguage\":\"ca\",\"@id\":\"https:\\\/\\\/secure.gravatar.com\\\/avatar\\\/05e646486b23ff45df9649110609c7e31b8c4a3e2821caa23d6317f405e0c51d?s=96&d=mm&r=g\",\"url\":\"https:\\\/\\\/secure.gravatar.com\\\/avatar\\\/05e646486b23ff45df9649110609c7e31b8c4a3e2821caa23d6317f405e0c51d?s=96&d=mm&r=g\",\"contentUrl\":\"https:\\\/\\\/secure.gravatar.com\\\/avatar\\\/05e646486b23ff45df9649110609c7e31b8c4a3e2821caa23d6317f405e0c51d?s=96&d=mm&r=g\",\"caption\":\"Lola\"}}]}<\/script>\n<!-- \/ Yoast SEO plugin. -->","yoast_head_json":{"title":"\u00bfA cu\u00e1ntos nos aburre ya esto del brexit?","description":"\u00bfY a cu\u00e1ntos nos aburre ya esto del brexit? Si no quieres salir, pues no haberlo votado, que dir\u00e1n muchos y no faltos de raz\u00f3n","robots":{"index":"index","follow":"follow","max-snippet":"max-snippet:-1","max-image-preview":"max-image-preview:large","max-video-preview":"max-video-preview:-1"},"canonical":"https:\/\/www.tressis.com\/ca\/blog\/a-cuantos-nos-aburre-ya-esto-del-brexit\/","og_locale":"ca_ES","og_type":"article","og_title":"\u00bfA cu\u00e1ntos nos aburre ya esto del brexit?","og_description":"\u00bfY a cu\u00e1ntos nos aburre ya esto del brexit? Si no quieres salir, pues no haberlo votado, que dir\u00e1n muchos y no faltos de raz\u00f3n","og_url":"https:\/\/www.tressis.com\/ca\/blog\/a-cuantos-nos-aburre-ya-esto-del-brexit\/","og_site_name":"Tressis","article_publisher":"https:\/\/www.facebook.com\/Tressis\/","article_published_time":"2019-03-29T09:10:32+00:00","og_image":[{"width":1100,"height":487,"url":"https:\/\/www.tressis.com\/wp-content\/uploads\/2019\/03\/20190329-mmv.jpg","type":"image\/jpeg"}],"author":"Lola","twitter_card":"summary_large_image","twitter_creator":"@TressisSV","twitter_site":"@TressisSV","twitter_misc":{"Escrit per":"Lola","Temps estimat de lectura":"2 minuts"},"schema":{"@context":"https:\/\/schema.org","@graph":[{"@type":"Article","@id":"https:\/\/www.tressis.com\/ca\/blog\/a-cuantos-nos-aburre-ya-esto-del-brexit\/#article","isPartOf":{"@id":"https:\/\/www.tressis.com\/ca\/blog\/a-cuantos-nos-aburre-ya-esto-del-brexit\/"},"author":{"name":"Lola","@id":"https:\/\/www.tressis.com\/ca\/#\/schema\/person\/b833c1d724d8764920b6d6852c70584e"},"headline":"\u00bfA cu\u00e1ntos nos aburre ya esto del brexit?","datePublished":"2019-03-29T09:10:32+00:00","mainEntityOfPage":{"@id":"https:\/\/www.tressis.com\/ca\/blog\/a-cuantos-nos-aburre-ya-esto-del-brexit\/"},"wordCount":409,"commentCount":0,"publisher":{"@id":"https:\/\/www.tressis.com\/ca\/#organization"},"image":{"@id":"https:\/\/www.tressis.com\/ca\/blog\/a-cuantos-nos-aburre-ya-esto-del-brexit\/#primaryimage"},"thumbnailUrl":"https:\/\/www.tressis.com\/wp-content\/uploads\/2019\/03\/20190329-mmv.jpg","articleSection":["Morning meeting"],"inLanguage":"ca","potentialAction":[{"@type":"CommentAction","name":"Comment","target":["https:\/\/www.tressis.com\/ca\/blog\/a-cuantos-nos-aburre-ya-esto-del-brexit\/#respond"]}]},{"@type":"WebPage","@id":"https:\/\/www.tressis.com\/ca\/blog\/a-cuantos-nos-aburre-ya-esto-del-brexit\/","url":"https:\/\/www.tressis.com\/ca\/blog\/a-cuantos-nos-aburre-ya-esto-del-brexit\/","name":"\u00bfA cu\u00e1ntos nos aburre ya esto del brexit?","isPartOf":{"@id":"https:\/\/www.tressis.com\/ca\/#website"},"primaryImageOfPage":{"@id":"https:\/\/www.tressis.com\/ca\/blog\/a-cuantos-nos-aburre-ya-esto-del-brexit\/#primaryimage"},"image":{"@id":"https:\/\/www.tressis.com\/ca\/blog\/a-cuantos-nos-aburre-ya-esto-del-brexit\/#primaryimage"},"thumbnailUrl":"https:\/\/www.tressis.com\/wp-content\/uploads\/2019\/03\/20190329-mmv.jpg","datePublished":"2019-03-29T09:10:32+00:00","description":"\u00bfY a cu\u00e1ntos nos aburre ya esto del brexit? Si no quieres salir, pues no haberlo votado, que dir\u00e1n muchos y no faltos de raz\u00f3n","breadcrumb":{"@id":"https:\/\/www.tressis.com\/ca\/blog\/a-cuantos-nos-aburre-ya-esto-del-brexit\/#breadcrumb"},"inLanguage":"ca","potentialAction":[{"@type":"ReadAction","target":["https:\/\/www.tressis.com\/ca\/blog\/a-cuantos-nos-aburre-ya-esto-del-brexit\/"]}]},{"@type":"ImageObject","inLanguage":"ca","@id":"https:\/\/www.tressis.com\/ca\/blog\/a-cuantos-nos-aburre-ya-esto-del-brexit\/#primaryimage","url":"https:\/\/www.tressis.com\/wp-content\/uploads\/2019\/03\/20190329-mmv.jpg","contentUrl":"https:\/\/www.tressis.com\/wp-content\/uploads\/2019\/03\/20190329-mmv.jpg","width":1100,"height":487,"caption":"\u00bfA cu\u00e1ntos nos aburre ya esto del brexit?"},{"@type":"BreadcrumbList","@id":"https:\/\/www.tressis.com\/ca\/blog\/a-cuantos-nos-aburre-ya-esto-del-brexit\/#breadcrumb","itemListElement":[{"@type":"ListItem","position":1,"name":"Inicio","item":"https:\/\/www.tressis.com\/ca\/"},{"@type":"ListItem","position":2,"name":"\u00bfA cu\u00e1ntos nos aburre ya esto del brexit?"}]},{"@type":"WebSite","@id":"https:\/\/www.tressis.com\/ca\/#website","url":"https:\/\/www.tressis.com\/ca\/","name":"Tressis banca privada","description":"Tressis | Planificaci\u00f3n financiera y gesti\u00f3n de patrimonios","publisher":{"@id":"https:\/\/www.tressis.com\/ca\/#organization"},"potentialAction":[{"@type":"SearchAction","target":{"@type":"EntryPoint","urlTemplate":"https:\/\/www.tressis.com\/ca\/?s={search_term_string}"},"query-input":{"@type":"PropertyValueSpecification","valueRequired":true,"valueName":"search_term_string"}}],"inLanguage":"ca"},{"@type":"Organization","@id":"https:\/\/www.tressis.com\/ca\/#organization","name":"Tressis","url":"https:\/\/www.tressis.com\/ca\/","logo":{"@type":"ImageObject","inLanguage":"ca","@id":"https:\/\/www.tressis.com\/ca\/#\/schema\/logo\/image\/","url":"https:\/\/www.tressis.com\/wp-content\/uploads\/2025\/06\/logo-tressis-112.png","contentUrl":"https:\/\/www.tressis.com\/wp-content\/uploads\/2025\/06\/logo-tressis-112.png","width":112,"height":112,"caption":"Tressis"},"image":{"@id":"https:\/\/www.tressis.com\/ca\/#\/schema\/logo\/image\/"},"sameAs":["https:\/\/www.facebook.com\/Tressis\/","https:\/\/x.com\/TressisSV","https:\/\/www.instagram.com\/tressissv\/?hl=es","https:\/\/linkedin.com\/company\/tressis\/","https:\/\/www.youtube.com\/user\/tressissv","https:\/\/open.spotify.com\/show\/3jmTe1Nf0wqMILl7diWV6h?si=d7112519f13c4593&nd=1"]},{"@type":"Person","@id":"https:\/\/www.tressis.com\/ca\/#\/schema\/person\/b833c1d724d8764920b6d6852c70584e","name":"Lola","image":{"@type":"ImageObject","inLanguage":"ca","@id":"https:\/\/secure.gravatar.com\/avatar\/05e646486b23ff45df9649110609c7e31b8c4a3e2821caa23d6317f405e0c51d?s=96&d=mm&r=g","url":"https:\/\/secure.gravatar.com\/avatar\/05e646486b23ff45df9649110609c7e31b8c4a3e2821caa23d6317f405e0c51d?s=96&d=mm&r=g","contentUrl":"https:\/\/secure.gravatar.com\/avatar\/05e646486b23ff45df9649110609c7e31b8c4a3e2821caa23d6317f405e0c51d?s=96&d=mm&r=g","caption":"Lola"}}]}},"_links":{"self":[{"href":"https:\/\/www.tressis.com\/ca\/wp-json\/wp\/v2\/posts\/31211","targetHints":{"allow":["GET"]}}],"collection":[{"href":"https:\/\/www.tressis.com\/ca\/wp-json\/wp\/v2\/posts"}],"about":[{"href":"https:\/\/www.tressis.com\/ca\/wp-json\/wp\/v2\/types\/post"}],"author":[{"embeddable":true,"href":"https:\/\/www.tressis.com\/ca\/wp-json\/wp\/v2\/users\/4"}],"replies":[{"embeddable":true,"href":"https:\/\/www.tressis.com\/ca\/wp-json\/wp\/v2\/comments?post=31211"}],"version-history":[{"count":0,"href":"https:\/\/www.tressis.com\/ca\/wp-json\/wp\/v2\/posts\/31211\/revisions"}],"wp:featuredmedia":[{"embeddable":true,"href":"https:\/\/www.tressis.com\/ca\/wp-json\/wp\/v2\/media\/31212"}],"wp:attachment":[{"href":"https:\/\/www.tressis.com\/ca\/wp-json\/wp\/v2\/media?parent=31211"}],"wp:term":[{"taxonomy":"category","embeddable":true,"href":"https:\/\/www.tressis.com\/ca\/wp-json\/wp\/v2\/categories?post=31211"},{"taxonomy":"post_tag","embeddable":true,"href":"https:\/\/www.tressis.com\/ca\/wp-json\/wp\/v2\/tags?post=31211"}],"curies":[{"name":"wp","href":"https:\/\/api.w.org\/{rel}","templated":true}]}}