{"id":31177,"date":"2019-03-26T10:52:50","date_gmt":"2019-03-26T09:52:50","guid":{"rendered":"http:\/\/www.tressis.com\/blog\/?p=31177"},"modified":"2023-05-30T19:38:41","modified_gmt":"2023-05-30T17:38:41","slug":"una-de-cal-y-otra-de-arena-intencion-agenda-macro","status":"publish","type":"post","link":"https:\/\/www.tressis.com\/ca\/blog\/una-de-cal-y-otra-de-arena-intencion-agenda-macro\/","title":{"rendered":"Una de cal y otra de arena, la intenci\u00f3n de la agenda macro europea"},"content":{"rendered":"<p>Una de cal y otra de arena. Esa parece ser la intenci\u00f3n de la agenda macroecon\u00f3mica europea en los \u00faltimos d\u00edas.<!--more--> Cuando todav\u00eda no nos hemos recuperado del golpe que supuso la entrada en contracci\u00f3n de los principales PMI manufactureros de la eurozona, la confianza de los empresarios alemanes nos tiende una mano para levantarnos. Pero ojo, porque los datos utilizados para elaborarla fueron recogidos hace ya unos d\u00edas. En cualquier caso, objetivamente, primer repunte de la confianza germana en siete meses. Es decir, buenas noticias.<\/p>\n<p>Otro efecto que ten\u00eda la publicaci\u00f3n de los mencionados indicadores de actividad era la entrada del <i>bund<\/i> alem\u00e1n, en su plazo de 10 a\u00f1os, en terreno negativo. Que el BCE tiene mucho que ver en la distorsi\u00f3n de las rentabilidades de los bonos soberanos es evidente. Para todos menos para Beno\u00eet C\u0153ur\u00e9, miembro del Comit\u00e9 Ejecutivo del banco. Para \u00e9l, este movimiento responde m\u00e1s al exceso de ahorro de los consumidores que al propio programa. Tenga su parte de raz\u00f3n o no, dudamos que pagarle a Alemania porque \u201cguarde\u201d nuestro dinero favorezca que la gente lo saque del colch\u00f3n.<\/p>\n<p>En Londres, Theresa May no gana para disgustos. Si durante el fin de semana consegu\u00eda evitar un <i>complot<\/i> de su propio partido para sustituirla, ayer fue nada m\u00e1s ni nada menos que el ilustr\u00edsimo parlamento brit\u00e1nico el que le arrebataba parte de sus competencias con respecto al <i>brexit<\/i>. Para simplificar, se abre la puerta a que sus se\u00f1or\u00edas puedan debatir otros textos distintos al presentado por la primera ministra para que, de ser aprobados, esta presente a Bruselas. Incluso podr\u00eda llegar a discutirse la celebraci\u00f3n o no de un nuevo refer\u00e9ndum. Vamos, que otra vez a las puertas de la nueva fecha l\u00edmite (12 de abril) existe la posibilidad de que suceda cualquier cosa.<\/p>\n<p>Y en Estados Unidos, calma. Nuestro querido Donald habr\u00e1 estado celebrando su no-colusi\u00f3n con Rusia para ganar las elecciones.<\/p>\n<p>Buen d\u00eda.<\/p>\n<p><center><strong>M\u00aa Salom\u00e9 Bouzas Romero<\/strong><br \/>\nDirecci\u00f3n de Inversiones<\/center><\/p>\n","protected":false},"excerpt":{"rendered":"<p>Una de cal y otra de arena. Esa parece ser la intenci\u00f3n de la agenda macroecon\u00f3mica europea en los \u00faltimos d\u00edas.<\/p>\n","protected":false},"author":4,"featured_media":31180,"comment_status":"open","ping_status":"closed","sticky":false,"template":"","format":"standard","meta":{"_acf_changed":false,"footnotes":""},"categories":[9721],"tags":[],"class_list":["post-31177","post","type-post","status-publish","format-standard","has-post-thumbnail","hentry","category-morning-meeting"],"acf":[],"yoast_head":"<!-- This site is optimized with the Yoast SEO plugin v27.5 - https:\/\/yoast.com\/product\/yoast-seo-wordpress\/ -->\n<title>Una de cal y otra de arena, la intenci\u00f3n de la agenda macro europea<\/title>\n<meta name=\"description\" content=\"Una de cal y otra de arena. Esa parece ser la intenci\u00f3n de la agenda macroecon\u00f3mica europea en los \u00faltimos d\u00edas.\" \/>\n<meta name=\"robots\" content=\"index, follow, max-snippet:-1, max-image-preview:large, max-video-preview:-1\" \/>\n<link rel=\"canonical\" href=\"https:\/\/www.tressis.com\/ca\/blog\/una-de-cal-y-otra-de-arena-intencion-agenda-macro\/\" \/>\n<meta property=\"og:locale\" content=\"ca_ES\" \/>\n<meta property=\"og:type\" content=\"article\" \/>\n<meta property=\"og:title\" content=\"Una de cal y otra de arena, la intenci\u00f3n de la agenda macro europea\" \/>\n<meta property=\"og:description\" content=\"Una de cal y otra de arena. Esa parece ser la intenci\u00f3n de la agenda macroecon\u00f3mica europea en los \u00faltimos d\u00edas.\" \/>\n<meta property=\"og:url\" content=\"https:\/\/www.tressis.com\/ca\/blog\/una-de-cal-y-otra-de-arena-intencion-agenda-macro\/\" \/>\n<meta property=\"og:site_name\" content=\"Tressis\" \/>\n<meta property=\"article:publisher\" content=\"https:\/\/www.facebook.com\/Tressis\/\" \/>\n<meta property=\"article:published_time\" content=\"2019-03-26T09:52:50+00:00\" \/>\n<meta property=\"article:modified_time\" content=\"2023-05-30T17:38:41+00:00\" \/>\n<meta property=\"og:image\" content=\"https:\/\/www.tressis.com\/wp-content\/uploads\/2019\/03\/20190326-mmv.jpg\" \/>\n\t<meta property=\"og:image:width\" content=\"1100\" \/>\n\t<meta property=\"og:image:height\" content=\"487\" \/>\n\t<meta property=\"og:image:type\" content=\"image\/jpeg\" \/>\n<meta name=\"author\" content=\"Lola\" \/>\n<meta name=\"twitter:card\" content=\"summary_large_image\" \/>\n<meta name=\"twitter:creator\" content=\"@TressisSV\" \/>\n<meta name=\"twitter:site\" content=\"@TressisSV\" \/>\n<meta name=\"twitter:label1\" content=\"Escrit per\" \/>\n\t<meta name=\"twitter:data1\" content=\"Lola\" \/>\n\t<meta name=\"twitter:label2\" content=\"Temps estimat de lectura\" \/>\n\t<meta name=\"twitter:data2\" content=\"2 minuts\" \/>\n<script type=\"application\/ld+json\" class=\"yoast-schema-graph\">{\"@context\":\"https:\\\/\\\/schema.org\",\"@graph\":[{\"@type\":\"Article\",\"@id\":\"https:\\\/\\\/www.tressis.com\\\/ca\\\/blog\\\/una-de-cal-y-otra-de-arena-intencion-agenda-macro\\\/#article\",\"isPartOf\":{\"@id\":\"https:\\\/\\\/www.tressis.com\\\/ca\\\/blog\\\/una-de-cal-y-otra-de-arena-intencion-agenda-macro\\\/\"},\"author\":{\"name\":\"Lola\",\"@id\":\"https:\\\/\\\/www.tressis.com\\\/ca\\\/#\\\/schema\\\/person\\\/b833c1d724d8764920b6d6852c70584e\"},\"headline\":\"Una de cal y otra de arena, la intenci\u00f3n de la agenda macro europea\",\"datePublished\":\"2019-03-26T09:52:50+00:00\",\"dateModified\":\"2023-05-30T17:38:41+00:00\",\"mainEntityOfPage\":{\"@id\":\"https:\\\/\\\/www.tressis.com\\\/ca\\\/blog\\\/una-de-cal-y-otra-de-arena-intencion-agenda-macro\\\/\"},\"wordCount\":369,\"commentCount\":0,\"publisher\":{\"@id\":\"https:\\\/\\\/www.tressis.com\\\/ca\\\/#organization\"},\"image\":{\"@id\":\"https:\\\/\\\/www.tressis.com\\\/ca\\\/blog\\\/una-de-cal-y-otra-de-arena-intencion-agenda-macro\\\/#primaryimage\"},\"thumbnailUrl\":\"https:\\\/\\\/www.tressis.com\\\/wp-content\\\/uploads\\\/2019\\\/03\\\/20190326-mmv.jpg\",\"articleSection\":[\"Morning meeting\"],\"inLanguage\":\"ca\",\"potentialAction\":[{\"@type\":\"CommentAction\",\"name\":\"Comment\",\"target\":[\"https:\\\/\\\/www.tressis.com\\\/ca\\\/blog\\\/una-de-cal-y-otra-de-arena-intencion-agenda-macro\\\/#respond\"]}]},{\"@type\":\"WebPage\",\"@id\":\"https:\\\/\\\/www.tressis.com\\\/ca\\\/blog\\\/una-de-cal-y-otra-de-arena-intencion-agenda-macro\\\/\",\"url\":\"https:\\\/\\\/www.tressis.com\\\/ca\\\/blog\\\/una-de-cal-y-otra-de-arena-intencion-agenda-macro\\\/\",\"name\":\"Una de cal y otra de arena, la intenci\u00f3n de la agenda macro europea\",\"isPartOf\":{\"@id\":\"https:\\\/\\\/www.tressis.com\\\/ca\\\/#website\"},\"primaryImageOfPage\":{\"@id\":\"https:\\\/\\\/www.tressis.com\\\/ca\\\/blog\\\/una-de-cal-y-otra-de-arena-intencion-agenda-macro\\\/#primaryimage\"},\"image\":{\"@id\":\"https:\\\/\\\/www.tressis.com\\\/ca\\\/blog\\\/una-de-cal-y-otra-de-arena-intencion-agenda-macro\\\/#primaryimage\"},\"thumbnailUrl\":\"https:\\\/\\\/www.tressis.com\\\/wp-content\\\/uploads\\\/2019\\\/03\\\/20190326-mmv.jpg\",\"datePublished\":\"2019-03-26T09:52:50+00:00\",\"dateModified\":\"2023-05-30T17:38:41+00:00\",\"description\":\"Una de cal y otra de arena. Esa parece ser la intenci\u00f3n de la agenda macroecon\u00f3mica europea en los \u00faltimos d\u00edas.\",\"breadcrumb\":{\"@id\":\"https:\\\/\\\/www.tressis.com\\\/ca\\\/blog\\\/una-de-cal-y-otra-de-arena-intencion-agenda-macro\\\/#breadcrumb\"},\"inLanguage\":\"ca\",\"potentialAction\":[{\"@type\":\"ReadAction\",\"target\":[\"https:\\\/\\\/www.tressis.com\\\/ca\\\/blog\\\/una-de-cal-y-otra-de-arena-intencion-agenda-macro\\\/\"]}]},{\"@type\":\"ImageObject\",\"inLanguage\":\"ca\",\"@id\":\"https:\\\/\\\/www.tressis.com\\\/ca\\\/blog\\\/una-de-cal-y-otra-de-arena-intencion-agenda-macro\\\/#primaryimage\",\"url\":\"https:\\\/\\\/www.tressis.com\\\/wp-content\\\/uploads\\\/2019\\\/03\\\/20190326-mmv.jpg\",\"contentUrl\":\"https:\\\/\\\/www.tressis.com\\\/wp-content\\\/uploads\\\/2019\\\/03\\\/20190326-mmv.jpg\",\"width\":1100,\"height\":487,\"caption\":\"Una de cal y otra de arena\"},{\"@type\":\"BreadcrumbList\",\"@id\":\"https:\\\/\\\/www.tressis.com\\\/ca\\\/blog\\\/una-de-cal-y-otra-de-arena-intencion-agenda-macro\\\/#breadcrumb\",\"itemListElement\":[{\"@type\":\"ListItem\",\"position\":1,\"name\":\"Inicio\",\"item\":\"https:\\\/\\\/www.tressis.com\\\/ca\\\/\"},{\"@type\":\"ListItem\",\"position\":2,\"name\":\"Morning meeting\",\"item\":\"https:\\\/\\\/www.tressis.com\\\/ca\\\/blog\\\/categorias\\\/morning-meeting-ca\\\/\"},{\"@type\":\"ListItem\",\"position\":3,\"name\":\"Una de cal y otra de arena, la intenci\u00f3n de la agenda macro europea\"}]},{\"@type\":\"WebSite\",\"@id\":\"https:\\\/\\\/www.tressis.com\\\/ca\\\/#website\",\"url\":\"https:\\\/\\\/www.tressis.com\\\/ca\\\/\",\"name\":\"Tressis banca privada\",\"description\":\"Tressis | Planificaci\u00f3n financiera y gesti\u00f3n de patrimonios\",\"publisher\":{\"@id\":\"https:\\\/\\\/www.tressis.com\\\/ca\\\/#organization\"},\"potentialAction\":[{\"@type\":\"SearchAction\",\"target\":{\"@type\":\"EntryPoint\",\"urlTemplate\":\"https:\\\/\\\/www.tressis.com\\\/ca\\\/?s={search_term_string}\"},\"query-input\":{\"@type\":\"PropertyValueSpecification\",\"valueRequired\":true,\"valueName\":\"search_term_string\"}}],\"inLanguage\":\"ca\"},{\"@type\":\"Organization\",\"@id\":\"https:\\\/\\\/www.tressis.com\\\/ca\\\/#organization\",\"name\":\"Tressis\",\"url\":\"https:\\\/\\\/www.tressis.com\\\/ca\\\/\",\"logo\":{\"@type\":\"ImageObject\",\"inLanguage\":\"ca\",\"@id\":\"https:\\\/\\\/www.tressis.com\\\/ca\\\/#\\\/schema\\\/logo\\\/image\\\/\",\"url\":\"https:\\\/\\\/www.tressis.com\\\/wp-content\\\/uploads\\\/2025\\\/06\\\/logo-tressis-112.png\",\"contentUrl\":\"https:\\\/\\\/www.tressis.com\\\/wp-content\\\/uploads\\\/2025\\\/06\\\/logo-tressis-112.png\",\"width\":112,\"height\":112,\"caption\":\"Tressis\"},\"image\":{\"@id\":\"https:\\\/\\\/www.tressis.com\\\/ca\\\/#\\\/schema\\\/logo\\\/image\\\/\"},\"sameAs\":[\"https:\\\/\\\/www.facebook.com\\\/Tressis\\\/\",\"https:\\\/\\\/x.com\\\/TressisSV\",\"https:\\\/\\\/www.instagram.com\\\/tressissv\\\/?hl=es\",\"https:\\\/\\\/linkedin.com\\\/company\\\/tressis\\\/\",\"https:\\\/\\\/www.youtube.com\\\/user\\\/tressissv\",\"https:\\\/\\\/open.spotify.com\\\/show\\\/3jmTe1Nf0wqMILl7diWV6h?si=d7112519f13c4593&nd=1\"]},{\"@type\":\"Person\",\"@id\":\"https:\\\/\\\/www.tressis.com\\\/ca\\\/#\\\/schema\\\/person\\\/b833c1d724d8764920b6d6852c70584e\",\"name\":\"Lola\",\"image\":{\"@type\":\"ImageObject\",\"inLanguage\":\"ca\",\"@id\":\"https:\\\/\\\/secure.gravatar.com\\\/avatar\\\/05e646486b23ff45df9649110609c7e31b8c4a3e2821caa23d6317f405e0c51d?s=96&d=mm&r=g\",\"url\":\"https:\\\/\\\/secure.gravatar.com\\\/avatar\\\/05e646486b23ff45df9649110609c7e31b8c4a3e2821caa23d6317f405e0c51d?s=96&d=mm&r=g\",\"contentUrl\":\"https:\\\/\\\/secure.gravatar.com\\\/avatar\\\/05e646486b23ff45df9649110609c7e31b8c4a3e2821caa23d6317f405e0c51d?s=96&d=mm&r=g\",\"caption\":\"Lola\"}}]}<\/script>\n<!-- \/ Yoast SEO plugin. -->","yoast_head_json":{"title":"Una de cal y otra de arena, la intenci\u00f3n de la agenda macro europea","description":"Una de cal y otra de arena. Esa parece ser la intenci\u00f3n de la agenda macroecon\u00f3mica europea en los \u00faltimos d\u00edas.","robots":{"index":"index","follow":"follow","max-snippet":"max-snippet:-1","max-image-preview":"max-image-preview:large","max-video-preview":"max-video-preview:-1"},"canonical":"https:\/\/www.tressis.com\/ca\/blog\/una-de-cal-y-otra-de-arena-intencion-agenda-macro\/","og_locale":"ca_ES","og_type":"article","og_title":"Una de cal y otra de arena, la intenci\u00f3n de la agenda macro europea","og_description":"Una de cal y otra de arena. Esa parece ser la intenci\u00f3n de la agenda macroecon\u00f3mica europea en los \u00faltimos d\u00edas.","og_url":"https:\/\/www.tressis.com\/ca\/blog\/una-de-cal-y-otra-de-arena-intencion-agenda-macro\/","og_site_name":"Tressis","article_publisher":"https:\/\/www.facebook.com\/Tressis\/","article_published_time":"2019-03-26T09:52:50+00:00","article_modified_time":"2023-05-30T17:38:41+00:00","og_image":[{"width":1100,"height":487,"url":"https:\/\/www.tressis.com\/wp-content\/uploads\/2019\/03\/20190326-mmv.jpg","type":"image\/jpeg"}],"author":"Lola","twitter_card":"summary_large_image","twitter_creator":"@TressisSV","twitter_site":"@TressisSV","twitter_misc":{"Escrit per":"Lola","Temps estimat de lectura":"2 minuts"},"schema":{"@context":"https:\/\/schema.org","@graph":[{"@type":"Article","@id":"https:\/\/www.tressis.com\/ca\/blog\/una-de-cal-y-otra-de-arena-intencion-agenda-macro\/#article","isPartOf":{"@id":"https:\/\/www.tressis.com\/ca\/blog\/una-de-cal-y-otra-de-arena-intencion-agenda-macro\/"},"author":{"name":"Lola","@id":"https:\/\/www.tressis.com\/ca\/#\/schema\/person\/b833c1d724d8764920b6d6852c70584e"},"headline":"Una de cal y otra de arena, la intenci\u00f3n de la agenda macro europea","datePublished":"2019-03-26T09:52:50+00:00","dateModified":"2023-05-30T17:38:41+00:00","mainEntityOfPage":{"@id":"https:\/\/www.tressis.com\/ca\/blog\/una-de-cal-y-otra-de-arena-intencion-agenda-macro\/"},"wordCount":369,"commentCount":0,"publisher":{"@id":"https:\/\/www.tressis.com\/ca\/#organization"},"image":{"@id":"https:\/\/www.tressis.com\/ca\/blog\/una-de-cal-y-otra-de-arena-intencion-agenda-macro\/#primaryimage"},"thumbnailUrl":"https:\/\/www.tressis.com\/wp-content\/uploads\/2019\/03\/20190326-mmv.jpg","articleSection":["Morning meeting"],"inLanguage":"ca","potentialAction":[{"@type":"CommentAction","name":"Comment","target":["https:\/\/www.tressis.com\/ca\/blog\/una-de-cal-y-otra-de-arena-intencion-agenda-macro\/#respond"]}]},{"@type":"WebPage","@id":"https:\/\/www.tressis.com\/ca\/blog\/una-de-cal-y-otra-de-arena-intencion-agenda-macro\/","url":"https:\/\/www.tressis.com\/ca\/blog\/una-de-cal-y-otra-de-arena-intencion-agenda-macro\/","name":"Una de cal y otra de arena, la intenci\u00f3n de la agenda macro europea","isPartOf":{"@id":"https:\/\/www.tressis.com\/ca\/#website"},"primaryImageOfPage":{"@id":"https:\/\/www.tressis.com\/ca\/blog\/una-de-cal-y-otra-de-arena-intencion-agenda-macro\/#primaryimage"},"image":{"@id":"https:\/\/www.tressis.com\/ca\/blog\/una-de-cal-y-otra-de-arena-intencion-agenda-macro\/#primaryimage"},"thumbnailUrl":"https:\/\/www.tressis.com\/wp-content\/uploads\/2019\/03\/20190326-mmv.jpg","datePublished":"2019-03-26T09:52:50+00:00","dateModified":"2023-05-30T17:38:41+00:00","description":"Una de cal y otra de arena. Esa parece ser la intenci\u00f3n de la agenda macroecon\u00f3mica europea en los \u00faltimos d\u00edas.","breadcrumb":{"@id":"https:\/\/www.tressis.com\/ca\/blog\/una-de-cal-y-otra-de-arena-intencion-agenda-macro\/#breadcrumb"},"inLanguage":"ca","potentialAction":[{"@type":"ReadAction","target":["https:\/\/www.tressis.com\/ca\/blog\/una-de-cal-y-otra-de-arena-intencion-agenda-macro\/"]}]},{"@type":"ImageObject","inLanguage":"ca","@id":"https:\/\/www.tressis.com\/ca\/blog\/una-de-cal-y-otra-de-arena-intencion-agenda-macro\/#primaryimage","url":"https:\/\/www.tressis.com\/wp-content\/uploads\/2019\/03\/20190326-mmv.jpg","contentUrl":"https:\/\/www.tressis.com\/wp-content\/uploads\/2019\/03\/20190326-mmv.jpg","width":1100,"height":487,"caption":"Una de cal y otra de arena"},{"@type":"BreadcrumbList","@id":"https:\/\/www.tressis.com\/ca\/blog\/una-de-cal-y-otra-de-arena-intencion-agenda-macro\/#breadcrumb","itemListElement":[{"@type":"ListItem","position":1,"name":"Inicio","item":"https:\/\/www.tressis.com\/ca\/"},{"@type":"ListItem","position":2,"name":"Morning meeting","item":"https:\/\/www.tressis.com\/ca\/blog\/categorias\/morning-meeting-ca\/"},{"@type":"ListItem","position":3,"name":"Una de cal y otra de arena, la intenci\u00f3n de la agenda macro europea"}]},{"@type":"WebSite","@id":"https:\/\/www.tressis.com\/ca\/#website","url":"https:\/\/www.tressis.com\/ca\/","name":"Tressis banca privada","description":"Tressis | Planificaci\u00f3n financiera y gesti\u00f3n de patrimonios","publisher":{"@id":"https:\/\/www.tressis.com\/ca\/#organization"},"potentialAction":[{"@type":"SearchAction","target":{"@type":"EntryPoint","urlTemplate":"https:\/\/www.tressis.com\/ca\/?s={search_term_string}"},"query-input":{"@type":"PropertyValueSpecification","valueRequired":true,"valueName":"search_term_string"}}],"inLanguage":"ca"},{"@type":"Organization","@id":"https:\/\/www.tressis.com\/ca\/#organization","name":"Tressis","url":"https:\/\/www.tressis.com\/ca\/","logo":{"@type":"ImageObject","inLanguage":"ca","@id":"https:\/\/www.tressis.com\/ca\/#\/schema\/logo\/image\/","url":"https:\/\/www.tressis.com\/wp-content\/uploads\/2025\/06\/logo-tressis-112.png","contentUrl":"https:\/\/www.tressis.com\/wp-content\/uploads\/2025\/06\/logo-tressis-112.png","width":112,"height":112,"caption":"Tressis"},"image":{"@id":"https:\/\/www.tressis.com\/ca\/#\/schema\/logo\/image\/"},"sameAs":["https:\/\/www.facebook.com\/Tressis\/","https:\/\/x.com\/TressisSV","https:\/\/www.instagram.com\/tressissv\/?hl=es","https:\/\/linkedin.com\/company\/tressis\/","https:\/\/www.youtube.com\/user\/tressissv","https:\/\/open.spotify.com\/show\/3jmTe1Nf0wqMILl7diWV6h?si=d7112519f13c4593&nd=1"]},{"@type":"Person","@id":"https:\/\/www.tressis.com\/ca\/#\/schema\/person\/b833c1d724d8764920b6d6852c70584e","name":"Lola","image":{"@type":"ImageObject","inLanguage":"ca","@id":"https:\/\/secure.gravatar.com\/avatar\/05e646486b23ff45df9649110609c7e31b8c4a3e2821caa23d6317f405e0c51d?s=96&d=mm&r=g","url":"https:\/\/secure.gravatar.com\/avatar\/05e646486b23ff45df9649110609c7e31b8c4a3e2821caa23d6317f405e0c51d?s=96&d=mm&r=g","contentUrl":"https:\/\/secure.gravatar.com\/avatar\/05e646486b23ff45df9649110609c7e31b8c4a3e2821caa23d6317f405e0c51d?s=96&d=mm&r=g","caption":"Lola"}}]}},"_links":{"self":[{"href":"https:\/\/www.tressis.com\/ca\/wp-json\/wp\/v2\/posts\/31177","targetHints":{"allow":["GET"]}}],"collection":[{"href":"https:\/\/www.tressis.com\/ca\/wp-json\/wp\/v2\/posts"}],"about":[{"href":"https:\/\/www.tressis.com\/ca\/wp-json\/wp\/v2\/types\/post"}],"author":[{"embeddable":true,"href":"https:\/\/www.tressis.com\/ca\/wp-json\/wp\/v2\/users\/4"}],"replies":[{"embeddable":true,"href":"https:\/\/www.tressis.com\/ca\/wp-json\/wp\/v2\/comments?post=31177"}],"version-history":[{"count":0,"href":"https:\/\/www.tressis.com\/ca\/wp-json\/wp\/v2\/posts\/31177\/revisions"}],"wp:featuredmedia":[{"embeddable":true,"href":"https:\/\/www.tressis.com\/ca\/wp-json\/wp\/v2\/media\/31180"}],"wp:attachment":[{"href":"https:\/\/www.tressis.com\/ca\/wp-json\/wp\/v2\/media?parent=31177"}],"wp:term":[{"taxonomy":"category","embeddable":true,"href":"https:\/\/www.tressis.com\/ca\/wp-json\/wp\/v2\/categories?post=31177"},{"taxonomy":"post_tag","embeddable":true,"href":"https:\/\/www.tressis.com\/ca\/wp-json\/wp\/v2\/tags?post=31177"}],"curies":[{"name":"wp","href":"https:\/\/api.w.org\/{rel}","templated":true}]}}