{"id":31104,"date":"2019-03-13T10:54:10","date_gmt":"2019-03-13T09:54:10","guid":{"rendered":"http:\/\/www.tressis.com\/blog\/?p=31104"},"modified":"2019-03-13T10:54:10","modified_gmt":"2019-03-13T09:54:10","slug":"la-irresponsabilidad-de-una-clase-politica","status":"publish","type":"post","link":"https:\/\/www.tressis.com\/ca\/blog\/la-irresponsabilidad-de-una-clase-politica\/","title":{"rendered":"La irresponsabilidad de una clase pol\u00edtica"},"content":{"rendered":"<p>Y se consum\u00f3 que el <i>brexit<\/i> est\u00e1 entre dos paredes que ni para adelante ni para atr\u00e1s.<!--more--><\/p>\n<p>La votaci\u00f3n de ayer no solo evidenci\u00f3 que el puesto le ha venido grande a Theresa May en estas circunstancias, sino la irresponsabilidad de una clase pol\u00edtica que se meti\u00f3 a la aventura de la independencia sin medir las consecuencias ni por un segundo, claro ejemplo de lo que son la gran mayor\u00eda de los l\u00edderes mundiales del siglo XXI.<\/p>\n<p>Empez\u00f3 herida de muerte una hipot\u00e9tica victoria despu\u00e9s de que el abogado general del Reino Unido rechazara el acuerdo alcanzado entre la <i>premier<\/i> y la Uni\u00f3n Europea, siendo la frontera irlandesa, c\u00f3mo no, el punto de fricci\u00f3n que al menos en la teor\u00eda m\u00e1s est\u00e1 impidiendo el acuerdo entre las fuerzas pol\u00edticas de las Islas. Sabido esto, la votaci\u00f3n de hoy, en la que toca decidir si se descarta o no de forma oficial un <i>hard brexit<\/i>, apunta a que ganar\u00e1 la pr\u00f3rroga en el tiempo, si bien la libertad de voto dada por May hace no descartar nada.<\/p>\n<p>Lo bueno de todo esto del <i>brexit<\/i> es que son ya dos a\u00f1os y medio largos desde la votaci\u00f3n en los que nos ha dado tiempo m\u00e1s que de sobra a comprobar que los partidarios de la salida brit\u00e1nica de la UE no tienen un plan m\u00e1s all\u00e1 del sentimental. Quiz\u00e1s por eso el mercado reaccion\u00f3 con relativa indiferencia, aunque mejor no menospreciar las probabilidades que se le pueden dar a una salida desordenada y las nefastas consecuencias que eso podr\u00eda tener para la confianza econ\u00f3mica all\u00ed y tambi\u00e9n aqu\u00ed, en lo que sigue siendo Europa.<\/p>\n<p>EE.UU. mira con recelo a este lado del Atl\u00e1ntico. Normal, la verdad. Pero ya tiene sus problemas ahora. Uno tiene nombre, Boeing, que est\u00e1 sufriendo una ola rechazo sobre el modelo que ha supuesto el 75% de los pedidos y que de alguna manera u otra tiene que hacerse notar sobre la actividad real, m\u00e1s a\u00fan como empiecen las cancelaciones por motivos de seguridad. El otro nombre y tambi\u00e9n apellido, guerra comercial, de la que estos d\u00edas no se dice gran cosa pero que sigue dejando muertos por el camino all\u00e1 por donde pasa, ahora con el desplome de los pedidos de maquinaria de Jap\u00f3n.<\/p>\n<p>Antes de terminar y aunque hoy el d\u00eda no est\u00e1 para ello, hay que comentar la lectura del IPC norteamericano correspondiente a febrero. Y hay que hacerlo porque aunque la general ha sido capaz de m\u00e1s o menos mantenerse, la tasa subyacente, m\u00e1s representativa del d\u00eda a d\u00eda de la econom\u00eda, ha sufrido un descenso que devuelve la inflaci\u00f3n a niveles del pasado agosto.<\/p>\n<p>Buen d\u00eda.<\/p>\n<p><center><strong>Am\u00edlcar Barrios Vilallonga<\/strong><br \/>\nDirecci\u00f3n de Inversiones<\/center><\/p>\n","protected":false},"excerpt":{"rendered":"<p>Y se consum\u00f3 que el brexit est\u00e1 entre dos paredes que ni para adelante ni para atr\u00e1s.<\/p>\n","protected":false},"author":4,"featured_media":31105,"comment_status":"open","ping_status":"closed","sticky":false,"template":"","format":"standard","meta":{"_acf_changed":false,"footnotes":""},"categories":[9721],"tags":[811,1362,2206,2556,2871,3158,3683,4752,6568,6772],"class_list":["post-31104","post","type-post","status-publish","format-standard","has-post-thumbnail","hentry","category-morning-meeting","tag-brexit","tag-confianza-economica","tag-eeuu","tag-europa","tag-fracaso-brexit","tag-hard-brexit","tag-irresponsabilidad-politica","tag-pedidos-maquinaria-japon","tag-theresa-may","tag-union-europea"],"acf":[],"yoast_head":"<!-- This site is optimized with the Yoast SEO plugin v27.5 - https:\/\/yoast.com\/product\/yoast-seo-wordpress\/ -->\n<title>La irresponsabilidad de una clase pol\u00edtica<\/title>\n<meta name=\"description\" content=\"Se metieron en una aventura llamada independencia sin medir las consecuencias ni por un segundo\" \/>\n<meta name=\"robots\" content=\"index, follow, max-snippet:-1, max-image-preview:large, max-video-preview:-1\" \/>\n<link rel=\"canonical\" href=\"https:\/\/www.tressis.com\/ca\/blog\/la-irresponsabilidad-de-una-clase-politica\/\" \/>\n<meta property=\"og:locale\" content=\"ca_ES\" \/>\n<meta property=\"og:type\" content=\"article\" \/>\n<meta property=\"og:title\" content=\"La irresponsabilidad de una clase pol\u00edtica\" \/>\n<meta property=\"og:description\" content=\"Se metieron en una aventura llamada independencia sin medir las consecuencias ni por un segundo\" \/>\n<meta property=\"og:url\" content=\"https:\/\/www.tressis.com\/ca\/blog\/la-irresponsabilidad-de-una-clase-politica\/\" \/>\n<meta property=\"og:site_name\" content=\"Tressis\" \/>\n<meta property=\"article:publisher\" content=\"https:\/\/www.facebook.com\/Tressis\/\" \/>\n<meta property=\"article:published_time\" content=\"2019-03-13T09:54:10+00:00\" \/>\n<meta property=\"og:image\" content=\"https:\/\/www.tressis.com\/wp-content\/uploads\/2019\/03\/20190313-mmv.jpg\" \/>\n\t<meta property=\"og:image:width\" content=\"1100\" \/>\n\t<meta property=\"og:image:height\" content=\"487\" \/>\n\t<meta property=\"og:image:type\" content=\"image\/jpeg\" \/>\n<meta name=\"author\" content=\"Lola\" \/>\n<meta name=\"twitter:card\" content=\"summary_large_image\" \/>\n<meta name=\"twitter:creator\" content=\"@TressisSV\" \/>\n<meta name=\"twitter:site\" content=\"@TressisSV\" \/>\n<meta name=\"twitter:label1\" content=\"Escrit per\" \/>\n\t<meta name=\"twitter:data1\" content=\"Lola\" \/>\n\t<meta name=\"twitter:label2\" content=\"Temps estimat de lectura\" \/>\n\t<meta name=\"twitter:data2\" content=\"2 minuts\" \/>\n<script type=\"application\/ld+json\" class=\"yoast-schema-graph\">{\"@context\":\"https:\\\/\\\/schema.org\",\"@graph\":[{\"@type\":\"Article\",\"@id\":\"https:\\\/\\\/www.tressis.com\\\/ca\\\/blog\\\/la-irresponsabilidad-de-una-clase-politica\\\/#article\",\"isPartOf\":{\"@id\":\"https:\\\/\\\/www.tressis.com\\\/ca\\\/blog\\\/la-irresponsabilidad-de-una-clase-politica\\\/\"},\"author\":{\"name\":\"Lola\",\"@id\":\"https:\\\/\\\/www.tressis.com\\\/ca\\\/#\\\/schema\\\/person\\\/b833c1d724d8764920b6d6852c70584e\"},\"headline\":\"La irresponsabilidad de una clase pol\u00edtica\",\"datePublished\":\"2019-03-13T09:54:10+00:00\",\"mainEntityOfPage\":{\"@id\":\"https:\\\/\\\/www.tressis.com\\\/ca\\\/blog\\\/la-irresponsabilidad-de-una-clase-politica\\\/\"},\"wordCount\":496,\"commentCount\":0,\"publisher\":{\"@id\":\"https:\\\/\\\/www.tressis.com\\\/ca\\\/#organization\"},\"image\":{\"@id\":\"https:\\\/\\\/www.tressis.com\\\/ca\\\/blog\\\/la-irresponsabilidad-de-una-clase-politica\\\/#primaryimage\"},\"thumbnailUrl\":\"https:\\\/\\\/www.tressis.com\\\/wp-content\\\/uploads\\\/2019\\\/03\\\/20190313-mmv.jpg\",\"keywords\":[\"Brexit\",\"confianza econ\u00f3mica\",\"EEUU\",\"Europa\",\"fracaso brexit\",\"hard brexit\",\"irresponsabilidad pol\u00edtica\",\"pedidos maquinaria Jap\u00f3n\",\"Theresa May\",\"Uni\u00f3n Europea\"],\"articleSection\":[\"Morning meeting\"],\"inLanguage\":\"ca\",\"potentialAction\":[{\"@type\":\"CommentAction\",\"name\":\"Comment\",\"target\":[\"https:\\\/\\\/www.tressis.com\\\/ca\\\/blog\\\/la-irresponsabilidad-de-una-clase-politica\\\/#respond\"]}]},{\"@type\":\"WebPage\",\"@id\":\"https:\\\/\\\/www.tressis.com\\\/ca\\\/blog\\\/la-irresponsabilidad-de-una-clase-politica\\\/\",\"url\":\"https:\\\/\\\/www.tressis.com\\\/ca\\\/blog\\\/la-irresponsabilidad-de-una-clase-politica\\\/\",\"name\":\"La irresponsabilidad de una clase pol\u00edtica\",\"isPartOf\":{\"@id\":\"https:\\\/\\\/www.tressis.com\\\/ca\\\/#website\"},\"primaryImageOfPage\":{\"@id\":\"https:\\\/\\\/www.tressis.com\\\/ca\\\/blog\\\/la-irresponsabilidad-de-una-clase-politica\\\/#primaryimage\"},\"image\":{\"@id\":\"https:\\\/\\\/www.tressis.com\\\/ca\\\/blog\\\/la-irresponsabilidad-de-una-clase-politica\\\/#primaryimage\"},\"thumbnailUrl\":\"https:\\\/\\\/www.tressis.com\\\/wp-content\\\/uploads\\\/2019\\\/03\\\/20190313-mmv.jpg\",\"datePublished\":\"2019-03-13T09:54:10+00:00\",\"description\":\"Se metieron en una aventura llamada independencia sin medir las consecuencias ni por un segundo\",\"breadcrumb\":{\"@id\":\"https:\\\/\\\/www.tressis.com\\\/ca\\\/blog\\\/la-irresponsabilidad-de-una-clase-politica\\\/#breadcrumb\"},\"inLanguage\":\"ca\",\"potentialAction\":[{\"@type\":\"ReadAction\",\"target\":[\"https:\\\/\\\/www.tressis.com\\\/ca\\\/blog\\\/la-irresponsabilidad-de-una-clase-politica\\\/\"]}]},{\"@type\":\"ImageObject\",\"inLanguage\":\"ca\",\"@id\":\"https:\\\/\\\/www.tressis.com\\\/ca\\\/blog\\\/la-irresponsabilidad-de-una-clase-politica\\\/#primaryimage\",\"url\":\"https:\\\/\\\/www.tressis.com\\\/wp-content\\\/uploads\\\/2019\\\/03\\\/20190313-mmv.jpg\",\"contentUrl\":\"https:\\\/\\\/www.tressis.com\\\/wp-content\\\/uploads\\\/2019\\\/03\\\/20190313-mmv.jpg\",\"width\":1100,\"height\":487,\"caption\":\"La irresponsabilidad de una clase pol\u00edtica\"},{\"@type\":\"BreadcrumbList\",\"@id\":\"https:\\\/\\\/www.tressis.com\\\/ca\\\/blog\\\/la-irresponsabilidad-de-una-clase-politica\\\/#breadcrumb\",\"itemListElement\":[{\"@type\":\"ListItem\",\"position\":1,\"name\":\"Inicio\",\"item\":\"https:\\\/\\\/www.tressis.com\\\/ca\\\/\"},{\"@type\":\"ListItem\",\"position\":2,\"name\":\"La irresponsabilidad de una clase pol\u00edtica\"}]},{\"@type\":\"WebSite\",\"@id\":\"https:\\\/\\\/www.tressis.com\\\/ca\\\/#website\",\"url\":\"https:\\\/\\\/www.tressis.com\\\/ca\\\/\",\"name\":\"Tressis banca privada\",\"description\":\"Tressis | Planificaci\u00f3n financiera y gesti\u00f3n de patrimonios\",\"publisher\":{\"@id\":\"https:\\\/\\\/www.tressis.com\\\/ca\\\/#organization\"},\"potentialAction\":[{\"@type\":\"SearchAction\",\"target\":{\"@type\":\"EntryPoint\",\"urlTemplate\":\"https:\\\/\\\/www.tressis.com\\\/ca\\\/?s={search_term_string}\"},\"query-input\":{\"@type\":\"PropertyValueSpecification\",\"valueRequired\":true,\"valueName\":\"search_term_string\"}}],\"inLanguage\":\"ca\"},{\"@type\":\"Organization\",\"@id\":\"https:\\\/\\\/www.tressis.com\\\/ca\\\/#organization\",\"name\":\"Tressis\",\"url\":\"https:\\\/\\\/www.tressis.com\\\/ca\\\/\",\"logo\":{\"@type\":\"ImageObject\",\"inLanguage\":\"ca\",\"@id\":\"https:\\\/\\\/www.tressis.com\\\/ca\\\/#\\\/schema\\\/logo\\\/image\\\/\",\"url\":\"https:\\\/\\\/www.tressis.com\\\/wp-content\\\/uploads\\\/2025\\\/06\\\/logo-tressis-112.png\",\"contentUrl\":\"https:\\\/\\\/www.tressis.com\\\/wp-content\\\/uploads\\\/2025\\\/06\\\/logo-tressis-112.png\",\"width\":112,\"height\":112,\"caption\":\"Tressis\"},\"image\":{\"@id\":\"https:\\\/\\\/www.tressis.com\\\/ca\\\/#\\\/schema\\\/logo\\\/image\\\/\"},\"sameAs\":[\"https:\\\/\\\/www.facebook.com\\\/Tressis\\\/\",\"https:\\\/\\\/x.com\\\/TressisSV\",\"https:\\\/\\\/www.instagram.com\\\/tressissv\\\/?hl=es\",\"https:\\\/\\\/linkedin.com\\\/company\\\/tressis\\\/\",\"https:\\\/\\\/www.youtube.com\\\/user\\\/tressissv\",\"https:\\\/\\\/open.spotify.com\\\/show\\\/3jmTe1Nf0wqMILl7diWV6h?si=d7112519f13c4593&nd=1\"]},{\"@type\":\"Person\",\"@id\":\"https:\\\/\\\/www.tressis.com\\\/ca\\\/#\\\/schema\\\/person\\\/b833c1d724d8764920b6d6852c70584e\",\"name\":\"Lola\",\"image\":{\"@type\":\"ImageObject\",\"inLanguage\":\"ca\",\"@id\":\"https:\\\/\\\/secure.gravatar.com\\\/avatar\\\/05e646486b23ff45df9649110609c7e31b8c4a3e2821caa23d6317f405e0c51d?s=96&d=mm&r=g\",\"url\":\"https:\\\/\\\/secure.gravatar.com\\\/avatar\\\/05e646486b23ff45df9649110609c7e31b8c4a3e2821caa23d6317f405e0c51d?s=96&d=mm&r=g\",\"contentUrl\":\"https:\\\/\\\/secure.gravatar.com\\\/avatar\\\/05e646486b23ff45df9649110609c7e31b8c4a3e2821caa23d6317f405e0c51d?s=96&d=mm&r=g\",\"caption\":\"Lola\"}}]}<\/script>\n<!-- \/ Yoast SEO plugin. -->","yoast_head_json":{"title":"La irresponsabilidad de una clase pol\u00edtica","description":"Se metieron en una aventura llamada independencia sin medir las consecuencias ni por un segundo","robots":{"index":"index","follow":"follow","max-snippet":"max-snippet:-1","max-image-preview":"max-image-preview:large","max-video-preview":"max-video-preview:-1"},"canonical":"https:\/\/www.tressis.com\/ca\/blog\/la-irresponsabilidad-de-una-clase-politica\/","og_locale":"ca_ES","og_type":"article","og_title":"La irresponsabilidad de una clase pol\u00edtica","og_description":"Se metieron en una aventura llamada independencia sin medir las consecuencias ni por un segundo","og_url":"https:\/\/www.tressis.com\/ca\/blog\/la-irresponsabilidad-de-una-clase-politica\/","og_site_name":"Tressis","article_publisher":"https:\/\/www.facebook.com\/Tressis\/","article_published_time":"2019-03-13T09:54:10+00:00","og_image":[{"width":1100,"height":487,"url":"https:\/\/www.tressis.com\/wp-content\/uploads\/2019\/03\/20190313-mmv.jpg","type":"image\/jpeg"}],"author":"Lola","twitter_card":"summary_large_image","twitter_creator":"@TressisSV","twitter_site":"@TressisSV","twitter_misc":{"Escrit per":"Lola","Temps estimat de lectura":"2 minuts"},"schema":{"@context":"https:\/\/schema.org","@graph":[{"@type":"Article","@id":"https:\/\/www.tressis.com\/ca\/blog\/la-irresponsabilidad-de-una-clase-politica\/#article","isPartOf":{"@id":"https:\/\/www.tressis.com\/ca\/blog\/la-irresponsabilidad-de-una-clase-politica\/"},"author":{"name":"Lola","@id":"https:\/\/www.tressis.com\/ca\/#\/schema\/person\/b833c1d724d8764920b6d6852c70584e"},"headline":"La irresponsabilidad de una clase pol\u00edtica","datePublished":"2019-03-13T09:54:10+00:00","mainEntityOfPage":{"@id":"https:\/\/www.tressis.com\/ca\/blog\/la-irresponsabilidad-de-una-clase-politica\/"},"wordCount":496,"commentCount":0,"publisher":{"@id":"https:\/\/www.tressis.com\/ca\/#organization"},"image":{"@id":"https:\/\/www.tressis.com\/ca\/blog\/la-irresponsabilidad-de-una-clase-politica\/#primaryimage"},"thumbnailUrl":"https:\/\/www.tressis.com\/wp-content\/uploads\/2019\/03\/20190313-mmv.jpg","keywords":["Brexit","confianza econ\u00f3mica","EEUU","Europa","fracaso brexit","hard brexit","irresponsabilidad pol\u00edtica","pedidos maquinaria Jap\u00f3n","Theresa May","Uni\u00f3n Europea"],"articleSection":["Morning meeting"],"inLanguage":"ca","potentialAction":[{"@type":"CommentAction","name":"Comment","target":["https:\/\/www.tressis.com\/ca\/blog\/la-irresponsabilidad-de-una-clase-politica\/#respond"]}]},{"@type":"WebPage","@id":"https:\/\/www.tressis.com\/ca\/blog\/la-irresponsabilidad-de-una-clase-politica\/","url":"https:\/\/www.tressis.com\/ca\/blog\/la-irresponsabilidad-de-una-clase-politica\/","name":"La irresponsabilidad de una clase pol\u00edtica","isPartOf":{"@id":"https:\/\/www.tressis.com\/ca\/#website"},"primaryImageOfPage":{"@id":"https:\/\/www.tressis.com\/ca\/blog\/la-irresponsabilidad-de-una-clase-politica\/#primaryimage"},"image":{"@id":"https:\/\/www.tressis.com\/ca\/blog\/la-irresponsabilidad-de-una-clase-politica\/#primaryimage"},"thumbnailUrl":"https:\/\/www.tressis.com\/wp-content\/uploads\/2019\/03\/20190313-mmv.jpg","datePublished":"2019-03-13T09:54:10+00:00","description":"Se metieron en una aventura llamada independencia sin medir las consecuencias ni por un segundo","breadcrumb":{"@id":"https:\/\/www.tressis.com\/ca\/blog\/la-irresponsabilidad-de-una-clase-politica\/#breadcrumb"},"inLanguage":"ca","potentialAction":[{"@type":"ReadAction","target":["https:\/\/www.tressis.com\/ca\/blog\/la-irresponsabilidad-de-una-clase-politica\/"]}]},{"@type":"ImageObject","inLanguage":"ca","@id":"https:\/\/www.tressis.com\/ca\/blog\/la-irresponsabilidad-de-una-clase-politica\/#primaryimage","url":"https:\/\/www.tressis.com\/wp-content\/uploads\/2019\/03\/20190313-mmv.jpg","contentUrl":"https:\/\/www.tressis.com\/wp-content\/uploads\/2019\/03\/20190313-mmv.jpg","width":1100,"height":487,"caption":"La irresponsabilidad de una clase pol\u00edtica"},{"@type":"BreadcrumbList","@id":"https:\/\/www.tressis.com\/ca\/blog\/la-irresponsabilidad-de-una-clase-politica\/#breadcrumb","itemListElement":[{"@type":"ListItem","position":1,"name":"Inicio","item":"https:\/\/www.tressis.com\/ca\/"},{"@type":"ListItem","position":2,"name":"La irresponsabilidad de una clase pol\u00edtica"}]},{"@type":"WebSite","@id":"https:\/\/www.tressis.com\/ca\/#website","url":"https:\/\/www.tressis.com\/ca\/","name":"Tressis banca privada","description":"Tressis | Planificaci\u00f3n financiera y gesti\u00f3n de patrimonios","publisher":{"@id":"https:\/\/www.tressis.com\/ca\/#organization"},"potentialAction":[{"@type":"SearchAction","target":{"@type":"EntryPoint","urlTemplate":"https:\/\/www.tressis.com\/ca\/?s={search_term_string}"},"query-input":{"@type":"PropertyValueSpecification","valueRequired":true,"valueName":"search_term_string"}}],"inLanguage":"ca"},{"@type":"Organization","@id":"https:\/\/www.tressis.com\/ca\/#organization","name":"Tressis","url":"https:\/\/www.tressis.com\/ca\/","logo":{"@type":"ImageObject","inLanguage":"ca","@id":"https:\/\/www.tressis.com\/ca\/#\/schema\/logo\/image\/","url":"https:\/\/www.tressis.com\/wp-content\/uploads\/2025\/06\/logo-tressis-112.png","contentUrl":"https:\/\/www.tressis.com\/wp-content\/uploads\/2025\/06\/logo-tressis-112.png","width":112,"height":112,"caption":"Tressis"},"image":{"@id":"https:\/\/www.tressis.com\/ca\/#\/schema\/logo\/image\/"},"sameAs":["https:\/\/www.facebook.com\/Tressis\/","https:\/\/x.com\/TressisSV","https:\/\/www.instagram.com\/tressissv\/?hl=es","https:\/\/linkedin.com\/company\/tressis\/","https:\/\/www.youtube.com\/user\/tressissv","https:\/\/open.spotify.com\/show\/3jmTe1Nf0wqMILl7diWV6h?si=d7112519f13c4593&nd=1"]},{"@type":"Person","@id":"https:\/\/www.tressis.com\/ca\/#\/schema\/person\/b833c1d724d8764920b6d6852c70584e","name":"Lola","image":{"@type":"ImageObject","inLanguage":"ca","@id":"https:\/\/secure.gravatar.com\/avatar\/05e646486b23ff45df9649110609c7e31b8c4a3e2821caa23d6317f405e0c51d?s=96&d=mm&r=g","url":"https:\/\/secure.gravatar.com\/avatar\/05e646486b23ff45df9649110609c7e31b8c4a3e2821caa23d6317f405e0c51d?s=96&d=mm&r=g","contentUrl":"https:\/\/secure.gravatar.com\/avatar\/05e646486b23ff45df9649110609c7e31b8c4a3e2821caa23d6317f405e0c51d?s=96&d=mm&r=g","caption":"Lola"}}]}},"_links":{"self":[{"href":"https:\/\/www.tressis.com\/ca\/wp-json\/wp\/v2\/posts\/31104","targetHints":{"allow":["GET"]}}],"collection":[{"href":"https:\/\/www.tressis.com\/ca\/wp-json\/wp\/v2\/posts"}],"about":[{"href":"https:\/\/www.tressis.com\/ca\/wp-json\/wp\/v2\/types\/post"}],"author":[{"embeddable":true,"href":"https:\/\/www.tressis.com\/ca\/wp-json\/wp\/v2\/users\/4"}],"replies":[{"embeddable":true,"href":"https:\/\/www.tressis.com\/ca\/wp-json\/wp\/v2\/comments?post=31104"}],"version-history":[{"count":0,"href":"https:\/\/www.tressis.com\/ca\/wp-json\/wp\/v2\/posts\/31104\/revisions"}],"wp:featuredmedia":[{"embeddable":true,"href":"https:\/\/www.tressis.com\/ca\/wp-json\/wp\/v2\/media\/31105"}],"wp:attachment":[{"href":"https:\/\/www.tressis.com\/ca\/wp-json\/wp\/v2\/media?parent=31104"}],"wp:term":[{"taxonomy":"category","embeddable":true,"href":"https:\/\/www.tressis.com\/ca\/wp-json\/wp\/v2\/categories?post=31104"},{"taxonomy":"post_tag","embeddable":true,"href":"https:\/\/www.tressis.com\/ca\/wp-json\/wp\/v2\/tags?post=31104"}],"curies":[{"name":"wp","href":"https:\/\/api.w.org\/{rel}","templated":true}]}}