{"id":31013,"date":"2019-03-01T10:47:12","date_gmt":"2019-03-01T09:47:12","guid":{"rendered":"http:\/\/www.tressis.com\/blog\/?p=31013"},"modified":"2019-03-01T10:47:12","modified_gmt":"2019-03-01T09:47:12","slug":"la-politica-del-palo-y-la-zanahoria-2-2","status":"publish","type":"post","link":"https:\/\/www.tressis.com\/ca\/blog\/la-politica-del-palo-y-la-zanahoria-2-2\/","title":{"rendered":"La pol\u00edtica del palo y la zanahoria"},"content":{"rendered":"<p>A Donald Trump no le debieron de sentar muy bien las exigencias norcoreanas, no solo por irse sin despedirse de Hanoi, sino porque tambi\u00e9n China lo ha sufrido.<!--more--> Esta vez advirtiendo que el mango de la sart\u00e9n est\u00e1 en su mano y que si no le gusta lo que ve, simple y llanamente se acab\u00f3. Tampoco es algo novedoso en unas conversaciones que llevan tantos meses, en las que la pol\u00edtica del palo y la zanahoria es una constante de la Casa Blanca hacia Pek\u00edn.<\/p>\n<p>Quiz\u00e1s ni siquiera este nuevo quiebro del presidente de EE.UU. fuera suficiente para aguarle la fiesta a unas autoridades chinas que ven c\u00f3mo avanzan en su intento de asentarse en el mercado global de capitales. El proveedor de \u00edndices MSCI anunci\u00f3 que pretende multiplicar por cuatro la presencia de acciones chinas para final de a\u00f1o, lo que aunque solo sea por todos los inversores que siguen religiosamente esta composici\u00f3n, significa una entrada masiva de dinero extranjero en China.<\/p>\n<p>A nivel econ\u00f3mico la atenci\u00f3n gir\u00f3 en torno a la (m\u00e1s o menos) fortaleza del crecimiento de EE.UU. El PIB sube un 2,6% en el cuarto trimestre que sirve para batir las previsiones, adem\u00e1s de hacerlo empujado por la inversi\u00f3n empresarial. Gran noticia esta, que adem\u00e1s se puede utilizar para tapar un consumo privado levemente por debajo de lo que se ven\u00eda estimando. En cualquier caso, este dato, as\u00ed como la aceleraci\u00f3n del PMI Chicago u otros indicadores adelantados recientes, ayudan a pensar que la desaceleraci\u00f3n se queda en eso, en una simple desaceleraci\u00f3n propia de cualquier ciclo econ\u00f3mico.<\/p>\n<p>Buen fin de semana.<\/p>\n<p><center><strong>Am\u00edlcar Barrios Vilallonga<\/strong><br \/>\nDirecci\u00f3n de Inversiones<\/center><\/p>\n","protected":false},"excerpt":{"rendered":"<p>A Donald Trump no le debieron de sentar muy bien las exigencias norcoreanas, no solo por irse sin despedirse de Hanoi, sino porque tambi\u00e9n China lo ha sufrido.<\/p>\n","protected":false},"author":4,"featured_media":31017,"comment_status":"open","ping_status":"closed","sticky":false,"template":"","format":"standard","meta":{"_acf_changed":false,"footnotes":""},"categories":[9721],"tags":[1118,1889,2120,2206,4856,4927],"class_list":["post-31013","post","type-post","status-publish","format-standard","has-post-thumbnail","hentry","category-morning-meeting","tag-china","tag-desaceleracion","tag-donald-trump","tag-eeuu","tag-pib","tag-pmi"],"acf":[],"yoast_head":"<!-- This site is optimized with the Yoast SEO plugin v27.5 - https:\/\/yoast.com\/product\/yoast-seo-wordpress\/ -->\n<title>La pol\u00edtica del palo y la zanahoria<\/title>\n<meta name=\"description\" content=\"No es algo novedoso en unas conversaciones que llevan tantos meses, en las que la pol\u00edtica del palo y la zanahoria es una constante de la Casa Blanca hacia Pek\u00edn.\" \/>\n<meta name=\"robots\" content=\"index, follow, max-snippet:-1, max-image-preview:large, max-video-preview:-1\" \/>\n<link rel=\"canonical\" href=\"https:\/\/www.tressis.com\/ca\/blog\/la-politica-del-palo-y-la-zanahoria-2-2\/\" \/>\n<meta property=\"og:locale\" content=\"ca_ES\" \/>\n<meta property=\"og:type\" content=\"article\" \/>\n<meta property=\"og:title\" content=\"La pol\u00edtica del palo y la zanahoria\" \/>\n<meta property=\"og:description\" content=\"No es algo novedoso en unas conversaciones que llevan tantos meses, en las que la pol\u00edtica del palo y la zanahoria es una constante de la Casa Blanca hacia Pek\u00edn.\" \/>\n<meta property=\"og:url\" content=\"https:\/\/www.tressis.com\/ca\/blog\/la-politica-del-palo-y-la-zanahoria-2-2\/\" \/>\n<meta property=\"og:site_name\" content=\"Tressis\" \/>\n<meta property=\"article:publisher\" content=\"https:\/\/www.facebook.com\/Tressis\/\" \/>\n<meta property=\"article:published_time\" content=\"2019-03-01T09:47:12+00:00\" \/>\n<meta property=\"og:image\" content=\"https:\/\/www.tressis.com\/wp-content\/uploads\/2019\/03\/20190301-mmv.jpg\" \/>\n\t<meta property=\"og:image:width\" content=\"1100\" \/>\n\t<meta property=\"og:image:height\" content=\"487\" \/>\n\t<meta property=\"og:image:type\" content=\"image\/jpeg\" \/>\n<meta name=\"author\" content=\"Lola\" \/>\n<meta name=\"twitter:card\" content=\"summary_large_image\" \/>\n<meta name=\"twitter:creator\" content=\"@TressisSV\" \/>\n<meta name=\"twitter:site\" content=\"@TressisSV\" \/>\n<meta name=\"twitter:label1\" content=\"Escrit per\" \/>\n\t<meta name=\"twitter:data1\" content=\"Lola\" \/>\n\t<meta name=\"twitter:label2\" content=\"Temps estimat de lectura\" \/>\n\t<meta name=\"twitter:data2\" content=\"1 minut\" \/>\n<script type=\"application\/ld+json\" class=\"yoast-schema-graph\">{\"@context\":\"https:\\\/\\\/schema.org\",\"@graph\":[{\"@type\":\"Article\",\"@id\":\"https:\\\/\\\/www.tressis.com\\\/ca\\\/blog\\\/la-politica-del-palo-y-la-zanahoria-2-2\\\/#article\",\"isPartOf\":{\"@id\":\"https:\\\/\\\/www.tressis.com\\\/ca\\\/blog\\\/la-politica-del-palo-y-la-zanahoria-2-2\\\/\"},\"author\":{\"name\":\"Lola\",\"@id\":\"https:\\\/\\\/www.tressis.com\\\/ca\\\/#\\\/schema\\\/person\\\/b833c1d724d8764920b6d6852c70584e\"},\"headline\":\"La pol\u00edtica del palo y la zanahoria\",\"datePublished\":\"2019-03-01T09:47:12+00:00\",\"mainEntityOfPage\":{\"@id\":\"https:\\\/\\\/www.tressis.com\\\/ca\\\/blog\\\/la-politica-del-palo-y-la-zanahoria-2-2\\\/\"},\"wordCount\":302,\"commentCount\":0,\"publisher\":{\"@id\":\"https:\\\/\\\/www.tressis.com\\\/ca\\\/#organization\"},\"image\":{\"@id\":\"https:\\\/\\\/www.tressis.com\\\/ca\\\/blog\\\/la-politica-del-palo-y-la-zanahoria-2-2\\\/#primaryimage\"},\"thumbnailUrl\":\"https:\\\/\\\/www.tressis.com\\\/wp-content\\\/uploads\\\/2019\\\/03\\\/20190301-mmv.jpg\",\"keywords\":[\"china\",\"desaceleraci\u00f3n\",\"Donald Trump\",\"EEUU\",\"PIB\",\"PMI\"],\"articleSection\":[\"Morning meeting\"],\"inLanguage\":\"ca\",\"potentialAction\":[{\"@type\":\"CommentAction\",\"name\":\"Comment\",\"target\":[\"https:\\\/\\\/www.tressis.com\\\/ca\\\/blog\\\/la-politica-del-palo-y-la-zanahoria-2-2\\\/#respond\"]}]},{\"@type\":\"WebPage\",\"@id\":\"https:\\\/\\\/www.tressis.com\\\/ca\\\/blog\\\/la-politica-del-palo-y-la-zanahoria-2-2\\\/\",\"url\":\"https:\\\/\\\/www.tressis.com\\\/ca\\\/blog\\\/la-politica-del-palo-y-la-zanahoria-2-2\\\/\",\"name\":\"La pol\u00edtica del palo y la zanahoria\",\"isPartOf\":{\"@id\":\"https:\\\/\\\/www.tressis.com\\\/ca\\\/#website\"},\"primaryImageOfPage\":{\"@id\":\"https:\\\/\\\/www.tressis.com\\\/ca\\\/blog\\\/la-politica-del-palo-y-la-zanahoria-2-2\\\/#primaryimage\"},\"image\":{\"@id\":\"https:\\\/\\\/www.tressis.com\\\/ca\\\/blog\\\/la-politica-del-palo-y-la-zanahoria-2-2\\\/#primaryimage\"},\"thumbnailUrl\":\"https:\\\/\\\/www.tressis.com\\\/wp-content\\\/uploads\\\/2019\\\/03\\\/20190301-mmv.jpg\",\"datePublished\":\"2019-03-01T09:47:12+00:00\",\"description\":\"No es algo novedoso en unas conversaciones que llevan tantos meses, en las que la pol\u00edtica del palo y la zanahoria es una constante de la Casa Blanca hacia Pek\u00edn.\",\"breadcrumb\":{\"@id\":\"https:\\\/\\\/www.tressis.com\\\/ca\\\/blog\\\/la-politica-del-palo-y-la-zanahoria-2-2\\\/#breadcrumb\"},\"inLanguage\":\"ca\",\"potentialAction\":[{\"@type\":\"ReadAction\",\"target\":[\"https:\\\/\\\/www.tressis.com\\\/ca\\\/blog\\\/la-politica-del-palo-y-la-zanahoria-2-2\\\/\"]}]},{\"@type\":\"ImageObject\",\"inLanguage\":\"ca\",\"@id\":\"https:\\\/\\\/www.tressis.com\\\/ca\\\/blog\\\/la-politica-del-palo-y-la-zanahoria-2-2\\\/#primaryimage\",\"url\":\"https:\\\/\\\/www.tressis.com\\\/wp-content\\\/uploads\\\/2019\\\/03\\\/20190301-mmv.jpg\",\"contentUrl\":\"https:\\\/\\\/www.tressis.com\\\/wp-content\\\/uploads\\\/2019\\\/03\\\/20190301-mmv.jpg\",\"width\":1100,\"height\":487,\"caption\":\"La pol\u00edtica del palo y la zanahoria\"},{\"@type\":\"BreadcrumbList\",\"@id\":\"https:\\\/\\\/www.tressis.com\\\/ca\\\/blog\\\/la-politica-del-palo-y-la-zanahoria-2-2\\\/#breadcrumb\",\"itemListElement\":[{\"@type\":\"ListItem\",\"position\":1,\"name\":\"Inicio\",\"item\":\"https:\\\/\\\/www.tressis.com\\\/ca\\\/\"},{\"@type\":\"ListItem\",\"position\":2,\"name\":\"Morning meeting\",\"item\":\"https:\\\/\\\/www.tressis.com\\\/ca\\\/blog\\\/categorias\\\/morning-meeting-ca\\\/\"},{\"@type\":\"ListItem\",\"position\":3,\"name\":\"La pol\u00edtica del palo y la zanahoria\"}]},{\"@type\":\"WebSite\",\"@id\":\"https:\\\/\\\/www.tressis.com\\\/ca\\\/#website\",\"url\":\"https:\\\/\\\/www.tressis.com\\\/ca\\\/\",\"name\":\"Tressis banca privada\",\"description\":\"Tressis | Planificaci\u00f3n financiera y gesti\u00f3n de patrimonios\",\"publisher\":{\"@id\":\"https:\\\/\\\/www.tressis.com\\\/ca\\\/#organization\"},\"potentialAction\":[{\"@type\":\"SearchAction\",\"target\":{\"@type\":\"EntryPoint\",\"urlTemplate\":\"https:\\\/\\\/www.tressis.com\\\/ca\\\/?s={search_term_string}\"},\"query-input\":{\"@type\":\"PropertyValueSpecification\",\"valueRequired\":true,\"valueName\":\"search_term_string\"}}],\"inLanguage\":\"ca\"},{\"@type\":\"Organization\",\"@id\":\"https:\\\/\\\/www.tressis.com\\\/ca\\\/#organization\",\"name\":\"Tressis\",\"url\":\"https:\\\/\\\/www.tressis.com\\\/ca\\\/\",\"logo\":{\"@type\":\"ImageObject\",\"inLanguage\":\"ca\",\"@id\":\"https:\\\/\\\/www.tressis.com\\\/ca\\\/#\\\/schema\\\/logo\\\/image\\\/\",\"url\":\"https:\\\/\\\/www.tressis.com\\\/wp-content\\\/uploads\\\/2025\\\/06\\\/logo-tressis-112.png\",\"contentUrl\":\"https:\\\/\\\/www.tressis.com\\\/wp-content\\\/uploads\\\/2025\\\/06\\\/logo-tressis-112.png\",\"width\":112,\"height\":112,\"caption\":\"Tressis\"},\"image\":{\"@id\":\"https:\\\/\\\/www.tressis.com\\\/ca\\\/#\\\/schema\\\/logo\\\/image\\\/\"},\"sameAs\":[\"https:\\\/\\\/www.facebook.com\\\/Tressis\\\/\",\"https:\\\/\\\/x.com\\\/TressisSV\",\"https:\\\/\\\/www.instagram.com\\\/tressissv\\\/?hl=es\",\"https:\\\/\\\/linkedin.com\\\/company\\\/tressis\\\/\",\"https:\\\/\\\/www.youtube.com\\\/user\\\/tressissv\",\"https:\\\/\\\/open.spotify.com\\\/show\\\/3jmTe1Nf0wqMILl7diWV6h?si=d7112519f13c4593&nd=1\"]},{\"@type\":\"Person\",\"@id\":\"https:\\\/\\\/www.tressis.com\\\/ca\\\/#\\\/schema\\\/person\\\/b833c1d724d8764920b6d6852c70584e\",\"name\":\"Lola\",\"image\":{\"@type\":\"ImageObject\",\"inLanguage\":\"ca\",\"@id\":\"https:\\\/\\\/secure.gravatar.com\\\/avatar\\\/05e646486b23ff45df9649110609c7e31b8c4a3e2821caa23d6317f405e0c51d?s=96&d=mm&r=g\",\"url\":\"https:\\\/\\\/secure.gravatar.com\\\/avatar\\\/05e646486b23ff45df9649110609c7e31b8c4a3e2821caa23d6317f405e0c51d?s=96&d=mm&r=g\",\"contentUrl\":\"https:\\\/\\\/secure.gravatar.com\\\/avatar\\\/05e646486b23ff45df9649110609c7e31b8c4a3e2821caa23d6317f405e0c51d?s=96&d=mm&r=g\",\"caption\":\"Lola\"}}]}<\/script>\n<!-- \/ Yoast SEO plugin. -->","yoast_head_json":{"title":"La pol\u00edtica del palo y la zanahoria","description":"No es algo novedoso en unas conversaciones que llevan tantos meses, en las que la pol\u00edtica del palo y la zanahoria es una constante de la Casa Blanca hacia Pek\u00edn.","robots":{"index":"index","follow":"follow","max-snippet":"max-snippet:-1","max-image-preview":"max-image-preview:large","max-video-preview":"max-video-preview:-1"},"canonical":"https:\/\/www.tressis.com\/ca\/blog\/la-politica-del-palo-y-la-zanahoria-2-2\/","og_locale":"ca_ES","og_type":"article","og_title":"La pol\u00edtica del palo y la zanahoria","og_description":"No es algo novedoso en unas conversaciones que llevan tantos meses, en las que la pol\u00edtica del palo y la zanahoria es una constante de la Casa Blanca hacia Pek\u00edn.","og_url":"https:\/\/www.tressis.com\/ca\/blog\/la-politica-del-palo-y-la-zanahoria-2-2\/","og_site_name":"Tressis","article_publisher":"https:\/\/www.facebook.com\/Tressis\/","article_published_time":"2019-03-01T09:47:12+00:00","og_image":[{"width":1100,"height":487,"url":"https:\/\/www.tressis.com\/wp-content\/uploads\/2019\/03\/20190301-mmv.jpg","type":"image\/jpeg"}],"author":"Lola","twitter_card":"summary_large_image","twitter_creator":"@TressisSV","twitter_site":"@TressisSV","twitter_misc":{"Escrit per":"Lola","Temps estimat de lectura":"1 minut"},"schema":{"@context":"https:\/\/schema.org","@graph":[{"@type":"Article","@id":"https:\/\/www.tressis.com\/ca\/blog\/la-politica-del-palo-y-la-zanahoria-2-2\/#article","isPartOf":{"@id":"https:\/\/www.tressis.com\/ca\/blog\/la-politica-del-palo-y-la-zanahoria-2-2\/"},"author":{"name":"Lola","@id":"https:\/\/www.tressis.com\/ca\/#\/schema\/person\/b833c1d724d8764920b6d6852c70584e"},"headline":"La pol\u00edtica del palo y la zanahoria","datePublished":"2019-03-01T09:47:12+00:00","mainEntityOfPage":{"@id":"https:\/\/www.tressis.com\/ca\/blog\/la-politica-del-palo-y-la-zanahoria-2-2\/"},"wordCount":302,"commentCount":0,"publisher":{"@id":"https:\/\/www.tressis.com\/ca\/#organization"},"image":{"@id":"https:\/\/www.tressis.com\/ca\/blog\/la-politica-del-palo-y-la-zanahoria-2-2\/#primaryimage"},"thumbnailUrl":"https:\/\/www.tressis.com\/wp-content\/uploads\/2019\/03\/20190301-mmv.jpg","keywords":["china","desaceleraci\u00f3n","Donald Trump","EEUU","PIB","PMI"],"articleSection":["Morning meeting"],"inLanguage":"ca","potentialAction":[{"@type":"CommentAction","name":"Comment","target":["https:\/\/www.tressis.com\/ca\/blog\/la-politica-del-palo-y-la-zanahoria-2-2\/#respond"]}]},{"@type":"WebPage","@id":"https:\/\/www.tressis.com\/ca\/blog\/la-politica-del-palo-y-la-zanahoria-2-2\/","url":"https:\/\/www.tressis.com\/ca\/blog\/la-politica-del-palo-y-la-zanahoria-2-2\/","name":"La pol\u00edtica del palo y la zanahoria","isPartOf":{"@id":"https:\/\/www.tressis.com\/ca\/#website"},"primaryImageOfPage":{"@id":"https:\/\/www.tressis.com\/ca\/blog\/la-politica-del-palo-y-la-zanahoria-2-2\/#primaryimage"},"image":{"@id":"https:\/\/www.tressis.com\/ca\/blog\/la-politica-del-palo-y-la-zanahoria-2-2\/#primaryimage"},"thumbnailUrl":"https:\/\/www.tressis.com\/wp-content\/uploads\/2019\/03\/20190301-mmv.jpg","datePublished":"2019-03-01T09:47:12+00:00","description":"No es algo novedoso en unas conversaciones que llevan tantos meses, en las que la pol\u00edtica del palo y la zanahoria es una constante de la Casa Blanca hacia Pek\u00edn.","breadcrumb":{"@id":"https:\/\/www.tressis.com\/ca\/blog\/la-politica-del-palo-y-la-zanahoria-2-2\/#breadcrumb"},"inLanguage":"ca","potentialAction":[{"@type":"ReadAction","target":["https:\/\/www.tressis.com\/ca\/blog\/la-politica-del-palo-y-la-zanahoria-2-2\/"]}]},{"@type":"ImageObject","inLanguage":"ca","@id":"https:\/\/www.tressis.com\/ca\/blog\/la-politica-del-palo-y-la-zanahoria-2-2\/#primaryimage","url":"https:\/\/www.tressis.com\/wp-content\/uploads\/2019\/03\/20190301-mmv.jpg","contentUrl":"https:\/\/www.tressis.com\/wp-content\/uploads\/2019\/03\/20190301-mmv.jpg","width":1100,"height":487,"caption":"La pol\u00edtica del palo y la zanahoria"},{"@type":"BreadcrumbList","@id":"https:\/\/www.tressis.com\/ca\/blog\/la-politica-del-palo-y-la-zanahoria-2-2\/#breadcrumb","itemListElement":[{"@type":"ListItem","position":1,"name":"Inicio","item":"https:\/\/www.tressis.com\/ca\/"},{"@type":"ListItem","position":2,"name":"Morning meeting","item":"https:\/\/www.tressis.com\/ca\/blog\/categorias\/morning-meeting-ca\/"},{"@type":"ListItem","position":3,"name":"La pol\u00edtica del palo y la zanahoria"}]},{"@type":"WebSite","@id":"https:\/\/www.tressis.com\/ca\/#website","url":"https:\/\/www.tressis.com\/ca\/","name":"Tressis banca privada","description":"Tressis | Planificaci\u00f3n financiera y gesti\u00f3n de patrimonios","publisher":{"@id":"https:\/\/www.tressis.com\/ca\/#organization"},"potentialAction":[{"@type":"SearchAction","target":{"@type":"EntryPoint","urlTemplate":"https:\/\/www.tressis.com\/ca\/?s={search_term_string}"},"query-input":{"@type":"PropertyValueSpecification","valueRequired":true,"valueName":"search_term_string"}}],"inLanguage":"ca"},{"@type":"Organization","@id":"https:\/\/www.tressis.com\/ca\/#organization","name":"Tressis","url":"https:\/\/www.tressis.com\/ca\/","logo":{"@type":"ImageObject","inLanguage":"ca","@id":"https:\/\/www.tressis.com\/ca\/#\/schema\/logo\/image\/","url":"https:\/\/www.tressis.com\/wp-content\/uploads\/2025\/06\/logo-tressis-112.png","contentUrl":"https:\/\/www.tressis.com\/wp-content\/uploads\/2025\/06\/logo-tressis-112.png","width":112,"height":112,"caption":"Tressis"},"image":{"@id":"https:\/\/www.tressis.com\/ca\/#\/schema\/logo\/image\/"},"sameAs":["https:\/\/www.facebook.com\/Tressis\/","https:\/\/x.com\/TressisSV","https:\/\/www.instagram.com\/tressissv\/?hl=es","https:\/\/linkedin.com\/company\/tressis\/","https:\/\/www.youtube.com\/user\/tressissv","https:\/\/open.spotify.com\/show\/3jmTe1Nf0wqMILl7diWV6h?si=d7112519f13c4593&nd=1"]},{"@type":"Person","@id":"https:\/\/www.tressis.com\/ca\/#\/schema\/person\/b833c1d724d8764920b6d6852c70584e","name":"Lola","image":{"@type":"ImageObject","inLanguage":"ca","@id":"https:\/\/secure.gravatar.com\/avatar\/05e646486b23ff45df9649110609c7e31b8c4a3e2821caa23d6317f405e0c51d?s=96&d=mm&r=g","url":"https:\/\/secure.gravatar.com\/avatar\/05e646486b23ff45df9649110609c7e31b8c4a3e2821caa23d6317f405e0c51d?s=96&d=mm&r=g","contentUrl":"https:\/\/secure.gravatar.com\/avatar\/05e646486b23ff45df9649110609c7e31b8c4a3e2821caa23d6317f405e0c51d?s=96&d=mm&r=g","caption":"Lola"}}]}},"_links":{"self":[{"href":"https:\/\/www.tressis.com\/ca\/wp-json\/wp\/v2\/posts\/31013","targetHints":{"allow":["GET"]}}],"collection":[{"href":"https:\/\/www.tressis.com\/ca\/wp-json\/wp\/v2\/posts"}],"about":[{"href":"https:\/\/www.tressis.com\/ca\/wp-json\/wp\/v2\/types\/post"}],"author":[{"embeddable":true,"href":"https:\/\/www.tressis.com\/ca\/wp-json\/wp\/v2\/users\/4"}],"replies":[{"embeddable":true,"href":"https:\/\/www.tressis.com\/ca\/wp-json\/wp\/v2\/comments?post=31013"}],"version-history":[{"count":0,"href":"https:\/\/www.tressis.com\/ca\/wp-json\/wp\/v2\/posts\/31013\/revisions"}],"wp:featuredmedia":[{"embeddable":true,"href":"https:\/\/www.tressis.com\/ca\/wp-json\/wp\/v2\/media\/31017"}],"wp:attachment":[{"href":"https:\/\/www.tressis.com\/ca\/wp-json\/wp\/v2\/media?parent=31013"}],"wp:term":[{"taxonomy":"category","embeddable":true,"href":"https:\/\/www.tressis.com\/ca\/wp-json\/wp\/v2\/categories?post=31013"},{"taxonomy":"post_tag","embeddable":true,"href":"https:\/\/www.tressis.com\/ca\/wp-json\/wp\/v2\/tags?post=31013"}],"curies":[{"name":"wp","href":"https:\/\/api.w.org\/{rel}","templated":true}]}}