{"id":30961,"date":"2019-02-22T10:37:24","date_gmt":"2019-02-22T09:37:24","guid":{"rendered":"http:\/\/www.tressis.com\/blog\/?p=30961"},"modified":"2023-05-29T17:36:44","modified_gmt":"2023-05-29T15:36:44","slug":"cambio-radical-del-mensaje-bancos-centrales","status":"publish","type":"post","link":"https:\/\/www.tressis.com\/ca\/blog\/cambio-radical-del-mensaje-bancos-centrales\/","title":{"rendered":"Cambio radical del mensaje de los bancos centrales"},"content":{"rendered":"<p>As\u00ed est\u00e1 el mercado, que con el negro recuerdo de 2018 grabado a fuego, no sabe si creerse del todo o no la fortaleza de las subidas, que lo ganado hasta la fecha es demasiado para perderlo de vista.<!--more--><\/p>\n<p>El cambio radical del mensaje por parte de los bancos centrales est\u00e1 siendo a todas luces el factor determinante en esta vuelta al paradigma del &#8220;si peor, mejor&#8221;. Como ya lo hiciera el acta de la Reserva Federal, la de la \u00faltima reuni\u00f3n del BCE viene a confirmar que el banco est\u00e1 plenamente dispuesto a volver a las andadas con las inyecciones de liquidez a trav\u00e9s de las TLTRO a los bancos. Y esta vez el mensaje puede tener una carga superior, porque aunque parec\u00eda que la desaceleraci\u00f3n era circunstancial, ahora s\u00ed incluye la fragilidad del sector de los autom\u00f3viles como una realidad palpable.<\/p>\n<p>Tanto negativismo (no visto en muchos a\u00f1os, por cierto) por parte del BCE sigue las pautas del resto de autoridades monetarias, pues ya es sabido que la Reserva Federal se tiene que tomar con calma la normalizaci\u00f3n\/endurecimiento de sus pol\u00edticas, el PBoC chino ha dejado bien clara su predisposici\u00f3n a todo para salvaguardar la econom\u00eda y ya de paso le preeminencia del Partido y sus cifras de crecimiento. Y el Banco de Jap\u00f3n tambi\u00e9n, pero son ya tantos a\u00f1os&#8230;<\/p>\n<p>Lo bueno y lo malo no acostumbran a llegar solos y esto tambi\u00e9n se est\u00e1 cumpliendo en el mundo econ\u00f3mico-financiero. Flexibilidad monetaria por un lado y proximidad de un acuerdo entre EE.UU. y China por el otro. Falta hace esto \u00faltimo en muchos m\u00e1s pa\u00edses que solo las dos grandes potencias. \u00bfQue no? Pues ah\u00ed est\u00e1 el PMI compuesto europeo, bueno y malo a la vez. Bueno porque los servicios demuestran cierta fortaleza quitando el impacto de los chalecos amarillos en Francia, pero malo sobre todo al poner los ojos en Alemania, el pa\u00eds que m\u00e1s est\u00e1 pagando por las tensiones del comercio.<\/p>\n<p>Buen fin de semana.<\/p>\n<p><center><strong>Am\u00edlcar Barrios Vilallonga<\/strong><br \/>\nDirecci\u00f3n de Inversiones<\/center><\/p>\n","protected":false},"excerpt":{"rendered":"<p>As\u00ed est\u00e1 el mercado, que con el negro recuerdo de 2018 grabado a fuego, no sabe si creerse del todo o no la fortaleza de las subidas, que lo ganado hasta la fecha es demasiado para perderlo de vista.<\/p>\n","protected":false},"author":4,"featured_media":30962,"comment_status":"open","ping_status":"closed","sticky":false,"template":"","format":"standard","meta":{"_acf_changed":false,"footnotes":""},"categories":[9721],"tags":[508],"class_list":["post-30961","post","type-post","status-publish","format-standard","has-post-thumbnail","hentry","category-morning-meeting","tag-bancos-centrales"],"acf":[],"yoast_head":"<!-- This site is optimized with the Yoast SEO plugin v27.5 - https:\/\/yoast.com\/product\/yoast-seo-wordpress\/ -->\n<title>Cambio radical del mensaje de los bancos centrales<\/title>\n<meta name=\"description\" content=\"El cambio radical del mensaje por parte de los bancos centrales est\u00e1 siendo a todas luces el factor determinante en esta vuelta al paradigma del &quot;si peor, mejor&quot;.\" \/>\n<meta name=\"robots\" content=\"index, follow, max-snippet:-1, max-image-preview:large, max-video-preview:-1\" \/>\n<link rel=\"canonical\" href=\"https:\/\/www.tressis.com\/ca\/blog\/cambio-radical-del-mensaje-bancos-centrales\/\" \/>\n<meta property=\"og:locale\" content=\"ca_ES\" \/>\n<meta property=\"og:type\" content=\"article\" \/>\n<meta property=\"og:title\" content=\"Cambio radical del mensaje de los bancos centrales\" \/>\n<meta property=\"og:description\" content=\"El cambio radical del mensaje por parte de los bancos centrales est\u00e1 siendo a todas luces el factor determinante en esta vuelta al paradigma del &quot;si peor, mejor&quot;.\" \/>\n<meta property=\"og:url\" content=\"https:\/\/www.tressis.com\/ca\/blog\/cambio-radical-del-mensaje-bancos-centrales\/\" \/>\n<meta property=\"og:site_name\" content=\"Tressis\" \/>\n<meta property=\"article:publisher\" content=\"https:\/\/www.facebook.com\/Tressis\/\" \/>\n<meta property=\"article:published_time\" content=\"2019-02-22T09:37:24+00:00\" \/>\n<meta property=\"article:modified_time\" content=\"2023-05-29T15:36:44+00:00\" \/>\n<meta property=\"og:image\" content=\"https:\/\/www.tressis.com\/wp-content\/uploads\/2019\/02\/20190222-mmv.jpg\" \/>\n\t<meta property=\"og:image:width\" content=\"1100\" \/>\n\t<meta property=\"og:image:height\" content=\"487\" \/>\n\t<meta property=\"og:image:type\" content=\"image\/jpeg\" \/>\n<meta name=\"author\" content=\"Lola\" \/>\n<meta name=\"twitter:card\" content=\"summary_large_image\" \/>\n<meta name=\"twitter:creator\" content=\"@TressisSV\" \/>\n<meta name=\"twitter:site\" content=\"@TressisSV\" \/>\n<meta name=\"twitter:label1\" content=\"Escrit per\" \/>\n\t<meta name=\"twitter:data1\" content=\"Lola\" \/>\n\t<meta name=\"twitter:label2\" content=\"Temps estimat de lectura\" \/>\n\t<meta name=\"twitter:data2\" content=\"2 minuts\" \/>\n<script type=\"application\/ld+json\" class=\"yoast-schema-graph\">{\"@context\":\"https:\\\/\\\/schema.org\",\"@graph\":[{\"@type\":\"Article\",\"@id\":\"https:\\\/\\\/www.tressis.com\\\/ca\\\/blog\\\/cambio-radical-del-mensaje-bancos-centrales\\\/#article\",\"isPartOf\":{\"@id\":\"https:\\\/\\\/www.tressis.com\\\/ca\\\/blog\\\/cambio-radical-del-mensaje-bancos-centrales\\\/\"},\"author\":{\"name\":\"Lola\",\"@id\":\"https:\\\/\\\/www.tressis.com\\\/ca\\\/#\\\/schema\\\/person\\\/b833c1d724d8764920b6d6852c70584e\"},\"headline\":\"Cambio radical del mensaje de los bancos centrales\",\"datePublished\":\"2019-02-22T09:37:24+00:00\",\"dateModified\":\"2023-05-29T15:36:44+00:00\",\"mainEntityOfPage\":{\"@id\":\"https:\\\/\\\/www.tressis.com\\\/ca\\\/blog\\\/cambio-radical-del-mensaje-bancos-centrales\\\/\"},\"wordCount\":365,\"commentCount\":0,\"publisher\":{\"@id\":\"https:\\\/\\\/www.tressis.com\\\/ca\\\/#organization\"},\"image\":{\"@id\":\"https:\\\/\\\/www.tressis.com\\\/ca\\\/blog\\\/cambio-radical-del-mensaje-bancos-centrales\\\/#primaryimage\"},\"thumbnailUrl\":\"https:\\\/\\\/www.tressis.com\\\/wp-content\\\/uploads\\\/2019\\\/02\\\/20190222-mmv.jpg\",\"keywords\":[\"bancos centrales\"],\"articleSection\":[\"Morning meeting\"],\"inLanguage\":\"ca\",\"potentialAction\":[{\"@type\":\"CommentAction\",\"name\":\"Comment\",\"target\":[\"https:\\\/\\\/www.tressis.com\\\/ca\\\/blog\\\/cambio-radical-del-mensaje-bancos-centrales\\\/#respond\"]}]},{\"@type\":\"WebPage\",\"@id\":\"https:\\\/\\\/www.tressis.com\\\/ca\\\/blog\\\/cambio-radical-del-mensaje-bancos-centrales\\\/\",\"url\":\"https:\\\/\\\/www.tressis.com\\\/ca\\\/blog\\\/cambio-radical-del-mensaje-bancos-centrales\\\/\",\"name\":\"Cambio radical del mensaje de los bancos centrales\",\"isPartOf\":{\"@id\":\"https:\\\/\\\/www.tressis.com\\\/ca\\\/#website\"},\"primaryImageOfPage\":{\"@id\":\"https:\\\/\\\/www.tressis.com\\\/ca\\\/blog\\\/cambio-radical-del-mensaje-bancos-centrales\\\/#primaryimage\"},\"image\":{\"@id\":\"https:\\\/\\\/www.tressis.com\\\/ca\\\/blog\\\/cambio-radical-del-mensaje-bancos-centrales\\\/#primaryimage\"},\"thumbnailUrl\":\"https:\\\/\\\/www.tressis.com\\\/wp-content\\\/uploads\\\/2019\\\/02\\\/20190222-mmv.jpg\",\"datePublished\":\"2019-02-22T09:37:24+00:00\",\"dateModified\":\"2023-05-29T15:36:44+00:00\",\"description\":\"El cambio radical del mensaje por parte de los bancos centrales est\u00e1 siendo a todas luces el factor determinante en esta vuelta al paradigma del \\\"si peor, mejor\\\".\",\"breadcrumb\":{\"@id\":\"https:\\\/\\\/www.tressis.com\\\/ca\\\/blog\\\/cambio-radical-del-mensaje-bancos-centrales\\\/#breadcrumb\"},\"inLanguage\":\"ca\",\"potentialAction\":[{\"@type\":\"ReadAction\",\"target\":[\"https:\\\/\\\/www.tressis.com\\\/ca\\\/blog\\\/cambio-radical-del-mensaje-bancos-centrales\\\/\"]}]},{\"@type\":\"ImageObject\",\"inLanguage\":\"ca\",\"@id\":\"https:\\\/\\\/www.tressis.com\\\/ca\\\/blog\\\/cambio-radical-del-mensaje-bancos-centrales\\\/#primaryimage\",\"url\":\"https:\\\/\\\/www.tressis.com\\\/wp-content\\\/uploads\\\/2019\\\/02\\\/20190222-mmv.jpg\",\"contentUrl\":\"https:\\\/\\\/www.tressis.com\\\/wp-content\\\/uploads\\\/2019\\\/02\\\/20190222-mmv.jpg\",\"width\":1100,\"height\":487,\"caption\":\"Cambio radical del mensaje de los bancos centrales\"},{\"@type\":\"BreadcrumbList\",\"@id\":\"https:\\\/\\\/www.tressis.com\\\/ca\\\/blog\\\/cambio-radical-del-mensaje-bancos-centrales\\\/#breadcrumb\",\"itemListElement\":[{\"@type\":\"ListItem\",\"position\":1,\"name\":\"Inicio\",\"item\":\"https:\\\/\\\/www.tressis.com\\\/ca\\\/\"},{\"@type\":\"ListItem\",\"position\":2,\"name\":\"Cambio radical del mensaje de los bancos centrales\"}]},{\"@type\":\"WebSite\",\"@id\":\"https:\\\/\\\/www.tressis.com\\\/ca\\\/#website\",\"url\":\"https:\\\/\\\/www.tressis.com\\\/ca\\\/\",\"name\":\"Tressis banca privada\",\"description\":\"Tressis | Planificaci\u00f3n financiera y gesti\u00f3n de patrimonios\",\"publisher\":{\"@id\":\"https:\\\/\\\/www.tressis.com\\\/ca\\\/#organization\"},\"potentialAction\":[{\"@type\":\"SearchAction\",\"target\":{\"@type\":\"EntryPoint\",\"urlTemplate\":\"https:\\\/\\\/www.tressis.com\\\/ca\\\/?s={search_term_string}\"},\"query-input\":{\"@type\":\"PropertyValueSpecification\",\"valueRequired\":true,\"valueName\":\"search_term_string\"}}],\"inLanguage\":\"ca\"},{\"@type\":\"Organization\",\"@id\":\"https:\\\/\\\/www.tressis.com\\\/ca\\\/#organization\",\"name\":\"Tressis\",\"url\":\"https:\\\/\\\/www.tressis.com\\\/ca\\\/\",\"logo\":{\"@type\":\"ImageObject\",\"inLanguage\":\"ca\",\"@id\":\"https:\\\/\\\/www.tressis.com\\\/ca\\\/#\\\/schema\\\/logo\\\/image\\\/\",\"url\":\"https:\\\/\\\/www.tressis.com\\\/wp-content\\\/uploads\\\/2025\\\/06\\\/logo-tressis-112.png\",\"contentUrl\":\"https:\\\/\\\/www.tressis.com\\\/wp-content\\\/uploads\\\/2025\\\/06\\\/logo-tressis-112.png\",\"width\":112,\"height\":112,\"caption\":\"Tressis\"},\"image\":{\"@id\":\"https:\\\/\\\/www.tressis.com\\\/ca\\\/#\\\/schema\\\/logo\\\/image\\\/\"},\"sameAs\":[\"https:\\\/\\\/www.facebook.com\\\/Tressis\\\/\",\"https:\\\/\\\/x.com\\\/TressisSV\",\"https:\\\/\\\/www.instagram.com\\\/tressissv\\\/?hl=es\",\"https:\\\/\\\/linkedin.com\\\/company\\\/tressis\\\/\",\"https:\\\/\\\/www.youtube.com\\\/user\\\/tressissv\",\"https:\\\/\\\/open.spotify.com\\\/show\\\/3jmTe1Nf0wqMILl7diWV6h?si=d7112519f13c4593&nd=1\"]},{\"@type\":\"Person\",\"@id\":\"https:\\\/\\\/www.tressis.com\\\/ca\\\/#\\\/schema\\\/person\\\/b833c1d724d8764920b6d6852c70584e\",\"name\":\"Lola\",\"image\":{\"@type\":\"ImageObject\",\"inLanguage\":\"ca\",\"@id\":\"https:\\\/\\\/secure.gravatar.com\\\/avatar\\\/05e646486b23ff45df9649110609c7e31b8c4a3e2821caa23d6317f405e0c51d?s=96&d=mm&r=g\",\"url\":\"https:\\\/\\\/secure.gravatar.com\\\/avatar\\\/05e646486b23ff45df9649110609c7e31b8c4a3e2821caa23d6317f405e0c51d?s=96&d=mm&r=g\",\"contentUrl\":\"https:\\\/\\\/secure.gravatar.com\\\/avatar\\\/05e646486b23ff45df9649110609c7e31b8c4a3e2821caa23d6317f405e0c51d?s=96&d=mm&r=g\",\"caption\":\"Lola\"}}]}<\/script>\n<!-- \/ Yoast SEO plugin. -->","yoast_head_json":{"title":"Cambio radical del mensaje de los bancos centrales","description":"El cambio radical del mensaje por parte de los bancos centrales est\u00e1 siendo a todas luces el factor determinante en esta vuelta al paradigma del \"si peor, mejor\".","robots":{"index":"index","follow":"follow","max-snippet":"max-snippet:-1","max-image-preview":"max-image-preview:large","max-video-preview":"max-video-preview:-1"},"canonical":"https:\/\/www.tressis.com\/ca\/blog\/cambio-radical-del-mensaje-bancos-centrales\/","og_locale":"ca_ES","og_type":"article","og_title":"Cambio radical del mensaje de los bancos centrales","og_description":"El cambio radical del mensaje por parte de los bancos centrales est\u00e1 siendo a todas luces el factor determinante en esta vuelta al paradigma del \"si peor, mejor\".","og_url":"https:\/\/www.tressis.com\/ca\/blog\/cambio-radical-del-mensaje-bancos-centrales\/","og_site_name":"Tressis","article_publisher":"https:\/\/www.facebook.com\/Tressis\/","article_published_time":"2019-02-22T09:37:24+00:00","article_modified_time":"2023-05-29T15:36:44+00:00","og_image":[{"width":1100,"height":487,"url":"https:\/\/www.tressis.com\/wp-content\/uploads\/2019\/02\/20190222-mmv.jpg","type":"image\/jpeg"}],"author":"Lola","twitter_card":"summary_large_image","twitter_creator":"@TressisSV","twitter_site":"@TressisSV","twitter_misc":{"Escrit per":"Lola","Temps estimat de lectura":"2 minuts"},"schema":{"@context":"https:\/\/schema.org","@graph":[{"@type":"Article","@id":"https:\/\/www.tressis.com\/ca\/blog\/cambio-radical-del-mensaje-bancos-centrales\/#article","isPartOf":{"@id":"https:\/\/www.tressis.com\/ca\/blog\/cambio-radical-del-mensaje-bancos-centrales\/"},"author":{"name":"Lola","@id":"https:\/\/www.tressis.com\/ca\/#\/schema\/person\/b833c1d724d8764920b6d6852c70584e"},"headline":"Cambio radical del mensaje de los bancos centrales","datePublished":"2019-02-22T09:37:24+00:00","dateModified":"2023-05-29T15:36:44+00:00","mainEntityOfPage":{"@id":"https:\/\/www.tressis.com\/ca\/blog\/cambio-radical-del-mensaje-bancos-centrales\/"},"wordCount":365,"commentCount":0,"publisher":{"@id":"https:\/\/www.tressis.com\/ca\/#organization"},"image":{"@id":"https:\/\/www.tressis.com\/ca\/blog\/cambio-radical-del-mensaje-bancos-centrales\/#primaryimage"},"thumbnailUrl":"https:\/\/www.tressis.com\/wp-content\/uploads\/2019\/02\/20190222-mmv.jpg","keywords":["bancos centrales"],"articleSection":["Morning meeting"],"inLanguage":"ca","potentialAction":[{"@type":"CommentAction","name":"Comment","target":["https:\/\/www.tressis.com\/ca\/blog\/cambio-radical-del-mensaje-bancos-centrales\/#respond"]}]},{"@type":"WebPage","@id":"https:\/\/www.tressis.com\/ca\/blog\/cambio-radical-del-mensaje-bancos-centrales\/","url":"https:\/\/www.tressis.com\/ca\/blog\/cambio-radical-del-mensaje-bancos-centrales\/","name":"Cambio radical del mensaje de los bancos centrales","isPartOf":{"@id":"https:\/\/www.tressis.com\/ca\/#website"},"primaryImageOfPage":{"@id":"https:\/\/www.tressis.com\/ca\/blog\/cambio-radical-del-mensaje-bancos-centrales\/#primaryimage"},"image":{"@id":"https:\/\/www.tressis.com\/ca\/blog\/cambio-radical-del-mensaje-bancos-centrales\/#primaryimage"},"thumbnailUrl":"https:\/\/www.tressis.com\/wp-content\/uploads\/2019\/02\/20190222-mmv.jpg","datePublished":"2019-02-22T09:37:24+00:00","dateModified":"2023-05-29T15:36:44+00:00","description":"El cambio radical del mensaje por parte de los bancos centrales est\u00e1 siendo a todas luces el factor determinante en esta vuelta al paradigma del \"si peor, mejor\".","breadcrumb":{"@id":"https:\/\/www.tressis.com\/ca\/blog\/cambio-radical-del-mensaje-bancos-centrales\/#breadcrumb"},"inLanguage":"ca","potentialAction":[{"@type":"ReadAction","target":["https:\/\/www.tressis.com\/ca\/blog\/cambio-radical-del-mensaje-bancos-centrales\/"]}]},{"@type":"ImageObject","inLanguage":"ca","@id":"https:\/\/www.tressis.com\/ca\/blog\/cambio-radical-del-mensaje-bancos-centrales\/#primaryimage","url":"https:\/\/www.tressis.com\/wp-content\/uploads\/2019\/02\/20190222-mmv.jpg","contentUrl":"https:\/\/www.tressis.com\/wp-content\/uploads\/2019\/02\/20190222-mmv.jpg","width":1100,"height":487,"caption":"Cambio radical del mensaje de los bancos centrales"},{"@type":"BreadcrumbList","@id":"https:\/\/www.tressis.com\/ca\/blog\/cambio-radical-del-mensaje-bancos-centrales\/#breadcrumb","itemListElement":[{"@type":"ListItem","position":1,"name":"Inicio","item":"https:\/\/www.tressis.com\/ca\/"},{"@type":"ListItem","position":2,"name":"Cambio radical del mensaje de los bancos centrales"}]},{"@type":"WebSite","@id":"https:\/\/www.tressis.com\/ca\/#website","url":"https:\/\/www.tressis.com\/ca\/","name":"Tressis banca privada","description":"Tressis | Planificaci\u00f3n financiera y gesti\u00f3n de patrimonios","publisher":{"@id":"https:\/\/www.tressis.com\/ca\/#organization"},"potentialAction":[{"@type":"SearchAction","target":{"@type":"EntryPoint","urlTemplate":"https:\/\/www.tressis.com\/ca\/?s={search_term_string}"},"query-input":{"@type":"PropertyValueSpecification","valueRequired":true,"valueName":"search_term_string"}}],"inLanguage":"ca"},{"@type":"Organization","@id":"https:\/\/www.tressis.com\/ca\/#organization","name":"Tressis","url":"https:\/\/www.tressis.com\/ca\/","logo":{"@type":"ImageObject","inLanguage":"ca","@id":"https:\/\/www.tressis.com\/ca\/#\/schema\/logo\/image\/","url":"https:\/\/www.tressis.com\/wp-content\/uploads\/2025\/06\/logo-tressis-112.png","contentUrl":"https:\/\/www.tressis.com\/wp-content\/uploads\/2025\/06\/logo-tressis-112.png","width":112,"height":112,"caption":"Tressis"},"image":{"@id":"https:\/\/www.tressis.com\/ca\/#\/schema\/logo\/image\/"},"sameAs":["https:\/\/www.facebook.com\/Tressis\/","https:\/\/x.com\/TressisSV","https:\/\/www.instagram.com\/tressissv\/?hl=es","https:\/\/linkedin.com\/company\/tressis\/","https:\/\/www.youtube.com\/user\/tressissv","https:\/\/open.spotify.com\/show\/3jmTe1Nf0wqMILl7diWV6h?si=d7112519f13c4593&nd=1"]},{"@type":"Person","@id":"https:\/\/www.tressis.com\/ca\/#\/schema\/person\/b833c1d724d8764920b6d6852c70584e","name":"Lola","image":{"@type":"ImageObject","inLanguage":"ca","@id":"https:\/\/secure.gravatar.com\/avatar\/05e646486b23ff45df9649110609c7e31b8c4a3e2821caa23d6317f405e0c51d?s=96&d=mm&r=g","url":"https:\/\/secure.gravatar.com\/avatar\/05e646486b23ff45df9649110609c7e31b8c4a3e2821caa23d6317f405e0c51d?s=96&d=mm&r=g","contentUrl":"https:\/\/secure.gravatar.com\/avatar\/05e646486b23ff45df9649110609c7e31b8c4a3e2821caa23d6317f405e0c51d?s=96&d=mm&r=g","caption":"Lola"}}]}},"_links":{"self":[{"href":"https:\/\/www.tressis.com\/ca\/wp-json\/wp\/v2\/posts\/30961","targetHints":{"allow":["GET"]}}],"collection":[{"href":"https:\/\/www.tressis.com\/ca\/wp-json\/wp\/v2\/posts"}],"about":[{"href":"https:\/\/www.tressis.com\/ca\/wp-json\/wp\/v2\/types\/post"}],"author":[{"embeddable":true,"href":"https:\/\/www.tressis.com\/ca\/wp-json\/wp\/v2\/users\/4"}],"replies":[{"embeddable":true,"href":"https:\/\/www.tressis.com\/ca\/wp-json\/wp\/v2\/comments?post=30961"}],"version-history":[{"count":0,"href":"https:\/\/www.tressis.com\/ca\/wp-json\/wp\/v2\/posts\/30961\/revisions"}],"wp:featuredmedia":[{"embeddable":true,"href":"https:\/\/www.tressis.com\/ca\/wp-json\/wp\/v2\/media\/30962"}],"wp:attachment":[{"href":"https:\/\/www.tressis.com\/ca\/wp-json\/wp\/v2\/media?parent=30961"}],"wp:term":[{"taxonomy":"category","embeddable":true,"href":"https:\/\/www.tressis.com\/ca\/wp-json\/wp\/v2\/categories?post=30961"},{"taxonomy":"post_tag","embeddable":true,"href":"https:\/\/www.tressis.com\/ca\/wp-json\/wp\/v2\/tags?post=30961"}],"curies":[{"name":"wp","href":"https:\/\/api.w.org\/{rel}","templated":true}]}}