{"id":30711,"date":"2019-01-24T10:44:36","date_gmt":"2019-01-24T09:44:36","guid":{"rendered":"http:\/\/www.tressis.com\/blog\/?p=30711"},"modified":"2019-01-24T10:44:36","modified_gmt":"2019-01-24T09:44:36","slug":"el-mercado-espera-un-cambio-en-el-tono-de-draghi","status":"publish","type":"post","link":"https:\/\/www.tressis.com\/ca\/blog\/el-mercado-espera-un-cambio-en-el-tono-de-draghi\/","title":{"rendered":"El mercado espera un cambio en el tono de Draghi"},"content":{"rendered":"<p>Por fin el mercado vuelve a los fundamentales, a comportarse en funci\u00f3n de los resultados empresariales y de los datos econ\u00f3micos.<!--more--><\/p>\n<p>Solo las negociaciones sobre el futuro del Reino Unido mantienen su presencia en los titulares de los medios econ\u00f3micos, aunque en estos momentos todo parece indicar que el Parlamento brit\u00e1nico est\u00e1 dispuesto a evitar un <i>brexit<\/i> \u201cduro\u201d, lo que son buenas noticias para los inversores.<\/p>\n<p>Unos resultados superiores a lo previsto de IBM, Procter &amp; Gamble y United Technologies ayudaron a las bolsas. Mientras que en Europa, eran las empresas de comercio minorista las que tiraban del carro tras haber sido muy castigadas en los \u00faltimos meses.<\/p>\n<p>Tambi\u00e9n ayer, en Estados Unidos, el principal asesor econ\u00f3mico de la Casa Blanca, Larry Kudlow, volv\u00eda a negar que las negociaciones comerciales con China est\u00e9n yendo mal, intentando que desaparezcan todos los rumores sobre el fracaso de las mismas.<\/p>\n<p>Esta ma\u00f1ana, los PMI europeos vuelven a hacernos dudar sobre la situaci\u00f3n econ\u00f3mica europea. Primera vez que el sector industrial alem\u00e1n retrocede en cuatro a\u00f1os. Mientras, el sector servicios franc\u00e9s muestra el impacto de los chalecos amarillos en la econom\u00eda, quienes por defender sus casta\u00f1as pueden llevarse a todo el pa\u00eds a recesi\u00f3n. Cuando las barbas de tu vecino veas cortar\u2026<\/p>\n<p>Hoy la principal referencia de la sesi\u00f3n es la reuni\u00f3n del BCE, la primera tras el fin de la compra neta de bonos, y en la que el mercado espera un cambio en el tono de Draghi. As\u00ed como de las nuevas expectativas de crecimiento e inflaci\u00f3n. Por lo pronto, los analistas no esperan movimientos en los tipos de referencia hasta 2020.<\/p>\n<p>Buen d\u00eda.<\/p>\n<p><center><strong>Jorge Gonz\u00e1lez G\u00f3mez<\/strong><br \/>\nDirecci\u00f3n de Inversiones<\/center><\/p>\n","protected":false},"excerpt":{"rendered":"<p>Por fin el mercado vuelve a los fundamentales, a comportarse en funci\u00f3n de los resultados empresariales y de los datos econ\u00f3micos.<\/p>\n","protected":false},"author":4,"featured_media":30712,"comment_status":"open","ping_status":"closed","sticky":false,"template":"","format":"standard","meta":{"_acf_changed":false,"footnotes":""},"categories":[9721],"tags":[811,1118,2129,2492,2626,3453,4409,4927,5841,6053],"class_list":["post-30711","post","type-post","status-publish","format-standard","has-post-thumbnail","hentry","category-morning-meeting","tag-brexit","tag-china","tag-draghi","tag-estados-unidos","tag-expectativas-de-crecimiento","tag-inflacion","tag-negociaciones-comerciales","tag-pmi","tag-reunion-bce","tag-sector-industrial"],"acf":[],"yoast_head":"<!-- This site is optimized with the Yoast SEO plugin v27.5 - https:\/\/yoast.com\/product\/yoast-seo-wordpress\/ -->\n<title>El mercado espera un cambio en el tono de Draghi<\/title>\n<meta name=\"description\" content=\"Hoy la atenci\u00f3n de los inversores estar\u00e1 centrada en los comentarios del presidente de la autoridad monetaria\" \/>\n<meta name=\"robots\" content=\"index, follow, max-snippet:-1, max-image-preview:large, max-video-preview:-1\" \/>\n<link rel=\"canonical\" href=\"https:\/\/www.tressis.com\/ca\/blog\/el-mercado-espera-un-cambio-en-el-tono-de-draghi\/\" \/>\n<meta property=\"og:locale\" content=\"ca_ES\" \/>\n<meta property=\"og:type\" content=\"article\" \/>\n<meta property=\"og:title\" content=\"El mercado espera un cambio en el tono de Draghi\" \/>\n<meta property=\"og:description\" content=\"Hoy la atenci\u00f3n de los inversores estar\u00e1 centrada en los comentarios del presidente de la autoridad monetaria\" \/>\n<meta property=\"og:url\" content=\"https:\/\/www.tressis.com\/ca\/blog\/el-mercado-espera-un-cambio-en-el-tono-de-draghi\/\" \/>\n<meta property=\"og:site_name\" content=\"Tressis\" \/>\n<meta property=\"article:publisher\" content=\"https:\/\/www.facebook.com\/Tressis\/\" \/>\n<meta property=\"article:published_time\" content=\"2019-01-24T09:44:36+00:00\" \/>\n<meta property=\"og:image\" content=\"https:\/\/www.tressis.com\/wp-content\/uploads\/2019\/01\/20190124-mmv.jpg\" \/>\n\t<meta property=\"og:image:width\" content=\"1100\" \/>\n\t<meta property=\"og:image:height\" content=\"487\" \/>\n\t<meta property=\"og:image:type\" content=\"image\/jpeg\" \/>\n<meta name=\"author\" content=\"Lola\" \/>\n<meta name=\"twitter:card\" content=\"summary_large_image\" \/>\n<meta name=\"twitter:creator\" content=\"@TressisSV\" \/>\n<meta name=\"twitter:site\" content=\"@TressisSV\" \/>\n<meta name=\"twitter:label1\" content=\"Escrit per\" \/>\n\t<meta name=\"twitter:data1\" content=\"Lola\" \/>\n\t<meta name=\"twitter:label2\" content=\"Temps estimat de lectura\" \/>\n\t<meta name=\"twitter:data2\" content=\"2 minuts\" \/>\n<script type=\"application\/ld+json\" class=\"yoast-schema-graph\">{\"@context\":\"https:\\\/\\\/schema.org\",\"@graph\":[{\"@type\":\"Article\",\"@id\":\"https:\\\/\\\/www.tressis.com\\\/ca\\\/blog\\\/el-mercado-espera-un-cambio-en-el-tono-de-draghi\\\/#article\",\"isPartOf\":{\"@id\":\"https:\\\/\\\/www.tressis.com\\\/ca\\\/blog\\\/el-mercado-espera-un-cambio-en-el-tono-de-draghi\\\/\"},\"author\":{\"name\":\"Lola\",\"@id\":\"https:\\\/\\\/www.tressis.com\\\/ca\\\/#\\\/schema\\\/person\\\/b833c1d724d8764920b6d6852c70584e\"},\"headline\":\"El mercado espera un cambio en el tono de Draghi\",\"datePublished\":\"2019-01-24T09:44:36+00:00\",\"mainEntityOfPage\":{\"@id\":\"https:\\\/\\\/www.tressis.com\\\/ca\\\/blog\\\/el-mercado-espera-un-cambio-en-el-tono-de-draghi\\\/\"},\"wordCount\":312,\"commentCount\":0,\"publisher\":{\"@id\":\"https:\\\/\\\/www.tressis.com\\\/ca\\\/#organization\"},\"image\":{\"@id\":\"https:\\\/\\\/www.tressis.com\\\/ca\\\/blog\\\/el-mercado-espera-un-cambio-en-el-tono-de-draghi\\\/#primaryimage\"},\"thumbnailUrl\":\"https:\\\/\\\/www.tressis.com\\\/wp-content\\\/uploads\\\/2019\\\/01\\\/20190124-mmv.jpg\",\"keywords\":[\"Brexit\",\"china\",\"draghi\",\"Estados Unidos\",\"expectativas de crecimiento\",\"inflaci\u00f3n\",\"negociaciones comerciales\",\"PMI\",\"reuni\u00f3n BCE\",\"sector industrial\"],\"articleSection\":[\"Morning meeting\"],\"inLanguage\":\"ca\",\"potentialAction\":[{\"@type\":\"CommentAction\",\"name\":\"Comment\",\"target\":[\"https:\\\/\\\/www.tressis.com\\\/ca\\\/blog\\\/el-mercado-espera-un-cambio-en-el-tono-de-draghi\\\/#respond\"]}]},{\"@type\":\"WebPage\",\"@id\":\"https:\\\/\\\/www.tressis.com\\\/ca\\\/blog\\\/el-mercado-espera-un-cambio-en-el-tono-de-draghi\\\/\",\"url\":\"https:\\\/\\\/www.tressis.com\\\/ca\\\/blog\\\/el-mercado-espera-un-cambio-en-el-tono-de-draghi\\\/\",\"name\":\"El mercado espera un cambio en el tono de Draghi\",\"isPartOf\":{\"@id\":\"https:\\\/\\\/www.tressis.com\\\/ca\\\/#website\"},\"primaryImageOfPage\":{\"@id\":\"https:\\\/\\\/www.tressis.com\\\/ca\\\/blog\\\/el-mercado-espera-un-cambio-en-el-tono-de-draghi\\\/#primaryimage\"},\"image\":{\"@id\":\"https:\\\/\\\/www.tressis.com\\\/ca\\\/blog\\\/el-mercado-espera-un-cambio-en-el-tono-de-draghi\\\/#primaryimage\"},\"thumbnailUrl\":\"https:\\\/\\\/www.tressis.com\\\/wp-content\\\/uploads\\\/2019\\\/01\\\/20190124-mmv.jpg\",\"datePublished\":\"2019-01-24T09:44:36+00:00\",\"description\":\"Hoy la atenci\u00f3n de los inversores estar\u00e1 centrada en los comentarios del presidente de la autoridad monetaria\",\"breadcrumb\":{\"@id\":\"https:\\\/\\\/www.tressis.com\\\/ca\\\/blog\\\/el-mercado-espera-un-cambio-en-el-tono-de-draghi\\\/#breadcrumb\"},\"inLanguage\":\"ca\",\"potentialAction\":[{\"@type\":\"ReadAction\",\"target\":[\"https:\\\/\\\/www.tressis.com\\\/ca\\\/blog\\\/el-mercado-espera-un-cambio-en-el-tono-de-draghi\\\/\"]}]},{\"@type\":\"ImageObject\",\"inLanguage\":\"ca\",\"@id\":\"https:\\\/\\\/www.tressis.com\\\/ca\\\/blog\\\/el-mercado-espera-un-cambio-en-el-tono-de-draghi\\\/#primaryimage\",\"url\":\"https:\\\/\\\/www.tressis.com\\\/wp-content\\\/uploads\\\/2019\\\/01\\\/20190124-mmv.jpg\",\"contentUrl\":\"https:\\\/\\\/www.tressis.com\\\/wp-content\\\/uploads\\\/2019\\\/01\\\/20190124-mmv.jpg\",\"width\":1100,\"height\":487,\"caption\":\"El mercado espera un cambio en el tono de Draghi\"},{\"@type\":\"BreadcrumbList\",\"@id\":\"https:\\\/\\\/www.tressis.com\\\/ca\\\/blog\\\/el-mercado-espera-un-cambio-en-el-tono-de-draghi\\\/#breadcrumb\",\"itemListElement\":[{\"@type\":\"ListItem\",\"position\":1,\"name\":\"Inicio\",\"item\":\"https:\\\/\\\/www.tressis.com\\\/ca\\\/\"},{\"@type\":\"ListItem\",\"position\":2,\"name\":\"El mercado espera un cambio en el tono de Draghi\"}]},{\"@type\":\"WebSite\",\"@id\":\"https:\\\/\\\/www.tressis.com\\\/ca\\\/#website\",\"url\":\"https:\\\/\\\/www.tressis.com\\\/ca\\\/\",\"name\":\"Tressis banca privada\",\"description\":\"Tressis | Planificaci\u00f3n financiera y gesti\u00f3n de patrimonios\",\"publisher\":{\"@id\":\"https:\\\/\\\/www.tressis.com\\\/ca\\\/#organization\"},\"potentialAction\":[{\"@type\":\"SearchAction\",\"target\":{\"@type\":\"EntryPoint\",\"urlTemplate\":\"https:\\\/\\\/www.tressis.com\\\/ca\\\/?s={search_term_string}\"},\"query-input\":{\"@type\":\"PropertyValueSpecification\",\"valueRequired\":true,\"valueName\":\"search_term_string\"}}],\"inLanguage\":\"ca\"},{\"@type\":\"Organization\",\"@id\":\"https:\\\/\\\/www.tressis.com\\\/ca\\\/#organization\",\"name\":\"Tressis\",\"url\":\"https:\\\/\\\/www.tressis.com\\\/ca\\\/\",\"logo\":{\"@type\":\"ImageObject\",\"inLanguage\":\"ca\",\"@id\":\"https:\\\/\\\/www.tressis.com\\\/ca\\\/#\\\/schema\\\/logo\\\/image\\\/\",\"url\":\"https:\\\/\\\/www.tressis.com\\\/wp-content\\\/uploads\\\/2025\\\/06\\\/logo-tressis-112.png\",\"contentUrl\":\"https:\\\/\\\/www.tressis.com\\\/wp-content\\\/uploads\\\/2025\\\/06\\\/logo-tressis-112.png\",\"width\":112,\"height\":112,\"caption\":\"Tressis\"},\"image\":{\"@id\":\"https:\\\/\\\/www.tressis.com\\\/ca\\\/#\\\/schema\\\/logo\\\/image\\\/\"},\"sameAs\":[\"https:\\\/\\\/www.facebook.com\\\/Tressis\\\/\",\"https:\\\/\\\/x.com\\\/TressisSV\",\"https:\\\/\\\/www.instagram.com\\\/tressissv\\\/?hl=es\",\"https:\\\/\\\/linkedin.com\\\/company\\\/tressis\\\/\",\"https:\\\/\\\/www.youtube.com\\\/user\\\/tressissv\",\"https:\\\/\\\/open.spotify.com\\\/show\\\/3jmTe1Nf0wqMILl7diWV6h?si=d7112519f13c4593&nd=1\"]},{\"@type\":\"Person\",\"@id\":\"https:\\\/\\\/www.tressis.com\\\/ca\\\/#\\\/schema\\\/person\\\/b833c1d724d8764920b6d6852c70584e\",\"name\":\"Lola\",\"image\":{\"@type\":\"ImageObject\",\"inLanguage\":\"ca\",\"@id\":\"https:\\\/\\\/secure.gravatar.com\\\/avatar\\\/05e646486b23ff45df9649110609c7e31b8c4a3e2821caa23d6317f405e0c51d?s=96&d=mm&r=g\",\"url\":\"https:\\\/\\\/secure.gravatar.com\\\/avatar\\\/05e646486b23ff45df9649110609c7e31b8c4a3e2821caa23d6317f405e0c51d?s=96&d=mm&r=g\",\"contentUrl\":\"https:\\\/\\\/secure.gravatar.com\\\/avatar\\\/05e646486b23ff45df9649110609c7e31b8c4a3e2821caa23d6317f405e0c51d?s=96&d=mm&r=g\",\"caption\":\"Lola\"}}]}<\/script>\n<!-- \/ Yoast SEO plugin. -->","yoast_head_json":{"title":"El mercado espera un cambio en el tono de Draghi","description":"Hoy la atenci\u00f3n de los inversores estar\u00e1 centrada en los comentarios del presidente de la autoridad monetaria","robots":{"index":"index","follow":"follow","max-snippet":"max-snippet:-1","max-image-preview":"max-image-preview:large","max-video-preview":"max-video-preview:-1"},"canonical":"https:\/\/www.tressis.com\/ca\/blog\/el-mercado-espera-un-cambio-en-el-tono-de-draghi\/","og_locale":"ca_ES","og_type":"article","og_title":"El mercado espera un cambio en el tono de Draghi","og_description":"Hoy la atenci\u00f3n de los inversores estar\u00e1 centrada en los comentarios del presidente de la autoridad monetaria","og_url":"https:\/\/www.tressis.com\/ca\/blog\/el-mercado-espera-un-cambio-en-el-tono-de-draghi\/","og_site_name":"Tressis","article_publisher":"https:\/\/www.facebook.com\/Tressis\/","article_published_time":"2019-01-24T09:44:36+00:00","og_image":[{"width":1100,"height":487,"url":"https:\/\/www.tressis.com\/wp-content\/uploads\/2019\/01\/20190124-mmv.jpg","type":"image\/jpeg"}],"author":"Lola","twitter_card":"summary_large_image","twitter_creator":"@TressisSV","twitter_site":"@TressisSV","twitter_misc":{"Escrit per":"Lola","Temps estimat de lectura":"2 minuts"},"schema":{"@context":"https:\/\/schema.org","@graph":[{"@type":"Article","@id":"https:\/\/www.tressis.com\/ca\/blog\/el-mercado-espera-un-cambio-en-el-tono-de-draghi\/#article","isPartOf":{"@id":"https:\/\/www.tressis.com\/ca\/blog\/el-mercado-espera-un-cambio-en-el-tono-de-draghi\/"},"author":{"name":"Lola","@id":"https:\/\/www.tressis.com\/ca\/#\/schema\/person\/b833c1d724d8764920b6d6852c70584e"},"headline":"El mercado espera un cambio en el tono de Draghi","datePublished":"2019-01-24T09:44:36+00:00","mainEntityOfPage":{"@id":"https:\/\/www.tressis.com\/ca\/blog\/el-mercado-espera-un-cambio-en-el-tono-de-draghi\/"},"wordCount":312,"commentCount":0,"publisher":{"@id":"https:\/\/www.tressis.com\/ca\/#organization"},"image":{"@id":"https:\/\/www.tressis.com\/ca\/blog\/el-mercado-espera-un-cambio-en-el-tono-de-draghi\/#primaryimage"},"thumbnailUrl":"https:\/\/www.tressis.com\/wp-content\/uploads\/2019\/01\/20190124-mmv.jpg","keywords":["Brexit","china","draghi","Estados Unidos","expectativas de crecimiento","inflaci\u00f3n","negociaciones comerciales","PMI","reuni\u00f3n BCE","sector industrial"],"articleSection":["Morning meeting"],"inLanguage":"ca","potentialAction":[{"@type":"CommentAction","name":"Comment","target":["https:\/\/www.tressis.com\/ca\/blog\/el-mercado-espera-un-cambio-en-el-tono-de-draghi\/#respond"]}]},{"@type":"WebPage","@id":"https:\/\/www.tressis.com\/ca\/blog\/el-mercado-espera-un-cambio-en-el-tono-de-draghi\/","url":"https:\/\/www.tressis.com\/ca\/blog\/el-mercado-espera-un-cambio-en-el-tono-de-draghi\/","name":"El mercado espera un cambio en el tono de Draghi","isPartOf":{"@id":"https:\/\/www.tressis.com\/ca\/#website"},"primaryImageOfPage":{"@id":"https:\/\/www.tressis.com\/ca\/blog\/el-mercado-espera-un-cambio-en-el-tono-de-draghi\/#primaryimage"},"image":{"@id":"https:\/\/www.tressis.com\/ca\/blog\/el-mercado-espera-un-cambio-en-el-tono-de-draghi\/#primaryimage"},"thumbnailUrl":"https:\/\/www.tressis.com\/wp-content\/uploads\/2019\/01\/20190124-mmv.jpg","datePublished":"2019-01-24T09:44:36+00:00","description":"Hoy la atenci\u00f3n de los inversores estar\u00e1 centrada en los comentarios del presidente de la autoridad monetaria","breadcrumb":{"@id":"https:\/\/www.tressis.com\/ca\/blog\/el-mercado-espera-un-cambio-en-el-tono-de-draghi\/#breadcrumb"},"inLanguage":"ca","potentialAction":[{"@type":"ReadAction","target":["https:\/\/www.tressis.com\/ca\/blog\/el-mercado-espera-un-cambio-en-el-tono-de-draghi\/"]}]},{"@type":"ImageObject","inLanguage":"ca","@id":"https:\/\/www.tressis.com\/ca\/blog\/el-mercado-espera-un-cambio-en-el-tono-de-draghi\/#primaryimage","url":"https:\/\/www.tressis.com\/wp-content\/uploads\/2019\/01\/20190124-mmv.jpg","contentUrl":"https:\/\/www.tressis.com\/wp-content\/uploads\/2019\/01\/20190124-mmv.jpg","width":1100,"height":487,"caption":"El mercado espera un cambio en el tono de Draghi"},{"@type":"BreadcrumbList","@id":"https:\/\/www.tressis.com\/ca\/blog\/el-mercado-espera-un-cambio-en-el-tono-de-draghi\/#breadcrumb","itemListElement":[{"@type":"ListItem","position":1,"name":"Inicio","item":"https:\/\/www.tressis.com\/ca\/"},{"@type":"ListItem","position":2,"name":"El mercado espera un cambio en el tono de Draghi"}]},{"@type":"WebSite","@id":"https:\/\/www.tressis.com\/ca\/#website","url":"https:\/\/www.tressis.com\/ca\/","name":"Tressis banca privada","description":"Tressis | Planificaci\u00f3n financiera y gesti\u00f3n de patrimonios","publisher":{"@id":"https:\/\/www.tressis.com\/ca\/#organization"},"potentialAction":[{"@type":"SearchAction","target":{"@type":"EntryPoint","urlTemplate":"https:\/\/www.tressis.com\/ca\/?s={search_term_string}"},"query-input":{"@type":"PropertyValueSpecification","valueRequired":true,"valueName":"search_term_string"}}],"inLanguage":"ca"},{"@type":"Organization","@id":"https:\/\/www.tressis.com\/ca\/#organization","name":"Tressis","url":"https:\/\/www.tressis.com\/ca\/","logo":{"@type":"ImageObject","inLanguage":"ca","@id":"https:\/\/www.tressis.com\/ca\/#\/schema\/logo\/image\/","url":"https:\/\/www.tressis.com\/wp-content\/uploads\/2025\/06\/logo-tressis-112.png","contentUrl":"https:\/\/www.tressis.com\/wp-content\/uploads\/2025\/06\/logo-tressis-112.png","width":112,"height":112,"caption":"Tressis"},"image":{"@id":"https:\/\/www.tressis.com\/ca\/#\/schema\/logo\/image\/"},"sameAs":["https:\/\/www.facebook.com\/Tressis\/","https:\/\/x.com\/TressisSV","https:\/\/www.instagram.com\/tressissv\/?hl=es","https:\/\/linkedin.com\/company\/tressis\/","https:\/\/www.youtube.com\/user\/tressissv","https:\/\/open.spotify.com\/show\/3jmTe1Nf0wqMILl7diWV6h?si=d7112519f13c4593&nd=1"]},{"@type":"Person","@id":"https:\/\/www.tressis.com\/ca\/#\/schema\/person\/b833c1d724d8764920b6d6852c70584e","name":"Lola","image":{"@type":"ImageObject","inLanguage":"ca","@id":"https:\/\/secure.gravatar.com\/avatar\/05e646486b23ff45df9649110609c7e31b8c4a3e2821caa23d6317f405e0c51d?s=96&d=mm&r=g","url":"https:\/\/secure.gravatar.com\/avatar\/05e646486b23ff45df9649110609c7e31b8c4a3e2821caa23d6317f405e0c51d?s=96&d=mm&r=g","contentUrl":"https:\/\/secure.gravatar.com\/avatar\/05e646486b23ff45df9649110609c7e31b8c4a3e2821caa23d6317f405e0c51d?s=96&d=mm&r=g","caption":"Lola"}}]}},"_links":{"self":[{"href":"https:\/\/www.tressis.com\/ca\/wp-json\/wp\/v2\/posts\/30711","targetHints":{"allow":["GET"]}}],"collection":[{"href":"https:\/\/www.tressis.com\/ca\/wp-json\/wp\/v2\/posts"}],"about":[{"href":"https:\/\/www.tressis.com\/ca\/wp-json\/wp\/v2\/types\/post"}],"author":[{"embeddable":true,"href":"https:\/\/www.tressis.com\/ca\/wp-json\/wp\/v2\/users\/4"}],"replies":[{"embeddable":true,"href":"https:\/\/www.tressis.com\/ca\/wp-json\/wp\/v2\/comments?post=30711"}],"version-history":[{"count":0,"href":"https:\/\/www.tressis.com\/ca\/wp-json\/wp\/v2\/posts\/30711\/revisions"}],"wp:featuredmedia":[{"embeddable":true,"href":"https:\/\/www.tressis.com\/ca\/wp-json\/wp\/v2\/media\/30712"}],"wp:attachment":[{"href":"https:\/\/www.tressis.com\/ca\/wp-json\/wp\/v2\/media?parent=30711"}],"wp:term":[{"taxonomy":"category","embeddable":true,"href":"https:\/\/www.tressis.com\/ca\/wp-json\/wp\/v2\/categories?post=30711"},{"taxonomy":"post_tag","embeddable":true,"href":"https:\/\/www.tressis.com\/ca\/wp-json\/wp\/v2\/tags?post=30711"}],"curies":[{"name":"wp","href":"https:\/\/api.w.org\/{rel}","templated":true}]}}