{"id":30682,"date":"2019-01-22T10:04:42","date_gmt":"2019-01-22T09:04:42","guid":{"rendered":"http:\/\/www.tressis.com\/blog\/?p=30682"},"modified":"2019-01-22T10:04:42","modified_gmt":"2019-01-22T09:04:42","slug":"no-habra-segundo-referendum","status":"publish","type":"post","link":"https:\/\/www.tressis.com\/ca\/blog\/no-habra-segundo-referendum\/","title":{"rendered":"No habr\u00e1 segundo refer\u00e9ndum"},"content":{"rendered":"<p>Wall Street no abri\u00f3 ayer debido a la celebraci\u00f3n del d\u00eda de Martin Luther King y cuando eso sucede se nota muy mucho en los mercados, pues al fin y al cabo es EE.UU. el epicentro de las finanzas a pesar de que en Europa tengamos una concepci\u00f3n &#8220;geocentrista&#8221; del mundo.<!--more--><\/p>\n<p>Pero es que cuando toca hablar de pol\u00edtica, pues entonces s\u00ed somos los n\u00fameros uno en todo, principalmente en problemas. Ahora y aunque dicen no sentirse precisamente apegados al concepto de ser europeos, los brit\u00e1nicos est\u00e1n afrontando las \u00faltimas semanas previas al <i>brexit<\/i> sin saber, ni m\u00ednimamente, cu\u00e1l va a ser el desenlace. Dec\u00eda ayer Theresa May que no habr\u00e1 segundo refer\u00e9ndum y que sin embargo, s\u00ed seguir\u00e1 discutiendo una vuelta m\u00e1s a no se sabe ya qu\u00e9 acuerdo. M\u00e1s all\u00e1 del deplorable espect\u00e1culo que nos est\u00e1 dejando la clase pol\u00edtica del Reino Unido, cabe tambi\u00e9n pensar que los <i>brexiters<\/i> del ala dura, los que abogan por soltar amarras y ya est\u00e1, est\u00e1n a estas alturas ganando la partida porque si no&#8230;<\/p>\n<p>Por su parte, el FMI present\u00f3 unas perspectivas econ\u00f3micas muy alejadas de una celebraci\u00f3n. Los principales damnificados del hachazo son, efectivamente, pa\u00edses europeos, y en buena medida lo son por culpa de, efectivamente, factores pol\u00edticos. As\u00ed es como Italia y Alemania, y en menor medida Francia, ven sus perspectivas mermadas. Aunque siendo justos, dice el FMI que, a nivel global, el endurecimiento de las condiciones financieras o las tensiones comerciales est\u00e1n siendo especialmente nocivos. Es decir, m\u00e1s de lo mismo de lo que llevamos viendo unos meses.<\/p>\n<p>Buen d\u00eda.<\/p>\n<p><center><strong>Am\u00edlcar Barrios Vilallonga<\/strong><br \/>\nDirecci\u00f3n de Inversiones<\/center><\/p>\n","protected":false},"excerpt":{"rendered":"<p>Wall Street no abri\u00f3 ayer debido a la celebraci\u00f3n del d\u00eda de Martin Luther King y cuando eso sucede se nota muy mucho en los mercados, pues al fin y al cabo es EE.UU. el epicentro de las finanzas a pesar de que en Europa tengamos una concepci\u00f3n &#8220;geocentrista&#8221; del mundo.<\/p>\n","protected":false},"author":4,"featured_media":30683,"comment_status":"open","ping_status":"closed","sticky":false,"template":"","format":"standard","meta":{"_acf_changed":false,"footnotes":""},"categories":[9721],"tags":[141,811,1347,2206,2790,2879,3696,4676,4827,5531,5579,6535,6568],"class_list":["post-30682","post","type-post","status-publish","format-standard","has-post-thumbnail","hentry","category-morning-meeting","tag-alemania","tag-brexit","tag-condiciones-financieras","tag-eeuu","tag-fmi","tag-francia","tag-italia","tag-paises-europeos","tag-perspectivas-economicas","tag-referendum-reino-unido","tag-reino-unido","tag-tensiones-comerciales","tag-theresa-may"],"acf":[],"yoast_head":"<!-- This site is optimized with the Yoast SEO plugin v27.5 - https:\/\/yoast.com\/product\/yoast-seo-wordpress\/ -->\n<title>No habr\u00e1 segundo refer\u00e9ndum<\/title>\n<meta name=\"description\" content=\"La clase pol\u00edtica del Reino Unido nos est\u00e1 dejando un deplorable espect\u00e1culo\" \/>\n<meta name=\"robots\" content=\"index, follow, max-snippet:-1, max-image-preview:large, max-video-preview:-1\" \/>\n<link rel=\"canonical\" href=\"https:\/\/www.tressis.com\/ca\/blog\/no-habra-segundo-referendum\/\" \/>\n<meta property=\"og:locale\" content=\"ca_ES\" \/>\n<meta property=\"og:type\" content=\"article\" \/>\n<meta property=\"og:title\" content=\"No habr\u00e1 segundo refer\u00e9ndum\" \/>\n<meta property=\"og:description\" content=\"La clase pol\u00edtica del Reino Unido nos est\u00e1 dejando un deplorable espect\u00e1culo\" \/>\n<meta property=\"og:url\" content=\"https:\/\/www.tressis.com\/ca\/blog\/no-habra-segundo-referendum\/\" \/>\n<meta property=\"og:site_name\" content=\"Tressis\" \/>\n<meta property=\"article:publisher\" content=\"https:\/\/www.facebook.com\/Tressis\/\" \/>\n<meta property=\"article:published_time\" content=\"2019-01-22T09:04:42+00:00\" \/>\n<meta property=\"og:image\" content=\"https:\/\/www.tressis.com\/wp-content\/uploads\/2019\/01\/20190122-mmv.jpg\" \/>\n\t<meta property=\"og:image:width\" content=\"1100\" \/>\n\t<meta property=\"og:image:height\" content=\"487\" \/>\n\t<meta property=\"og:image:type\" content=\"image\/jpeg\" \/>\n<meta name=\"author\" content=\"Lola\" \/>\n<meta name=\"twitter:card\" content=\"summary_large_image\" \/>\n<meta name=\"twitter:creator\" content=\"@TressisSV\" \/>\n<meta name=\"twitter:site\" content=\"@TressisSV\" \/>\n<meta name=\"twitter:label1\" content=\"Escrit per\" \/>\n\t<meta name=\"twitter:data1\" content=\"Lola\" \/>\n\t<meta name=\"twitter:label2\" content=\"Temps estimat de lectura\" \/>\n\t<meta name=\"twitter:data2\" content=\"1 minut\" \/>\n<script type=\"application\/ld+json\" class=\"yoast-schema-graph\">{\"@context\":\"https:\\\/\\\/schema.org\",\"@graph\":[{\"@type\":\"Article\",\"@id\":\"https:\\\/\\\/www.tressis.com\\\/ca\\\/blog\\\/no-habra-segundo-referendum\\\/#article\",\"isPartOf\":{\"@id\":\"https:\\\/\\\/www.tressis.com\\\/ca\\\/blog\\\/no-habra-segundo-referendum\\\/\"},\"author\":{\"name\":\"Lola\",\"@id\":\"https:\\\/\\\/www.tressis.com\\\/ca\\\/#\\\/schema\\\/person\\\/b833c1d724d8764920b6d6852c70584e\"},\"headline\":\"No habr\u00e1 segundo refer\u00e9ndum\",\"datePublished\":\"2019-01-22T09:04:42+00:00\",\"mainEntityOfPage\":{\"@id\":\"https:\\\/\\\/www.tressis.com\\\/ca\\\/blog\\\/no-habra-segundo-referendum\\\/\"},\"wordCount\":300,\"commentCount\":0,\"publisher\":{\"@id\":\"https:\\\/\\\/www.tressis.com\\\/ca\\\/#organization\"},\"image\":{\"@id\":\"https:\\\/\\\/www.tressis.com\\\/ca\\\/blog\\\/no-habra-segundo-referendum\\\/#primaryimage\"},\"thumbnailUrl\":\"https:\\\/\\\/www.tressis.com\\\/wp-content\\\/uploads\\\/2019\\\/01\\\/20190122-mmv.jpg\",\"keywords\":[\"Alemania\",\"Brexit\",\"condiciones financieras\",\"EEUU\",\"FMI\",\"Francia\",\"Italia\",\"pa\u00edses europeos\",\"perspectivas econ\u00f3micas\",\"referendum Reino Unido\",\"reino unido\",\"tensiones comerciales\",\"Theresa May\"],\"articleSection\":[\"Morning meeting\"],\"inLanguage\":\"ca\",\"potentialAction\":[{\"@type\":\"CommentAction\",\"name\":\"Comment\",\"target\":[\"https:\\\/\\\/www.tressis.com\\\/ca\\\/blog\\\/no-habra-segundo-referendum\\\/#respond\"]}]},{\"@type\":\"WebPage\",\"@id\":\"https:\\\/\\\/www.tressis.com\\\/ca\\\/blog\\\/no-habra-segundo-referendum\\\/\",\"url\":\"https:\\\/\\\/www.tressis.com\\\/ca\\\/blog\\\/no-habra-segundo-referendum\\\/\",\"name\":\"No habr\u00e1 segundo refer\u00e9ndum\",\"isPartOf\":{\"@id\":\"https:\\\/\\\/www.tressis.com\\\/ca\\\/#website\"},\"primaryImageOfPage\":{\"@id\":\"https:\\\/\\\/www.tressis.com\\\/ca\\\/blog\\\/no-habra-segundo-referendum\\\/#primaryimage\"},\"image\":{\"@id\":\"https:\\\/\\\/www.tressis.com\\\/ca\\\/blog\\\/no-habra-segundo-referendum\\\/#primaryimage\"},\"thumbnailUrl\":\"https:\\\/\\\/www.tressis.com\\\/wp-content\\\/uploads\\\/2019\\\/01\\\/20190122-mmv.jpg\",\"datePublished\":\"2019-01-22T09:04:42+00:00\",\"description\":\"La clase pol\u00edtica del Reino Unido nos est\u00e1 dejando un deplorable espect\u00e1culo\",\"breadcrumb\":{\"@id\":\"https:\\\/\\\/www.tressis.com\\\/ca\\\/blog\\\/no-habra-segundo-referendum\\\/#breadcrumb\"},\"inLanguage\":\"ca\",\"potentialAction\":[{\"@type\":\"ReadAction\",\"target\":[\"https:\\\/\\\/www.tressis.com\\\/ca\\\/blog\\\/no-habra-segundo-referendum\\\/\"]}]},{\"@type\":\"ImageObject\",\"inLanguage\":\"ca\",\"@id\":\"https:\\\/\\\/www.tressis.com\\\/ca\\\/blog\\\/no-habra-segundo-referendum\\\/#primaryimage\",\"url\":\"https:\\\/\\\/www.tressis.com\\\/wp-content\\\/uploads\\\/2019\\\/01\\\/20190122-mmv.jpg\",\"contentUrl\":\"https:\\\/\\\/www.tressis.com\\\/wp-content\\\/uploads\\\/2019\\\/01\\\/20190122-mmv.jpg\",\"width\":1100,\"height\":487,\"caption\":\"No habr\u00e1 segundo refer\u00e9ndum\"},{\"@type\":\"BreadcrumbList\",\"@id\":\"https:\\\/\\\/www.tressis.com\\\/ca\\\/blog\\\/no-habra-segundo-referendum\\\/#breadcrumb\",\"itemListElement\":[{\"@type\":\"ListItem\",\"position\":1,\"name\":\"Inicio\",\"item\":\"https:\\\/\\\/www.tressis.com\\\/ca\\\/\"},{\"@type\":\"ListItem\",\"position\":2,\"name\":\"No habr\u00e1 segundo refer\u00e9ndum\"}]},{\"@type\":\"WebSite\",\"@id\":\"https:\\\/\\\/www.tressis.com\\\/ca\\\/#website\",\"url\":\"https:\\\/\\\/www.tressis.com\\\/ca\\\/\",\"name\":\"Tressis banca privada\",\"description\":\"Tressis | Planificaci\u00f3n financiera y gesti\u00f3n de patrimonios\",\"publisher\":{\"@id\":\"https:\\\/\\\/www.tressis.com\\\/ca\\\/#organization\"},\"potentialAction\":[{\"@type\":\"SearchAction\",\"target\":{\"@type\":\"EntryPoint\",\"urlTemplate\":\"https:\\\/\\\/www.tressis.com\\\/ca\\\/?s={search_term_string}\"},\"query-input\":{\"@type\":\"PropertyValueSpecification\",\"valueRequired\":true,\"valueName\":\"search_term_string\"}}],\"inLanguage\":\"ca\"},{\"@type\":\"Organization\",\"@id\":\"https:\\\/\\\/www.tressis.com\\\/ca\\\/#organization\",\"name\":\"Tressis\",\"url\":\"https:\\\/\\\/www.tressis.com\\\/ca\\\/\",\"logo\":{\"@type\":\"ImageObject\",\"inLanguage\":\"ca\",\"@id\":\"https:\\\/\\\/www.tressis.com\\\/ca\\\/#\\\/schema\\\/logo\\\/image\\\/\",\"url\":\"https:\\\/\\\/www.tressis.com\\\/wp-content\\\/uploads\\\/2025\\\/06\\\/logo-tressis-112.png\",\"contentUrl\":\"https:\\\/\\\/www.tressis.com\\\/wp-content\\\/uploads\\\/2025\\\/06\\\/logo-tressis-112.png\",\"width\":112,\"height\":112,\"caption\":\"Tressis\"},\"image\":{\"@id\":\"https:\\\/\\\/www.tressis.com\\\/ca\\\/#\\\/schema\\\/logo\\\/image\\\/\"},\"sameAs\":[\"https:\\\/\\\/www.facebook.com\\\/Tressis\\\/\",\"https:\\\/\\\/x.com\\\/TressisSV\",\"https:\\\/\\\/www.instagram.com\\\/tressissv\\\/?hl=es\",\"https:\\\/\\\/linkedin.com\\\/company\\\/tressis\\\/\",\"https:\\\/\\\/www.youtube.com\\\/user\\\/tressissv\",\"https:\\\/\\\/open.spotify.com\\\/show\\\/3jmTe1Nf0wqMILl7diWV6h?si=d7112519f13c4593&nd=1\"]},{\"@type\":\"Person\",\"@id\":\"https:\\\/\\\/www.tressis.com\\\/ca\\\/#\\\/schema\\\/person\\\/b833c1d724d8764920b6d6852c70584e\",\"name\":\"Lola\",\"image\":{\"@type\":\"ImageObject\",\"inLanguage\":\"ca\",\"@id\":\"https:\\\/\\\/secure.gravatar.com\\\/avatar\\\/05e646486b23ff45df9649110609c7e31b8c4a3e2821caa23d6317f405e0c51d?s=96&d=mm&r=g\",\"url\":\"https:\\\/\\\/secure.gravatar.com\\\/avatar\\\/05e646486b23ff45df9649110609c7e31b8c4a3e2821caa23d6317f405e0c51d?s=96&d=mm&r=g\",\"contentUrl\":\"https:\\\/\\\/secure.gravatar.com\\\/avatar\\\/05e646486b23ff45df9649110609c7e31b8c4a3e2821caa23d6317f405e0c51d?s=96&d=mm&r=g\",\"caption\":\"Lola\"}}]}<\/script>\n<!-- \/ Yoast SEO plugin. -->","yoast_head_json":{"title":"No habr\u00e1 segundo refer\u00e9ndum","description":"La clase pol\u00edtica del Reino Unido nos est\u00e1 dejando un deplorable espect\u00e1culo","robots":{"index":"index","follow":"follow","max-snippet":"max-snippet:-1","max-image-preview":"max-image-preview:large","max-video-preview":"max-video-preview:-1"},"canonical":"https:\/\/www.tressis.com\/ca\/blog\/no-habra-segundo-referendum\/","og_locale":"ca_ES","og_type":"article","og_title":"No habr\u00e1 segundo refer\u00e9ndum","og_description":"La clase pol\u00edtica del Reino Unido nos est\u00e1 dejando un deplorable espect\u00e1culo","og_url":"https:\/\/www.tressis.com\/ca\/blog\/no-habra-segundo-referendum\/","og_site_name":"Tressis","article_publisher":"https:\/\/www.facebook.com\/Tressis\/","article_published_time":"2019-01-22T09:04:42+00:00","og_image":[{"width":1100,"height":487,"url":"https:\/\/www.tressis.com\/wp-content\/uploads\/2019\/01\/20190122-mmv.jpg","type":"image\/jpeg"}],"author":"Lola","twitter_card":"summary_large_image","twitter_creator":"@TressisSV","twitter_site":"@TressisSV","twitter_misc":{"Escrit per":"Lola","Temps estimat de lectura":"1 minut"},"schema":{"@context":"https:\/\/schema.org","@graph":[{"@type":"Article","@id":"https:\/\/www.tressis.com\/ca\/blog\/no-habra-segundo-referendum\/#article","isPartOf":{"@id":"https:\/\/www.tressis.com\/ca\/blog\/no-habra-segundo-referendum\/"},"author":{"name":"Lola","@id":"https:\/\/www.tressis.com\/ca\/#\/schema\/person\/b833c1d724d8764920b6d6852c70584e"},"headline":"No habr\u00e1 segundo refer\u00e9ndum","datePublished":"2019-01-22T09:04:42+00:00","mainEntityOfPage":{"@id":"https:\/\/www.tressis.com\/ca\/blog\/no-habra-segundo-referendum\/"},"wordCount":300,"commentCount":0,"publisher":{"@id":"https:\/\/www.tressis.com\/ca\/#organization"},"image":{"@id":"https:\/\/www.tressis.com\/ca\/blog\/no-habra-segundo-referendum\/#primaryimage"},"thumbnailUrl":"https:\/\/www.tressis.com\/wp-content\/uploads\/2019\/01\/20190122-mmv.jpg","keywords":["Alemania","Brexit","condiciones financieras","EEUU","FMI","Francia","Italia","pa\u00edses europeos","perspectivas econ\u00f3micas","referendum Reino Unido","reino unido","tensiones comerciales","Theresa May"],"articleSection":["Morning meeting"],"inLanguage":"ca","potentialAction":[{"@type":"CommentAction","name":"Comment","target":["https:\/\/www.tressis.com\/ca\/blog\/no-habra-segundo-referendum\/#respond"]}]},{"@type":"WebPage","@id":"https:\/\/www.tressis.com\/ca\/blog\/no-habra-segundo-referendum\/","url":"https:\/\/www.tressis.com\/ca\/blog\/no-habra-segundo-referendum\/","name":"No habr\u00e1 segundo refer\u00e9ndum","isPartOf":{"@id":"https:\/\/www.tressis.com\/ca\/#website"},"primaryImageOfPage":{"@id":"https:\/\/www.tressis.com\/ca\/blog\/no-habra-segundo-referendum\/#primaryimage"},"image":{"@id":"https:\/\/www.tressis.com\/ca\/blog\/no-habra-segundo-referendum\/#primaryimage"},"thumbnailUrl":"https:\/\/www.tressis.com\/wp-content\/uploads\/2019\/01\/20190122-mmv.jpg","datePublished":"2019-01-22T09:04:42+00:00","description":"La clase pol\u00edtica del Reino Unido nos est\u00e1 dejando un deplorable espect\u00e1culo","breadcrumb":{"@id":"https:\/\/www.tressis.com\/ca\/blog\/no-habra-segundo-referendum\/#breadcrumb"},"inLanguage":"ca","potentialAction":[{"@type":"ReadAction","target":["https:\/\/www.tressis.com\/ca\/blog\/no-habra-segundo-referendum\/"]}]},{"@type":"ImageObject","inLanguage":"ca","@id":"https:\/\/www.tressis.com\/ca\/blog\/no-habra-segundo-referendum\/#primaryimage","url":"https:\/\/www.tressis.com\/wp-content\/uploads\/2019\/01\/20190122-mmv.jpg","contentUrl":"https:\/\/www.tressis.com\/wp-content\/uploads\/2019\/01\/20190122-mmv.jpg","width":1100,"height":487,"caption":"No habr\u00e1 segundo refer\u00e9ndum"},{"@type":"BreadcrumbList","@id":"https:\/\/www.tressis.com\/ca\/blog\/no-habra-segundo-referendum\/#breadcrumb","itemListElement":[{"@type":"ListItem","position":1,"name":"Inicio","item":"https:\/\/www.tressis.com\/ca\/"},{"@type":"ListItem","position":2,"name":"No habr\u00e1 segundo refer\u00e9ndum"}]},{"@type":"WebSite","@id":"https:\/\/www.tressis.com\/ca\/#website","url":"https:\/\/www.tressis.com\/ca\/","name":"Tressis banca privada","description":"Tressis | Planificaci\u00f3n financiera y gesti\u00f3n de patrimonios","publisher":{"@id":"https:\/\/www.tressis.com\/ca\/#organization"},"potentialAction":[{"@type":"SearchAction","target":{"@type":"EntryPoint","urlTemplate":"https:\/\/www.tressis.com\/ca\/?s={search_term_string}"},"query-input":{"@type":"PropertyValueSpecification","valueRequired":true,"valueName":"search_term_string"}}],"inLanguage":"ca"},{"@type":"Organization","@id":"https:\/\/www.tressis.com\/ca\/#organization","name":"Tressis","url":"https:\/\/www.tressis.com\/ca\/","logo":{"@type":"ImageObject","inLanguage":"ca","@id":"https:\/\/www.tressis.com\/ca\/#\/schema\/logo\/image\/","url":"https:\/\/www.tressis.com\/wp-content\/uploads\/2025\/06\/logo-tressis-112.png","contentUrl":"https:\/\/www.tressis.com\/wp-content\/uploads\/2025\/06\/logo-tressis-112.png","width":112,"height":112,"caption":"Tressis"},"image":{"@id":"https:\/\/www.tressis.com\/ca\/#\/schema\/logo\/image\/"},"sameAs":["https:\/\/www.facebook.com\/Tressis\/","https:\/\/x.com\/TressisSV","https:\/\/www.instagram.com\/tressissv\/?hl=es","https:\/\/linkedin.com\/company\/tressis\/","https:\/\/www.youtube.com\/user\/tressissv","https:\/\/open.spotify.com\/show\/3jmTe1Nf0wqMILl7diWV6h?si=d7112519f13c4593&nd=1"]},{"@type":"Person","@id":"https:\/\/www.tressis.com\/ca\/#\/schema\/person\/b833c1d724d8764920b6d6852c70584e","name":"Lola","image":{"@type":"ImageObject","inLanguage":"ca","@id":"https:\/\/secure.gravatar.com\/avatar\/05e646486b23ff45df9649110609c7e31b8c4a3e2821caa23d6317f405e0c51d?s=96&d=mm&r=g","url":"https:\/\/secure.gravatar.com\/avatar\/05e646486b23ff45df9649110609c7e31b8c4a3e2821caa23d6317f405e0c51d?s=96&d=mm&r=g","contentUrl":"https:\/\/secure.gravatar.com\/avatar\/05e646486b23ff45df9649110609c7e31b8c4a3e2821caa23d6317f405e0c51d?s=96&d=mm&r=g","caption":"Lola"}}]}},"_links":{"self":[{"href":"https:\/\/www.tressis.com\/ca\/wp-json\/wp\/v2\/posts\/30682","targetHints":{"allow":["GET"]}}],"collection":[{"href":"https:\/\/www.tressis.com\/ca\/wp-json\/wp\/v2\/posts"}],"about":[{"href":"https:\/\/www.tressis.com\/ca\/wp-json\/wp\/v2\/types\/post"}],"author":[{"embeddable":true,"href":"https:\/\/www.tressis.com\/ca\/wp-json\/wp\/v2\/users\/4"}],"replies":[{"embeddable":true,"href":"https:\/\/www.tressis.com\/ca\/wp-json\/wp\/v2\/comments?post=30682"}],"version-history":[{"count":0,"href":"https:\/\/www.tressis.com\/ca\/wp-json\/wp\/v2\/posts\/30682\/revisions"}],"wp:featuredmedia":[{"embeddable":true,"href":"https:\/\/www.tressis.com\/ca\/wp-json\/wp\/v2\/media\/30683"}],"wp:attachment":[{"href":"https:\/\/www.tressis.com\/ca\/wp-json\/wp\/v2\/media?parent=30682"}],"wp:term":[{"taxonomy":"category","embeddable":true,"href":"https:\/\/www.tressis.com\/ca\/wp-json\/wp\/v2\/categories?post=30682"},{"taxonomy":"post_tag","embeddable":true,"href":"https:\/\/www.tressis.com\/ca\/wp-json\/wp\/v2\/tags?post=30682"}],"curies":[{"name":"wp","href":"https:\/\/api.w.org\/{rel}","templated":true}]}}