{"id":30224,"date":"2018-11-29T10:55:58","date_gmt":"2018-11-29T09:55:58","guid":{"rendered":"http:\/\/www.tressis.com\/blog\/?p=30224"},"modified":"2018-11-29T10:55:58","modified_gmt":"2018-11-29T09:55:58","slug":"bajaran-las-tensiones-comerciales-este-fin-de-semana","status":"publish","type":"post","link":"https:\/\/www.tressis.com\/ca\/blog\/bajaran-las-tensiones-comerciales-este-fin-de-semana\/","title":{"rendered":"\u00bfBajar\u00e1n las tensiones comerciales este fin de semana?"},"content":{"rendered":"<p>El d\u00eda transcurr\u00eda tranquilo, atenazado por el miedo a que el sentimiento no mejore.<!--more--> Hasta la aparici\u00f3n de Jerome Powell, que en su papel de presidente de la Reserva Federal, espole\u00f3 a los mercados con unas declaraciones que quiz\u00e1s indican que el ciclo de subidas de tipos en EE.UU. est\u00e1 pr\u00f3ximo a su final, o al menos la velocidad a la que se ha venido endureciendo una pol\u00edtica monetaria antes extrema.<\/p>\n<p>Al puntualizar que los tipos actuales est\u00e1n cerca de su neutralidad, vino a decir algo as\u00ed como que no se espera ni que la actividad econ\u00f3mica siga empujando con demasiada fuerza (que no significa poca) ni que la inflaci\u00f3n tenga el impulso que cabr\u00eda esperar. Entonces ahora la reacci\u00f3n, al menos la te\u00f3rica, deber\u00eda ir como sigue: con menos crecimiento y menos presi\u00f3n por las v\u00edas de los precios se producen menores expectativas de subidas de tipos, que no solo no &#8220;impiden&#8221; un dinamismo mayor de la econom\u00eda, sino que pueden quitarle presi\u00f3n al d\u00f3lar, que repercute en una mejora de los activos emergentes o las materias primas, que en \u00faltima (y primera) instancia beneficia a los mercados desarrollados. Luego, que la cadena no se rompa ya es otra historia&#8230;<\/p>\n<p>Pues ahora que parece que la Fed o Italia tienen m\u00e1s probabilidades de dejar de ser amenazas graves para la estabilidad financiera global, \u00bfqu\u00e9 m\u00e1s queda? Pues no es poco hacer menci\u00f3n a las tensiones comerciales o el <i>brexit<\/i>. En el caso de las primeras, todo queda a expensas de la reuni\u00f3n de este fin de semana entre Trump y Xi en la cumbre del G20, mientras que por el segundo, lo \u00faltimo ha sido la en\u00e9sima advertencia del Banco de Inglaterra sobre este proceso, el cual, en caso de terminar sin acuerdo, ser\u00eda simplemente nefasto para la econom\u00eda brit\u00e1nica.<\/p>\n<p>Ahora, como nadie habla de la crisis diplom\u00e1tica entre Rusia y Ucrania, pasamos a comentar muy brevemente los indicadores macroecon\u00f3micos publicados ayer. La lectura del PIB de EE.UU. correspondiente al tercer trimestre se mantiene estable en el 3,5%; destaca una ligera reducci\u00f3n a la baja del consumo \u2014las cifras del Black Friday muestran justo lo contrario\u2014, como tambi\u00e9n lo hace al alza la inversi\u00f3n empresarial. Dato este que contrasta con el retroceso de la venta de vivienda nueva, que puede romper los atisbos de recuperaci\u00f3n del sector inmobiliario norteamericano.<\/p>\n<p>Buen d\u00eda.<\/p>\n<p><center><strong>Am\u00edlcar Barrios Vilallonga<\/strong><br \/>\nDirecci\u00f3n de Inversiones<\/center><\/p>\n","protected":false},"excerpt":{"rendered":"<p>El d\u00eda transcurr\u00eda tranquilo, atenazado por el miedo a que el sentimiento no mejore.<\/p>\n","protected":false},"author":4,"featured_media":30225,"comment_status":"open","ping_status":"closed","sticky":false,"template":"","format":"standard","meta":{"_acf_changed":false,"footnotes":""},"categories":[9721],"tags":[488,613,811,1118,1677,2206,2720,3376,3453,3696,3806,4856,5969,6057,6535,6734,6761,6973],"class_list":["post-30224","post","type-post","status-publish","format-standard","has-post-thumbnail","hentry","category-morning-meeting","tag-banco-de-inglaterra","tag-black-friday","tag-brexit","tag-china","tag-cumbre-g20","tag-eeuu","tag-fed","tag-indicadores-macroconomicos","tag-inflacion","tag-italia","tag-lectura-pib","tag-pib","tag-rusia","tag-sector-inmobiliario-norteamericano","tag-tensiones-comerciales","tag-trump","tag-ucrania","tag-xi-jinping"],"acf":[],"yoast_head":"<!-- This site is optimized with the Yoast SEO plugin v27.5 - https:\/\/yoast.com\/product\/yoast-seo-wordpress\/ -->\n<title>\u00bfBajar\u00e1n las tensiones comerciales este fin de semana?<\/title>\n<meta name=\"description\" content=\"Trump y Xi Jinping se ver\u00e1n las caras este fin de semana en la cumbre del G20; \u00bfdar\u00e1 marcha atr\u00e1s el presidente americano?\" \/>\n<meta name=\"robots\" content=\"index, follow, max-snippet:-1, max-image-preview:large, max-video-preview:-1\" \/>\n<link rel=\"canonical\" href=\"https:\/\/www.tressis.com\/ca\/blog\/bajaran-las-tensiones-comerciales-este-fin-de-semana\/\" \/>\n<meta property=\"og:locale\" content=\"ca_ES\" \/>\n<meta property=\"og:type\" content=\"article\" \/>\n<meta property=\"og:title\" content=\"\u00bfBajar\u00e1n las tensiones comerciales este fin de semana?\" \/>\n<meta property=\"og:description\" content=\"Trump y Xi Jinping se ver\u00e1n las caras este fin de semana en la cumbre del G20; \u00bfdar\u00e1 marcha atr\u00e1s el presidente americano?\" \/>\n<meta property=\"og:url\" content=\"https:\/\/www.tressis.com\/ca\/blog\/bajaran-las-tensiones-comerciales-este-fin-de-semana\/\" \/>\n<meta property=\"og:site_name\" content=\"Tressis\" \/>\n<meta property=\"article:publisher\" content=\"https:\/\/www.facebook.com\/Tressis\/\" \/>\n<meta property=\"article:published_time\" content=\"2018-11-29T09:55:58+00:00\" \/>\n<meta property=\"og:image\" content=\"https:\/\/www.tressis.com\/wp-content\/uploads\/2018\/11\/20181129-mmv.jpg\" \/>\n\t<meta property=\"og:image:width\" content=\"1100\" \/>\n\t<meta property=\"og:image:height\" content=\"487\" \/>\n\t<meta property=\"og:image:type\" content=\"image\/jpeg\" \/>\n<meta name=\"author\" content=\"Lola\" \/>\n<meta name=\"twitter:card\" content=\"summary_large_image\" \/>\n<meta name=\"twitter:creator\" content=\"@TressisSV\" \/>\n<meta name=\"twitter:site\" content=\"@TressisSV\" \/>\n<meta name=\"twitter:label1\" content=\"Escrit per\" \/>\n\t<meta name=\"twitter:data1\" content=\"Lola\" \/>\n\t<meta name=\"twitter:label2\" content=\"Temps estimat de lectura\" \/>\n\t<meta name=\"twitter:data2\" content=\"2 minuts\" \/>\n<script type=\"application\/ld+json\" class=\"yoast-schema-graph\">{\"@context\":\"https:\\\/\\\/schema.org\",\"@graph\":[{\"@type\":\"Article\",\"@id\":\"https:\\\/\\\/www.tressis.com\\\/ca\\\/blog\\\/bajaran-las-tensiones-comerciales-este-fin-de-semana\\\/#article\",\"isPartOf\":{\"@id\":\"https:\\\/\\\/www.tressis.com\\\/ca\\\/blog\\\/bajaran-las-tensiones-comerciales-este-fin-de-semana\\\/\"},\"author\":{\"name\":\"Lola\",\"@id\":\"https:\\\/\\\/www.tressis.com\\\/ca\\\/#\\\/schema\\\/person\\\/b833c1d724d8764920b6d6852c70584e\"},\"headline\":\"\u00bfBajar\u00e1n las tensiones comerciales este fin de semana?\",\"datePublished\":\"2018-11-29T09:55:58+00:00\",\"mainEntityOfPage\":{\"@id\":\"https:\\\/\\\/www.tressis.com\\\/ca\\\/blog\\\/bajaran-las-tensiones-comerciales-este-fin-de-semana\\\/\"},\"wordCount\":443,\"commentCount\":0,\"publisher\":{\"@id\":\"https:\\\/\\\/www.tressis.com\\\/ca\\\/#organization\"},\"image\":{\"@id\":\"https:\\\/\\\/www.tressis.com\\\/ca\\\/blog\\\/bajaran-las-tensiones-comerciales-este-fin-de-semana\\\/#primaryimage\"},\"thumbnailUrl\":\"https:\\\/\\\/www.tressis.com\\\/wp-content\\\/uploads\\\/2018\\\/11\\\/20181129-mmv.jpg\",\"keywords\":[\"Banco de Inglaterra\",\"Black Friday\",\"Brexit\",\"china\",\"cumbre G20\",\"EEUU\",\"fed\",\"indicadores macrocon\u00f3micos\",\"inflaci\u00f3n\",\"Italia\",\"lectura PIB\",\"PIB\",\"Rusia\",\"sector inmobiliario norteamericano\",\"tensiones comerciales\",\"Trump\",\"Ucrania\",\"Xi Jinping\"],\"articleSection\":[\"Morning meeting\"],\"inLanguage\":\"ca\",\"potentialAction\":[{\"@type\":\"CommentAction\",\"name\":\"Comment\",\"target\":[\"https:\\\/\\\/www.tressis.com\\\/ca\\\/blog\\\/bajaran-las-tensiones-comerciales-este-fin-de-semana\\\/#respond\"]}]},{\"@type\":\"WebPage\",\"@id\":\"https:\\\/\\\/www.tressis.com\\\/ca\\\/blog\\\/bajaran-las-tensiones-comerciales-este-fin-de-semana\\\/\",\"url\":\"https:\\\/\\\/www.tressis.com\\\/ca\\\/blog\\\/bajaran-las-tensiones-comerciales-este-fin-de-semana\\\/\",\"name\":\"\u00bfBajar\u00e1n las tensiones comerciales este fin de semana?\",\"isPartOf\":{\"@id\":\"https:\\\/\\\/www.tressis.com\\\/ca\\\/#website\"},\"primaryImageOfPage\":{\"@id\":\"https:\\\/\\\/www.tressis.com\\\/ca\\\/blog\\\/bajaran-las-tensiones-comerciales-este-fin-de-semana\\\/#primaryimage\"},\"image\":{\"@id\":\"https:\\\/\\\/www.tressis.com\\\/ca\\\/blog\\\/bajaran-las-tensiones-comerciales-este-fin-de-semana\\\/#primaryimage\"},\"thumbnailUrl\":\"https:\\\/\\\/www.tressis.com\\\/wp-content\\\/uploads\\\/2018\\\/11\\\/20181129-mmv.jpg\",\"datePublished\":\"2018-11-29T09:55:58+00:00\",\"description\":\"Trump y Xi Jinping se ver\u00e1n las caras este fin de semana en la cumbre del G20; \u00bfdar\u00e1 marcha atr\u00e1s el presidente americano?\",\"breadcrumb\":{\"@id\":\"https:\\\/\\\/www.tressis.com\\\/ca\\\/blog\\\/bajaran-las-tensiones-comerciales-este-fin-de-semana\\\/#breadcrumb\"},\"inLanguage\":\"ca\",\"potentialAction\":[{\"@type\":\"ReadAction\",\"target\":[\"https:\\\/\\\/www.tressis.com\\\/ca\\\/blog\\\/bajaran-las-tensiones-comerciales-este-fin-de-semana\\\/\"]}]},{\"@type\":\"ImageObject\",\"inLanguage\":\"ca\",\"@id\":\"https:\\\/\\\/www.tressis.com\\\/ca\\\/blog\\\/bajaran-las-tensiones-comerciales-este-fin-de-semana\\\/#primaryimage\",\"url\":\"https:\\\/\\\/www.tressis.com\\\/wp-content\\\/uploads\\\/2018\\\/11\\\/20181129-mmv.jpg\",\"contentUrl\":\"https:\\\/\\\/www.tressis.com\\\/wp-content\\\/uploads\\\/2018\\\/11\\\/20181129-mmv.jpg\",\"width\":1100,\"height\":487,\"caption\":\"\u00bfBajar\u00e1n las tensiones comerciales este fin de semana?\"},{\"@type\":\"BreadcrumbList\",\"@id\":\"https:\\\/\\\/www.tressis.com\\\/ca\\\/blog\\\/bajaran-las-tensiones-comerciales-este-fin-de-semana\\\/#breadcrumb\",\"itemListElement\":[{\"@type\":\"ListItem\",\"position\":1,\"name\":\"Inicio\",\"item\":\"https:\\\/\\\/www.tressis.com\\\/ca\\\/\"},{\"@type\":\"ListItem\",\"position\":2,\"name\":\"\u00bfBajar\u00e1n las tensiones comerciales este fin de semana?\"}]},{\"@type\":\"WebSite\",\"@id\":\"https:\\\/\\\/www.tressis.com\\\/ca\\\/#website\",\"url\":\"https:\\\/\\\/www.tressis.com\\\/ca\\\/\",\"name\":\"Tressis banca privada\",\"description\":\"Tressis | Planificaci\u00f3n financiera y gesti\u00f3n de patrimonios\",\"publisher\":{\"@id\":\"https:\\\/\\\/www.tressis.com\\\/ca\\\/#organization\"},\"potentialAction\":[{\"@type\":\"SearchAction\",\"target\":{\"@type\":\"EntryPoint\",\"urlTemplate\":\"https:\\\/\\\/www.tressis.com\\\/ca\\\/?s={search_term_string}\"},\"query-input\":{\"@type\":\"PropertyValueSpecification\",\"valueRequired\":true,\"valueName\":\"search_term_string\"}}],\"inLanguage\":\"ca\"},{\"@type\":\"Organization\",\"@id\":\"https:\\\/\\\/www.tressis.com\\\/ca\\\/#organization\",\"name\":\"Tressis\",\"url\":\"https:\\\/\\\/www.tressis.com\\\/ca\\\/\",\"logo\":{\"@type\":\"ImageObject\",\"inLanguage\":\"ca\",\"@id\":\"https:\\\/\\\/www.tressis.com\\\/ca\\\/#\\\/schema\\\/logo\\\/image\\\/\",\"url\":\"https:\\\/\\\/www.tressis.com\\\/wp-content\\\/uploads\\\/2025\\\/06\\\/logo-tressis-112.png\",\"contentUrl\":\"https:\\\/\\\/www.tressis.com\\\/wp-content\\\/uploads\\\/2025\\\/06\\\/logo-tressis-112.png\",\"width\":112,\"height\":112,\"caption\":\"Tressis\"},\"image\":{\"@id\":\"https:\\\/\\\/www.tressis.com\\\/ca\\\/#\\\/schema\\\/logo\\\/image\\\/\"},\"sameAs\":[\"https:\\\/\\\/www.facebook.com\\\/Tressis\\\/\",\"https:\\\/\\\/x.com\\\/TressisSV\",\"https:\\\/\\\/www.instagram.com\\\/tressissv\\\/?hl=es\",\"https:\\\/\\\/linkedin.com\\\/company\\\/tressis\\\/\",\"https:\\\/\\\/www.youtube.com\\\/user\\\/tressissv\",\"https:\\\/\\\/open.spotify.com\\\/show\\\/3jmTe1Nf0wqMILl7diWV6h?si=d7112519f13c4593&nd=1\"]},{\"@type\":\"Person\",\"@id\":\"https:\\\/\\\/www.tressis.com\\\/ca\\\/#\\\/schema\\\/person\\\/b833c1d724d8764920b6d6852c70584e\",\"name\":\"Lola\",\"image\":{\"@type\":\"ImageObject\",\"inLanguage\":\"ca\",\"@id\":\"https:\\\/\\\/secure.gravatar.com\\\/avatar\\\/05e646486b23ff45df9649110609c7e31b8c4a3e2821caa23d6317f405e0c51d?s=96&d=mm&r=g\",\"url\":\"https:\\\/\\\/secure.gravatar.com\\\/avatar\\\/05e646486b23ff45df9649110609c7e31b8c4a3e2821caa23d6317f405e0c51d?s=96&d=mm&r=g\",\"contentUrl\":\"https:\\\/\\\/secure.gravatar.com\\\/avatar\\\/05e646486b23ff45df9649110609c7e31b8c4a3e2821caa23d6317f405e0c51d?s=96&d=mm&r=g\",\"caption\":\"Lola\"}}]}<\/script>\n<!-- \/ Yoast SEO plugin. -->","yoast_head_json":{"title":"\u00bfBajar\u00e1n las tensiones comerciales este fin de semana?","description":"Trump y Xi Jinping se ver\u00e1n las caras este fin de semana en la cumbre del G20; \u00bfdar\u00e1 marcha atr\u00e1s el presidente americano?","robots":{"index":"index","follow":"follow","max-snippet":"max-snippet:-1","max-image-preview":"max-image-preview:large","max-video-preview":"max-video-preview:-1"},"canonical":"https:\/\/www.tressis.com\/ca\/blog\/bajaran-las-tensiones-comerciales-este-fin-de-semana\/","og_locale":"ca_ES","og_type":"article","og_title":"\u00bfBajar\u00e1n las tensiones comerciales este fin de semana?","og_description":"Trump y Xi Jinping se ver\u00e1n las caras este fin de semana en la cumbre del G20; \u00bfdar\u00e1 marcha atr\u00e1s el presidente americano?","og_url":"https:\/\/www.tressis.com\/ca\/blog\/bajaran-las-tensiones-comerciales-este-fin-de-semana\/","og_site_name":"Tressis","article_publisher":"https:\/\/www.facebook.com\/Tressis\/","article_published_time":"2018-11-29T09:55:58+00:00","og_image":[{"width":1100,"height":487,"url":"https:\/\/www.tressis.com\/wp-content\/uploads\/2018\/11\/20181129-mmv.jpg","type":"image\/jpeg"}],"author":"Lola","twitter_card":"summary_large_image","twitter_creator":"@TressisSV","twitter_site":"@TressisSV","twitter_misc":{"Escrit per":"Lola","Temps estimat de lectura":"2 minuts"},"schema":{"@context":"https:\/\/schema.org","@graph":[{"@type":"Article","@id":"https:\/\/www.tressis.com\/ca\/blog\/bajaran-las-tensiones-comerciales-este-fin-de-semana\/#article","isPartOf":{"@id":"https:\/\/www.tressis.com\/ca\/blog\/bajaran-las-tensiones-comerciales-este-fin-de-semana\/"},"author":{"name":"Lola","@id":"https:\/\/www.tressis.com\/ca\/#\/schema\/person\/b833c1d724d8764920b6d6852c70584e"},"headline":"\u00bfBajar\u00e1n las tensiones comerciales este fin de semana?","datePublished":"2018-11-29T09:55:58+00:00","mainEntityOfPage":{"@id":"https:\/\/www.tressis.com\/ca\/blog\/bajaran-las-tensiones-comerciales-este-fin-de-semana\/"},"wordCount":443,"commentCount":0,"publisher":{"@id":"https:\/\/www.tressis.com\/ca\/#organization"},"image":{"@id":"https:\/\/www.tressis.com\/ca\/blog\/bajaran-las-tensiones-comerciales-este-fin-de-semana\/#primaryimage"},"thumbnailUrl":"https:\/\/www.tressis.com\/wp-content\/uploads\/2018\/11\/20181129-mmv.jpg","keywords":["Banco de Inglaterra","Black Friday","Brexit","china","cumbre G20","EEUU","fed","indicadores macrocon\u00f3micos","inflaci\u00f3n","Italia","lectura PIB","PIB","Rusia","sector inmobiliario norteamericano","tensiones comerciales","Trump","Ucrania","Xi Jinping"],"articleSection":["Morning meeting"],"inLanguage":"ca","potentialAction":[{"@type":"CommentAction","name":"Comment","target":["https:\/\/www.tressis.com\/ca\/blog\/bajaran-las-tensiones-comerciales-este-fin-de-semana\/#respond"]}]},{"@type":"WebPage","@id":"https:\/\/www.tressis.com\/ca\/blog\/bajaran-las-tensiones-comerciales-este-fin-de-semana\/","url":"https:\/\/www.tressis.com\/ca\/blog\/bajaran-las-tensiones-comerciales-este-fin-de-semana\/","name":"\u00bfBajar\u00e1n las tensiones comerciales este fin de semana?","isPartOf":{"@id":"https:\/\/www.tressis.com\/ca\/#website"},"primaryImageOfPage":{"@id":"https:\/\/www.tressis.com\/ca\/blog\/bajaran-las-tensiones-comerciales-este-fin-de-semana\/#primaryimage"},"image":{"@id":"https:\/\/www.tressis.com\/ca\/blog\/bajaran-las-tensiones-comerciales-este-fin-de-semana\/#primaryimage"},"thumbnailUrl":"https:\/\/www.tressis.com\/wp-content\/uploads\/2018\/11\/20181129-mmv.jpg","datePublished":"2018-11-29T09:55:58+00:00","description":"Trump y Xi Jinping se ver\u00e1n las caras este fin de semana en la cumbre del G20; \u00bfdar\u00e1 marcha atr\u00e1s el presidente americano?","breadcrumb":{"@id":"https:\/\/www.tressis.com\/ca\/blog\/bajaran-las-tensiones-comerciales-este-fin-de-semana\/#breadcrumb"},"inLanguage":"ca","potentialAction":[{"@type":"ReadAction","target":["https:\/\/www.tressis.com\/ca\/blog\/bajaran-las-tensiones-comerciales-este-fin-de-semana\/"]}]},{"@type":"ImageObject","inLanguage":"ca","@id":"https:\/\/www.tressis.com\/ca\/blog\/bajaran-las-tensiones-comerciales-este-fin-de-semana\/#primaryimage","url":"https:\/\/www.tressis.com\/wp-content\/uploads\/2018\/11\/20181129-mmv.jpg","contentUrl":"https:\/\/www.tressis.com\/wp-content\/uploads\/2018\/11\/20181129-mmv.jpg","width":1100,"height":487,"caption":"\u00bfBajar\u00e1n las tensiones comerciales este fin de semana?"},{"@type":"BreadcrumbList","@id":"https:\/\/www.tressis.com\/ca\/blog\/bajaran-las-tensiones-comerciales-este-fin-de-semana\/#breadcrumb","itemListElement":[{"@type":"ListItem","position":1,"name":"Inicio","item":"https:\/\/www.tressis.com\/ca\/"},{"@type":"ListItem","position":2,"name":"\u00bfBajar\u00e1n las tensiones comerciales este fin de semana?"}]},{"@type":"WebSite","@id":"https:\/\/www.tressis.com\/ca\/#website","url":"https:\/\/www.tressis.com\/ca\/","name":"Tressis banca privada","description":"Tressis | Planificaci\u00f3n financiera y gesti\u00f3n de patrimonios","publisher":{"@id":"https:\/\/www.tressis.com\/ca\/#organization"},"potentialAction":[{"@type":"SearchAction","target":{"@type":"EntryPoint","urlTemplate":"https:\/\/www.tressis.com\/ca\/?s={search_term_string}"},"query-input":{"@type":"PropertyValueSpecification","valueRequired":true,"valueName":"search_term_string"}}],"inLanguage":"ca"},{"@type":"Organization","@id":"https:\/\/www.tressis.com\/ca\/#organization","name":"Tressis","url":"https:\/\/www.tressis.com\/ca\/","logo":{"@type":"ImageObject","inLanguage":"ca","@id":"https:\/\/www.tressis.com\/ca\/#\/schema\/logo\/image\/","url":"https:\/\/www.tressis.com\/wp-content\/uploads\/2025\/06\/logo-tressis-112.png","contentUrl":"https:\/\/www.tressis.com\/wp-content\/uploads\/2025\/06\/logo-tressis-112.png","width":112,"height":112,"caption":"Tressis"},"image":{"@id":"https:\/\/www.tressis.com\/ca\/#\/schema\/logo\/image\/"},"sameAs":["https:\/\/www.facebook.com\/Tressis\/","https:\/\/x.com\/TressisSV","https:\/\/www.instagram.com\/tressissv\/?hl=es","https:\/\/linkedin.com\/company\/tressis\/","https:\/\/www.youtube.com\/user\/tressissv","https:\/\/open.spotify.com\/show\/3jmTe1Nf0wqMILl7diWV6h?si=d7112519f13c4593&nd=1"]},{"@type":"Person","@id":"https:\/\/www.tressis.com\/ca\/#\/schema\/person\/b833c1d724d8764920b6d6852c70584e","name":"Lola","image":{"@type":"ImageObject","inLanguage":"ca","@id":"https:\/\/secure.gravatar.com\/avatar\/05e646486b23ff45df9649110609c7e31b8c4a3e2821caa23d6317f405e0c51d?s=96&d=mm&r=g","url":"https:\/\/secure.gravatar.com\/avatar\/05e646486b23ff45df9649110609c7e31b8c4a3e2821caa23d6317f405e0c51d?s=96&d=mm&r=g","contentUrl":"https:\/\/secure.gravatar.com\/avatar\/05e646486b23ff45df9649110609c7e31b8c4a3e2821caa23d6317f405e0c51d?s=96&d=mm&r=g","caption":"Lola"}}]}},"_links":{"self":[{"href":"https:\/\/www.tressis.com\/ca\/wp-json\/wp\/v2\/posts\/30224","targetHints":{"allow":["GET"]}}],"collection":[{"href":"https:\/\/www.tressis.com\/ca\/wp-json\/wp\/v2\/posts"}],"about":[{"href":"https:\/\/www.tressis.com\/ca\/wp-json\/wp\/v2\/types\/post"}],"author":[{"embeddable":true,"href":"https:\/\/www.tressis.com\/ca\/wp-json\/wp\/v2\/users\/4"}],"replies":[{"embeddable":true,"href":"https:\/\/www.tressis.com\/ca\/wp-json\/wp\/v2\/comments?post=30224"}],"version-history":[{"count":0,"href":"https:\/\/www.tressis.com\/ca\/wp-json\/wp\/v2\/posts\/30224\/revisions"}],"wp:featuredmedia":[{"embeddable":true,"href":"https:\/\/www.tressis.com\/ca\/wp-json\/wp\/v2\/media\/30225"}],"wp:attachment":[{"href":"https:\/\/www.tressis.com\/ca\/wp-json\/wp\/v2\/media?parent=30224"}],"wp:term":[{"taxonomy":"category","embeddable":true,"href":"https:\/\/www.tressis.com\/ca\/wp-json\/wp\/v2\/categories?post=30224"},{"taxonomy":"post_tag","embeddable":true,"href":"https:\/\/www.tressis.com\/ca\/wp-json\/wp\/v2\/tags?post=30224"}],"curies":[{"name":"wp","href":"https:\/\/api.w.org\/{rel}","templated":true}]}}