{"id":30202,"date":"2018-11-26T10:51:26","date_gmt":"2018-11-26T09:51:26","guid":{"rendered":"http:\/\/www.tressis.com\/blog\/?p=30202"},"modified":"2018-11-26T10:51:26","modified_gmt":"2018-11-26T09:51:26","slug":"el-comercio-mundial-se-debilita","status":"publish","type":"post","link":"https:\/\/www.tressis.com\/ca\/blog\/el-comercio-mundial-se-debilita\/","title":{"rendered":"El comercio mundial se debilita"},"content":{"rendered":"<p>Hasta la fecha, este fin de semana nos han vendido un acuerdo sobre el <i>brexit<\/i> con flores y mariposas muy muy lejos de la realidad del Parlamento brit\u00e1nico.<!--more--><\/p>\n<p>Valga que Espa\u00f1a haya conseguido &#8220;algo&#8221; con Gibraltar o que Europa vea en Theresa May a una interlocutora v\u00e1lida y fiable, pero a partir de ahora empieza lo peor de la negociaci\u00f3n, la interna. Los conservadores no, los laboristas tampoco y los unionistas norirlandeses menos todav\u00eda, el futuro sobre el proceso es tan negro que nadie se atreve a predecir el siguiente paso.<\/p>\n<p>Los escenarios posibles lo abarcan todo, de extremo a extremo, solo que la Uni\u00f3n Europea, excepcionalmente fuerte y cohesionada cuando por fin alguien ha amenazado seriamente su existencia, ya ha advertido de que el acuerdo es este que se ha alcanzado o la alternativa ser\u00e1 la simple nada. Es decir, o no hay salida o esta ser\u00e1 descontrolada.<\/p>\n<p>Que con esto del <i>brexit<\/i> todos perdemos nadie lo duda, tan solo qui\u00e9n m\u00e1s. Pero la p\u00e9rdida de tracci\u00f3n econ\u00f3mica de la zona euro de momento est\u00e1 teniendo poco que ver con las consecuencias de la incertidumbre pol\u00edtica, nuestro particular tal\u00f3n de Aquiles. Tal y como muestra el PMI compuesto preliminar de noviembre, la lectura m\u00e1s baja en cerca de cuatro a\u00f1os apunta directamente contra las exportaciones como principal responsable, si bien todav\u00eda no restan tanto como para evitar que la zona euro siga presentando perspectivas de crecimiento.<\/p>\n<p>Mientras el comercio mundial se debilita por culpa de las tensiones comerciales, el consumo interno sigue siendo el gran (y a veces el \u00fanico) protector de la actividad real. Por eso que el mercado recoge con tanta alegr\u00eda que el <i>Black Friday<\/i> haya sido capaz de superar las expectativas, a lo mejor esperando ahora que se produzca un <i>rally<\/i> de Navidad con el que amortiguar un 2018 en el que casi ning\u00fan activo est\u00e1 ayudando.<\/p>\n<p>Buen d\u00eda.<\/p>\n<p><center><strong>Am\u00edlcar Barrios Vilallonga<\/strong><br \/>\nDirecci\u00f3n de Inversiones<\/center><\/p>\n","protected":false},"excerpt":{"rendered":"<p>Hasta la fecha, este fin de semana nos han vendido un acuerdo sobre el brexit con flores y mariposas muy muy lejos de la realidad del Parlamento brit\u00e1nico.<\/p>\n","protected":false},"author":4,"featured_media":30203,"comment_status":"open","ping_status":"closed","sticky":false,"template":"","format":"standard","meta":{"_acf_changed":false,"footnotes":""},"categories":[9721],"tags":[613,811,1431,2446,2556,3037,3321,4707,4783,4823,4927,5350,6535,6568,6987],"class_list":["post-30202","post","type-post","status-publish","format-standard","has-post-thumbnail","hentry","category-morning-meeting","tag-black-friday","tag-brexit","tag-consumo-interno","tag-espana","tag-europa","tag-gibraltar","tag-incertidumbre-politica","tag-parlamento-britanico","tag-perdida-traccion-economica","tag-perspectivas-de-crecimiento","tag-pmi","tag-rally-navidad","tag-tensiones-comerciales","tag-theresa-may","tag-zona-euro"],"acf":[],"yoast_head":"<!-- This site is optimized with the Yoast SEO plugin v27.5 - https:\/\/yoast.com\/product\/yoast-seo-wordpress\/ -->\n<title>El comercio mundial se debilita<\/title>\n<meta name=\"description\" content=\"Siguen las tensiones comerciales y menos mal que el consumo interno es el gran (y a veces el \u00fanico) protector de la actividad real\" \/>\n<meta name=\"robots\" content=\"index, follow, max-snippet:-1, max-image-preview:large, max-video-preview:-1\" \/>\n<link rel=\"canonical\" href=\"https:\/\/www.tressis.com\/ca\/blog\/el-comercio-mundial-se-debilita\/\" \/>\n<meta property=\"og:locale\" content=\"ca_ES\" \/>\n<meta property=\"og:type\" content=\"article\" \/>\n<meta property=\"og:title\" content=\"El comercio mundial se debilita\" \/>\n<meta property=\"og:description\" content=\"Siguen las tensiones comerciales y menos mal que el consumo interno es el gran (y a veces el \u00fanico) protector de la actividad real\" \/>\n<meta property=\"og:url\" content=\"https:\/\/www.tressis.com\/ca\/blog\/el-comercio-mundial-se-debilita\/\" \/>\n<meta property=\"og:site_name\" content=\"Tressis\" \/>\n<meta property=\"article:publisher\" content=\"https:\/\/www.facebook.com\/Tressis\/\" \/>\n<meta property=\"article:published_time\" content=\"2018-11-26T09:51:26+00:00\" \/>\n<meta property=\"og:image\" content=\"https:\/\/www.tressis.com\/wp-content\/uploads\/2018\/11\/20181126-mmv.jpg\" \/>\n\t<meta property=\"og:image:width\" content=\"1100\" \/>\n\t<meta property=\"og:image:height\" content=\"487\" \/>\n\t<meta property=\"og:image:type\" content=\"image\/jpeg\" \/>\n<meta name=\"author\" content=\"Lola\" \/>\n<meta name=\"twitter:card\" content=\"summary_large_image\" \/>\n<meta name=\"twitter:creator\" content=\"@TressisSV\" \/>\n<meta name=\"twitter:site\" content=\"@TressisSV\" \/>\n<meta name=\"twitter:label1\" content=\"Escrit per\" \/>\n\t<meta name=\"twitter:data1\" content=\"Lola\" \/>\n\t<meta name=\"twitter:label2\" content=\"Temps estimat de lectura\" \/>\n\t<meta name=\"twitter:data2\" content=\"2 minuts\" \/>\n<script type=\"application\/ld+json\" class=\"yoast-schema-graph\">{\"@context\":\"https:\\\/\\\/schema.org\",\"@graph\":[{\"@type\":\"Article\",\"@id\":\"https:\\\/\\\/www.tressis.com\\\/ca\\\/blog\\\/el-comercio-mundial-se-debilita\\\/#article\",\"isPartOf\":{\"@id\":\"https:\\\/\\\/www.tressis.com\\\/ca\\\/blog\\\/el-comercio-mundial-se-debilita\\\/\"},\"author\":{\"name\":\"Lola\",\"@id\":\"https:\\\/\\\/www.tressis.com\\\/ca\\\/#\\\/schema\\\/person\\\/b833c1d724d8764920b6d6852c70584e\"},\"headline\":\"El comercio mundial se debilita\",\"datePublished\":\"2018-11-26T09:51:26+00:00\",\"mainEntityOfPage\":{\"@id\":\"https:\\\/\\\/www.tressis.com\\\/ca\\\/blog\\\/el-comercio-mundial-se-debilita\\\/\"},\"wordCount\":345,\"commentCount\":0,\"publisher\":{\"@id\":\"https:\\\/\\\/www.tressis.com\\\/ca\\\/#organization\"},\"image\":{\"@id\":\"https:\\\/\\\/www.tressis.com\\\/ca\\\/blog\\\/el-comercio-mundial-se-debilita\\\/#primaryimage\"},\"thumbnailUrl\":\"https:\\\/\\\/www.tressis.com\\\/wp-content\\\/uploads\\\/2018\\\/11\\\/20181126-mmv.jpg\",\"keywords\":[\"Black Friday\",\"Brexit\",\"consumo interno\",\"Espa\u00f1a\",\"Europa\",\"Gibraltar\",\"incertidumbre pol\u00edtica\",\"parlamento brit\u00e1nico\",\"p\u00e9rdida tracci\u00f3n econ\u00f3mica\",\"perspectivas de crecimiento\",\"PMI\",\"rally navidad\",\"tensiones comerciales\",\"Theresa May\",\"zona euro\"],\"articleSection\":[\"Morning meeting\"],\"inLanguage\":\"ca\",\"potentialAction\":[{\"@type\":\"CommentAction\",\"name\":\"Comment\",\"target\":[\"https:\\\/\\\/www.tressis.com\\\/ca\\\/blog\\\/el-comercio-mundial-se-debilita\\\/#respond\"]}]},{\"@type\":\"WebPage\",\"@id\":\"https:\\\/\\\/www.tressis.com\\\/ca\\\/blog\\\/el-comercio-mundial-se-debilita\\\/\",\"url\":\"https:\\\/\\\/www.tressis.com\\\/ca\\\/blog\\\/el-comercio-mundial-se-debilita\\\/\",\"name\":\"El comercio mundial se debilita\",\"isPartOf\":{\"@id\":\"https:\\\/\\\/www.tressis.com\\\/ca\\\/#website\"},\"primaryImageOfPage\":{\"@id\":\"https:\\\/\\\/www.tressis.com\\\/ca\\\/blog\\\/el-comercio-mundial-se-debilita\\\/#primaryimage\"},\"image\":{\"@id\":\"https:\\\/\\\/www.tressis.com\\\/ca\\\/blog\\\/el-comercio-mundial-se-debilita\\\/#primaryimage\"},\"thumbnailUrl\":\"https:\\\/\\\/www.tressis.com\\\/wp-content\\\/uploads\\\/2018\\\/11\\\/20181126-mmv.jpg\",\"datePublished\":\"2018-11-26T09:51:26+00:00\",\"description\":\"Siguen las tensiones comerciales y menos mal que el consumo interno es el gran (y a veces el \u00fanico) protector de la actividad real\",\"breadcrumb\":{\"@id\":\"https:\\\/\\\/www.tressis.com\\\/ca\\\/blog\\\/el-comercio-mundial-se-debilita\\\/#breadcrumb\"},\"inLanguage\":\"ca\",\"potentialAction\":[{\"@type\":\"ReadAction\",\"target\":[\"https:\\\/\\\/www.tressis.com\\\/ca\\\/blog\\\/el-comercio-mundial-se-debilita\\\/\"]}]},{\"@type\":\"ImageObject\",\"inLanguage\":\"ca\",\"@id\":\"https:\\\/\\\/www.tressis.com\\\/ca\\\/blog\\\/el-comercio-mundial-se-debilita\\\/#primaryimage\",\"url\":\"https:\\\/\\\/www.tressis.com\\\/wp-content\\\/uploads\\\/2018\\\/11\\\/20181126-mmv.jpg\",\"contentUrl\":\"https:\\\/\\\/www.tressis.com\\\/wp-content\\\/uploads\\\/2018\\\/11\\\/20181126-mmv.jpg\",\"width\":1100,\"height\":487,\"caption\":\"El comercio mundial se debilita\"},{\"@type\":\"BreadcrumbList\",\"@id\":\"https:\\\/\\\/www.tressis.com\\\/ca\\\/blog\\\/el-comercio-mundial-se-debilita\\\/#breadcrumb\",\"itemListElement\":[{\"@type\":\"ListItem\",\"position\":1,\"name\":\"Inicio\",\"item\":\"https:\\\/\\\/www.tressis.com\\\/ca\\\/\"},{\"@type\":\"ListItem\",\"position\":2,\"name\":\"El comercio mundial se debilita\"}]},{\"@type\":\"WebSite\",\"@id\":\"https:\\\/\\\/www.tressis.com\\\/ca\\\/#website\",\"url\":\"https:\\\/\\\/www.tressis.com\\\/ca\\\/\",\"name\":\"Tressis banca privada\",\"description\":\"Tressis | Planificaci\u00f3n financiera y gesti\u00f3n de patrimonios\",\"publisher\":{\"@id\":\"https:\\\/\\\/www.tressis.com\\\/ca\\\/#organization\"},\"potentialAction\":[{\"@type\":\"SearchAction\",\"target\":{\"@type\":\"EntryPoint\",\"urlTemplate\":\"https:\\\/\\\/www.tressis.com\\\/ca\\\/?s={search_term_string}\"},\"query-input\":{\"@type\":\"PropertyValueSpecification\",\"valueRequired\":true,\"valueName\":\"search_term_string\"}}],\"inLanguage\":\"ca\"},{\"@type\":\"Organization\",\"@id\":\"https:\\\/\\\/www.tressis.com\\\/ca\\\/#organization\",\"name\":\"Tressis\",\"url\":\"https:\\\/\\\/www.tressis.com\\\/ca\\\/\",\"logo\":{\"@type\":\"ImageObject\",\"inLanguage\":\"ca\",\"@id\":\"https:\\\/\\\/www.tressis.com\\\/ca\\\/#\\\/schema\\\/logo\\\/image\\\/\",\"url\":\"https:\\\/\\\/www.tressis.com\\\/wp-content\\\/uploads\\\/2025\\\/06\\\/logo-tressis-112.png\",\"contentUrl\":\"https:\\\/\\\/www.tressis.com\\\/wp-content\\\/uploads\\\/2025\\\/06\\\/logo-tressis-112.png\",\"width\":112,\"height\":112,\"caption\":\"Tressis\"},\"image\":{\"@id\":\"https:\\\/\\\/www.tressis.com\\\/ca\\\/#\\\/schema\\\/logo\\\/image\\\/\"},\"sameAs\":[\"https:\\\/\\\/www.facebook.com\\\/Tressis\\\/\",\"https:\\\/\\\/x.com\\\/TressisSV\",\"https:\\\/\\\/www.instagram.com\\\/tressissv\\\/?hl=es\",\"https:\\\/\\\/linkedin.com\\\/company\\\/tressis\\\/\",\"https:\\\/\\\/www.youtube.com\\\/user\\\/tressissv\",\"https:\\\/\\\/open.spotify.com\\\/show\\\/3jmTe1Nf0wqMILl7diWV6h?si=d7112519f13c4593&nd=1\"]},{\"@type\":\"Person\",\"@id\":\"https:\\\/\\\/www.tressis.com\\\/ca\\\/#\\\/schema\\\/person\\\/b833c1d724d8764920b6d6852c70584e\",\"name\":\"Lola\",\"image\":{\"@type\":\"ImageObject\",\"inLanguage\":\"ca\",\"@id\":\"https:\\\/\\\/secure.gravatar.com\\\/avatar\\\/05e646486b23ff45df9649110609c7e31b8c4a3e2821caa23d6317f405e0c51d?s=96&d=mm&r=g\",\"url\":\"https:\\\/\\\/secure.gravatar.com\\\/avatar\\\/05e646486b23ff45df9649110609c7e31b8c4a3e2821caa23d6317f405e0c51d?s=96&d=mm&r=g\",\"contentUrl\":\"https:\\\/\\\/secure.gravatar.com\\\/avatar\\\/05e646486b23ff45df9649110609c7e31b8c4a3e2821caa23d6317f405e0c51d?s=96&d=mm&r=g\",\"caption\":\"Lola\"}}]}<\/script>\n<!-- \/ Yoast SEO plugin. -->","yoast_head_json":{"title":"El comercio mundial se debilita","description":"Siguen las tensiones comerciales y menos mal que el consumo interno es el gran (y a veces el \u00fanico) protector de la actividad real","robots":{"index":"index","follow":"follow","max-snippet":"max-snippet:-1","max-image-preview":"max-image-preview:large","max-video-preview":"max-video-preview:-1"},"canonical":"https:\/\/www.tressis.com\/ca\/blog\/el-comercio-mundial-se-debilita\/","og_locale":"ca_ES","og_type":"article","og_title":"El comercio mundial se debilita","og_description":"Siguen las tensiones comerciales y menos mal que el consumo interno es el gran (y a veces el \u00fanico) protector de la actividad real","og_url":"https:\/\/www.tressis.com\/ca\/blog\/el-comercio-mundial-se-debilita\/","og_site_name":"Tressis","article_publisher":"https:\/\/www.facebook.com\/Tressis\/","article_published_time":"2018-11-26T09:51:26+00:00","og_image":[{"width":1100,"height":487,"url":"https:\/\/www.tressis.com\/wp-content\/uploads\/2018\/11\/20181126-mmv.jpg","type":"image\/jpeg"}],"author":"Lola","twitter_card":"summary_large_image","twitter_creator":"@TressisSV","twitter_site":"@TressisSV","twitter_misc":{"Escrit per":"Lola","Temps estimat de lectura":"2 minuts"},"schema":{"@context":"https:\/\/schema.org","@graph":[{"@type":"Article","@id":"https:\/\/www.tressis.com\/ca\/blog\/el-comercio-mundial-se-debilita\/#article","isPartOf":{"@id":"https:\/\/www.tressis.com\/ca\/blog\/el-comercio-mundial-se-debilita\/"},"author":{"name":"Lola","@id":"https:\/\/www.tressis.com\/ca\/#\/schema\/person\/b833c1d724d8764920b6d6852c70584e"},"headline":"El comercio mundial se debilita","datePublished":"2018-11-26T09:51:26+00:00","mainEntityOfPage":{"@id":"https:\/\/www.tressis.com\/ca\/blog\/el-comercio-mundial-se-debilita\/"},"wordCount":345,"commentCount":0,"publisher":{"@id":"https:\/\/www.tressis.com\/ca\/#organization"},"image":{"@id":"https:\/\/www.tressis.com\/ca\/blog\/el-comercio-mundial-se-debilita\/#primaryimage"},"thumbnailUrl":"https:\/\/www.tressis.com\/wp-content\/uploads\/2018\/11\/20181126-mmv.jpg","keywords":["Black Friday","Brexit","consumo interno","Espa\u00f1a","Europa","Gibraltar","incertidumbre pol\u00edtica","parlamento brit\u00e1nico","p\u00e9rdida tracci\u00f3n econ\u00f3mica","perspectivas de crecimiento","PMI","rally navidad","tensiones comerciales","Theresa May","zona euro"],"articleSection":["Morning meeting"],"inLanguage":"ca","potentialAction":[{"@type":"CommentAction","name":"Comment","target":["https:\/\/www.tressis.com\/ca\/blog\/el-comercio-mundial-se-debilita\/#respond"]}]},{"@type":"WebPage","@id":"https:\/\/www.tressis.com\/ca\/blog\/el-comercio-mundial-se-debilita\/","url":"https:\/\/www.tressis.com\/ca\/blog\/el-comercio-mundial-se-debilita\/","name":"El comercio mundial se debilita","isPartOf":{"@id":"https:\/\/www.tressis.com\/ca\/#website"},"primaryImageOfPage":{"@id":"https:\/\/www.tressis.com\/ca\/blog\/el-comercio-mundial-se-debilita\/#primaryimage"},"image":{"@id":"https:\/\/www.tressis.com\/ca\/blog\/el-comercio-mundial-se-debilita\/#primaryimage"},"thumbnailUrl":"https:\/\/www.tressis.com\/wp-content\/uploads\/2018\/11\/20181126-mmv.jpg","datePublished":"2018-11-26T09:51:26+00:00","description":"Siguen las tensiones comerciales y menos mal que el consumo interno es el gran (y a veces el \u00fanico) protector de la actividad real","breadcrumb":{"@id":"https:\/\/www.tressis.com\/ca\/blog\/el-comercio-mundial-se-debilita\/#breadcrumb"},"inLanguage":"ca","potentialAction":[{"@type":"ReadAction","target":["https:\/\/www.tressis.com\/ca\/blog\/el-comercio-mundial-se-debilita\/"]}]},{"@type":"ImageObject","inLanguage":"ca","@id":"https:\/\/www.tressis.com\/ca\/blog\/el-comercio-mundial-se-debilita\/#primaryimage","url":"https:\/\/www.tressis.com\/wp-content\/uploads\/2018\/11\/20181126-mmv.jpg","contentUrl":"https:\/\/www.tressis.com\/wp-content\/uploads\/2018\/11\/20181126-mmv.jpg","width":1100,"height":487,"caption":"El comercio mundial se debilita"},{"@type":"BreadcrumbList","@id":"https:\/\/www.tressis.com\/ca\/blog\/el-comercio-mundial-se-debilita\/#breadcrumb","itemListElement":[{"@type":"ListItem","position":1,"name":"Inicio","item":"https:\/\/www.tressis.com\/ca\/"},{"@type":"ListItem","position":2,"name":"El comercio mundial se debilita"}]},{"@type":"WebSite","@id":"https:\/\/www.tressis.com\/ca\/#website","url":"https:\/\/www.tressis.com\/ca\/","name":"Tressis banca privada","description":"Tressis | Planificaci\u00f3n financiera y gesti\u00f3n de patrimonios","publisher":{"@id":"https:\/\/www.tressis.com\/ca\/#organization"},"potentialAction":[{"@type":"SearchAction","target":{"@type":"EntryPoint","urlTemplate":"https:\/\/www.tressis.com\/ca\/?s={search_term_string}"},"query-input":{"@type":"PropertyValueSpecification","valueRequired":true,"valueName":"search_term_string"}}],"inLanguage":"ca"},{"@type":"Organization","@id":"https:\/\/www.tressis.com\/ca\/#organization","name":"Tressis","url":"https:\/\/www.tressis.com\/ca\/","logo":{"@type":"ImageObject","inLanguage":"ca","@id":"https:\/\/www.tressis.com\/ca\/#\/schema\/logo\/image\/","url":"https:\/\/www.tressis.com\/wp-content\/uploads\/2025\/06\/logo-tressis-112.png","contentUrl":"https:\/\/www.tressis.com\/wp-content\/uploads\/2025\/06\/logo-tressis-112.png","width":112,"height":112,"caption":"Tressis"},"image":{"@id":"https:\/\/www.tressis.com\/ca\/#\/schema\/logo\/image\/"},"sameAs":["https:\/\/www.facebook.com\/Tressis\/","https:\/\/x.com\/TressisSV","https:\/\/www.instagram.com\/tressissv\/?hl=es","https:\/\/linkedin.com\/company\/tressis\/","https:\/\/www.youtube.com\/user\/tressissv","https:\/\/open.spotify.com\/show\/3jmTe1Nf0wqMILl7diWV6h?si=d7112519f13c4593&nd=1"]},{"@type":"Person","@id":"https:\/\/www.tressis.com\/ca\/#\/schema\/person\/b833c1d724d8764920b6d6852c70584e","name":"Lola","image":{"@type":"ImageObject","inLanguage":"ca","@id":"https:\/\/secure.gravatar.com\/avatar\/05e646486b23ff45df9649110609c7e31b8c4a3e2821caa23d6317f405e0c51d?s=96&d=mm&r=g","url":"https:\/\/secure.gravatar.com\/avatar\/05e646486b23ff45df9649110609c7e31b8c4a3e2821caa23d6317f405e0c51d?s=96&d=mm&r=g","contentUrl":"https:\/\/secure.gravatar.com\/avatar\/05e646486b23ff45df9649110609c7e31b8c4a3e2821caa23d6317f405e0c51d?s=96&d=mm&r=g","caption":"Lola"}}]}},"_links":{"self":[{"href":"https:\/\/www.tressis.com\/ca\/wp-json\/wp\/v2\/posts\/30202","targetHints":{"allow":["GET"]}}],"collection":[{"href":"https:\/\/www.tressis.com\/ca\/wp-json\/wp\/v2\/posts"}],"about":[{"href":"https:\/\/www.tressis.com\/ca\/wp-json\/wp\/v2\/types\/post"}],"author":[{"embeddable":true,"href":"https:\/\/www.tressis.com\/ca\/wp-json\/wp\/v2\/users\/4"}],"replies":[{"embeddable":true,"href":"https:\/\/www.tressis.com\/ca\/wp-json\/wp\/v2\/comments?post=30202"}],"version-history":[{"count":0,"href":"https:\/\/www.tressis.com\/ca\/wp-json\/wp\/v2\/posts\/30202\/revisions"}],"wp:featuredmedia":[{"embeddable":true,"href":"https:\/\/www.tressis.com\/ca\/wp-json\/wp\/v2\/media\/30203"}],"wp:attachment":[{"href":"https:\/\/www.tressis.com\/ca\/wp-json\/wp\/v2\/media?parent=30202"}],"wp:term":[{"taxonomy":"category","embeddable":true,"href":"https:\/\/www.tressis.com\/ca\/wp-json\/wp\/v2\/categories?post=30202"},{"taxonomy":"post_tag","embeddable":true,"href":"https:\/\/www.tressis.com\/ca\/wp-json\/wp\/v2\/tags?post=30202"}],"curies":[{"name":"wp","href":"https:\/\/api.w.org\/{rel}","templated":true}]}}