{"id":30090,"date":"2018-11-13T10:23:13","date_gmt":"2018-11-13T09:23:13","guid":{"rendered":"http:\/\/www.tressis.com\/blog\/?p=30090"},"modified":"2018-11-13T10:23:13","modified_gmt":"2018-11-13T09:23:13","slug":"el-ano-de-la-volatilidad","status":"publish","type":"post","link":"https:\/\/www.tressis.com\/ca\/blog\/el-ano-de-la-volatilidad\/","title":{"rendered":"El a\u00f1o de la volatilidad"},"content":{"rendered":"<p>Ya nadie niega que tras un a\u00f1o 2017 especialmente tranquilo, este a\u00f1o est\u00e1 siendo el de la vuelta de la volatilidad. A\u00fan no nos hemos recuperado del todo de las ca\u00eddas del mes de octubre y los inversores tienen nuevas preocupaciones sobre la mesa.<!--more--><\/p>\n<p>A la falta de visibilidad sobre el futuro presupuestario de Italia y sobre la evoluci\u00f3n de las negociaciones del <i>brexit<\/i>, se une ahora la incertidumbre sobre las ventas de la mayor empresa cotizada del mundo. No es que los directivos de Apple hayan comentado algo, pero el mercado se ha tomado el <i>profit warning<\/i> de uno de sus proveedores como un anuncio <i>de facto<\/i> de que la compa\u00f1\u00eda de la manzana va a vender muchos menos tel\u00e9fonos de lo esperado. Ya veremos si dentro de dos meses, cuando haya pasado el periodo de mayores compras de tecnolog\u00eda del a\u00f1o, los analistas siguen pensando lo mismo. Pero por ahora, se ha sembrado el p\u00e1nico entre las empresas tecnol\u00f3gicas.  <\/p>\n<p>La otra noticia de la jornada fue la exigencia de Malasia del reembolso de lo pagado al banco estadounidense Goldman Sachs en el marco de un esc\u00e1ndalo de desv\u00edo de dinero de un fondo p\u00fablico de inversi\u00f3n. <\/p>\n<p>Adem\u00e1s, la fuerte subida del d\u00f3lar pas\u00f3 factura al mercado, en especial a las grandes multinacionales que dependen de las exportaciones, al encarecerse la moneda estadounidense en relaci\u00f3n con el resto de divisas mundiales.<\/p>\n<p>Parece que la \u00fanica opci\u00f3n de salvarnos de un <i>annus horribilis<\/i> va a pasar por que el presidente Trump acabe firmando una tregua comercial con China, que aunque no termine de convencer a alguno de sus electores le servir\u00e1 para ponerse unas cuantas medallas m\u00e1s. <\/p>\n<p>Buen d\u00eda. <\/p>\n<p><center><strong>Jorge Gonz\u00e1lez G\u00f3mez<\/strong><br \/>\nDirecci\u00f3n de Inversiones<\/center><\/p>\n","protected":false},"excerpt":{"rendered":"<p>Ya nadie niega que tras un a\u00f1o 2017 especialmente tranquilo, este a\u00f1o est\u00e1 siendo el de la vuelta de la volatilidad. A\u00fan no nos hemos recuperado del todo de las ca\u00eddas del mes de octubre y los inversores tienen nuevas preocupaciones sobre la mesa.<\/p>\n","protected":false},"author":4,"featured_media":30091,"comment_status":"open","ping_status":"closed","sticky":false,"template":"","format":"standard","meta":{"_acf_changed":false,"footnotes":""},"categories":[9721],"tags":[259,6920],"class_list":["post-30090","post","type-post","status-publish","format-standard","has-post-thumbnail","hentry","category-morning-meeting","tag-apple","tag-volatilidad"],"acf":[],"yoast_head":"<!-- This site is optimized with the Yoast SEO plugin v27.5 - https:\/\/yoast.com\/product\/yoast-seo-wordpress\/ -->\n<title>El a\u00f1o de la volatilidad<\/title>\n<meta name=\"description\" content=\"Ya nadie niega que tras un a\u00f1o 2017 especialmente tranquilo, este a\u00f1o est\u00e1 siendo el de la vuelta de la volatilidad.\" \/>\n<meta name=\"robots\" content=\"index, follow, max-snippet:-1, max-image-preview:large, max-video-preview:-1\" \/>\n<link rel=\"canonical\" href=\"https:\/\/www.tressis.com\/ca\/blog\/el-ano-de-la-volatilidad\/\" \/>\n<meta property=\"og:locale\" content=\"ca_ES\" \/>\n<meta property=\"og:type\" content=\"article\" \/>\n<meta property=\"og:title\" content=\"El a\u00f1o de la volatilidad\" \/>\n<meta property=\"og:description\" content=\"Ya nadie niega que tras un a\u00f1o 2017 especialmente tranquilo, este a\u00f1o est\u00e1 siendo el de la vuelta de la volatilidad.\" \/>\n<meta property=\"og:url\" content=\"https:\/\/www.tressis.com\/ca\/blog\/el-ano-de-la-volatilidad\/\" \/>\n<meta property=\"og:site_name\" content=\"Tressis\" \/>\n<meta property=\"article:publisher\" content=\"https:\/\/www.facebook.com\/Tressis\/\" \/>\n<meta property=\"article:published_time\" content=\"2018-11-13T09:23:13+00:00\" \/>\n<meta property=\"og:image\" content=\"https:\/\/www.tressis.com\/wp-content\/uploads\/2018\/11\/20181113-mmv.jpg\" \/>\n\t<meta property=\"og:image:width\" content=\"1100\" \/>\n\t<meta property=\"og:image:height\" content=\"487\" \/>\n\t<meta property=\"og:image:type\" content=\"image\/jpeg\" \/>\n<meta name=\"author\" content=\"Lola\" \/>\n<meta name=\"twitter:card\" content=\"summary_large_image\" \/>\n<meta name=\"twitter:creator\" content=\"@TressisSV\" \/>\n<meta name=\"twitter:site\" content=\"@TressisSV\" \/>\n<meta name=\"twitter:label1\" content=\"Escrit per\" \/>\n\t<meta name=\"twitter:data1\" content=\"Lola\" \/>\n\t<meta name=\"twitter:label2\" content=\"Temps estimat de lectura\" \/>\n\t<meta name=\"twitter:data2\" content=\"2 minuts\" \/>\n<script type=\"application\/ld+json\" class=\"yoast-schema-graph\">{\"@context\":\"https:\\\/\\\/schema.org\",\"@graph\":[{\"@type\":\"Article\",\"@id\":\"https:\\\/\\\/www.tressis.com\\\/ca\\\/blog\\\/el-ano-de-la-volatilidad\\\/#article\",\"isPartOf\":{\"@id\":\"https:\\\/\\\/www.tressis.com\\\/ca\\\/blog\\\/el-ano-de-la-volatilidad\\\/\"},\"author\":{\"name\":\"Lola\",\"@id\":\"https:\\\/\\\/www.tressis.com\\\/ca\\\/#\\\/schema\\\/person\\\/b833c1d724d8764920b6d6852c70584e\"},\"headline\":\"El a\u00f1o de la volatilidad\",\"datePublished\":\"2018-11-13T09:23:13+00:00\",\"mainEntityOfPage\":{\"@id\":\"https:\\\/\\\/www.tressis.com\\\/ca\\\/blog\\\/el-ano-de-la-volatilidad\\\/\"},\"wordCount\":314,\"commentCount\":0,\"publisher\":{\"@id\":\"https:\\\/\\\/www.tressis.com\\\/ca\\\/#organization\"},\"image\":{\"@id\":\"https:\\\/\\\/www.tressis.com\\\/ca\\\/blog\\\/el-ano-de-la-volatilidad\\\/#primaryimage\"},\"thumbnailUrl\":\"https:\\\/\\\/www.tressis.com\\\/wp-content\\\/uploads\\\/2018\\\/11\\\/20181113-mmv.jpg\",\"keywords\":[\"Apple\",\"volatilidad\"],\"articleSection\":[\"Morning meeting\"],\"inLanguage\":\"ca\",\"potentialAction\":[{\"@type\":\"CommentAction\",\"name\":\"Comment\",\"target\":[\"https:\\\/\\\/www.tressis.com\\\/ca\\\/blog\\\/el-ano-de-la-volatilidad\\\/#respond\"]}]},{\"@type\":\"WebPage\",\"@id\":\"https:\\\/\\\/www.tressis.com\\\/ca\\\/blog\\\/el-ano-de-la-volatilidad\\\/\",\"url\":\"https:\\\/\\\/www.tressis.com\\\/ca\\\/blog\\\/el-ano-de-la-volatilidad\\\/\",\"name\":\"El a\u00f1o de la volatilidad\",\"isPartOf\":{\"@id\":\"https:\\\/\\\/www.tressis.com\\\/ca\\\/#website\"},\"primaryImageOfPage\":{\"@id\":\"https:\\\/\\\/www.tressis.com\\\/ca\\\/blog\\\/el-ano-de-la-volatilidad\\\/#primaryimage\"},\"image\":{\"@id\":\"https:\\\/\\\/www.tressis.com\\\/ca\\\/blog\\\/el-ano-de-la-volatilidad\\\/#primaryimage\"},\"thumbnailUrl\":\"https:\\\/\\\/www.tressis.com\\\/wp-content\\\/uploads\\\/2018\\\/11\\\/20181113-mmv.jpg\",\"datePublished\":\"2018-11-13T09:23:13+00:00\",\"description\":\"Ya nadie niega que tras un a\u00f1o 2017 especialmente tranquilo, este a\u00f1o est\u00e1 siendo el de la vuelta de la volatilidad.\",\"breadcrumb\":{\"@id\":\"https:\\\/\\\/www.tressis.com\\\/ca\\\/blog\\\/el-ano-de-la-volatilidad\\\/#breadcrumb\"},\"inLanguage\":\"ca\",\"potentialAction\":[{\"@type\":\"ReadAction\",\"target\":[\"https:\\\/\\\/www.tressis.com\\\/ca\\\/blog\\\/el-ano-de-la-volatilidad\\\/\"]}]},{\"@type\":\"ImageObject\",\"inLanguage\":\"ca\",\"@id\":\"https:\\\/\\\/www.tressis.com\\\/ca\\\/blog\\\/el-ano-de-la-volatilidad\\\/#primaryimage\",\"url\":\"https:\\\/\\\/www.tressis.com\\\/wp-content\\\/uploads\\\/2018\\\/11\\\/20181113-mmv.jpg\",\"contentUrl\":\"https:\\\/\\\/www.tressis.com\\\/wp-content\\\/uploads\\\/2018\\\/11\\\/20181113-mmv.jpg\",\"width\":1100,\"height\":487,\"caption\":\"El a\u00f1o de la volatilidad\"},{\"@type\":\"BreadcrumbList\",\"@id\":\"https:\\\/\\\/www.tressis.com\\\/ca\\\/blog\\\/el-ano-de-la-volatilidad\\\/#breadcrumb\",\"itemListElement\":[{\"@type\":\"ListItem\",\"position\":1,\"name\":\"Inicio\",\"item\":\"https:\\\/\\\/www.tressis.com\\\/ca\\\/\"},{\"@type\":\"ListItem\",\"position\":2,\"name\":\"El a\u00f1o de la volatilidad\"}]},{\"@type\":\"WebSite\",\"@id\":\"https:\\\/\\\/www.tressis.com\\\/ca\\\/#website\",\"url\":\"https:\\\/\\\/www.tressis.com\\\/ca\\\/\",\"name\":\"Tressis banca privada\",\"description\":\"Tressis | Planificaci\u00f3n financiera y gesti\u00f3n de patrimonios\",\"publisher\":{\"@id\":\"https:\\\/\\\/www.tressis.com\\\/ca\\\/#organization\"},\"potentialAction\":[{\"@type\":\"SearchAction\",\"target\":{\"@type\":\"EntryPoint\",\"urlTemplate\":\"https:\\\/\\\/www.tressis.com\\\/ca\\\/?s={search_term_string}\"},\"query-input\":{\"@type\":\"PropertyValueSpecification\",\"valueRequired\":true,\"valueName\":\"search_term_string\"}}],\"inLanguage\":\"ca\"},{\"@type\":\"Organization\",\"@id\":\"https:\\\/\\\/www.tressis.com\\\/ca\\\/#organization\",\"name\":\"Tressis\",\"url\":\"https:\\\/\\\/www.tressis.com\\\/ca\\\/\",\"logo\":{\"@type\":\"ImageObject\",\"inLanguage\":\"ca\",\"@id\":\"https:\\\/\\\/www.tressis.com\\\/ca\\\/#\\\/schema\\\/logo\\\/image\\\/\",\"url\":\"https:\\\/\\\/www.tressis.com\\\/wp-content\\\/uploads\\\/2025\\\/06\\\/logo-tressis-112.png\",\"contentUrl\":\"https:\\\/\\\/www.tressis.com\\\/wp-content\\\/uploads\\\/2025\\\/06\\\/logo-tressis-112.png\",\"width\":112,\"height\":112,\"caption\":\"Tressis\"},\"image\":{\"@id\":\"https:\\\/\\\/www.tressis.com\\\/ca\\\/#\\\/schema\\\/logo\\\/image\\\/\"},\"sameAs\":[\"https:\\\/\\\/www.facebook.com\\\/Tressis\\\/\",\"https:\\\/\\\/x.com\\\/TressisSV\",\"https:\\\/\\\/www.instagram.com\\\/tressissv\\\/?hl=es\",\"https:\\\/\\\/linkedin.com\\\/company\\\/tressis\\\/\",\"https:\\\/\\\/www.youtube.com\\\/user\\\/tressissv\",\"https:\\\/\\\/open.spotify.com\\\/show\\\/3jmTe1Nf0wqMILl7diWV6h?si=d7112519f13c4593&nd=1\"]},{\"@type\":\"Person\",\"@id\":\"https:\\\/\\\/www.tressis.com\\\/ca\\\/#\\\/schema\\\/person\\\/b833c1d724d8764920b6d6852c70584e\",\"name\":\"Lola\",\"image\":{\"@type\":\"ImageObject\",\"inLanguage\":\"ca\",\"@id\":\"https:\\\/\\\/secure.gravatar.com\\\/avatar\\\/05e646486b23ff45df9649110609c7e31b8c4a3e2821caa23d6317f405e0c51d?s=96&d=mm&r=g\",\"url\":\"https:\\\/\\\/secure.gravatar.com\\\/avatar\\\/05e646486b23ff45df9649110609c7e31b8c4a3e2821caa23d6317f405e0c51d?s=96&d=mm&r=g\",\"contentUrl\":\"https:\\\/\\\/secure.gravatar.com\\\/avatar\\\/05e646486b23ff45df9649110609c7e31b8c4a3e2821caa23d6317f405e0c51d?s=96&d=mm&r=g\",\"caption\":\"Lola\"}}]}<\/script>\n<!-- \/ Yoast SEO plugin. -->","yoast_head_json":{"title":"El a\u00f1o de la volatilidad","description":"Ya nadie niega que tras un a\u00f1o 2017 especialmente tranquilo, este a\u00f1o est\u00e1 siendo el de la vuelta de la volatilidad.","robots":{"index":"index","follow":"follow","max-snippet":"max-snippet:-1","max-image-preview":"max-image-preview:large","max-video-preview":"max-video-preview:-1"},"canonical":"https:\/\/www.tressis.com\/ca\/blog\/el-ano-de-la-volatilidad\/","og_locale":"ca_ES","og_type":"article","og_title":"El a\u00f1o de la volatilidad","og_description":"Ya nadie niega que tras un a\u00f1o 2017 especialmente tranquilo, este a\u00f1o est\u00e1 siendo el de la vuelta de la volatilidad.","og_url":"https:\/\/www.tressis.com\/ca\/blog\/el-ano-de-la-volatilidad\/","og_site_name":"Tressis","article_publisher":"https:\/\/www.facebook.com\/Tressis\/","article_published_time":"2018-11-13T09:23:13+00:00","og_image":[{"width":1100,"height":487,"url":"https:\/\/www.tressis.com\/wp-content\/uploads\/2018\/11\/20181113-mmv.jpg","type":"image\/jpeg"}],"author":"Lola","twitter_card":"summary_large_image","twitter_creator":"@TressisSV","twitter_site":"@TressisSV","twitter_misc":{"Escrit per":"Lola","Temps estimat de lectura":"2 minuts"},"schema":{"@context":"https:\/\/schema.org","@graph":[{"@type":"Article","@id":"https:\/\/www.tressis.com\/ca\/blog\/el-ano-de-la-volatilidad\/#article","isPartOf":{"@id":"https:\/\/www.tressis.com\/ca\/blog\/el-ano-de-la-volatilidad\/"},"author":{"name":"Lola","@id":"https:\/\/www.tressis.com\/ca\/#\/schema\/person\/b833c1d724d8764920b6d6852c70584e"},"headline":"El a\u00f1o de la volatilidad","datePublished":"2018-11-13T09:23:13+00:00","mainEntityOfPage":{"@id":"https:\/\/www.tressis.com\/ca\/blog\/el-ano-de-la-volatilidad\/"},"wordCount":314,"commentCount":0,"publisher":{"@id":"https:\/\/www.tressis.com\/ca\/#organization"},"image":{"@id":"https:\/\/www.tressis.com\/ca\/blog\/el-ano-de-la-volatilidad\/#primaryimage"},"thumbnailUrl":"https:\/\/www.tressis.com\/wp-content\/uploads\/2018\/11\/20181113-mmv.jpg","keywords":["Apple","volatilidad"],"articleSection":["Morning meeting"],"inLanguage":"ca","potentialAction":[{"@type":"CommentAction","name":"Comment","target":["https:\/\/www.tressis.com\/ca\/blog\/el-ano-de-la-volatilidad\/#respond"]}]},{"@type":"WebPage","@id":"https:\/\/www.tressis.com\/ca\/blog\/el-ano-de-la-volatilidad\/","url":"https:\/\/www.tressis.com\/ca\/blog\/el-ano-de-la-volatilidad\/","name":"El a\u00f1o de la volatilidad","isPartOf":{"@id":"https:\/\/www.tressis.com\/ca\/#website"},"primaryImageOfPage":{"@id":"https:\/\/www.tressis.com\/ca\/blog\/el-ano-de-la-volatilidad\/#primaryimage"},"image":{"@id":"https:\/\/www.tressis.com\/ca\/blog\/el-ano-de-la-volatilidad\/#primaryimage"},"thumbnailUrl":"https:\/\/www.tressis.com\/wp-content\/uploads\/2018\/11\/20181113-mmv.jpg","datePublished":"2018-11-13T09:23:13+00:00","description":"Ya nadie niega que tras un a\u00f1o 2017 especialmente tranquilo, este a\u00f1o est\u00e1 siendo el de la vuelta de la volatilidad.","breadcrumb":{"@id":"https:\/\/www.tressis.com\/ca\/blog\/el-ano-de-la-volatilidad\/#breadcrumb"},"inLanguage":"ca","potentialAction":[{"@type":"ReadAction","target":["https:\/\/www.tressis.com\/ca\/blog\/el-ano-de-la-volatilidad\/"]}]},{"@type":"ImageObject","inLanguage":"ca","@id":"https:\/\/www.tressis.com\/ca\/blog\/el-ano-de-la-volatilidad\/#primaryimage","url":"https:\/\/www.tressis.com\/wp-content\/uploads\/2018\/11\/20181113-mmv.jpg","contentUrl":"https:\/\/www.tressis.com\/wp-content\/uploads\/2018\/11\/20181113-mmv.jpg","width":1100,"height":487,"caption":"El a\u00f1o de la volatilidad"},{"@type":"BreadcrumbList","@id":"https:\/\/www.tressis.com\/ca\/blog\/el-ano-de-la-volatilidad\/#breadcrumb","itemListElement":[{"@type":"ListItem","position":1,"name":"Inicio","item":"https:\/\/www.tressis.com\/ca\/"},{"@type":"ListItem","position":2,"name":"El a\u00f1o de la volatilidad"}]},{"@type":"WebSite","@id":"https:\/\/www.tressis.com\/ca\/#website","url":"https:\/\/www.tressis.com\/ca\/","name":"Tressis banca privada","description":"Tressis | Planificaci\u00f3n financiera y gesti\u00f3n de patrimonios","publisher":{"@id":"https:\/\/www.tressis.com\/ca\/#organization"},"potentialAction":[{"@type":"SearchAction","target":{"@type":"EntryPoint","urlTemplate":"https:\/\/www.tressis.com\/ca\/?s={search_term_string}"},"query-input":{"@type":"PropertyValueSpecification","valueRequired":true,"valueName":"search_term_string"}}],"inLanguage":"ca"},{"@type":"Organization","@id":"https:\/\/www.tressis.com\/ca\/#organization","name":"Tressis","url":"https:\/\/www.tressis.com\/ca\/","logo":{"@type":"ImageObject","inLanguage":"ca","@id":"https:\/\/www.tressis.com\/ca\/#\/schema\/logo\/image\/","url":"https:\/\/www.tressis.com\/wp-content\/uploads\/2025\/06\/logo-tressis-112.png","contentUrl":"https:\/\/www.tressis.com\/wp-content\/uploads\/2025\/06\/logo-tressis-112.png","width":112,"height":112,"caption":"Tressis"},"image":{"@id":"https:\/\/www.tressis.com\/ca\/#\/schema\/logo\/image\/"},"sameAs":["https:\/\/www.facebook.com\/Tressis\/","https:\/\/x.com\/TressisSV","https:\/\/www.instagram.com\/tressissv\/?hl=es","https:\/\/linkedin.com\/company\/tressis\/","https:\/\/www.youtube.com\/user\/tressissv","https:\/\/open.spotify.com\/show\/3jmTe1Nf0wqMILl7diWV6h?si=d7112519f13c4593&nd=1"]},{"@type":"Person","@id":"https:\/\/www.tressis.com\/ca\/#\/schema\/person\/b833c1d724d8764920b6d6852c70584e","name":"Lola","image":{"@type":"ImageObject","inLanguage":"ca","@id":"https:\/\/secure.gravatar.com\/avatar\/05e646486b23ff45df9649110609c7e31b8c4a3e2821caa23d6317f405e0c51d?s=96&d=mm&r=g","url":"https:\/\/secure.gravatar.com\/avatar\/05e646486b23ff45df9649110609c7e31b8c4a3e2821caa23d6317f405e0c51d?s=96&d=mm&r=g","contentUrl":"https:\/\/secure.gravatar.com\/avatar\/05e646486b23ff45df9649110609c7e31b8c4a3e2821caa23d6317f405e0c51d?s=96&d=mm&r=g","caption":"Lola"}}]}},"_links":{"self":[{"href":"https:\/\/www.tressis.com\/ca\/wp-json\/wp\/v2\/posts\/30090","targetHints":{"allow":["GET"]}}],"collection":[{"href":"https:\/\/www.tressis.com\/ca\/wp-json\/wp\/v2\/posts"}],"about":[{"href":"https:\/\/www.tressis.com\/ca\/wp-json\/wp\/v2\/types\/post"}],"author":[{"embeddable":true,"href":"https:\/\/www.tressis.com\/ca\/wp-json\/wp\/v2\/users\/4"}],"replies":[{"embeddable":true,"href":"https:\/\/www.tressis.com\/ca\/wp-json\/wp\/v2\/comments?post=30090"}],"version-history":[{"count":0,"href":"https:\/\/www.tressis.com\/ca\/wp-json\/wp\/v2\/posts\/30090\/revisions"}],"wp:featuredmedia":[{"embeddable":true,"href":"https:\/\/www.tressis.com\/ca\/wp-json\/wp\/v2\/media\/30091"}],"wp:attachment":[{"href":"https:\/\/www.tressis.com\/ca\/wp-json\/wp\/v2\/media?parent=30090"}],"wp:term":[{"taxonomy":"category","embeddable":true,"href":"https:\/\/www.tressis.com\/ca\/wp-json\/wp\/v2\/categories?post=30090"},{"taxonomy":"post_tag","embeddable":true,"href":"https:\/\/www.tressis.com\/ca\/wp-json\/wp\/v2\/tags?post=30090"}],"curies":[{"name":"wp","href":"https:\/\/api.w.org\/{rel}","templated":true}]}}