{"id":30075,"date":"2018-11-12T11:10:19","date_gmt":"2018-11-12T10:10:19","guid":{"rendered":"http:\/\/www.tressis.com\/blog\/?p=30075"},"modified":"2018-11-12T11:10:19","modified_gmt":"2018-11-12T10:10:19","slug":"sera-mas-debil-la-actividad-de-la-union-europea","status":"publish","type":"post","link":"https:\/\/www.tressis.com\/ca\/blog\/sera-mas-debil-la-actividad-de-la-union-europea\/","title":{"rendered":"\u00bfSer\u00e1 m\u00e1s d\u00e9bil la actividad de la Uni\u00f3n Europea?"},"content":{"rendered":"<p>Tras otra semana m\u00e1s en la que los inversores no terminan de reponerse del todo de un octubre negro, los mercados siguen pendientes de m\u00e1s desaf\u00edos de los que todos cre\u00edamos que tendr\u00edamos que afrontar hace solo un a\u00f1o.<!--more--><\/p>\n<p>Para empezar, un escenario macroecon\u00f3mico m\u00e1s d\u00e9bil de lo esperado, donde solo EE.UU. est\u00e1 siendo capaz de desviarse de la tendencia general. Ya no solo la revisi\u00f3n a la baja de las expectativas de crecimiento de la Comisi\u00f3n Europea, sino la raz\u00f3n da buena cuenta de qu\u00e9 est\u00e1 pasando hoy por hoy, una suma de econom\u00eda y pol\u00edtica. Dicen en Bruselas que la actividad de la UE va a ser m\u00e1s d\u00e9bil por culpa del <i>brexit<\/i>, de la pol\u00edtica monetaria de la Reserva Federal y de la pol\u00edtica sin apellido propiamente europea (aunque prefieren llamarlo algo as\u00ed como problem\u00e1tica fiscal).<\/p>\n<p>Dejando el <i>brexit<\/i> y a nuestros sabios dirigentes para comentar ma\u00f1ana, la reuni\u00f3n del jueves de la Fed ha venido a decir que a no ser que se declare una guerra, en diciembre toca la cuarta subida de tipos, que para eso la econom\u00eda norteamericana lo puede soportar. Es m\u00e1s, la lectura de la inflaci\u00f3n de la producci\u00f3n correspondiente a octubre demuestra que, sin ser una maravilla, efectivamente hay presi\u00f3n en precios en EE.UU., y lo que es m\u00e1s importante, sin contar con el incremento de los costes de la energ\u00eda.<\/p>\n<p>Precisamente del mundo de la energ\u00eda hay novedades. Las dudas que est\u00e1 generando la ralentizaci\u00f3n global, en suma con una oferta de petr\u00f3leo que no termina de ponerse de acuerdo, son los dos factores que han presionado tanto a la baja el precio del crudo, aunque bien es cierto que en esto de las materias primas nunca se sabe bien. Y debe de ser por esto por lo que Arabia Saud\u00ed ha decidido pegar un recorte de medio mill\u00f3n de barriles a la producci\u00f3n de forma unilateral, pero tampoco aqu\u00ed terminamos nunca de saber lo que realmente hay detr\u00e1s.<\/p>\n<p>Para terminar, tan solo elevar a los cielos del comercio mundial a Alibaba por haber convertido la fiebre consumista de los estadounidenses en un nuevo patr\u00f3n de conducta de la China comunista, que con la celebraci\u00f3n este fin de semana del D\u00eda del Soltero ha vuelto a demostrar que la industria s\u00ed, pero el consumo no ha perdido tanto fuelle.<\/p>\n<p>Buen d\u00eda.<\/p>\n<p><center><strong>Am\u00edlcar Barrios Vilallonga<\/strong><br \/>\nDirecci\u00f3n de Inversiones<\/center><\/p>\n","protected":false},"excerpt":{"rendered":"<p>Tras otra semana m\u00e1s en la que los inversores no terminan de reponerse del todo de un octubre negro, los mercados siguen pendientes de m\u00e1s desaf\u00edos de los que todos cre\u00edamos que tendr\u00edamos que afrontar hace solo un a\u00f1o.<\/p>\n","protected":false},"author":4,"featured_media":30076,"comment_status":"open","ping_status":"closed","sticky":false,"template":"","format":"standard","meta":{"_acf_changed":false,"footnotes":""},"categories":[9721],"tags":[148,277,401,811,1119,1246,2206,2364,2733,3992,4845,5338,5761,6772],"class_list":["post-30075","post","type-post","status-publish","format-standard","has-post-thumbnail","hentry","category-morning-meeting","tag-alibaba","tag-arabia-saudi","tag-baja-precio-crudo","tag-brexit","tag-china-comunista","tag-comision-europea","tag-eeuu","tag-energia","tag-fiebre-consumista","tag-mateiras-primas","tag-petroleo","tag-ralentizacion-global","tag-reserva-federal","tag-union-europea"],"acf":[],"yoast_head":"<!-- This site is optimized with the Yoast SEO plugin v27.5 - https:\/\/yoast.com\/product\/yoast-seo-wordpress\/ -->\n<title>\u00bfSer\u00e1 m\u00e1s d\u00e9bil la actividad de la Uni\u00f3n Europea?<\/title>\n<meta name=\"description\" content=\"Un escenario macroecon\u00f3mico m\u00e1s d\u00e9bil de lo esperado, donde solo EE.UU. est\u00e1 siendo capaz de desviarse de la tendencia general\" \/>\n<meta name=\"robots\" content=\"index, follow, max-snippet:-1, max-image-preview:large, max-video-preview:-1\" \/>\n<link rel=\"canonical\" href=\"https:\/\/www.tressis.com\/ca\/blog\/sera-mas-debil-la-actividad-de-la-union-europea\/\" \/>\n<meta property=\"og:locale\" content=\"ca_ES\" \/>\n<meta property=\"og:type\" content=\"article\" \/>\n<meta property=\"og:title\" content=\"\u00bfSer\u00e1 m\u00e1s d\u00e9bil la actividad de la Uni\u00f3n Europea?\" \/>\n<meta property=\"og:description\" content=\"Un escenario macroecon\u00f3mico m\u00e1s d\u00e9bil de lo esperado, donde solo EE.UU. est\u00e1 siendo capaz de desviarse de la tendencia general\" \/>\n<meta property=\"og:url\" content=\"https:\/\/www.tressis.com\/ca\/blog\/sera-mas-debil-la-actividad-de-la-union-europea\/\" \/>\n<meta property=\"og:site_name\" content=\"Tressis\" \/>\n<meta property=\"article:publisher\" content=\"https:\/\/www.facebook.com\/Tressis\/\" \/>\n<meta property=\"article:published_time\" content=\"2018-11-12T10:10:19+00:00\" \/>\n<meta property=\"og:image\" content=\"https:\/\/www.tressis.com\/wp-content\/uploads\/2018\/11\/20181112-mmv.jpg\" \/>\n\t<meta property=\"og:image:width\" content=\"1100\" \/>\n\t<meta property=\"og:image:height\" content=\"487\" \/>\n\t<meta property=\"og:image:type\" content=\"image\/jpeg\" \/>\n<meta name=\"author\" content=\"Lola\" \/>\n<meta name=\"twitter:card\" content=\"summary_large_image\" \/>\n<meta name=\"twitter:creator\" content=\"@TressisSV\" \/>\n<meta name=\"twitter:site\" content=\"@TressisSV\" \/>\n<meta name=\"twitter:label1\" content=\"Escrit per\" \/>\n\t<meta name=\"twitter:data1\" content=\"Lola\" \/>\n\t<meta name=\"twitter:label2\" content=\"Temps estimat de lectura\" \/>\n\t<meta name=\"twitter:data2\" content=\"2 minuts\" \/>\n<script type=\"application\/ld+json\" class=\"yoast-schema-graph\">{\"@context\":\"https:\\\/\\\/schema.org\",\"@graph\":[{\"@type\":\"Article\",\"@id\":\"https:\\\/\\\/www.tressis.com\\\/ca\\\/blog\\\/sera-mas-debil-la-actividad-de-la-union-europea\\\/#article\",\"isPartOf\":{\"@id\":\"https:\\\/\\\/www.tressis.com\\\/ca\\\/blog\\\/sera-mas-debil-la-actividad-de-la-union-europea\\\/\"},\"author\":{\"name\":\"Lola\",\"@id\":\"https:\\\/\\\/www.tressis.com\\\/ca\\\/#\\\/schema\\\/person\\\/b833c1d724d8764920b6d6852c70584e\"},\"headline\":\"\u00bfSer\u00e1 m\u00e1s d\u00e9bil la actividad de la Uni\u00f3n Europea?\",\"datePublished\":\"2018-11-12T10:10:19+00:00\",\"mainEntityOfPage\":{\"@id\":\"https:\\\/\\\/www.tressis.com\\\/ca\\\/blog\\\/sera-mas-debil-la-actividad-de-la-union-europea\\\/\"},\"wordCount\":451,\"commentCount\":0,\"publisher\":{\"@id\":\"https:\\\/\\\/www.tressis.com\\\/ca\\\/#organization\"},\"image\":{\"@id\":\"https:\\\/\\\/www.tressis.com\\\/ca\\\/blog\\\/sera-mas-debil-la-actividad-de-la-union-europea\\\/#primaryimage\"},\"thumbnailUrl\":\"https:\\\/\\\/www.tressis.com\\\/wp-content\\\/uploads\\\/2018\\\/11\\\/20181112-mmv.jpg\",\"keywords\":[\"alibaba\",\"Arabia Saud\u00ed\",\"baja precio crudo\",\"Brexit\",\"China comunista\",\"comisi\u00f3n europea\",\"EEUU\",\"energ\u00eda\",\"fiebre consumista\",\"mateiras primas\",\"petr\u00f3leo\",\"ralentizaci\u00f3n global\",\"Reserva Federal\",\"Uni\u00f3n Europea\"],\"articleSection\":[\"Morning meeting\"],\"inLanguage\":\"ca\",\"potentialAction\":[{\"@type\":\"CommentAction\",\"name\":\"Comment\",\"target\":[\"https:\\\/\\\/www.tressis.com\\\/ca\\\/blog\\\/sera-mas-debil-la-actividad-de-la-union-europea\\\/#respond\"]}]},{\"@type\":\"WebPage\",\"@id\":\"https:\\\/\\\/www.tressis.com\\\/ca\\\/blog\\\/sera-mas-debil-la-actividad-de-la-union-europea\\\/\",\"url\":\"https:\\\/\\\/www.tressis.com\\\/ca\\\/blog\\\/sera-mas-debil-la-actividad-de-la-union-europea\\\/\",\"name\":\"\u00bfSer\u00e1 m\u00e1s d\u00e9bil la actividad de la Uni\u00f3n Europea?\",\"isPartOf\":{\"@id\":\"https:\\\/\\\/www.tressis.com\\\/ca\\\/#website\"},\"primaryImageOfPage\":{\"@id\":\"https:\\\/\\\/www.tressis.com\\\/ca\\\/blog\\\/sera-mas-debil-la-actividad-de-la-union-europea\\\/#primaryimage\"},\"image\":{\"@id\":\"https:\\\/\\\/www.tressis.com\\\/ca\\\/blog\\\/sera-mas-debil-la-actividad-de-la-union-europea\\\/#primaryimage\"},\"thumbnailUrl\":\"https:\\\/\\\/www.tressis.com\\\/wp-content\\\/uploads\\\/2018\\\/11\\\/20181112-mmv.jpg\",\"datePublished\":\"2018-11-12T10:10:19+00:00\",\"description\":\"Un escenario macroecon\u00f3mico m\u00e1s d\u00e9bil de lo esperado, donde solo EE.UU. est\u00e1 siendo capaz de desviarse de la tendencia general\",\"breadcrumb\":{\"@id\":\"https:\\\/\\\/www.tressis.com\\\/ca\\\/blog\\\/sera-mas-debil-la-actividad-de-la-union-europea\\\/#breadcrumb\"},\"inLanguage\":\"ca\",\"potentialAction\":[{\"@type\":\"ReadAction\",\"target\":[\"https:\\\/\\\/www.tressis.com\\\/ca\\\/blog\\\/sera-mas-debil-la-actividad-de-la-union-europea\\\/\"]}]},{\"@type\":\"ImageObject\",\"inLanguage\":\"ca\",\"@id\":\"https:\\\/\\\/www.tressis.com\\\/ca\\\/blog\\\/sera-mas-debil-la-actividad-de-la-union-europea\\\/#primaryimage\",\"url\":\"https:\\\/\\\/www.tressis.com\\\/wp-content\\\/uploads\\\/2018\\\/11\\\/20181112-mmv.jpg\",\"contentUrl\":\"https:\\\/\\\/www.tressis.com\\\/wp-content\\\/uploads\\\/2018\\\/11\\\/20181112-mmv.jpg\",\"width\":1100,\"height\":487,\"caption\":\"\u00bfSer\u00e1 m\u00e1s d\u00e9bil la actividad de la Uni\u00f3n Europea?\"},{\"@type\":\"BreadcrumbList\",\"@id\":\"https:\\\/\\\/www.tressis.com\\\/ca\\\/blog\\\/sera-mas-debil-la-actividad-de-la-union-europea\\\/#breadcrumb\",\"itemListElement\":[{\"@type\":\"ListItem\",\"position\":1,\"name\":\"Inicio\",\"item\":\"https:\\\/\\\/www.tressis.com\\\/ca\\\/\"},{\"@type\":\"ListItem\",\"position\":2,\"name\":\"\u00bfSer\u00e1 m\u00e1s d\u00e9bil la actividad de la Uni\u00f3n Europea?\"}]},{\"@type\":\"WebSite\",\"@id\":\"https:\\\/\\\/www.tressis.com\\\/ca\\\/#website\",\"url\":\"https:\\\/\\\/www.tressis.com\\\/ca\\\/\",\"name\":\"Tressis banca privada\",\"description\":\"Tressis | Planificaci\u00f3n financiera y gesti\u00f3n de patrimonios\",\"publisher\":{\"@id\":\"https:\\\/\\\/www.tressis.com\\\/ca\\\/#organization\"},\"potentialAction\":[{\"@type\":\"SearchAction\",\"target\":{\"@type\":\"EntryPoint\",\"urlTemplate\":\"https:\\\/\\\/www.tressis.com\\\/ca\\\/?s={search_term_string}\"},\"query-input\":{\"@type\":\"PropertyValueSpecification\",\"valueRequired\":true,\"valueName\":\"search_term_string\"}}],\"inLanguage\":\"ca\"},{\"@type\":\"Organization\",\"@id\":\"https:\\\/\\\/www.tressis.com\\\/ca\\\/#organization\",\"name\":\"Tressis\",\"url\":\"https:\\\/\\\/www.tressis.com\\\/ca\\\/\",\"logo\":{\"@type\":\"ImageObject\",\"inLanguage\":\"ca\",\"@id\":\"https:\\\/\\\/www.tressis.com\\\/ca\\\/#\\\/schema\\\/logo\\\/image\\\/\",\"url\":\"https:\\\/\\\/www.tressis.com\\\/wp-content\\\/uploads\\\/2025\\\/06\\\/logo-tressis-112.png\",\"contentUrl\":\"https:\\\/\\\/www.tressis.com\\\/wp-content\\\/uploads\\\/2025\\\/06\\\/logo-tressis-112.png\",\"width\":112,\"height\":112,\"caption\":\"Tressis\"},\"image\":{\"@id\":\"https:\\\/\\\/www.tressis.com\\\/ca\\\/#\\\/schema\\\/logo\\\/image\\\/\"},\"sameAs\":[\"https:\\\/\\\/www.facebook.com\\\/Tressis\\\/\",\"https:\\\/\\\/x.com\\\/TressisSV\",\"https:\\\/\\\/www.instagram.com\\\/tressissv\\\/?hl=es\",\"https:\\\/\\\/linkedin.com\\\/company\\\/tressis\\\/\",\"https:\\\/\\\/www.youtube.com\\\/user\\\/tressissv\",\"https:\\\/\\\/open.spotify.com\\\/show\\\/3jmTe1Nf0wqMILl7diWV6h?si=d7112519f13c4593&nd=1\"]},{\"@type\":\"Person\",\"@id\":\"https:\\\/\\\/www.tressis.com\\\/ca\\\/#\\\/schema\\\/person\\\/b833c1d724d8764920b6d6852c70584e\",\"name\":\"Lola\",\"image\":{\"@type\":\"ImageObject\",\"inLanguage\":\"ca\",\"@id\":\"https:\\\/\\\/secure.gravatar.com\\\/avatar\\\/05e646486b23ff45df9649110609c7e31b8c4a3e2821caa23d6317f405e0c51d?s=96&d=mm&r=g\",\"url\":\"https:\\\/\\\/secure.gravatar.com\\\/avatar\\\/05e646486b23ff45df9649110609c7e31b8c4a3e2821caa23d6317f405e0c51d?s=96&d=mm&r=g\",\"contentUrl\":\"https:\\\/\\\/secure.gravatar.com\\\/avatar\\\/05e646486b23ff45df9649110609c7e31b8c4a3e2821caa23d6317f405e0c51d?s=96&d=mm&r=g\",\"caption\":\"Lola\"}}]}<\/script>\n<!-- \/ Yoast SEO plugin. -->","yoast_head_json":{"title":"\u00bfSer\u00e1 m\u00e1s d\u00e9bil la actividad de la Uni\u00f3n Europea?","description":"Un escenario macroecon\u00f3mico m\u00e1s d\u00e9bil de lo esperado, donde solo EE.UU. est\u00e1 siendo capaz de desviarse de la tendencia general","robots":{"index":"index","follow":"follow","max-snippet":"max-snippet:-1","max-image-preview":"max-image-preview:large","max-video-preview":"max-video-preview:-1"},"canonical":"https:\/\/www.tressis.com\/ca\/blog\/sera-mas-debil-la-actividad-de-la-union-europea\/","og_locale":"ca_ES","og_type":"article","og_title":"\u00bfSer\u00e1 m\u00e1s d\u00e9bil la actividad de la Uni\u00f3n Europea?","og_description":"Un escenario macroecon\u00f3mico m\u00e1s d\u00e9bil de lo esperado, donde solo EE.UU. est\u00e1 siendo capaz de desviarse de la tendencia general","og_url":"https:\/\/www.tressis.com\/ca\/blog\/sera-mas-debil-la-actividad-de-la-union-europea\/","og_site_name":"Tressis","article_publisher":"https:\/\/www.facebook.com\/Tressis\/","article_published_time":"2018-11-12T10:10:19+00:00","og_image":[{"width":1100,"height":487,"url":"https:\/\/www.tressis.com\/wp-content\/uploads\/2018\/11\/20181112-mmv.jpg","type":"image\/jpeg"}],"author":"Lola","twitter_card":"summary_large_image","twitter_creator":"@TressisSV","twitter_site":"@TressisSV","twitter_misc":{"Escrit per":"Lola","Temps estimat de lectura":"2 minuts"},"schema":{"@context":"https:\/\/schema.org","@graph":[{"@type":"Article","@id":"https:\/\/www.tressis.com\/ca\/blog\/sera-mas-debil-la-actividad-de-la-union-europea\/#article","isPartOf":{"@id":"https:\/\/www.tressis.com\/ca\/blog\/sera-mas-debil-la-actividad-de-la-union-europea\/"},"author":{"name":"Lola","@id":"https:\/\/www.tressis.com\/ca\/#\/schema\/person\/b833c1d724d8764920b6d6852c70584e"},"headline":"\u00bfSer\u00e1 m\u00e1s d\u00e9bil la actividad de la Uni\u00f3n Europea?","datePublished":"2018-11-12T10:10:19+00:00","mainEntityOfPage":{"@id":"https:\/\/www.tressis.com\/ca\/blog\/sera-mas-debil-la-actividad-de-la-union-europea\/"},"wordCount":451,"commentCount":0,"publisher":{"@id":"https:\/\/www.tressis.com\/ca\/#organization"},"image":{"@id":"https:\/\/www.tressis.com\/ca\/blog\/sera-mas-debil-la-actividad-de-la-union-europea\/#primaryimage"},"thumbnailUrl":"https:\/\/www.tressis.com\/wp-content\/uploads\/2018\/11\/20181112-mmv.jpg","keywords":["alibaba","Arabia Saud\u00ed","baja precio crudo","Brexit","China comunista","comisi\u00f3n europea","EEUU","energ\u00eda","fiebre consumista","mateiras primas","petr\u00f3leo","ralentizaci\u00f3n global","Reserva Federal","Uni\u00f3n Europea"],"articleSection":["Morning meeting"],"inLanguage":"ca","potentialAction":[{"@type":"CommentAction","name":"Comment","target":["https:\/\/www.tressis.com\/ca\/blog\/sera-mas-debil-la-actividad-de-la-union-europea\/#respond"]}]},{"@type":"WebPage","@id":"https:\/\/www.tressis.com\/ca\/blog\/sera-mas-debil-la-actividad-de-la-union-europea\/","url":"https:\/\/www.tressis.com\/ca\/blog\/sera-mas-debil-la-actividad-de-la-union-europea\/","name":"\u00bfSer\u00e1 m\u00e1s d\u00e9bil la actividad de la Uni\u00f3n Europea?","isPartOf":{"@id":"https:\/\/www.tressis.com\/ca\/#website"},"primaryImageOfPage":{"@id":"https:\/\/www.tressis.com\/ca\/blog\/sera-mas-debil-la-actividad-de-la-union-europea\/#primaryimage"},"image":{"@id":"https:\/\/www.tressis.com\/ca\/blog\/sera-mas-debil-la-actividad-de-la-union-europea\/#primaryimage"},"thumbnailUrl":"https:\/\/www.tressis.com\/wp-content\/uploads\/2018\/11\/20181112-mmv.jpg","datePublished":"2018-11-12T10:10:19+00:00","description":"Un escenario macroecon\u00f3mico m\u00e1s d\u00e9bil de lo esperado, donde solo EE.UU. est\u00e1 siendo capaz de desviarse de la tendencia general","breadcrumb":{"@id":"https:\/\/www.tressis.com\/ca\/blog\/sera-mas-debil-la-actividad-de-la-union-europea\/#breadcrumb"},"inLanguage":"ca","potentialAction":[{"@type":"ReadAction","target":["https:\/\/www.tressis.com\/ca\/blog\/sera-mas-debil-la-actividad-de-la-union-europea\/"]}]},{"@type":"ImageObject","inLanguage":"ca","@id":"https:\/\/www.tressis.com\/ca\/blog\/sera-mas-debil-la-actividad-de-la-union-europea\/#primaryimage","url":"https:\/\/www.tressis.com\/wp-content\/uploads\/2018\/11\/20181112-mmv.jpg","contentUrl":"https:\/\/www.tressis.com\/wp-content\/uploads\/2018\/11\/20181112-mmv.jpg","width":1100,"height":487,"caption":"\u00bfSer\u00e1 m\u00e1s d\u00e9bil la actividad de la Uni\u00f3n Europea?"},{"@type":"BreadcrumbList","@id":"https:\/\/www.tressis.com\/ca\/blog\/sera-mas-debil-la-actividad-de-la-union-europea\/#breadcrumb","itemListElement":[{"@type":"ListItem","position":1,"name":"Inicio","item":"https:\/\/www.tressis.com\/ca\/"},{"@type":"ListItem","position":2,"name":"\u00bfSer\u00e1 m\u00e1s d\u00e9bil la actividad de la Uni\u00f3n Europea?"}]},{"@type":"WebSite","@id":"https:\/\/www.tressis.com\/ca\/#website","url":"https:\/\/www.tressis.com\/ca\/","name":"Tressis banca privada","description":"Tressis | Planificaci\u00f3n financiera y gesti\u00f3n de patrimonios","publisher":{"@id":"https:\/\/www.tressis.com\/ca\/#organization"},"potentialAction":[{"@type":"SearchAction","target":{"@type":"EntryPoint","urlTemplate":"https:\/\/www.tressis.com\/ca\/?s={search_term_string}"},"query-input":{"@type":"PropertyValueSpecification","valueRequired":true,"valueName":"search_term_string"}}],"inLanguage":"ca"},{"@type":"Organization","@id":"https:\/\/www.tressis.com\/ca\/#organization","name":"Tressis","url":"https:\/\/www.tressis.com\/ca\/","logo":{"@type":"ImageObject","inLanguage":"ca","@id":"https:\/\/www.tressis.com\/ca\/#\/schema\/logo\/image\/","url":"https:\/\/www.tressis.com\/wp-content\/uploads\/2025\/06\/logo-tressis-112.png","contentUrl":"https:\/\/www.tressis.com\/wp-content\/uploads\/2025\/06\/logo-tressis-112.png","width":112,"height":112,"caption":"Tressis"},"image":{"@id":"https:\/\/www.tressis.com\/ca\/#\/schema\/logo\/image\/"},"sameAs":["https:\/\/www.facebook.com\/Tressis\/","https:\/\/x.com\/TressisSV","https:\/\/www.instagram.com\/tressissv\/?hl=es","https:\/\/linkedin.com\/company\/tressis\/","https:\/\/www.youtube.com\/user\/tressissv","https:\/\/open.spotify.com\/show\/3jmTe1Nf0wqMILl7diWV6h?si=d7112519f13c4593&nd=1"]},{"@type":"Person","@id":"https:\/\/www.tressis.com\/ca\/#\/schema\/person\/b833c1d724d8764920b6d6852c70584e","name":"Lola","image":{"@type":"ImageObject","inLanguage":"ca","@id":"https:\/\/secure.gravatar.com\/avatar\/05e646486b23ff45df9649110609c7e31b8c4a3e2821caa23d6317f405e0c51d?s=96&d=mm&r=g","url":"https:\/\/secure.gravatar.com\/avatar\/05e646486b23ff45df9649110609c7e31b8c4a3e2821caa23d6317f405e0c51d?s=96&d=mm&r=g","contentUrl":"https:\/\/secure.gravatar.com\/avatar\/05e646486b23ff45df9649110609c7e31b8c4a3e2821caa23d6317f405e0c51d?s=96&d=mm&r=g","caption":"Lola"}}]}},"_links":{"self":[{"href":"https:\/\/www.tressis.com\/ca\/wp-json\/wp\/v2\/posts\/30075","targetHints":{"allow":["GET"]}}],"collection":[{"href":"https:\/\/www.tressis.com\/ca\/wp-json\/wp\/v2\/posts"}],"about":[{"href":"https:\/\/www.tressis.com\/ca\/wp-json\/wp\/v2\/types\/post"}],"author":[{"embeddable":true,"href":"https:\/\/www.tressis.com\/ca\/wp-json\/wp\/v2\/users\/4"}],"replies":[{"embeddable":true,"href":"https:\/\/www.tressis.com\/ca\/wp-json\/wp\/v2\/comments?post=30075"}],"version-history":[{"count":0,"href":"https:\/\/www.tressis.com\/ca\/wp-json\/wp\/v2\/posts\/30075\/revisions"}],"wp:featuredmedia":[{"embeddable":true,"href":"https:\/\/www.tressis.com\/ca\/wp-json\/wp\/v2\/media\/30076"}],"wp:attachment":[{"href":"https:\/\/www.tressis.com\/ca\/wp-json\/wp\/v2\/media?parent=30075"}],"wp:term":[{"taxonomy":"category","embeddable":true,"href":"https:\/\/www.tressis.com\/ca\/wp-json\/wp\/v2\/categories?post=30075"},{"taxonomy":"post_tag","embeddable":true,"href":"https:\/\/www.tressis.com\/ca\/wp-json\/wp\/v2\/tags?post=30075"}],"curies":[{"name":"wp","href":"https:\/\/api.w.org\/{rel}","templated":true}]}}