{"id":29811,"date":"2018-10-02T10:51:12","date_gmt":"2018-10-02T08:51:12","guid":{"rendered":"http:\/\/www.tressis.com\/blog\/?p=29811"},"modified":"2018-10-02T10:51:12","modified_gmt":"2018-10-02T08:51:12","slug":"se-convertira-italia-mismo-desastre-publico-grecia","status":"publish","type":"post","link":"https:\/\/www.tressis.com\/ca\/blog\/se-convertira-italia-mismo-desastre-publico-grecia\/","title":{"rendered":"\u00bfSe convertir\u00e1 Italia en el mismo desastre p\u00fablico que Grecia?"},"content":{"rendered":"<p>El mercado recogi\u00f3 de la mejor manera posible la reedici\u00f3n del NAFTA pensando que este modelo de negociaci\u00f3n es exportable al resto de puntos calientes del conflicto de tarifas.<!--more--><\/p>\n<p>Este es un extremo que ning\u00fan inversor duda, pero m\u00e1s a\u00fan, al que cada vez menos le dan importancia, por cansancio o porque las bolsas ya lo tienen metido en precio.<\/p>\n<p>Sin embargo, y como muy acertadamente dijo ayer Lagarde, el miedo a una guerra comercial ya ha empezado a frenar la econom\u00eda global. Ese es uno de los motivos, adem\u00e1s de la siempre presente pol\u00edtica, por los que los indicadores adelantados de manufacturas de Europa, EE.UU. o China, todos publicados ayer, han empeorado de formas m\u00e1s o menos notables recientemente. M\u00e1s por China, porque aqu\u00ed el Caixin (el que llega sin adulterar) ya ha ca\u00eddo hasta el l\u00edmite establecido en 50, carne para los que ven un gran riesgo en los emergentes en estos momentos.<\/p>\n<p>Por curioso que pueda parecer, el \u00fanico PMI que mejor\u00f3 el dato anterior fue el brit\u00e1nico. Curioso porque si hay alg\u00fan pa\u00eds con incertidumbre pol\u00edtica, adem\u00e1s de Italia, ese es el Reino Unido, donde no se sabe si Theresa May est\u00e1 completamente aislada del resto de su partido, tampoco si las negociaciones con Europa para evitar una salida por las bravas van por el buen camino o incluso si habr\u00e1 un segundo refer\u00e9ndum para dar marcha atr\u00e1s en un proceso sin visibilidad alguna.<\/p>\n<p>Respecto a Italia y el riesgo que representa, ah\u00ed est\u00e1 el mercado de deuda para demostrarlo. Cerca de 200 puntos b\u00e1sicos de diferencial en la deuda a diez a\u00f1os contra Espa\u00f1a y 300 respecto al Bund son un buen ejemplo de que el mercado no est\u00e1 por la labor de considerar faltos de riesgo los planes fiscales del actual Gobierno. Y tampoco la Uni\u00f3n Europea va a transigir como muchas otras veces lo ha hecho seg\u00fan lo dicho por Juncker, quien ya ha alertado del riesgo de que Italia acabe por convertirse en el desastre p\u00fablico que ha sido Grecia.<\/p>\n<p>Hay que reconocerle al petr\u00f3leo que parte de las subidas en bolsa de las \u00faltimas semanas son cosa suya. Y no porque el precio est\u00e9 en m\u00e1ximos de cuatro a\u00f1os, que eso no termina de ser bueno para la actividad global, pero s\u00ed al menos para las mismas compa\u00f1\u00edas que han sufrido el desplome durante estos \u00faltimos a\u00f1os y que ahora se est\u00e1n beneficiando de las fisuras del lado de la oferta para una demanda que sigue creciendo.<\/p>\n<p>Buen d\u00eda.<\/p>\n<p><center><strong>Am\u00edlcar Barrios Vilallonga<\/strong><br \/>\nDirecci\u00f3n de Inversiones<\/center><\/p>\n","protected":false},"excerpt":{"rendered":"<p>El mercado recogi\u00f3 de la mejor manera posible la reedici\u00f3n del NAFTA pensando que este modelo de negociaci\u00f3n es exportable al resto de puntos calientes del conflicto de tarifas.<\/p>\n","protected":false},"author":4,"featured_media":29812,"comment_status":"open","ping_status":"closed","sticky":false,"template":"","format":"standard","meta":{"_acf_changed":false,"footnotes":""},"categories":[9721],"tags":[943,1118,2206,2556,3112,3696,3701,3753,3782,4389,6568,6772],"class_list":["post-29811","post","type-post","status-publish","format-standard","has-post-thumbnail","hentry","category-morning-meeting","tag-caixin","tag-china","tag-eeuu","tag-europa","tag-grecia","tag-italia","tag-italia-y-el-riesgo","tag-juncker","tag-lagarde","tag-nafta","tag-theresa-may","tag-union-europea"],"acf":[],"yoast_head":"<!-- This site is optimized with the Yoast SEO plugin v27.5 - https:\/\/yoast.com\/product\/yoast-seo-wordpress\/ -->\n<title>\u00bfSe convertir\u00e1 Italia en el mismo desastre p\u00fablico que Grecia?<\/title>\n<meta name=\"description\" content=\"Juncker ya se ha pronunciado: la Uni\u00f3n Europea no va a transigir como muchas otras veces lo ha hecho\" \/>\n<meta name=\"robots\" content=\"index, follow, max-snippet:-1, max-image-preview:large, max-video-preview:-1\" \/>\n<link rel=\"canonical\" href=\"https:\/\/www.tressis.com\/ca\/blog\/se-convertira-italia-mismo-desastre-publico-grecia\/\" \/>\n<meta property=\"og:locale\" content=\"ca_ES\" \/>\n<meta property=\"og:type\" content=\"article\" \/>\n<meta property=\"og:title\" content=\"\u00bfSe convertir\u00e1 Italia en el mismo desastre p\u00fablico que Grecia?\" \/>\n<meta property=\"og:description\" content=\"Juncker ya se ha pronunciado: la Uni\u00f3n Europea no va a transigir como muchas otras veces lo ha hecho\" \/>\n<meta property=\"og:url\" content=\"https:\/\/www.tressis.com\/ca\/blog\/se-convertira-italia-mismo-desastre-publico-grecia\/\" \/>\n<meta property=\"og:site_name\" content=\"Tressis\" \/>\n<meta property=\"article:publisher\" content=\"https:\/\/www.facebook.com\/Tressis\/\" \/>\n<meta property=\"article:published_time\" content=\"2018-10-02T08:51:12+00:00\" \/>\n<meta property=\"og:image\" content=\"https:\/\/www.tressis.com\/wp-content\/uploads\/2018\/10\/20181002-mmv.jpg\" \/>\n\t<meta property=\"og:image:width\" content=\"1100\" \/>\n\t<meta property=\"og:image:height\" content=\"487\" \/>\n\t<meta property=\"og:image:type\" content=\"image\/jpeg\" \/>\n<meta name=\"author\" content=\"Lola\" \/>\n<meta name=\"twitter:card\" content=\"summary_large_image\" \/>\n<meta name=\"twitter:creator\" content=\"@TressisSV\" \/>\n<meta name=\"twitter:site\" content=\"@TressisSV\" \/>\n<meta name=\"twitter:label1\" content=\"Escrit per\" \/>\n\t<meta name=\"twitter:data1\" content=\"Lola\" \/>\n\t<meta name=\"twitter:label2\" content=\"Temps estimat de lectura\" \/>\n\t<meta name=\"twitter:data2\" content=\"2 minuts\" \/>\n<script type=\"application\/ld+json\" class=\"yoast-schema-graph\">{\"@context\":\"https:\\\/\\\/schema.org\",\"@graph\":[{\"@type\":\"Article\",\"@id\":\"https:\\\/\\\/www.tressis.com\\\/ca\\\/blog\\\/se-convertira-italia-mismo-desastre-publico-grecia\\\/#article\",\"isPartOf\":{\"@id\":\"https:\\\/\\\/www.tressis.com\\\/ca\\\/blog\\\/se-convertira-italia-mismo-desastre-publico-grecia\\\/\"},\"author\":{\"name\":\"Lola\",\"@id\":\"https:\\\/\\\/www.tressis.com\\\/ca\\\/#\\\/schema\\\/person\\\/b833c1d724d8764920b6d6852c70584e\"},\"headline\":\"\u00bfSe convertir\u00e1 Italia en el mismo desastre p\u00fablico que Grecia?\",\"datePublished\":\"2018-10-02T08:51:12+00:00\",\"mainEntityOfPage\":{\"@id\":\"https:\\\/\\\/www.tressis.com\\\/ca\\\/blog\\\/se-convertira-italia-mismo-desastre-publico-grecia\\\/\"},\"wordCount\":467,\"commentCount\":0,\"publisher\":{\"@id\":\"https:\\\/\\\/www.tressis.com\\\/ca\\\/#organization\"},\"image\":{\"@id\":\"https:\\\/\\\/www.tressis.com\\\/ca\\\/blog\\\/se-convertira-italia-mismo-desastre-publico-grecia\\\/#primaryimage\"},\"thumbnailUrl\":\"https:\\\/\\\/www.tressis.com\\\/wp-content\\\/uploads\\\/2018\\\/10\\\/20181002-mmv.jpg\",\"keywords\":[\"Caixin\",\"china\",\"EEUU\",\"Europa\",\"Grecia\",\"Italia\",\"Italia y el riesgo\",\"Juncker\",\"Lagarde\",\"NAFTA\",\"Theresa May\",\"Uni\u00f3n Europea\"],\"articleSection\":[\"Morning meeting\"],\"inLanguage\":\"ca\",\"potentialAction\":[{\"@type\":\"CommentAction\",\"name\":\"Comment\",\"target\":[\"https:\\\/\\\/www.tressis.com\\\/ca\\\/blog\\\/se-convertira-italia-mismo-desastre-publico-grecia\\\/#respond\"]}]},{\"@type\":\"WebPage\",\"@id\":\"https:\\\/\\\/www.tressis.com\\\/ca\\\/blog\\\/se-convertira-italia-mismo-desastre-publico-grecia\\\/\",\"url\":\"https:\\\/\\\/www.tressis.com\\\/ca\\\/blog\\\/se-convertira-italia-mismo-desastre-publico-grecia\\\/\",\"name\":\"\u00bfSe convertir\u00e1 Italia en el mismo desastre p\u00fablico que Grecia?\",\"isPartOf\":{\"@id\":\"https:\\\/\\\/www.tressis.com\\\/ca\\\/#website\"},\"primaryImageOfPage\":{\"@id\":\"https:\\\/\\\/www.tressis.com\\\/ca\\\/blog\\\/se-convertira-italia-mismo-desastre-publico-grecia\\\/#primaryimage\"},\"image\":{\"@id\":\"https:\\\/\\\/www.tressis.com\\\/ca\\\/blog\\\/se-convertira-italia-mismo-desastre-publico-grecia\\\/#primaryimage\"},\"thumbnailUrl\":\"https:\\\/\\\/www.tressis.com\\\/wp-content\\\/uploads\\\/2018\\\/10\\\/20181002-mmv.jpg\",\"datePublished\":\"2018-10-02T08:51:12+00:00\",\"description\":\"Juncker ya se ha pronunciado: la Uni\u00f3n Europea no va a transigir como muchas otras veces lo ha hecho\",\"breadcrumb\":{\"@id\":\"https:\\\/\\\/www.tressis.com\\\/ca\\\/blog\\\/se-convertira-italia-mismo-desastre-publico-grecia\\\/#breadcrumb\"},\"inLanguage\":\"ca\",\"potentialAction\":[{\"@type\":\"ReadAction\",\"target\":[\"https:\\\/\\\/www.tressis.com\\\/ca\\\/blog\\\/se-convertira-italia-mismo-desastre-publico-grecia\\\/\"]}]},{\"@type\":\"ImageObject\",\"inLanguage\":\"ca\",\"@id\":\"https:\\\/\\\/www.tressis.com\\\/ca\\\/blog\\\/se-convertira-italia-mismo-desastre-publico-grecia\\\/#primaryimage\",\"url\":\"https:\\\/\\\/www.tressis.com\\\/wp-content\\\/uploads\\\/2018\\\/10\\\/20181002-mmv.jpg\",\"contentUrl\":\"https:\\\/\\\/www.tressis.com\\\/wp-content\\\/uploads\\\/2018\\\/10\\\/20181002-mmv.jpg\",\"width\":1100,\"height\":487,\"caption\":\"\u00bfSe convertir\u00e1 Italia en el mismo desastre p\u00fablico que Grecia?\"},{\"@type\":\"BreadcrumbList\",\"@id\":\"https:\\\/\\\/www.tressis.com\\\/ca\\\/blog\\\/se-convertira-italia-mismo-desastre-publico-grecia\\\/#breadcrumb\",\"itemListElement\":[{\"@type\":\"ListItem\",\"position\":1,\"name\":\"Inicio\",\"item\":\"https:\\\/\\\/www.tressis.com\\\/ca\\\/\"},{\"@type\":\"ListItem\",\"position\":2,\"name\":\"\u00bfSe convertir\u00e1 Italia en el mismo desastre p\u00fablico que Grecia?\"}]},{\"@type\":\"WebSite\",\"@id\":\"https:\\\/\\\/www.tressis.com\\\/ca\\\/#website\",\"url\":\"https:\\\/\\\/www.tressis.com\\\/ca\\\/\",\"name\":\"Tressis banca privada\",\"description\":\"Tressis | Planificaci\u00f3n financiera y gesti\u00f3n de patrimonios\",\"publisher\":{\"@id\":\"https:\\\/\\\/www.tressis.com\\\/ca\\\/#organization\"},\"potentialAction\":[{\"@type\":\"SearchAction\",\"target\":{\"@type\":\"EntryPoint\",\"urlTemplate\":\"https:\\\/\\\/www.tressis.com\\\/ca\\\/?s={search_term_string}\"},\"query-input\":{\"@type\":\"PropertyValueSpecification\",\"valueRequired\":true,\"valueName\":\"search_term_string\"}}],\"inLanguage\":\"ca\"},{\"@type\":\"Organization\",\"@id\":\"https:\\\/\\\/www.tressis.com\\\/ca\\\/#organization\",\"name\":\"Tressis\",\"url\":\"https:\\\/\\\/www.tressis.com\\\/ca\\\/\",\"logo\":{\"@type\":\"ImageObject\",\"inLanguage\":\"ca\",\"@id\":\"https:\\\/\\\/www.tressis.com\\\/ca\\\/#\\\/schema\\\/logo\\\/image\\\/\",\"url\":\"https:\\\/\\\/www.tressis.com\\\/wp-content\\\/uploads\\\/2025\\\/06\\\/logo-tressis-112.png\",\"contentUrl\":\"https:\\\/\\\/www.tressis.com\\\/wp-content\\\/uploads\\\/2025\\\/06\\\/logo-tressis-112.png\",\"width\":112,\"height\":112,\"caption\":\"Tressis\"},\"image\":{\"@id\":\"https:\\\/\\\/www.tressis.com\\\/ca\\\/#\\\/schema\\\/logo\\\/image\\\/\"},\"sameAs\":[\"https:\\\/\\\/www.facebook.com\\\/Tressis\\\/\",\"https:\\\/\\\/x.com\\\/TressisSV\",\"https:\\\/\\\/www.instagram.com\\\/tressissv\\\/?hl=es\",\"https:\\\/\\\/linkedin.com\\\/company\\\/tressis\\\/\",\"https:\\\/\\\/www.youtube.com\\\/user\\\/tressissv\",\"https:\\\/\\\/open.spotify.com\\\/show\\\/3jmTe1Nf0wqMILl7diWV6h?si=d7112519f13c4593&nd=1\"]},{\"@type\":\"Person\",\"@id\":\"https:\\\/\\\/www.tressis.com\\\/ca\\\/#\\\/schema\\\/person\\\/b833c1d724d8764920b6d6852c70584e\",\"name\":\"Lola\",\"image\":{\"@type\":\"ImageObject\",\"inLanguage\":\"ca\",\"@id\":\"https:\\\/\\\/secure.gravatar.com\\\/avatar\\\/05e646486b23ff45df9649110609c7e31b8c4a3e2821caa23d6317f405e0c51d?s=96&d=mm&r=g\",\"url\":\"https:\\\/\\\/secure.gravatar.com\\\/avatar\\\/05e646486b23ff45df9649110609c7e31b8c4a3e2821caa23d6317f405e0c51d?s=96&d=mm&r=g\",\"contentUrl\":\"https:\\\/\\\/secure.gravatar.com\\\/avatar\\\/05e646486b23ff45df9649110609c7e31b8c4a3e2821caa23d6317f405e0c51d?s=96&d=mm&r=g\",\"caption\":\"Lola\"}}]}<\/script>\n<!-- \/ Yoast SEO plugin. -->","yoast_head_json":{"title":"\u00bfSe convertir\u00e1 Italia en el mismo desastre p\u00fablico que Grecia?","description":"Juncker ya se ha pronunciado: la Uni\u00f3n Europea no va a transigir como muchas otras veces lo ha hecho","robots":{"index":"index","follow":"follow","max-snippet":"max-snippet:-1","max-image-preview":"max-image-preview:large","max-video-preview":"max-video-preview:-1"},"canonical":"https:\/\/www.tressis.com\/ca\/blog\/se-convertira-italia-mismo-desastre-publico-grecia\/","og_locale":"ca_ES","og_type":"article","og_title":"\u00bfSe convertir\u00e1 Italia en el mismo desastre p\u00fablico que Grecia?","og_description":"Juncker ya se ha pronunciado: la Uni\u00f3n Europea no va a transigir como muchas otras veces lo ha hecho","og_url":"https:\/\/www.tressis.com\/ca\/blog\/se-convertira-italia-mismo-desastre-publico-grecia\/","og_site_name":"Tressis","article_publisher":"https:\/\/www.facebook.com\/Tressis\/","article_published_time":"2018-10-02T08:51:12+00:00","og_image":[{"width":1100,"height":487,"url":"https:\/\/www.tressis.com\/wp-content\/uploads\/2018\/10\/20181002-mmv.jpg","type":"image\/jpeg"}],"author":"Lola","twitter_card":"summary_large_image","twitter_creator":"@TressisSV","twitter_site":"@TressisSV","twitter_misc":{"Escrit per":"Lola","Temps estimat de lectura":"2 minuts"},"schema":{"@context":"https:\/\/schema.org","@graph":[{"@type":"Article","@id":"https:\/\/www.tressis.com\/ca\/blog\/se-convertira-italia-mismo-desastre-publico-grecia\/#article","isPartOf":{"@id":"https:\/\/www.tressis.com\/ca\/blog\/se-convertira-italia-mismo-desastre-publico-grecia\/"},"author":{"name":"Lola","@id":"https:\/\/www.tressis.com\/ca\/#\/schema\/person\/b833c1d724d8764920b6d6852c70584e"},"headline":"\u00bfSe convertir\u00e1 Italia en el mismo desastre p\u00fablico que Grecia?","datePublished":"2018-10-02T08:51:12+00:00","mainEntityOfPage":{"@id":"https:\/\/www.tressis.com\/ca\/blog\/se-convertira-italia-mismo-desastre-publico-grecia\/"},"wordCount":467,"commentCount":0,"publisher":{"@id":"https:\/\/www.tressis.com\/ca\/#organization"},"image":{"@id":"https:\/\/www.tressis.com\/ca\/blog\/se-convertira-italia-mismo-desastre-publico-grecia\/#primaryimage"},"thumbnailUrl":"https:\/\/www.tressis.com\/wp-content\/uploads\/2018\/10\/20181002-mmv.jpg","keywords":["Caixin","china","EEUU","Europa","Grecia","Italia","Italia y el riesgo","Juncker","Lagarde","NAFTA","Theresa May","Uni\u00f3n Europea"],"articleSection":["Morning meeting"],"inLanguage":"ca","potentialAction":[{"@type":"CommentAction","name":"Comment","target":["https:\/\/www.tressis.com\/ca\/blog\/se-convertira-italia-mismo-desastre-publico-grecia\/#respond"]}]},{"@type":"WebPage","@id":"https:\/\/www.tressis.com\/ca\/blog\/se-convertira-italia-mismo-desastre-publico-grecia\/","url":"https:\/\/www.tressis.com\/ca\/blog\/se-convertira-italia-mismo-desastre-publico-grecia\/","name":"\u00bfSe convertir\u00e1 Italia en el mismo desastre p\u00fablico que Grecia?","isPartOf":{"@id":"https:\/\/www.tressis.com\/ca\/#website"},"primaryImageOfPage":{"@id":"https:\/\/www.tressis.com\/ca\/blog\/se-convertira-italia-mismo-desastre-publico-grecia\/#primaryimage"},"image":{"@id":"https:\/\/www.tressis.com\/ca\/blog\/se-convertira-italia-mismo-desastre-publico-grecia\/#primaryimage"},"thumbnailUrl":"https:\/\/www.tressis.com\/wp-content\/uploads\/2018\/10\/20181002-mmv.jpg","datePublished":"2018-10-02T08:51:12+00:00","description":"Juncker ya se ha pronunciado: la Uni\u00f3n Europea no va a transigir como muchas otras veces lo ha hecho","breadcrumb":{"@id":"https:\/\/www.tressis.com\/ca\/blog\/se-convertira-italia-mismo-desastre-publico-grecia\/#breadcrumb"},"inLanguage":"ca","potentialAction":[{"@type":"ReadAction","target":["https:\/\/www.tressis.com\/ca\/blog\/se-convertira-italia-mismo-desastre-publico-grecia\/"]}]},{"@type":"ImageObject","inLanguage":"ca","@id":"https:\/\/www.tressis.com\/ca\/blog\/se-convertira-italia-mismo-desastre-publico-grecia\/#primaryimage","url":"https:\/\/www.tressis.com\/wp-content\/uploads\/2018\/10\/20181002-mmv.jpg","contentUrl":"https:\/\/www.tressis.com\/wp-content\/uploads\/2018\/10\/20181002-mmv.jpg","width":1100,"height":487,"caption":"\u00bfSe convertir\u00e1 Italia en el mismo desastre p\u00fablico que Grecia?"},{"@type":"BreadcrumbList","@id":"https:\/\/www.tressis.com\/ca\/blog\/se-convertira-italia-mismo-desastre-publico-grecia\/#breadcrumb","itemListElement":[{"@type":"ListItem","position":1,"name":"Inicio","item":"https:\/\/www.tressis.com\/ca\/"},{"@type":"ListItem","position":2,"name":"\u00bfSe convertir\u00e1 Italia en el mismo desastre p\u00fablico que Grecia?"}]},{"@type":"WebSite","@id":"https:\/\/www.tressis.com\/ca\/#website","url":"https:\/\/www.tressis.com\/ca\/","name":"Tressis banca privada","description":"Tressis | Planificaci\u00f3n financiera y gesti\u00f3n de patrimonios","publisher":{"@id":"https:\/\/www.tressis.com\/ca\/#organization"},"potentialAction":[{"@type":"SearchAction","target":{"@type":"EntryPoint","urlTemplate":"https:\/\/www.tressis.com\/ca\/?s={search_term_string}"},"query-input":{"@type":"PropertyValueSpecification","valueRequired":true,"valueName":"search_term_string"}}],"inLanguage":"ca"},{"@type":"Organization","@id":"https:\/\/www.tressis.com\/ca\/#organization","name":"Tressis","url":"https:\/\/www.tressis.com\/ca\/","logo":{"@type":"ImageObject","inLanguage":"ca","@id":"https:\/\/www.tressis.com\/ca\/#\/schema\/logo\/image\/","url":"https:\/\/www.tressis.com\/wp-content\/uploads\/2025\/06\/logo-tressis-112.png","contentUrl":"https:\/\/www.tressis.com\/wp-content\/uploads\/2025\/06\/logo-tressis-112.png","width":112,"height":112,"caption":"Tressis"},"image":{"@id":"https:\/\/www.tressis.com\/ca\/#\/schema\/logo\/image\/"},"sameAs":["https:\/\/www.facebook.com\/Tressis\/","https:\/\/x.com\/TressisSV","https:\/\/www.instagram.com\/tressissv\/?hl=es","https:\/\/linkedin.com\/company\/tressis\/","https:\/\/www.youtube.com\/user\/tressissv","https:\/\/open.spotify.com\/show\/3jmTe1Nf0wqMILl7diWV6h?si=d7112519f13c4593&nd=1"]},{"@type":"Person","@id":"https:\/\/www.tressis.com\/ca\/#\/schema\/person\/b833c1d724d8764920b6d6852c70584e","name":"Lola","image":{"@type":"ImageObject","inLanguage":"ca","@id":"https:\/\/secure.gravatar.com\/avatar\/05e646486b23ff45df9649110609c7e31b8c4a3e2821caa23d6317f405e0c51d?s=96&d=mm&r=g","url":"https:\/\/secure.gravatar.com\/avatar\/05e646486b23ff45df9649110609c7e31b8c4a3e2821caa23d6317f405e0c51d?s=96&d=mm&r=g","contentUrl":"https:\/\/secure.gravatar.com\/avatar\/05e646486b23ff45df9649110609c7e31b8c4a3e2821caa23d6317f405e0c51d?s=96&d=mm&r=g","caption":"Lola"}}]}},"_links":{"self":[{"href":"https:\/\/www.tressis.com\/ca\/wp-json\/wp\/v2\/posts\/29811","targetHints":{"allow":["GET"]}}],"collection":[{"href":"https:\/\/www.tressis.com\/ca\/wp-json\/wp\/v2\/posts"}],"about":[{"href":"https:\/\/www.tressis.com\/ca\/wp-json\/wp\/v2\/types\/post"}],"author":[{"embeddable":true,"href":"https:\/\/www.tressis.com\/ca\/wp-json\/wp\/v2\/users\/4"}],"replies":[{"embeddable":true,"href":"https:\/\/www.tressis.com\/ca\/wp-json\/wp\/v2\/comments?post=29811"}],"version-history":[{"count":0,"href":"https:\/\/www.tressis.com\/ca\/wp-json\/wp\/v2\/posts\/29811\/revisions"}],"wp:featuredmedia":[{"embeddable":true,"href":"https:\/\/www.tressis.com\/ca\/wp-json\/wp\/v2\/media\/29812"}],"wp:attachment":[{"href":"https:\/\/www.tressis.com\/ca\/wp-json\/wp\/v2\/media?parent=29811"}],"wp:term":[{"taxonomy":"category","embeddable":true,"href":"https:\/\/www.tressis.com\/ca\/wp-json\/wp\/v2\/categories?post=29811"},{"taxonomy":"post_tag","embeddable":true,"href":"https:\/\/www.tressis.com\/ca\/wp-json\/wp\/v2\/tags?post=29811"}],"curies":[{"name":"wp","href":"https:\/\/api.w.org\/{rel}","templated":true}]}}