{"id":29704,"date":"2018-09-13T10:58:37","date_gmt":"2018-09-13T08:58:37","guid":{"rendered":"http:\/\/www.tressis.com\/blog\/?p=29704"},"modified":"2018-09-13T10:58:37","modified_gmt":"2018-09-13T08:58:37","slug":"los-populistas-volvian-a-la-carga-en-italia","status":"publish","type":"post","link":"https:\/\/www.tressis.com\/ca\/blog\/los-populistas-volvian-a-la-carga-en-italia\/","title":{"rendered":"Los populistas volv\u00edan a la carga en Italia"},"content":{"rendered":"<p>Mejores sensaciones sabiendo que las bolsas poco a poco van recuperando el terreno perdido en las \u00faltimas semanas, gracias al apoyo de los datos econ\u00f3micos y las negociaciones comerciales entre las diferentes potencias comerciales.<!--more--><\/p>\n<p>Las noticias que ven\u00edan ayer de Estados Unidos eran todas positivas. El Libro Beige de la Reserva Federal mostraba que la actividad econ\u00f3mica ha continuado expandi\u00e9ndose a un ritmo \u201cmoderado\u201d, pese a que se ha detectado una ca\u00edda en las inversiones como consecuencia de las crecientes tensiones comerciales. Solo les preocupaba la falta manifiesta de trabajadores. Adem\u00e1s, parece que la presi\u00f3n de diferentes <i>lobbies<\/i> estar\u00eda empujando al gobierno a negociar con China.<\/p>\n<p>En cambio, en Europa, los populistas volv\u00edan a la carga en Italia. Ahora pidiendo 10.000 millones para la renta universal, provocando un nuevo revolc\u00f3n de su deuda. Por lo menos los datos de precios no defraudaban.<\/p>\n<p>Por su parte, el posible impacto del hurac\u00e1n Florence en las infraestructuras de hidrocarburos y en el consumo energ\u00e9tico de la costa este de Estados Unidos ha provocado una fuerte ca\u00edda de los inventarios del pa\u00eds, llevando al petr\u00f3leo a la cota de 80,50 d\u00f3lares, su nivel m\u00e1ximo desde 2014.<\/p>\n<p>De cara al d\u00eda de hoy, la reuni\u00f3n de los bancos centrales en Inglaterra, zona euro y Turqu\u00eda centrar\u00e1 la atenci\u00f3n de los inversores. El \u00faltimo deber\u00eda subir tipos si no quiere que se le desboque la inflaci\u00f3n tras la fuerte ca\u00edda de la lira. Mientras, en el caso del BCE, todo apunta a una rebaja de las previsiones de crecimiento.<\/p>\n<p>Buen d\u00eda.<\/p>\n<p><center><strong>Jorge Gonz\u00e1lez G\u00f3mez<\/strong><br \/>\nDirecci\u00f3n de Inversiones<\/center><\/p>\n","protected":false},"excerpt":{"rendered":"<p>Mejores sensaciones sabiendo que las bolsas poco a poco van recuperando el terreno perdido en las \u00faltimas semanas, gracias al apoyo de los datos econ\u00f3micos y las negociaciones comerciales entre las diferentes potencias comerciales.<\/p>\n","protected":false},"author":4,"featured_media":29705,"comment_status":"open","ping_status":"closed","sticky":false,"template":"","format":"standard","meta":{"_acf_changed":false,"footnotes":""},"categories":[9721],"tags":[509,1118,1426,2492,2556,2705,3179,3211,3696,3854,4409,4845,5075,5641,6754,6987],"class_list":["post-29704","post","type-post","status-publish","format-standard","has-post-thumbnail","hentry","category-morning-meeting","tag-bancos-centrales-inglaterra","tag-china","tag-consumo-energetico","tag-estados-unidos","tag-europa","tag-falta-de-trabajadores","tag-hidrocarburos","tag-huracan-florence","tag-italia","tag-libro-beige-reserva-federal","tag-negociaciones-comerciales","tag-petroleo","tag-potencias-comerciales","tag-renta-universal","tag-turquia","tag-zona-euro"],"acf":[],"yoast_head":"<!-- This site is optimized with the Yoast SEO plugin v27.5 - https:\/\/yoast.com\/product\/yoast-seo-wordpress\/ -->\n<title>Los populistas volv\u00edan a la carga en Italia<\/title>\n<meta name=\"description\" content=\"El posible impacto del hurac\u00e1n Florence en las infraestructuras de hidrocarburos y en el consumo energ\u00e9tico de la costa este de Estados Unidos ha provocado una fuerte ca\u00edda de los inventarios del pa\u00eds\" \/>\n<meta name=\"robots\" content=\"index, follow, max-snippet:-1, max-image-preview:large, max-video-preview:-1\" \/>\n<link rel=\"canonical\" href=\"https:\/\/www.tressis.com\/ca\/blog\/los-populistas-volvian-a-la-carga-en-italia\/\" \/>\n<meta property=\"og:locale\" content=\"ca_ES\" \/>\n<meta property=\"og:type\" content=\"article\" \/>\n<meta property=\"og:title\" content=\"Los populistas volv\u00edan a la carga en Italia\" \/>\n<meta property=\"og:description\" content=\"El posible impacto del hurac\u00e1n Florence en las infraestructuras de hidrocarburos y en el consumo energ\u00e9tico de la costa este de Estados Unidos ha provocado una fuerte ca\u00edda de los inventarios del pa\u00eds\" \/>\n<meta property=\"og:url\" content=\"https:\/\/www.tressis.com\/ca\/blog\/los-populistas-volvian-a-la-carga-en-italia\/\" \/>\n<meta property=\"og:site_name\" content=\"Tressis\" \/>\n<meta property=\"article:publisher\" content=\"https:\/\/www.facebook.com\/Tressis\/\" \/>\n<meta property=\"article:published_time\" content=\"2018-09-13T08:58:37+00:00\" \/>\n<meta property=\"og:image\" content=\"https:\/\/www.tressis.com\/wp-content\/uploads\/2018\/09\/20180913-mmv.jpg\" \/>\n\t<meta property=\"og:image:width\" content=\"1100\" \/>\n\t<meta property=\"og:image:height\" content=\"487\" \/>\n\t<meta property=\"og:image:type\" content=\"image\/jpeg\" \/>\n<meta name=\"author\" content=\"Lola\" \/>\n<meta name=\"twitter:card\" content=\"summary_large_image\" \/>\n<meta name=\"twitter:creator\" content=\"@TressisSV\" \/>\n<meta name=\"twitter:site\" content=\"@TressisSV\" \/>\n<meta name=\"twitter:label1\" content=\"Escrit per\" \/>\n\t<meta name=\"twitter:data1\" content=\"Lola\" \/>\n\t<meta name=\"twitter:label2\" content=\"Temps estimat de lectura\" \/>\n\t<meta name=\"twitter:data2\" content=\"1 minut\" \/>\n<script type=\"application\/ld+json\" class=\"yoast-schema-graph\">{\"@context\":\"https:\\\/\\\/schema.org\",\"@graph\":[{\"@type\":\"Article\",\"@id\":\"https:\\\/\\\/www.tressis.com\\\/ca\\\/blog\\\/los-populistas-volvian-a-la-carga-en-italia\\\/#article\",\"isPartOf\":{\"@id\":\"https:\\\/\\\/www.tressis.com\\\/ca\\\/blog\\\/los-populistas-volvian-a-la-carga-en-italia\\\/\"},\"author\":{\"name\":\"Lola\",\"@id\":\"https:\\\/\\\/www.tressis.com\\\/ca\\\/#\\\/schema\\\/person\\\/b833c1d724d8764920b6d6852c70584e\"},\"headline\":\"Los populistas volv\u00edan a la carga en Italia\",\"datePublished\":\"2018-09-13T08:58:37+00:00\",\"mainEntityOfPage\":{\"@id\":\"https:\\\/\\\/www.tressis.com\\\/ca\\\/blog\\\/los-populistas-volvian-a-la-carga-en-italia\\\/\"},\"wordCount\":295,\"commentCount\":0,\"publisher\":{\"@id\":\"https:\\\/\\\/www.tressis.com\\\/ca\\\/#organization\"},\"image\":{\"@id\":\"https:\\\/\\\/www.tressis.com\\\/ca\\\/blog\\\/los-populistas-volvian-a-la-carga-en-italia\\\/#primaryimage\"},\"thumbnailUrl\":\"https:\\\/\\\/www.tressis.com\\\/wp-content\\\/uploads\\\/2018\\\/09\\\/20180913-mmv.jpg\",\"keywords\":[\"bancos centrales Inglaterra\",\"china\",\"consumo energ\u00e9tico\",\"Estados Unidos\",\"Europa\",\"falta de trabajadores\",\"hidrocarburos\",\"hurac\u00e1n Florence\",\"Italia\",\"Libro beige Reserva Federal\",\"negociaciones comerciales\",\"petr\u00f3leo\",\"potencias comerciales\",\"renta universal\",\"Turqu\u00eda\",\"zona euro\"],\"articleSection\":[\"Morning meeting\"],\"inLanguage\":\"ca\",\"potentialAction\":[{\"@type\":\"CommentAction\",\"name\":\"Comment\",\"target\":[\"https:\\\/\\\/www.tressis.com\\\/ca\\\/blog\\\/los-populistas-volvian-a-la-carga-en-italia\\\/#respond\"]}]},{\"@type\":\"WebPage\",\"@id\":\"https:\\\/\\\/www.tressis.com\\\/ca\\\/blog\\\/los-populistas-volvian-a-la-carga-en-italia\\\/\",\"url\":\"https:\\\/\\\/www.tressis.com\\\/ca\\\/blog\\\/los-populistas-volvian-a-la-carga-en-italia\\\/\",\"name\":\"Los populistas volv\u00edan a la carga en Italia\",\"isPartOf\":{\"@id\":\"https:\\\/\\\/www.tressis.com\\\/ca\\\/#website\"},\"primaryImageOfPage\":{\"@id\":\"https:\\\/\\\/www.tressis.com\\\/ca\\\/blog\\\/los-populistas-volvian-a-la-carga-en-italia\\\/#primaryimage\"},\"image\":{\"@id\":\"https:\\\/\\\/www.tressis.com\\\/ca\\\/blog\\\/los-populistas-volvian-a-la-carga-en-italia\\\/#primaryimage\"},\"thumbnailUrl\":\"https:\\\/\\\/www.tressis.com\\\/wp-content\\\/uploads\\\/2018\\\/09\\\/20180913-mmv.jpg\",\"datePublished\":\"2018-09-13T08:58:37+00:00\",\"description\":\"El posible impacto del hurac\u00e1n Florence en las infraestructuras de hidrocarburos y en el consumo energ\u00e9tico de la costa este de Estados Unidos ha provocado una fuerte ca\u00edda de los inventarios del pa\u00eds\",\"breadcrumb\":{\"@id\":\"https:\\\/\\\/www.tressis.com\\\/ca\\\/blog\\\/los-populistas-volvian-a-la-carga-en-italia\\\/#breadcrumb\"},\"inLanguage\":\"ca\",\"potentialAction\":[{\"@type\":\"ReadAction\",\"target\":[\"https:\\\/\\\/www.tressis.com\\\/ca\\\/blog\\\/los-populistas-volvian-a-la-carga-en-italia\\\/\"]}]},{\"@type\":\"ImageObject\",\"inLanguage\":\"ca\",\"@id\":\"https:\\\/\\\/www.tressis.com\\\/ca\\\/blog\\\/los-populistas-volvian-a-la-carga-en-italia\\\/#primaryimage\",\"url\":\"https:\\\/\\\/www.tressis.com\\\/wp-content\\\/uploads\\\/2018\\\/09\\\/20180913-mmv.jpg\",\"contentUrl\":\"https:\\\/\\\/www.tressis.com\\\/wp-content\\\/uploads\\\/2018\\\/09\\\/20180913-mmv.jpg\",\"width\":1100,\"height\":487,\"caption\":\"Los populistas volv\u00edan a la carga en Italia\"},{\"@type\":\"BreadcrumbList\",\"@id\":\"https:\\\/\\\/www.tressis.com\\\/ca\\\/blog\\\/los-populistas-volvian-a-la-carga-en-italia\\\/#breadcrumb\",\"itemListElement\":[{\"@type\":\"ListItem\",\"position\":1,\"name\":\"Inicio\",\"item\":\"https:\\\/\\\/www.tressis.com\\\/ca\\\/\"},{\"@type\":\"ListItem\",\"position\":2,\"name\":\"Los populistas volv\u00edan a la carga en Italia\"}]},{\"@type\":\"WebSite\",\"@id\":\"https:\\\/\\\/www.tressis.com\\\/ca\\\/#website\",\"url\":\"https:\\\/\\\/www.tressis.com\\\/ca\\\/\",\"name\":\"Tressis banca privada\",\"description\":\"Tressis | Planificaci\u00f3n financiera y gesti\u00f3n de patrimonios\",\"publisher\":{\"@id\":\"https:\\\/\\\/www.tressis.com\\\/ca\\\/#organization\"},\"potentialAction\":[{\"@type\":\"SearchAction\",\"target\":{\"@type\":\"EntryPoint\",\"urlTemplate\":\"https:\\\/\\\/www.tressis.com\\\/ca\\\/?s={search_term_string}\"},\"query-input\":{\"@type\":\"PropertyValueSpecification\",\"valueRequired\":true,\"valueName\":\"search_term_string\"}}],\"inLanguage\":\"ca\"},{\"@type\":\"Organization\",\"@id\":\"https:\\\/\\\/www.tressis.com\\\/ca\\\/#organization\",\"name\":\"Tressis\",\"url\":\"https:\\\/\\\/www.tressis.com\\\/ca\\\/\",\"logo\":{\"@type\":\"ImageObject\",\"inLanguage\":\"ca\",\"@id\":\"https:\\\/\\\/www.tressis.com\\\/ca\\\/#\\\/schema\\\/logo\\\/image\\\/\",\"url\":\"https:\\\/\\\/www.tressis.com\\\/wp-content\\\/uploads\\\/2025\\\/06\\\/logo-tressis-112.png\",\"contentUrl\":\"https:\\\/\\\/www.tressis.com\\\/wp-content\\\/uploads\\\/2025\\\/06\\\/logo-tressis-112.png\",\"width\":112,\"height\":112,\"caption\":\"Tressis\"},\"image\":{\"@id\":\"https:\\\/\\\/www.tressis.com\\\/ca\\\/#\\\/schema\\\/logo\\\/image\\\/\"},\"sameAs\":[\"https:\\\/\\\/www.facebook.com\\\/Tressis\\\/\",\"https:\\\/\\\/x.com\\\/TressisSV\",\"https:\\\/\\\/www.instagram.com\\\/tressissv\\\/?hl=es\",\"https:\\\/\\\/linkedin.com\\\/company\\\/tressis\\\/\",\"https:\\\/\\\/www.youtube.com\\\/user\\\/tressissv\",\"https:\\\/\\\/open.spotify.com\\\/show\\\/3jmTe1Nf0wqMILl7diWV6h?si=d7112519f13c4593&nd=1\"]},{\"@type\":\"Person\",\"@id\":\"https:\\\/\\\/www.tressis.com\\\/ca\\\/#\\\/schema\\\/person\\\/b833c1d724d8764920b6d6852c70584e\",\"name\":\"Lola\",\"image\":{\"@type\":\"ImageObject\",\"inLanguage\":\"ca\",\"@id\":\"https:\\\/\\\/secure.gravatar.com\\\/avatar\\\/05e646486b23ff45df9649110609c7e31b8c4a3e2821caa23d6317f405e0c51d?s=96&d=mm&r=g\",\"url\":\"https:\\\/\\\/secure.gravatar.com\\\/avatar\\\/05e646486b23ff45df9649110609c7e31b8c4a3e2821caa23d6317f405e0c51d?s=96&d=mm&r=g\",\"contentUrl\":\"https:\\\/\\\/secure.gravatar.com\\\/avatar\\\/05e646486b23ff45df9649110609c7e31b8c4a3e2821caa23d6317f405e0c51d?s=96&d=mm&r=g\",\"caption\":\"Lola\"}}]}<\/script>\n<!-- \/ Yoast SEO plugin. -->","yoast_head_json":{"title":"Los populistas volv\u00edan a la carga en Italia","description":"El posible impacto del hurac\u00e1n Florence en las infraestructuras de hidrocarburos y en el consumo energ\u00e9tico de la costa este de Estados Unidos ha provocado una fuerte ca\u00edda de los inventarios del pa\u00eds","robots":{"index":"index","follow":"follow","max-snippet":"max-snippet:-1","max-image-preview":"max-image-preview:large","max-video-preview":"max-video-preview:-1"},"canonical":"https:\/\/www.tressis.com\/ca\/blog\/los-populistas-volvian-a-la-carga-en-italia\/","og_locale":"ca_ES","og_type":"article","og_title":"Los populistas volv\u00edan a la carga en Italia","og_description":"El posible impacto del hurac\u00e1n Florence en las infraestructuras de hidrocarburos y en el consumo energ\u00e9tico de la costa este de Estados Unidos ha provocado una fuerte ca\u00edda de los inventarios del pa\u00eds","og_url":"https:\/\/www.tressis.com\/ca\/blog\/los-populistas-volvian-a-la-carga-en-italia\/","og_site_name":"Tressis","article_publisher":"https:\/\/www.facebook.com\/Tressis\/","article_published_time":"2018-09-13T08:58:37+00:00","og_image":[{"width":1100,"height":487,"url":"https:\/\/www.tressis.com\/wp-content\/uploads\/2018\/09\/20180913-mmv.jpg","type":"image\/jpeg"}],"author":"Lola","twitter_card":"summary_large_image","twitter_creator":"@TressisSV","twitter_site":"@TressisSV","twitter_misc":{"Escrit per":"Lola","Temps estimat de lectura":"1 minut"},"schema":{"@context":"https:\/\/schema.org","@graph":[{"@type":"Article","@id":"https:\/\/www.tressis.com\/ca\/blog\/los-populistas-volvian-a-la-carga-en-italia\/#article","isPartOf":{"@id":"https:\/\/www.tressis.com\/ca\/blog\/los-populistas-volvian-a-la-carga-en-italia\/"},"author":{"name":"Lola","@id":"https:\/\/www.tressis.com\/ca\/#\/schema\/person\/b833c1d724d8764920b6d6852c70584e"},"headline":"Los populistas volv\u00edan a la carga en Italia","datePublished":"2018-09-13T08:58:37+00:00","mainEntityOfPage":{"@id":"https:\/\/www.tressis.com\/ca\/blog\/los-populistas-volvian-a-la-carga-en-italia\/"},"wordCount":295,"commentCount":0,"publisher":{"@id":"https:\/\/www.tressis.com\/ca\/#organization"},"image":{"@id":"https:\/\/www.tressis.com\/ca\/blog\/los-populistas-volvian-a-la-carga-en-italia\/#primaryimage"},"thumbnailUrl":"https:\/\/www.tressis.com\/wp-content\/uploads\/2018\/09\/20180913-mmv.jpg","keywords":["bancos centrales Inglaterra","china","consumo energ\u00e9tico","Estados Unidos","Europa","falta de trabajadores","hidrocarburos","hurac\u00e1n Florence","Italia","Libro beige Reserva Federal","negociaciones comerciales","petr\u00f3leo","potencias comerciales","renta universal","Turqu\u00eda","zona euro"],"articleSection":["Morning meeting"],"inLanguage":"ca","potentialAction":[{"@type":"CommentAction","name":"Comment","target":["https:\/\/www.tressis.com\/ca\/blog\/los-populistas-volvian-a-la-carga-en-italia\/#respond"]}]},{"@type":"WebPage","@id":"https:\/\/www.tressis.com\/ca\/blog\/los-populistas-volvian-a-la-carga-en-italia\/","url":"https:\/\/www.tressis.com\/ca\/blog\/los-populistas-volvian-a-la-carga-en-italia\/","name":"Los populistas volv\u00edan a la carga en Italia","isPartOf":{"@id":"https:\/\/www.tressis.com\/ca\/#website"},"primaryImageOfPage":{"@id":"https:\/\/www.tressis.com\/ca\/blog\/los-populistas-volvian-a-la-carga-en-italia\/#primaryimage"},"image":{"@id":"https:\/\/www.tressis.com\/ca\/blog\/los-populistas-volvian-a-la-carga-en-italia\/#primaryimage"},"thumbnailUrl":"https:\/\/www.tressis.com\/wp-content\/uploads\/2018\/09\/20180913-mmv.jpg","datePublished":"2018-09-13T08:58:37+00:00","description":"El posible impacto del hurac\u00e1n Florence en las infraestructuras de hidrocarburos y en el consumo energ\u00e9tico de la costa este de Estados Unidos ha provocado una fuerte ca\u00edda de los inventarios del pa\u00eds","breadcrumb":{"@id":"https:\/\/www.tressis.com\/ca\/blog\/los-populistas-volvian-a-la-carga-en-italia\/#breadcrumb"},"inLanguage":"ca","potentialAction":[{"@type":"ReadAction","target":["https:\/\/www.tressis.com\/ca\/blog\/los-populistas-volvian-a-la-carga-en-italia\/"]}]},{"@type":"ImageObject","inLanguage":"ca","@id":"https:\/\/www.tressis.com\/ca\/blog\/los-populistas-volvian-a-la-carga-en-italia\/#primaryimage","url":"https:\/\/www.tressis.com\/wp-content\/uploads\/2018\/09\/20180913-mmv.jpg","contentUrl":"https:\/\/www.tressis.com\/wp-content\/uploads\/2018\/09\/20180913-mmv.jpg","width":1100,"height":487,"caption":"Los populistas volv\u00edan a la carga en Italia"},{"@type":"BreadcrumbList","@id":"https:\/\/www.tressis.com\/ca\/blog\/los-populistas-volvian-a-la-carga-en-italia\/#breadcrumb","itemListElement":[{"@type":"ListItem","position":1,"name":"Inicio","item":"https:\/\/www.tressis.com\/ca\/"},{"@type":"ListItem","position":2,"name":"Los populistas volv\u00edan a la carga en Italia"}]},{"@type":"WebSite","@id":"https:\/\/www.tressis.com\/ca\/#website","url":"https:\/\/www.tressis.com\/ca\/","name":"Tressis banca privada","description":"Tressis | Planificaci\u00f3n financiera y gesti\u00f3n de patrimonios","publisher":{"@id":"https:\/\/www.tressis.com\/ca\/#organization"},"potentialAction":[{"@type":"SearchAction","target":{"@type":"EntryPoint","urlTemplate":"https:\/\/www.tressis.com\/ca\/?s={search_term_string}"},"query-input":{"@type":"PropertyValueSpecification","valueRequired":true,"valueName":"search_term_string"}}],"inLanguage":"ca"},{"@type":"Organization","@id":"https:\/\/www.tressis.com\/ca\/#organization","name":"Tressis","url":"https:\/\/www.tressis.com\/ca\/","logo":{"@type":"ImageObject","inLanguage":"ca","@id":"https:\/\/www.tressis.com\/ca\/#\/schema\/logo\/image\/","url":"https:\/\/www.tressis.com\/wp-content\/uploads\/2025\/06\/logo-tressis-112.png","contentUrl":"https:\/\/www.tressis.com\/wp-content\/uploads\/2025\/06\/logo-tressis-112.png","width":112,"height":112,"caption":"Tressis"},"image":{"@id":"https:\/\/www.tressis.com\/ca\/#\/schema\/logo\/image\/"},"sameAs":["https:\/\/www.facebook.com\/Tressis\/","https:\/\/x.com\/TressisSV","https:\/\/www.instagram.com\/tressissv\/?hl=es","https:\/\/linkedin.com\/company\/tressis\/","https:\/\/www.youtube.com\/user\/tressissv","https:\/\/open.spotify.com\/show\/3jmTe1Nf0wqMILl7diWV6h?si=d7112519f13c4593&nd=1"]},{"@type":"Person","@id":"https:\/\/www.tressis.com\/ca\/#\/schema\/person\/b833c1d724d8764920b6d6852c70584e","name":"Lola","image":{"@type":"ImageObject","inLanguage":"ca","@id":"https:\/\/secure.gravatar.com\/avatar\/05e646486b23ff45df9649110609c7e31b8c4a3e2821caa23d6317f405e0c51d?s=96&d=mm&r=g","url":"https:\/\/secure.gravatar.com\/avatar\/05e646486b23ff45df9649110609c7e31b8c4a3e2821caa23d6317f405e0c51d?s=96&d=mm&r=g","contentUrl":"https:\/\/secure.gravatar.com\/avatar\/05e646486b23ff45df9649110609c7e31b8c4a3e2821caa23d6317f405e0c51d?s=96&d=mm&r=g","caption":"Lola"}}]}},"_links":{"self":[{"href":"https:\/\/www.tressis.com\/ca\/wp-json\/wp\/v2\/posts\/29704","targetHints":{"allow":["GET"]}}],"collection":[{"href":"https:\/\/www.tressis.com\/ca\/wp-json\/wp\/v2\/posts"}],"about":[{"href":"https:\/\/www.tressis.com\/ca\/wp-json\/wp\/v2\/types\/post"}],"author":[{"embeddable":true,"href":"https:\/\/www.tressis.com\/ca\/wp-json\/wp\/v2\/users\/4"}],"replies":[{"embeddable":true,"href":"https:\/\/www.tressis.com\/ca\/wp-json\/wp\/v2\/comments?post=29704"}],"version-history":[{"count":0,"href":"https:\/\/www.tressis.com\/ca\/wp-json\/wp\/v2\/posts\/29704\/revisions"}],"wp:featuredmedia":[{"embeddable":true,"href":"https:\/\/www.tressis.com\/ca\/wp-json\/wp\/v2\/media\/29705"}],"wp:attachment":[{"href":"https:\/\/www.tressis.com\/ca\/wp-json\/wp\/v2\/media?parent=29704"}],"wp:term":[{"taxonomy":"category","embeddable":true,"href":"https:\/\/www.tressis.com\/ca\/wp-json\/wp\/v2\/categories?post=29704"},{"taxonomy":"post_tag","embeddable":true,"href":"https:\/\/www.tressis.com\/ca\/wp-json\/wp\/v2\/tags?post=29704"}],"curies":[{"name":"wp","href":"https:\/\/api.w.org\/{rel}","templated":true}]}}