{"id":29615,"date":"2018-09-04T10:46:17","date_gmt":"2018-09-04T08:46:17","guid":{"rendered":"http:\/\/www.tressis.com\/blog\/?p=29615"},"modified":"2018-09-04T10:46:17","modified_gmt":"2018-09-04T08:46:17","slug":"los-paises-emergentes-no-tienen-ni-un-respiro","status":"publish","type":"post","link":"https:\/\/www.tressis.com\/ca\/blog\/los-paises-emergentes-no-tienen-ni-un-respiro\/","title":{"rendered":"Los pa\u00edses emergentes no tienen ni un respiro"},"content":{"rendered":"<p>Siempre pasa esto de que con Wall Street cerrado la actividad se reduce dr\u00e1sticamente, que al fin y al cabo el grueso del mercado es EE.UU.<!--more--><\/p>\n<p>Lo positivo es que el festivo ya de paso nos libr\u00f3 de un d\u00eda sin amenazas ni tuits que tengan ninguna relaci\u00f3n con la (todav\u00eda no) guerra comercial, pero hoy es martes y las apuestas apuntan m\u00e1s bien hacia las &#8220;novedades&#8221;.<\/p>\n<p>Quienes no disfrutaron de un respiro, porque tienen al mercado encima de la m\u00e1s m\u00ednima mota de polvo, son los pa\u00edses emergentes. Y no solo no lo disfrutaron, sino que demostraron a los esc\u00e9pticos que cuando se tiene todo en contra, mejor no tratar de oponerse porque el revolc\u00f3n solo va a ser mayor. Por un lado Argentina, que despu\u00e9s de haber firmado financiaci\u00f3n extraordinaria con el FMI, ha tenido que aplicar unos duros ajustes como todo el que pacta con el organismo&#8230; No iban a ser ellos diferentes. Por el otro lado Turqu\u00eda, cuyo banco central, intervenido o no, se ha dado cuenta de que va a tener que claudicar ante la presi\u00f3n de los mercados con una m\u00e1s que probable subida de tipos la semana que viene para frenar las presiones inflacionistas. Y recuperar algo de credibilidad tambi\u00e9n.<\/p>\n<p>Del resto de pa\u00edses emergentes se ir\u00e1 viendo, pero los que tengan dependencia de financiaci\u00f3n en d\u00f3lares ya han empezado a verle las orejas al lobo&#8230; <\/p>\n<p>Pasando a los Estados supuestamente desarrollados, Europa ahora, los PMI de manufacturas correspondientes a julio han reflejado que las tensiones comerciales de momento no son un drama, pero que s\u00ed empiezan a tener alguna clase de efecto sobre la econom\u00eda real. Los indicadores adelantados han descendido levemente y a\u00fan con bastante margen hasta el l\u00edmite de la expansi\u00f3n, pero dan unas pocas pinceladas sobre un futuro algo m\u00e1s incierto si no se soluciona el l\u00edo de las tarifas.<\/p>\n<p>Buen d\u00eda.<\/p>\n<p><center><strong>Am\u00edlcar Barrios Vilallonga<\/strong><br \/>\nDirecci\u00f3n de Inversiones<\/center><\/p>\n","protected":false},"excerpt":{"rendered":"<p>Siempre pasa esto de que con Wall Street cerrado la actividad se reduce dr\u00e1sticamente, que al fin y al cabo el grueso del mercado es EE.UU.<\/p>\n","protected":false},"author":4,"featured_media":29616,"comment_status":"open","ping_status":"closed","sticky":false,"template":"","format":"standard","meta":{"_acf_changed":false,"footnotes":""},"categories":[9721],"tags":[292,2206,2556,3137,4673,4927,5157,6460,6754,6955],"class_list":["post-29615","post","type-post","status-publish","format-standard","has-post-thumbnail","hentry","category-morning-meeting","tag-argentina","tag-eeuu","tag-europa","tag-guerra-comercila","tag-paises-emergentes","tag-pmi","tag-presiones-inflacionistas","tag-tarifas","tag-turquia","tag-wall-street"],"acf":[],"yoast_head":"<!-- This site is optimized with the Yoast SEO plugin v27.4 - https:\/\/yoast.com\/product\/yoast-seo-wordpress\/ -->\n<title>Los pa\u00edses emergentes no tienen ni un respiro<\/title>\n<meta name=\"description\" content=\"Turqu\u00eda se ha dado cuenta de que va a tener que claudicar ante la presi\u00f3n de los mercados con una m\u00e1s que probable subida de tipos la semana que viene para frenar las presiones inflacionistas\" \/>\n<meta name=\"robots\" content=\"index, follow, max-snippet:-1, max-image-preview:large, max-video-preview:-1\" \/>\n<link rel=\"canonical\" href=\"https:\/\/www.tressis.com\/ca\/blog\/los-paises-emergentes-no-tienen-ni-un-respiro\/\" \/>\n<meta property=\"og:locale\" content=\"ca_ES\" \/>\n<meta property=\"og:type\" content=\"article\" \/>\n<meta property=\"og:title\" content=\"Los pa\u00edses emergentes no tienen ni un respiro\" \/>\n<meta property=\"og:description\" content=\"Turqu\u00eda se ha dado cuenta de que va a tener que claudicar ante la presi\u00f3n de los mercados con una m\u00e1s que probable subida de tipos la semana que viene para frenar las presiones inflacionistas\" \/>\n<meta property=\"og:url\" content=\"https:\/\/www.tressis.com\/ca\/blog\/los-paises-emergentes-no-tienen-ni-un-respiro\/\" \/>\n<meta property=\"og:site_name\" content=\"Tressis\" \/>\n<meta property=\"article:publisher\" content=\"https:\/\/www.facebook.com\/Tressis\/\" \/>\n<meta property=\"article:published_time\" content=\"2018-09-04T08:46:17+00:00\" \/>\n<meta property=\"og:image\" content=\"https:\/\/www.tressis.com\/wp-content\/uploads\/2018\/09\/20180904-blog.jpg\" \/>\n\t<meta property=\"og:image:width\" content=\"1100\" \/>\n\t<meta property=\"og:image:height\" content=\"487\" \/>\n\t<meta property=\"og:image:type\" content=\"image\/jpeg\" \/>\n<meta name=\"author\" content=\"Lola\" \/>\n<meta name=\"twitter:card\" content=\"summary_large_image\" \/>\n<meta name=\"twitter:creator\" content=\"@TressisSV\" \/>\n<meta name=\"twitter:site\" content=\"@TressisSV\" \/>\n<meta name=\"twitter:label1\" content=\"Escrit per\" \/>\n\t<meta name=\"twitter:data1\" content=\"Lola\" \/>\n\t<meta name=\"twitter:label2\" content=\"Temps estimat de lectura\" \/>\n\t<meta name=\"twitter:data2\" content=\"2 minuts\" \/>\n<script type=\"application\/ld+json\" class=\"yoast-schema-graph\">{\"@context\":\"https:\\\/\\\/schema.org\",\"@graph\":[{\"@type\":\"Article\",\"@id\":\"https:\\\/\\\/www.tressis.com\\\/ca\\\/blog\\\/los-paises-emergentes-no-tienen-ni-un-respiro\\\/#article\",\"isPartOf\":{\"@id\":\"https:\\\/\\\/www.tressis.com\\\/ca\\\/blog\\\/los-paises-emergentes-no-tienen-ni-un-respiro\\\/\"},\"author\":{\"name\":\"Lola\",\"@id\":\"https:\\\/\\\/www.tressis.com\\\/ca\\\/#\\\/schema\\\/person\\\/b833c1d724d8764920b6d6852c70584e\"},\"headline\":\"Los pa\u00edses emergentes no tienen ni un respiro\",\"datePublished\":\"2018-09-04T08:46:17+00:00\",\"mainEntityOfPage\":{\"@id\":\"https:\\\/\\\/www.tressis.com\\\/ca\\\/blog\\\/los-paises-emergentes-no-tienen-ni-un-respiro\\\/\"},\"wordCount\":357,\"commentCount\":0,\"publisher\":{\"@id\":\"https:\\\/\\\/www.tressis.com\\\/ca\\\/#organization\"},\"image\":{\"@id\":\"https:\\\/\\\/www.tressis.com\\\/ca\\\/blog\\\/los-paises-emergentes-no-tienen-ni-un-respiro\\\/#primaryimage\"},\"thumbnailUrl\":\"https:\\\/\\\/www.tressis.com\\\/wp-content\\\/uploads\\\/2018\\\/09\\\/20180904-blog.jpg\",\"keywords\":[\"Argentina\",\"EEUU\",\"Europa\",\"guerra comercila\",\"pa\u00edses emergentes\",\"PMI\",\"presiones inflacionistas\",\"tarifas\",\"Turqu\u00eda\",\"Wall Street\"],\"articleSection\":[\"Morning meeting\"],\"inLanguage\":\"ca\",\"potentialAction\":[{\"@type\":\"CommentAction\",\"name\":\"Comment\",\"target\":[\"https:\\\/\\\/www.tressis.com\\\/ca\\\/blog\\\/los-paises-emergentes-no-tienen-ni-un-respiro\\\/#respond\"]}]},{\"@type\":\"WebPage\",\"@id\":\"https:\\\/\\\/www.tressis.com\\\/ca\\\/blog\\\/los-paises-emergentes-no-tienen-ni-un-respiro\\\/\",\"url\":\"https:\\\/\\\/www.tressis.com\\\/ca\\\/blog\\\/los-paises-emergentes-no-tienen-ni-un-respiro\\\/\",\"name\":\"Los pa\u00edses emergentes no tienen ni un respiro\",\"isPartOf\":{\"@id\":\"https:\\\/\\\/www.tressis.com\\\/ca\\\/#website\"},\"primaryImageOfPage\":{\"@id\":\"https:\\\/\\\/www.tressis.com\\\/ca\\\/blog\\\/los-paises-emergentes-no-tienen-ni-un-respiro\\\/#primaryimage\"},\"image\":{\"@id\":\"https:\\\/\\\/www.tressis.com\\\/ca\\\/blog\\\/los-paises-emergentes-no-tienen-ni-un-respiro\\\/#primaryimage\"},\"thumbnailUrl\":\"https:\\\/\\\/www.tressis.com\\\/wp-content\\\/uploads\\\/2018\\\/09\\\/20180904-blog.jpg\",\"datePublished\":\"2018-09-04T08:46:17+00:00\",\"description\":\"Turqu\u00eda se ha dado cuenta de que va a tener que claudicar ante la presi\u00f3n de los mercados con una m\u00e1s que probable subida de tipos la semana que viene para frenar las presiones inflacionistas\",\"breadcrumb\":{\"@id\":\"https:\\\/\\\/www.tressis.com\\\/ca\\\/blog\\\/los-paises-emergentes-no-tienen-ni-un-respiro\\\/#breadcrumb\"},\"inLanguage\":\"ca\",\"potentialAction\":[{\"@type\":\"ReadAction\",\"target\":[\"https:\\\/\\\/www.tressis.com\\\/ca\\\/blog\\\/los-paises-emergentes-no-tienen-ni-un-respiro\\\/\"]}]},{\"@type\":\"ImageObject\",\"inLanguage\":\"ca\",\"@id\":\"https:\\\/\\\/www.tressis.com\\\/ca\\\/blog\\\/los-paises-emergentes-no-tienen-ni-un-respiro\\\/#primaryimage\",\"url\":\"https:\\\/\\\/www.tressis.com\\\/wp-content\\\/uploads\\\/2018\\\/09\\\/20180904-blog.jpg\",\"contentUrl\":\"https:\\\/\\\/www.tressis.com\\\/wp-content\\\/uploads\\\/2018\\\/09\\\/20180904-blog.jpg\",\"width\":1100,\"height\":487,\"caption\":\"Turqu\u00eda se ha dado cuenta de que va a tener que claudicar ante la presi\u00f3n de los mercados con una m\u00e1s que probable subida de tipos la semana que viene para frenar las presiones inflacionistas\"},{\"@type\":\"BreadcrumbList\",\"@id\":\"https:\\\/\\\/www.tressis.com\\\/ca\\\/blog\\\/los-paises-emergentes-no-tienen-ni-un-respiro\\\/#breadcrumb\",\"itemListElement\":[{\"@type\":\"ListItem\",\"position\":1,\"name\":\"Inicio\",\"item\":\"https:\\\/\\\/www.tressis.com\\\/ca\\\/\"},{\"@type\":\"ListItem\",\"position\":2,\"name\":\"Los pa\u00edses emergentes no tienen ni un respiro\"}]},{\"@type\":\"WebSite\",\"@id\":\"https:\\\/\\\/www.tressis.com\\\/ca\\\/#website\",\"url\":\"https:\\\/\\\/www.tressis.com\\\/ca\\\/\",\"name\":\"Tressis banca privada\",\"description\":\"Tressis | Planificaci\u00f3n financiera y gesti\u00f3n de patrimonios\",\"publisher\":{\"@id\":\"https:\\\/\\\/www.tressis.com\\\/ca\\\/#organization\"},\"potentialAction\":[{\"@type\":\"SearchAction\",\"target\":{\"@type\":\"EntryPoint\",\"urlTemplate\":\"https:\\\/\\\/www.tressis.com\\\/ca\\\/?s={search_term_string}\"},\"query-input\":{\"@type\":\"PropertyValueSpecification\",\"valueRequired\":true,\"valueName\":\"search_term_string\"}}],\"inLanguage\":\"ca\"},{\"@type\":\"Organization\",\"@id\":\"https:\\\/\\\/www.tressis.com\\\/ca\\\/#organization\",\"name\":\"Tressis\",\"url\":\"https:\\\/\\\/www.tressis.com\\\/ca\\\/\",\"logo\":{\"@type\":\"ImageObject\",\"inLanguage\":\"ca\",\"@id\":\"https:\\\/\\\/www.tressis.com\\\/ca\\\/#\\\/schema\\\/logo\\\/image\\\/\",\"url\":\"https:\\\/\\\/www.tressis.com\\\/wp-content\\\/uploads\\\/2025\\\/06\\\/logo-tressis-112.png\",\"contentUrl\":\"https:\\\/\\\/www.tressis.com\\\/wp-content\\\/uploads\\\/2025\\\/06\\\/logo-tressis-112.png\",\"width\":112,\"height\":112,\"caption\":\"Tressis\"},\"image\":{\"@id\":\"https:\\\/\\\/www.tressis.com\\\/ca\\\/#\\\/schema\\\/logo\\\/image\\\/\"},\"sameAs\":[\"https:\\\/\\\/www.facebook.com\\\/Tressis\\\/\",\"https:\\\/\\\/x.com\\\/TressisSV\",\"https:\\\/\\\/www.instagram.com\\\/tressissv\\\/?hl=es\",\"https:\\\/\\\/linkedin.com\\\/company\\\/tressis\\\/\",\"https:\\\/\\\/www.youtube.com\\\/user\\\/tressissv\",\"https:\\\/\\\/open.spotify.com\\\/show\\\/3jmTe1Nf0wqMILl7diWV6h?si=d7112519f13c4593&nd=1\"]},{\"@type\":\"Person\",\"@id\":\"https:\\\/\\\/www.tressis.com\\\/ca\\\/#\\\/schema\\\/person\\\/b833c1d724d8764920b6d6852c70584e\",\"name\":\"Lola\",\"image\":{\"@type\":\"ImageObject\",\"inLanguage\":\"ca\",\"@id\":\"https:\\\/\\\/secure.gravatar.com\\\/avatar\\\/05e646486b23ff45df9649110609c7e31b8c4a3e2821caa23d6317f405e0c51d?s=96&d=mm&r=g\",\"url\":\"https:\\\/\\\/secure.gravatar.com\\\/avatar\\\/05e646486b23ff45df9649110609c7e31b8c4a3e2821caa23d6317f405e0c51d?s=96&d=mm&r=g\",\"contentUrl\":\"https:\\\/\\\/secure.gravatar.com\\\/avatar\\\/05e646486b23ff45df9649110609c7e31b8c4a3e2821caa23d6317f405e0c51d?s=96&d=mm&r=g\",\"caption\":\"Lola\"}}]}<\/script>\n<!-- \/ Yoast SEO plugin. -->","yoast_head_json":{"title":"Los pa\u00edses emergentes no tienen ni un respiro","description":"Turqu\u00eda se ha dado cuenta de que va a tener que claudicar ante la presi\u00f3n de los mercados con una m\u00e1s que probable subida de tipos la semana que viene para frenar las presiones inflacionistas","robots":{"index":"index","follow":"follow","max-snippet":"max-snippet:-1","max-image-preview":"max-image-preview:large","max-video-preview":"max-video-preview:-1"},"canonical":"https:\/\/www.tressis.com\/ca\/blog\/los-paises-emergentes-no-tienen-ni-un-respiro\/","og_locale":"ca_ES","og_type":"article","og_title":"Los pa\u00edses emergentes no tienen ni un respiro","og_description":"Turqu\u00eda se ha dado cuenta de que va a tener que claudicar ante la presi\u00f3n de los mercados con una m\u00e1s que probable subida de tipos la semana que viene para frenar las presiones inflacionistas","og_url":"https:\/\/www.tressis.com\/ca\/blog\/los-paises-emergentes-no-tienen-ni-un-respiro\/","og_site_name":"Tressis","article_publisher":"https:\/\/www.facebook.com\/Tressis\/","article_published_time":"2018-09-04T08:46:17+00:00","og_image":[{"width":1100,"height":487,"url":"https:\/\/www.tressis.com\/wp-content\/uploads\/2018\/09\/20180904-blog.jpg","type":"image\/jpeg"}],"author":"Lola","twitter_card":"summary_large_image","twitter_creator":"@TressisSV","twitter_site":"@TressisSV","twitter_misc":{"Escrit per":"Lola","Temps estimat de lectura":"2 minuts"},"schema":{"@context":"https:\/\/schema.org","@graph":[{"@type":"Article","@id":"https:\/\/www.tressis.com\/ca\/blog\/los-paises-emergentes-no-tienen-ni-un-respiro\/#article","isPartOf":{"@id":"https:\/\/www.tressis.com\/ca\/blog\/los-paises-emergentes-no-tienen-ni-un-respiro\/"},"author":{"name":"Lola","@id":"https:\/\/www.tressis.com\/ca\/#\/schema\/person\/b833c1d724d8764920b6d6852c70584e"},"headline":"Los pa\u00edses emergentes no tienen ni un respiro","datePublished":"2018-09-04T08:46:17+00:00","mainEntityOfPage":{"@id":"https:\/\/www.tressis.com\/ca\/blog\/los-paises-emergentes-no-tienen-ni-un-respiro\/"},"wordCount":357,"commentCount":0,"publisher":{"@id":"https:\/\/www.tressis.com\/ca\/#organization"},"image":{"@id":"https:\/\/www.tressis.com\/ca\/blog\/los-paises-emergentes-no-tienen-ni-un-respiro\/#primaryimage"},"thumbnailUrl":"https:\/\/www.tressis.com\/wp-content\/uploads\/2018\/09\/20180904-blog.jpg","keywords":["Argentina","EEUU","Europa","guerra comercila","pa\u00edses emergentes","PMI","presiones inflacionistas","tarifas","Turqu\u00eda","Wall Street"],"articleSection":["Morning meeting"],"inLanguage":"ca","potentialAction":[{"@type":"CommentAction","name":"Comment","target":["https:\/\/www.tressis.com\/ca\/blog\/los-paises-emergentes-no-tienen-ni-un-respiro\/#respond"]}]},{"@type":"WebPage","@id":"https:\/\/www.tressis.com\/ca\/blog\/los-paises-emergentes-no-tienen-ni-un-respiro\/","url":"https:\/\/www.tressis.com\/ca\/blog\/los-paises-emergentes-no-tienen-ni-un-respiro\/","name":"Los pa\u00edses emergentes no tienen ni un respiro","isPartOf":{"@id":"https:\/\/www.tressis.com\/ca\/#website"},"primaryImageOfPage":{"@id":"https:\/\/www.tressis.com\/ca\/blog\/los-paises-emergentes-no-tienen-ni-un-respiro\/#primaryimage"},"image":{"@id":"https:\/\/www.tressis.com\/ca\/blog\/los-paises-emergentes-no-tienen-ni-un-respiro\/#primaryimage"},"thumbnailUrl":"https:\/\/www.tressis.com\/wp-content\/uploads\/2018\/09\/20180904-blog.jpg","datePublished":"2018-09-04T08:46:17+00:00","description":"Turqu\u00eda se ha dado cuenta de que va a tener que claudicar ante la presi\u00f3n de los mercados con una m\u00e1s que probable subida de tipos la semana que viene para frenar las presiones inflacionistas","breadcrumb":{"@id":"https:\/\/www.tressis.com\/ca\/blog\/los-paises-emergentes-no-tienen-ni-un-respiro\/#breadcrumb"},"inLanguage":"ca","potentialAction":[{"@type":"ReadAction","target":["https:\/\/www.tressis.com\/ca\/blog\/los-paises-emergentes-no-tienen-ni-un-respiro\/"]}]},{"@type":"ImageObject","inLanguage":"ca","@id":"https:\/\/www.tressis.com\/ca\/blog\/los-paises-emergentes-no-tienen-ni-un-respiro\/#primaryimage","url":"https:\/\/www.tressis.com\/wp-content\/uploads\/2018\/09\/20180904-blog.jpg","contentUrl":"https:\/\/www.tressis.com\/wp-content\/uploads\/2018\/09\/20180904-blog.jpg","width":1100,"height":487,"caption":"Turqu\u00eda se ha dado cuenta de que va a tener que claudicar ante la presi\u00f3n de los mercados con una m\u00e1s que probable subida de tipos la semana que viene para frenar las presiones inflacionistas"},{"@type":"BreadcrumbList","@id":"https:\/\/www.tressis.com\/ca\/blog\/los-paises-emergentes-no-tienen-ni-un-respiro\/#breadcrumb","itemListElement":[{"@type":"ListItem","position":1,"name":"Inicio","item":"https:\/\/www.tressis.com\/ca\/"},{"@type":"ListItem","position":2,"name":"Los pa\u00edses emergentes no tienen ni un respiro"}]},{"@type":"WebSite","@id":"https:\/\/www.tressis.com\/ca\/#website","url":"https:\/\/www.tressis.com\/ca\/","name":"Tressis banca privada","description":"Tressis | Planificaci\u00f3n financiera y gesti\u00f3n de patrimonios","publisher":{"@id":"https:\/\/www.tressis.com\/ca\/#organization"},"potentialAction":[{"@type":"SearchAction","target":{"@type":"EntryPoint","urlTemplate":"https:\/\/www.tressis.com\/ca\/?s={search_term_string}"},"query-input":{"@type":"PropertyValueSpecification","valueRequired":true,"valueName":"search_term_string"}}],"inLanguage":"ca"},{"@type":"Organization","@id":"https:\/\/www.tressis.com\/ca\/#organization","name":"Tressis","url":"https:\/\/www.tressis.com\/ca\/","logo":{"@type":"ImageObject","inLanguage":"ca","@id":"https:\/\/www.tressis.com\/ca\/#\/schema\/logo\/image\/","url":"https:\/\/www.tressis.com\/wp-content\/uploads\/2025\/06\/logo-tressis-112.png","contentUrl":"https:\/\/www.tressis.com\/wp-content\/uploads\/2025\/06\/logo-tressis-112.png","width":112,"height":112,"caption":"Tressis"},"image":{"@id":"https:\/\/www.tressis.com\/ca\/#\/schema\/logo\/image\/"},"sameAs":["https:\/\/www.facebook.com\/Tressis\/","https:\/\/x.com\/TressisSV","https:\/\/www.instagram.com\/tressissv\/?hl=es","https:\/\/linkedin.com\/company\/tressis\/","https:\/\/www.youtube.com\/user\/tressissv","https:\/\/open.spotify.com\/show\/3jmTe1Nf0wqMILl7diWV6h?si=d7112519f13c4593&nd=1"]},{"@type":"Person","@id":"https:\/\/www.tressis.com\/ca\/#\/schema\/person\/b833c1d724d8764920b6d6852c70584e","name":"Lola","image":{"@type":"ImageObject","inLanguage":"ca","@id":"https:\/\/secure.gravatar.com\/avatar\/05e646486b23ff45df9649110609c7e31b8c4a3e2821caa23d6317f405e0c51d?s=96&d=mm&r=g","url":"https:\/\/secure.gravatar.com\/avatar\/05e646486b23ff45df9649110609c7e31b8c4a3e2821caa23d6317f405e0c51d?s=96&d=mm&r=g","contentUrl":"https:\/\/secure.gravatar.com\/avatar\/05e646486b23ff45df9649110609c7e31b8c4a3e2821caa23d6317f405e0c51d?s=96&d=mm&r=g","caption":"Lola"}}]}},"_links":{"self":[{"href":"https:\/\/www.tressis.com\/ca\/wp-json\/wp\/v2\/posts\/29615","targetHints":{"allow":["GET"]}}],"collection":[{"href":"https:\/\/www.tressis.com\/ca\/wp-json\/wp\/v2\/posts"}],"about":[{"href":"https:\/\/www.tressis.com\/ca\/wp-json\/wp\/v2\/types\/post"}],"author":[{"embeddable":true,"href":"https:\/\/www.tressis.com\/ca\/wp-json\/wp\/v2\/users\/4"}],"replies":[{"embeddable":true,"href":"https:\/\/www.tressis.com\/ca\/wp-json\/wp\/v2\/comments?post=29615"}],"version-history":[{"count":0,"href":"https:\/\/www.tressis.com\/ca\/wp-json\/wp\/v2\/posts\/29615\/revisions"}],"wp:featuredmedia":[{"embeddable":true,"href":"https:\/\/www.tressis.com\/ca\/wp-json\/wp\/v2\/media\/29616"}],"wp:attachment":[{"href":"https:\/\/www.tressis.com\/ca\/wp-json\/wp\/v2\/media?parent=29615"}],"wp:term":[{"taxonomy":"category","embeddable":true,"href":"https:\/\/www.tressis.com\/ca\/wp-json\/wp\/v2\/categories?post=29615"},{"taxonomy":"post_tag","embeddable":true,"href":"https:\/\/www.tressis.com\/ca\/wp-json\/wp\/v2\/tags?post=29615"}],"curies":[{"name":"wp","href":"https:\/\/api.w.org\/{rel}","templated":true}]}}