{"id":29595,"date":"2018-09-03T10:55:59","date_gmt":"2018-09-03T08:55:59","guid":{"rendered":"http:\/\/www.tressis.com\/blog\/?p=29595"},"modified":"2018-09-03T10:55:59","modified_gmt":"2018-09-03T08:55:59","slug":"argentina-y-turquia-han-dado-la-nota-en-verano","status":"publish","type":"post","link":"https:\/\/www.tressis.com\/ca\/blog\/argentina-y-turquia-han-dado-la-nota-en-verano\/","title":{"rendered":"Argentina y Turqu\u00eda han dado la nota en verano"},"content":{"rendered":"<p>El verano, si no oficial, al menos oficiosamente est\u00e1 terminado.<!--more--><\/p>\n<p>Durante este periodo el crecimiento mundial se ha mantenido estable a pesar de las amenazas, que llegan principalmente del mundo emergente y la fragilidad que han mostrado algunos de sus pa\u00edses. A la cabeza, como ya sabe todo aquel que no haya querido desconectar, Argentina y Turqu\u00eda, cuyos problemas representan &#8220;lo peor&#8221; de los pa\u00edses en v\u00edas de desarrollo (luego lo tienen m\u00e1s negro aquellos al borde de considerarse Estados fallidos) en t\u00e9rminos econ\u00f3micos, que no es otra cosa que tener una deuda excesiva en d\u00f3lares que se puede hacer dif\u00edcil de pagar.<\/p>\n<p>Empezamos la larga recta final de a\u00f1o con EE.UU. celebrando su propio festivo del trabajo, no vaya a ser que alguien les confunda con la muy social Europa. Precisamente la pol\u00edtica y sus riesgos han seguido repartiendo juego, especialmente concentrado en la amenaza creciente, hablando de mercado, que supone Italia por la voluntad de seguir un camino alejado de las normas presupuestarias de la Uni\u00f3n Europea.<\/p>\n<p>Claro que el miedo a la imprevisibilidad pol\u00edtica tiene en el inquilino de la Casa Blanca una fuente inagotable de recursos. Aunque el tema comercial ha estado un poco m\u00e1s escondido de lo habitual gracias a la angustia de los emergentes, tambi\u00e9n es cierto que se han dado grandes pasos en la creaci\u00f3n de un nuevo NAFTA que de momento no cuenta con Canad\u00e1, pero que vistos los antecedentes, pronto podr\u00eda hacerlo. Lo de China y los cientos de miles de millones de aranceles cruzados es otra batalla que, como implica una gran cantidad de dinero e intereses, va a exigir m\u00e1s tiempo y altibajos.<\/p>\n<p>No puede quedar en el alero otro de los grandes puntos del momento y de los \u00faltimos a\u00f1os: el de la inflaci\u00f3n. Con esta, como por ejemplo con el crecimiento, poca novedad, pues en EE.UU. sigue creciendo poco a poco la presi\u00f3n en precios mientras que en Europa los rebotes se reducen a espejismos provocados por el repunte del coste de la energ\u00eda. Mientras, eso s\u00ed, los bancos centrales sin prisas.<\/p>\n<p>Buen d\u00eda.<\/p>\n<p><center><strong>Am\u00edlcar Barrios Vilallonga<\/strong><br \/>\nDirecci\u00f3n de Inversiones<\/center><\/p>\n","protected":false},"excerpt":{"rendered":"<p>El verano, si no oficial, al menos oficiosamente est\u00e1 terminado.<\/p>\n","protected":false},"author":4,"featured_media":29596,"comment_status":"open","ping_status":"closed","sticky":false,"template":"","format":"standard","meta":{"_acf_changed":false,"footnotes":""},"categories":[9721],"tags":[292,1061,1118,1578,2112,2206,2488,3453,4389,4673,6754,6772,6877],"class_list":["post-29595","post","type-post","status-publish","format-standard","has-post-thumbnail","hentry","category-morning-meeting","tag-argentina","tag-casa-blanca","tag-china","tag-crecimiento-mundial","tag-dolares","tag-eeuu","tag-estados-fallidos","tag-inflacion","tag-nafta","tag-paises-emergentes","tag-turquia","tag-union-europea","tag-verano"],"acf":[],"yoast_head":"<!-- This site is optimized with the Yoast SEO plugin v27.4 - https:\/\/yoast.com\/product\/yoast-seo-wordpress\/ -->\n<title>Argentina y Turqu\u00eda han dado la nota en verano<\/title>\n<meta name=\"description\" content=\"Los problemas de estos representan &quot;lo peor&quot; de los pa\u00edses en v\u00edas de desarrollo (luego lo tienen m\u00e1s negro aquellos al borde de considerarse Estados fallidos) en t\u00e9rminos econ\u00f3micos, que no es otra cosa que tener una deuda excesiva en d\u00f3lares que se puede hacer dif\u00edcil de pagar\" \/>\n<meta name=\"robots\" content=\"index, follow, max-snippet:-1, max-image-preview:large, max-video-preview:-1\" \/>\n<link rel=\"canonical\" href=\"https:\/\/www.tressis.com\/ca\/blog\/argentina-y-turquia-han-dado-la-nota-en-verano\/\" \/>\n<meta property=\"og:locale\" content=\"ca_ES\" \/>\n<meta property=\"og:type\" content=\"article\" \/>\n<meta property=\"og:title\" content=\"Argentina y Turqu\u00eda han dado la nota en verano\" \/>\n<meta property=\"og:description\" content=\"Los problemas de estos representan &quot;lo peor&quot; de los pa\u00edses en v\u00edas de desarrollo (luego lo tienen m\u00e1s negro aquellos al borde de considerarse Estados fallidos) en t\u00e9rminos econ\u00f3micos, que no es otra cosa que tener una deuda excesiva en d\u00f3lares que se puede hacer dif\u00edcil de pagar\" \/>\n<meta property=\"og:url\" content=\"https:\/\/www.tressis.com\/ca\/blog\/argentina-y-turquia-han-dado-la-nota-en-verano\/\" \/>\n<meta property=\"og:site_name\" content=\"Tressis\" \/>\n<meta property=\"article:publisher\" content=\"https:\/\/www.facebook.com\/Tressis\/\" \/>\n<meta property=\"article:published_time\" content=\"2018-09-03T08:55:59+00:00\" \/>\n<meta property=\"og:image\" content=\"https:\/\/www.tressis.com\/wp-content\/uploads\/2018\/09\/20180903-blog.jpg\" \/>\n\t<meta property=\"og:image:width\" content=\"1100\" \/>\n\t<meta property=\"og:image:height\" content=\"487\" \/>\n\t<meta property=\"og:image:type\" content=\"image\/jpeg\" \/>\n<meta name=\"author\" content=\"Lola\" \/>\n<meta name=\"twitter:card\" content=\"summary_large_image\" \/>\n<meta name=\"twitter:creator\" content=\"@TressisSV\" \/>\n<meta name=\"twitter:site\" content=\"@TressisSV\" \/>\n<meta name=\"twitter:label1\" content=\"Escrit per\" \/>\n\t<meta name=\"twitter:data1\" content=\"Lola\" \/>\n\t<meta name=\"twitter:label2\" content=\"Temps estimat de lectura\" \/>\n\t<meta name=\"twitter:data2\" content=\"2 minuts\" \/>\n<script type=\"application\/ld+json\" class=\"yoast-schema-graph\">{\"@context\":\"https:\\\/\\\/schema.org\",\"@graph\":[{\"@type\":\"Article\",\"@id\":\"https:\\\/\\\/www.tressis.com\\\/ca\\\/blog\\\/argentina-y-turquia-han-dado-la-nota-en-verano\\\/#article\",\"isPartOf\":{\"@id\":\"https:\\\/\\\/www.tressis.com\\\/ca\\\/blog\\\/argentina-y-turquia-han-dado-la-nota-en-verano\\\/\"},\"author\":{\"name\":\"Lola\",\"@id\":\"https:\\\/\\\/www.tressis.com\\\/ca\\\/#\\\/schema\\\/person\\\/b833c1d724d8764920b6d6852c70584e\"},\"headline\":\"Argentina y Turqu\u00eda han dado la nota en verano\",\"datePublished\":\"2018-09-03T08:55:59+00:00\",\"mainEntityOfPage\":{\"@id\":\"https:\\\/\\\/www.tressis.com\\\/ca\\\/blog\\\/argentina-y-turquia-han-dado-la-nota-en-verano\\\/\"},\"wordCount\":390,\"commentCount\":0,\"publisher\":{\"@id\":\"https:\\\/\\\/www.tressis.com\\\/ca\\\/#organization\"},\"image\":{\"@id\":\"https:\\\/\\\/www.tressis.com\\\/ca\\\/blog\\\/argentina-y-turquia-han-dado-la-nota-en-verano\\\/#primaryimage\"},\"thumbnailUrl\":\"https:\\\/\\\/www.tressis.com\\\/wp-content\\\/uploads\\\/2018\\\/09\\\/20180903-blog.jpg\",\"keywords\":[\"Argentina\",\"Casa Blanca\",\"china\",\"crecimiento mundial\",\"d\u00f3lares\",\"EEUU\",\"estados fallidos\",\"inflaci\u00f3n\",\"NAFTA\",\"pa\u00edses emergentes\",\"Turqu\u00eda\",\"Uni\u00f3n Europea\",\"verano\"],\"articleSection\":[\"Morning meeting\"],\"inLanguage\":\"ca\",\"potentialAction\":[{\"@type\":\"CommentAction\",\"name\":\"Comment\",\"target\":[\"https:\\\/\\\/www.tressis.com\\\/ca\\\/blog\\\/argentina-y-turquia-han-dado-la-nota-en-verano\\\/#respond\"]}]},{\"@type\":\"WebPage\",\"@id\":\"https:\\\/\\\/www.tressis.com\\\/ca\\\/blog\\\/argentina-y-turquia-han-dado-la-nota-en-verano\\\/\",\"url\":\"https:\\\/\\\/www.tressis.com\\\/ca\\\/blog\\\/argentina-y-turquia-han-dado-la-nota-en-verano\\\/\",\"name\":\"Argentina y Turqu\u00eda han dado la nota en verano\",\"isPartOf\":{\"@id\":\"https:\\\/\\\/www.tressis.com\\\/ca\\\/#website\"},\"primaryImageOfPage\":{\"@id\":\"https:\\\/\\\/www.tressis.com\\\/ca\\\/blog\\\/argentina-y-turquia-han-dado-la-nota-en-verano\\\/#primaryimage\"},\"image\":{\"@id\":\"https:\\\/\\\/www.tressis.com\\\/ca\\\/blog\\\/argentina-y-turquia-han-dado-la-nota-en-verano\\\/#primaryimage\"},\"thumbnailUrl\":\"https:\\\/\\\/www.tressis.com\\\/wp-content\\\/uploads\\\/2018\\\/09\\\/20180903-blog.jpg\",\"datePublished\":\"2018-09-03T08:55:59+00:00\",\"description\":\"Los problemas de estos representan \\\"lo peor\\\" de los pa\u00edses en v\u00edas de desarrollo (luego lo tienen m\u00e1s negro aquellos al borde de considerarse Estados fallidos) en t\u00e9rminos econ\u00f3micos, que no es otra cosa que tener una deuda excesiva en d\u00f3lares que se puede hacer dif\u00edcil de pagar\",\"breadcrumb\":{\"@id\":\"https:\\\/\\\/www.tressis.com\\\/ca\\\/blog\\\/argentina-y-turquia-han-dado-la-nota-en-verano\\\/#breadcrumb\"},\"inLanguage\":\"ca\",\"potentialAction\":[{\"@type\":\"ReadAction\",\"target\":[\"https:\\\/\\\/www.tressis.com\\\/ca\\\/blog\\\/argentina-y-turquia-han-dado-la-nota-en-verano\\\/\"]}]},{\"@type\":\"ImageObject\",\"inLanguage\":\"ca\",\"@id\":\"https:\\\/\\\/www.tressis.com\\\/ca\\\/blog\\\/argentina-y-turquia-han-dado-la-nota-en-verano\\\/#primaryimage\",\"url\":\"https:\\\/\\\/www.tressis.com\\\/wp-content\\\/uploads\\\/2018\\\/09\\\/20180903-blog.jpg\",\"contentUrl\":\"https:\\\/\\\/www.tressis.com\\\/wp-content\\\/uploads\\\/2018\\\/09\\\/20180903-blog.jpg\",\"width\":1100,\"height\":487,\"caption\":\"Argentina y Turqu\u00eda han dado la nota en verano\"},{\"@type\":\"BreadcrumbList\",\"@id\":\"https:\\\/\\\/www.tressis.com\\\/ca\\\/blog\\\/argentina-y-turquia-han-dado-la-nota-en-verano\\\/#breadcrumb\",\"itemListElement\":[{\"@type\":\"ListItem\",\"position\":1,\"name\":\"Inicio\",\"item\":\"https:\\\/\\\/www.tressis.com\\\/ca\\\/\"},{\"@type\":\"ListItem\",\"position\":2,\"name\":\"Argentina y Turqu\u00eda han dado la nota en verano\"}]},{\"@type\":\"WebSite\",\"@id\":\"https:\\\/\\\/www.tressis.com\\\/ca\\\/#website\",\"url\":\"https:\\\/\\\/www.tressis.com\\\/ca\\\/\",\"name\":\"Tressis banca privada\",\"description\":\"Tressis | Planificaci\u00f3n financiera y gesti\u00f3n de patrimonios\",\"publisher\":{\"@id\":\"https:\\\/\\\/www.tressis.com\\\/ca\\\/#organization\"},\"potentialAction\":[{\"@type\":\"SearchAction\",\"target\":{\"@type\":\"EntryPoint\",\"urlTemplate\":\"https:\\\/\\\/www.tressis.com\\\/ca\\\/?s={search_term_string}\"},\"query-input\":{\"@type\":\"PropertyValueSpecification\",\"valueRequired\":true,\"valueName\":\"search_term_string\"}}],\"inLanguage\":\"ca\"},{\"@type\":\"Organization\",\"@id\":\"https:\\\/\\\/www.tressis.com\\\/ca\\\/#organization\",\"name\":\"Tressis\",\"url\":\"https:\\\/\\\/www.tressis.com\\\/ca\\\/\",\"logo\":{\"@type\":\"ImageObject\",\"inLanguage\":\"ca\",\"@id\":\"https:\\\/\\\/www.tressis.com\\\/ca\\\/#\\\/schema\\\/logo\\\/image\\\/\",\"url\":\"https:\\\/\\\/www.tressis.com\\\/wp-content\\\/uploads\\\/2025\\\/06\\\/logo-tressis-112.png\",\"contentUrl\":\"https:\\\/\\\/www.tressis.com\\\/wp-content\\\/uploads\\\/2025\\\/06\\\/logo-tressis-112.png\",\"width\":112,\"height\":112,\"caption\":\"Tressis\"},\"image\":{\"@id\":\"https:\\\/\\\/www.tressis.com\\\/ca\\\/#\\\/schema\\\/logo\\\/image\\\/\"},\"sameAs\":[\"https:\\\/\\\/www.facebook.com\\\/Tressis\\\/\",\"https:\\\/\\\/x.com\\\/TressisSV\",\"https:\\\/\\\/www.instagram.com\\\/tressissv\\\/?hl=es\",\"https:\\\/\\\/linkedin.com\\\/company\\\/tressis\\\/\",\"https:\\\/\\\/www.youtube.com\\\/user\\\/tressissv\",\"https:\\\/\\\/open.spotify.com\\\/show\\\/3jmTe1Nf0wqMILl7diWV6h?si=d7112519f13c4593&nd=1\"]},{\"@type\":\"Person\",\"@id\":\"https:\\\/\\\/www.tressis.com\\\/ca\\\/#\\\/schema\\\/person\\\/b833c1d724d8764920b6d6852c70584e\",\"name\":\"Lola\",\"image\":{\"@type\":\"ImageObject\",\"inLanguage\":\"ca\",\"@id\":\"https:\\\/\\\/secure.gravatar.com\\\/avatar\\\/05e646486b23ff45df9649110609c7e31b8c4a3e2821caa23d6317f405e0c51d?s=96&d=mm&r=g\",\"url\":\"https:\\\/\\\/secure.gravatar.com\\\/avatar\\\/05e646486b23ff45df9649110609c7e31b8c4a3e2821caa23d6317f405e0c51d?s=96&d=mm&r=g\",\"contentUrl\":\"https:\\\/\\\/secure.gravatar.com\\\/avatar\\\/05e646486b23ff45df9649110609c7e31b8c4a3e2821caa23d6317f405e0c51d?s=96&d=mm&r=g\",\"caption\":\"Lola\"}}]}<\/script>\n<!-- \/ Yoast SEO plugin. -->","yoast_head_json":{"title":"Argentina y Turqu\u00eda han dado la nota en verano","description":"Los problemas de estos representan \"lo peor\" de los pa\u00edses en v\u00edas de desarrollo (luego lo tienen m\u00e1s negro aquellos al borde de considerarse Estados fallidos) en t\u00e9rminos econ\u00f3micos, que no es otra cosa que tener una deuda excesiva en d\u00f3lares que se puede hacer dif\u00edcil de pagar","robots":{"index":"index","follow":"follow","max-snippet":"max-snippet:-1","max-image-preview":"max-image-preview:large","max-video-preview":"max-video-preview:-1"},"canonical":"https:\/\/www.tressis.com\/ca\/blog\/argentina-y-turquia-han-dado-la-nota-en-verano\/","og_locale":"ca_ES","og_type":"article","og_title":"Argentina y Turqu\u00eda han dado la nota en verano","og_description":"Los problemas de estos representan \"lo peor\" de los pa\u00edses en v\u00edas de desarrollo (luego lo tienen m\u00e1s negro aquellos al borde de considerarse Estados fallidos) en t\u00e9rminos econ\u00f3micos, que no es otra cosa que tener una deuda excesiva en d\u00f3lares que se puede hacer dif\u00edcil de pagar","og_url":"https:\/\/www.tressis.com\/ca\/blog\/argentina-y-turquia-han-dado-la-nota-en-verano\/","og_site_name":"Tressis","article_publisher":"https:\/\/www.facebook.com\/Tressis\/","article_published_time":"2018-09-03T08:55:59+00:00","og_image":[{"width":1100,"height":487,"url":"https:\/\/www.tressis.com\/wp-content\/uploads\/2018\/09\/20180903-blog.jpg","type":"image\/jpeg"}],"author":"Lola","twitter_card":"summary_large_image","twitter_creator":"@TressisSV","twitter_site":"@TressisSV","twitter_misc":{"Escrit per":"Lola","Temps estimat de lectura":"2 minuts"},"schema":{"@context":"https:\/\/schema.org","@graph":[{"@type":"Article","@id":"https:\/\/www.tressis.com\/ca\/blog\/argentina-y-turquia-han-dado-la-nota-en-verano\/#article","isPartOf":{"@id":"https:\/\/www.tressis.com\/ca\/blog\/argentina-y-turquia-han-dado-la-nota-en-verano\/"},"author":{"name":"Lola","@id":"https:\/\/www.tressis.com\/ca\/#\/schema\/person\/b833c1d724d8764920b6d6852c70584e"},"headline":"Argentina y Turqu\u00eda han dado la nota en verano","datePublished":"2018-09-03T08:55:59+00:00","mainEntityOfPage":{"@id":"https:\/\/www.tressis.com\/ca\/blog\/argentina-y-turquia-han-dado-la-nota-en-verano\/"},"wordCount":390,"commentCount":0,"publisher":{"@id":"https:\/\/www.tressis.com\/ca\/#organization"},"image":{"@id":"https:\/\/www.tressis.com\/ca\/blog\/argentina-y-turquia-han-dado-la-nota-en-verano\/#primaryimage"},"thumbnailUrl":"https:\/\/www.tressis.com\/wp-content\/uploads\/2018\/09\/20180903-blog.jpg","keywords":["Argentina","Casa Blanca","china","crecimiento mundial","d\u00f3lares","EEUU","estados fallidos","inflaci\u00f3n","NAFTA","pa\u00edses emergentes","Turqu\u00eda","Uni\u00f3n Europea","verano"],"articleSection":["Morning meeting"],"inLanguage":"ca","potentialAction":[{"@type":"CommentAction","name":"Comment","target":["https:\/\/www.tressis.com\/ca\/blog\/argentina-y-turquia-han-dado-la-nota-en-verano\/#respond"]}]},{"@type":"WebPage","@id":"https:\/\/www.tressis.com\/ca\/blog\/argentina-y-turquia-han-dado-la-nota-en-verano\/","url":"https:\/\/www.tressis.com\/ca\/blog\/argentina-y-turquia-han-dado-la-nota-en-verano\/","name":"Argentina y Turqu\u00eda han dado la nota en verano","isPartOf":{"@id":"https:\/\/www.tressis.com\/ca\/#website"},"primaryImageOfPage":{"@id":"https:\/\/www.tressis.com\/ca\/blog\/argentina-y-turquia-han-dado-la-nota-en-verano\/#primaryimage"},"image":{"@id":"https:\/\/www.tressis.com\/ca\/blog\/argentina-y-turquia-han-dado-la-nota-en-verano\/#primaryimage"},"thumbnailUrl":"https:\/\/www.tressis.com\/wp-content\/uploads\/2018\/09\/20180903-blog.jpg","datePublished":"2018-09-03T08:55:59+00:00","description":"Los problemas de estos representan \"lo peor\" de los pa\u00edses en v\u00edas de desarrollo (luego lo tienen m\u00e1s negro aquellos al borde de considerarse Estados fallidos) en t\u00e9rminos econ\u00f3micos, que no es otra cosa que tener una deuda excesiva en d\u00f3lares que se puede hacer dif\u00edcil de pagar","breadcrumb":{"@id":"https:\/\/www.tressis.com\/ca\/blog\/argentina-y-turquia-han-dado-la-nota-en-verano\/#breadcrumb"},"inLanguage":"ca","potentialAction":[{"@type":"ReadAction","target":["https:\/\/www.tressis.com\/ca\/blog\/argentina-y-turquia-han-dado-la-nota-en-verano\/"]}]},{"@type":"ImageObject","inLanguage":"ca","@id":"https:\/\/www.tressis.com\/ca\/blog\/argentina-y-turquia-han-dado-la-nota-en-verano\/#primaryimage","url":"https:\/\/www.tressis.com\/wp-content\/uploads\/2018\/09\/20180903-blog.jpg","contentUrl":"https:\/\/www.tressis.com\/wp-content\/uploads\/2018\/09\/20180903-blog.jpg","width":1100,"height":487,"caption":"Argentina y Turqu\u00eda han dado la nota en verano"},{"@type":"BreadcrumbList","@id":"https:\/\/www.tressis.com\/ca\/blog\/argentina-y-turquia-han-dado-la-nota-en-verano\/#breadcrumb","itemListElement":[{"@type":"ListItem","position":1,"name":"Inicio","item":"https:\/\/www.tressis.com\/ca\/"},{"@type":"ListItem","position":2,"name":"Argentina y Turqu\u00eda han dado la nota en verano"}]},{"@type":"WebSite","@id":"https:\/\/www.tressis.com\/ca\/#website","url":"https:\/\/www.tressis.com\/ca\/","name":"Tressis banca privada","description":"Tressis | Planificaci\u00f3n financiera y gesti\u00f3n de patrimonios","publisher":{"@id":"https:\/\/www.tressis.com\/ca\/#organization"},"potentialAction":[{"@type":"SearchAction","target":{"@type":"EntryPoint","urlTemplate":"https:\/\/www.tressis.com\/ca\/?s={search_term_string}"},"query-input":{"@type":"PropertyValueSpecification","valueRequired":true,"valueName":"search_term_string"}}],"inLanguage":"ca"},{"@type":"Organization","@id":"https:\/\/www.tressis.com\/ca\/#organization","name":"Tressis","url":"https:\/\/www.tressis.com\/ca\/","logo":{"@type":"ImageObject","inLanguage":"ca","@id":"https:\/\/www.tressis.com\/ca\/#\/schema\/logo\/image\/","url":"https:\/\/www.tressis.com\/wp-content\/uploads\/2025\/06\/logo-tressis-112.png","contentUrl":"https:\/\/www.tressis.com\/wp-content\/uploads\/2025\/06\/logo-tressis-112.png","width":112,"height":112,"caption":"Tressis"},"image":{"@id":"https:\/\/www.tressis.com\/ca\/#\/schema\/logo\/image\/"},"sameAs":["https:\/\/www.facebook.com\/Tressis\/","https:\/\/x.com\/TressisSV","https:\/\/www.instagram.com\/tressissv\/?hl=es","https:\/\/linkedin.com\/company\/tressis\/","https:\/\/www.youtube.com\/user\/tressissv","https:\/\/open.spotify.com\/show\/3jmTe1Nf0wqMILl7diWV6h?si=d7112519f13c4593&nd=1"]},{"@type":"Person","@id":"https:\/\/www.tressis.com\/ca\/#\/schema\/person\/b833c1d724d8764920b6d6852c70584e","name":"Lola","image":{"@type":"ImageObject","inLanguage":"ca","@id":"https:\/\/secure.gravatar.com\/avatar\/05e646486b23ff45df9649110609c7e31b8c4a3e2821caa23d6317f405e0c51d?s=96&d=mm&r=g","url":"https:\/\/secure.gravatar.com\/avatar\/05e646486b23ff45df9649110609c7e31b8c4a3e2821caa23d6317f405e0c51d?s=96&d=mm&r=g","contentUrl":"https:\/\/secure.gravatar.com\/avatar\/05e646486b23ff45df9649110609c7e31b8c4a3e2821caa23d6317f405e0c51d?s=96&d=mm&r=g","caption":"Lola"}}]}},"_links":{"self":[{"href":"https:\/\/www.tressis.com\/ca\/wp-json\/wp\/v2\/posts\/29595","targetHints":{"allow":["GET"]}}],"collection":[{"href":"https:\/\/www.tressis.com\/ca\/wp-json\/wp\/v2\/posts"}],"about":[{"href":"https:\/\/www.tressis.com\/ca\/wp-json\/wp\/v2\/types\/post"}],"author":[{"embeddable":true,"href":"https:\/\/www.tressis.com\/ca\/wp-json\/wp\/v2\/users\/4"}],"replies":[{"embeddable":true,"href":"https:\/\/www.tressis.com\/ca\/wp-json\/wp\/v2\/comments?post=29595"}],"version-history":[{"count":0,"href":"https:\/\/www.tressis.com\/ca\/wp-json\/wp\/v2\/posts\/29595\/revisions"}],"wp:featuredmedia":[{"embeddable":true,"href":"https:\/\/www.tressis.com\/ca\/wp-json\/wp\/v2\/media\/29596"}],"wp:attachment":[{"href":"https:\/\/www.tressis.com\/ca\/wp-json\/wp\/v2\/media?parent=29595"}],"wp:term":[{"taxonomy":"category","embeddable":true,"href":"https:\/\/www.tressis.com\/ca\/wp-json\/wp\/v2\/categories?post=29595"},{"taxonomy":"post_tag","embeddable":true,"href":"https:\/\/www.tressis.com\/ca\/wp-json\/wp\/v2\/tags?post=29595"}],"curies":[{"name":"wp","href":"https:\/\/api.w.org\/{rel}","templated":true}]}}