{"id":29560,"date":"2018-07-31T10:53:47","date_gmt":"2018-07-31T08:53:47","guid":{"rendered":"http:\/\/www.tressis.com\/blog\/?p=29560"},"modified":"2018-07-31T10:53:47","modified_gmt":"2018-07-31T08:53:47","slug":"los-mercados-se-van-de-verano","status":"publish","type":"post","link":"https:\/\/www.tressis.com\/ca\/blog\/los-mercados-se-van-de-verano\/","title":{"rendered":"Los mercados &#8220;se van&#8221; de verano"},"content":{"rendered":"<p>Se acaba julio y los mercados casi casi que tambi\u00e9n aprovechan para irse de verano, porque lo que son novedades ya quedan pocas.<!--more--><\/p>\n<p>La temporada de resultados muy avanzada y mejor en EE.UU. que en Europa para variar, los indicadores econ\u00f3micos que no se despegan de la tendencia o la Administraci\u00f3n Trump parece que con ganas de fumar la pipa de la paz con todos menos con los chinos.<\/p>\n<p>El problema de estos d\u00edas es que queda mucho tiempo libre para pensar. As\u00ed que ahora que Facebook y Twitter han decepcionado con las cifras de crecimiento de usuarios sobre los que seguir analizando cada paso que den, va el mercado y castiga a todo el sector tecnol\u00f3gico sin diferenciar por m\u00e1s que el hecho de ser tecnol\u00f3gico no signifique ser igual. Queda ahora por ver qu\u00e9 presenta Apple y sobretodo c\u00f3mo reacciona el mercado por eso de las valoraciones de estas compa\u00f1\u00edas, caras sin m\u00e1s para algunos, caras con justificaci\u00f3n para otros.<\/p>\n<p>Por si falta de qu\u00e9 hablar esta semana, tres de los principales bancos centrales se re\u00fanen con posibilidad de novedades. El primero, el japon\u00e9s, ya lo ha hecho y aunque ha mantenido la pol\u00edtica monetaria igual, s\u00ed ha introducido un par de novedades que b\u00e1sicamente se pueden resumir en dotar de algo m\u00e1s de flexibilidad el programa de compra de bonos y los tipos a largo plazo. Cualquier cosa con tal de paliar la falta de \u00e9xito de los Abenomics, que han llegado al extremo de convertir al BoJ en el mayor comprador de ETF de la bolsa de Tokio&#8230;<\/p>\n<p>Lo mismo que en Jap\u00f3n, aqu\u00ed en Europa tampoco hay exceso de presi\u00f3n por la v\u00eda de los precios pero s\u00ed un programa de compra de activos del banco central del que ya va tocando salirse. Las lecturas del IPC correspondiente a julio en Alemania y Espa\u00f1a atestiguan que la falta de empuje de los precios del petr\u00f3leo vuelven a provocar un leve descenso de la inflaci\u00f3n general. Por lo menos as\u00ed tampoco tiene el BCE que darse prisa.<\/p>\n<p>Y hasta aqu\u00ed los comentarios diarios del curso 2017-2018 y esperando volver tan pronto como el d\u00eda uno de septiembre. Buen verano para qui\u00e9n se va ya, m\u00e1s adelante o para qui\u00e9n ya lo ha disfrutado.<\/p>\n<p>Buen d\u00eda.<\/p>\n<p><center><br \/>\n<strong>Am\u00edlcar Barrios Vilallonga<\/strong><br \/>\nDirecci\u00f3n de Inversiones<\/center><\/p>\n","protected":false},"excerpt":{"rendered":"<p>Se acaba julio y los mercados casi casi que tambi\u00e9n aprovechan para irse de verano, porque lo que son novedades ya quedan pocas.<\/p>\n","protected":false},"author":4,"featured_media":29561,"comment_status":"open","ping_status":"closed","sticky":false,"template":"","format":"standard","meta":{"_acf_changed":false,"footnotes":""},"categories":[9721],"tags":[141,259,508,559,1309,2446,2680,3362,3644,4187,4997,6073,6124,6506,6606,6655,6734,6757,6787,6806],"class_list":["post-29560","post","type-post","status-publish","format-standard","has-post-thumbnail","hentry","category-morning-meeting","tag-alemania","tag-apple","tag-bancos-centrales","tag-bce","tag-compra-de-bonos","tag-espana","tag-facebook","tag-indicadores-economicos","tag-ipc","tag-mercados","tag-politica-monetaria","tag-sector-tecnologico","tag-semana-de-resultados","tag-temporada-de-resultados","tag-tipos-a-largo-plazo","tag-tokio","tag-trump","tag-twitter","tag-vacaciones","tag-valoracion-de-companias"],"acf":[],"yoast_head":"<!-- This site is optimized with the Yoast SEO plugin v27.4 - https:\/\/yoast.com\/product\/yoast-seo-wordpress\/ -->\n<title>Los mercados &quot;se van&quot; de verano<\/title>\n<meta name=\"description\" content=\"Por si falta de qu\u00e9 hablar esta semana, tres de los principales bancos centrales se re\u00fanen con posibilidad de novedades\" \/>\n<meta name=\"robots\" content=\"index, follow, max-snippet:-1, max-image-preview:large, max-video-preview:-1\" \/>\n<link rel=\"canonical\" href=\"https:\/\/www.tressis.com\/ca\/blog\/los-mercados-se-van-de-verano\/\" \/>\n<meta property=\"og:locale\" content=\"ca_ES\" \/>\n<meta property=\"og:type\" content=\"article\" \/>\n<meta property=\"og:title\" content=\"Los mercados &quot;se van&quot; de verano\" \/>\n<meta property=\"og:description\" content=\"Por si falta de qu\u00e9 hablar esta semana, tres de los principales bancos centrales se re\u00fanen con posibilidad de novedades\" \/>\n<meta property=\"og:url\" content=\"https:\/\/www.tressis.com\/ca\/blog\/los-mercados-se-van-de-verano\/\" \/>\n<meta property=\"og:site_name\" content=\"Tressis\" \/>\n<meta property=\"article:publisher\" content=\"https:\/\/www.facebook.com\/Tressis\/\" \/>\n<meta property=\"article:published_time\" content=\"2018-07-31T08:53:47+00:00\" \/>\n<meta property=\"og:image\" content=\"https:\/\/www.tressis.com\/wp-content\/uploads\/2018\/07\/20180731-mmv.jpg\" \/>\n\t<meta property=\"og:image:width\" content=\"1100\" \/>\n\t<meta property=\"og:image:height\" content=\"487\" \/>\n\t<meta property=\"og:image:type\" content=\"image\/jpeg\" \/>\n<meta name=\"author\" content=\"Lola\" \/>\n<meta name=\"twitter:card\" content=\"summary_large_image\" \/>\n<meta name=\"twitter:creator\" content=\"@TressisSV\" \/>\n<meta name=\"twitter:site\" content=\"@TressisSV\" \/>\n<meta name=\"twitter:label1\" content=\"Escrit per\" \/>\n\t<meta name=\"twitter:data1\" content=\"Lola\" \/>\n\t<meta name=\"twitter:label2\" content=\"Temps estimat de lectura\" \/>\n\t<meta name=\"twitter:data2\" content=\"2 minuts\" \/>\n<script type=\"application\/ld+json\" class=\"yoast-schema-graph\">{\"@context\":\"https:\\\/\\\/schema.org\",\"@graph\":[{\"@type\":\"Article\",\"@id\":\"https:\\\/\\\/www.tressis.com\\\/ca\\\/blog\\\/los-mercados-se-van-de-verano\\\/#article\",\"isPartOf\":{\"@id\":\"https:\\\/\\\/www.tressis.com\\\/ca\\\/blog\\\/los-mercados-se-van-de-verano\\\/\"},\"author\":{\"name\":\"Lola\",\"@id\":\"https:\\\/\\\/www.tressis.com\\\/ca\\\/#\\\/schema\\\/person\\\/b833c1d724d8764920b6d6852c70584e\"},\"headline\":\"Los mercados &#8220;se van&#8221; de verano\",\"datePublished\":\"2018-07-31T08:53:47+00:00\",\"mainEntityOfPage\":{\"@id\":\"https:\\\/\\\/www.tressis.com\\\/ca\\\/blog\\\/los-mercados-se-van-de-verano\\\/\"},\"wordCount\":421,\"commentCount\":0,\"publisher\":{\"@id\":\"https:\\\/\\\/www.tressis.com\\\/ca\\\/#organization\"},\"image\":{\"@id\":\"https:\\\/\\\/www.tressis.com\\\/ca\\\/blog\\\/los-mercados-se-van-de-verano\\\/#primaryimage\"},\"thumbnailUrl\":\"https:\\\/\\\/www.tressis.com\\\/wp-content\\\/uploads\\\/2018\\\/07\\\/20180731-mmv.jpg\",\"keywords\":[\"Alemania\",\"Apple\",\"bancos centrales\",\"BCE\",\"compra de bonos\",\"Espa\u00f1a\",\"Facebook\",\"indicadores econ\u00f3micos\",\"IPC\",\"mercados\",\"pol\u00edtica monetaria\",\"sector tecnol\u00f3gico\",\"semana de resultados\",\"temporada de resultados\",\"tipos a largo plazo\",\"Tokio\",\"Trump\",\"Twitter\",\"vacaciones\",\"valoraci\u00f3n de compa\u00f1\u00edas\"],\"articleSection\":[\"Morning meeting\"],\"inLanguage\":\"ca\",\"potentialAction\":[{\"@type\":\"CommentAction\",\"name\":\"Comment\",\"target\":[\"https:\\\/\\\/www.tressis.com\\\/ca\\\/blog\\\/los-mercados-se-van-de-verano\\\/#respond\"]}]},{\"@type\":\"WebPage\",\"@id\":\"https:\\\/\\\/www.tressis.com\\\/ca\\\/blog\\\/los-mercados-se-van-de-verano\\\/\",\"url\":\"https:\\\/\\\/www.tressis.com\\\/ca\\\/blog\\\/los-mercados-se-van-de-verano\\\/\",\"name\":\"Los mercados \\\"se van\\\" de verano\",\"isPartOf\":{\"@id\":\"https:\\\/\\\/www.tressis.com\\\/ca\\\/#website\"},\"primaryImageOfPage\":{\"@id\":\"https:\\\/\\\/www.tressis.com\\\/ca\\\/blog\\\/los-mercados-se-van-de-verano\\\/#primaryimage\"},\"image\":{\"@id\":\"https:\\\/\\\/www.tressis.com\\\/ca\\\/blog\\\/los-mercados-se-van-de-verano\\\/#primaryimage\"},\"thumbnailUrl\":\"https:\\\/\\\/www.tressis.com\\\/wp-content\\\/uploads\\\/2018\\\/07\\\/20180731-mmv.jpg\",\"datePublished\":\"2018-07-31T08:53:47+00:00\",\"description\":\"Por si falta de qu\u00e9 hablar esta semana, tres de los principales bancos centrales se re\u00fanen con posibilidad de novedades\",\"breadcrumb\":{\"@id\":\"https:\\\/\\\/www.tressis.com\\\/ca\\\/blog\\\/los-mercados-se-van-de-verano\\\/#breadcrumb\"},\"inLanguage\":\"ca\",\"potentialAction\":[{\"@type\":\"ReadAction\",\"target\":[\"https:\\\/\\\/www.tressis.com\\\/ca\\\/blog\\\/los-mercados-se-van-de-verano\\\/\"]}]},{\"@type\":\"ImageObject\",\"inLanguage\":\"ca\",\"@id\":\"https:\\\/\\\/www.tressis.com\\\/ca\\\/blog\\\/los-mercados-se-van-de-verano\\\/#primaryimage\",\"url\":\"https:\\\/\\\/www.tressis.com\\\/wp-content\\\/uploads\\\/2018\\\/07\\\/20180731-mmv.jpg\",\"contentUrl\":\"https:\\\/\\\/www.tressis.com\\\/wp-content\\\/uploads\\\/2018\\\/07\\\/20180731-mmv.jpg\",\"width\":1100,\"height\":487,\"caption\":\"Los mercados \\\"se van\\\" de verano\"},{\"@type\":\"BreadcrumbList\",\"@id\":\"https:\\\/\\\/www.tressis.com\\\/ca\\\/blog\\\/los-mercados-se-van-de-verano\\\/#breadcrumb\",\"itemListElement\":[{\"@type\":\"ListItem\",\"position\":1,\"name\":\"Inicio\",\"item\":\"https:\\\/\\\/www.tressis.com\\\/ca\\\/\"},{\"@type\":\"ListItem\",\"position\":2,\"name\":\"Los mercados \u00abse van\u00bb de verano\"}]},{\"@type\":\"WebSite\",\"@id\":\"https:\\\/\\\/www.tressis.com\\\/ca\\\/#website\",\"url\":\"https:\\\/\\\/www.tressis.com\\\/ca\\\/\",\"name\":\"Tressis banca privada\",\"description\":\"Tressis | Planificaci\u00f3n financiera y gesti\u00f3n de patrimonios\",\"publisher\":{\"@id\":\"https:\\\/\\\/www.tressis.com\\\/ca\\\/#organization\"},\"potentialAction\":[{\"@type\":\"SearchAction\",\"target\":{\"@type\":\"EntryPoint\",\"urlTemplate\":\"https:\\\/\\\/www.tressis.com\\\/ca\\\/?s={search_term_string}\"},\"query-input\":{\"@type\":\"PropertyValueSpecification\",\"valueRequired\":true,\"valueName\":\"search_term_string\"}}],\"inLanguage\":\"ca\"},{\"@type\":\"Organization\",\"@id\":\"https:\\\/\\\/www.tressis.com\\\/ca\\\/#organization\",\"name\":\"Tressis\",\"url\":\"https:\\\/\\\/www.tressis.com\\\/ca\\\/\",\"logo\":{\"@type\":\"ImageObject\",\"inLanguage\":\"ca\",\"@id\":\"https:\\\/\\\/www.tressis.com\\\/ca\\\/#\\\/schema\\\/logo\\\/image\\\/\",\"url\":\"https:\\\/\\\/www.tressis.com\\\/wp-content\\\/uploads\\\/2025\\\/06\\\/logo-tressis-112.png\",\"contentUrl\":\"https:\\\/\\\/www.tressis.com\\\/wp-content\\\/uploads\\\/2025\\\/06\\\/logo-tressis-112.png\",\"width\":112,\"height\":112,\"caption\":\"Tressis\"},\"image\":{\"@id\":\"https:\\\/\\\/www.tressis.com\\\/ca\\\/#\\\/schema\\\/logo\\\/image\\\/\"},\"sameAs\":[\"https:\\\/\\\/www.facebook.com\\\/Tressis\\\/\",\"https:\\\/\\\/x.com\\\/TressisSV\",\"https:\\\/\\\/www.instagram.com\\\/tressissv\\\/?hl=es\",\"https:\\\/\\\/linkedin.com\\\/company\\\/tressis\\\/\",\"https:\\\/\\\/www.youtube.com\\\/user\\\/tressissv\",\"https:\\\/\\\/open.spotify.com\\\/show\\\/3jmTe1Nf0wqMILl7diWV6h?si=d7112519f13c4593&nd=1\"]},{\"@type\":\"Person\",\"@id\":\"https:\\\/\\\/www.tressis.com\\\/ca\\\/#\\\/schema\\\/person\\\/b833c1d724d8764920b6d6852c70584e\",\"name\":\"Lola\",\"image\":{\"@type\":\"ImageObject\",\"inLanguage\":\"ca\",\"@id\":\"https:\\\/\\\/secure.gravatar.com\\\/avatar\\\/05e646486b23ff45df9649110609c7e31b8c4a3e2821caa23d6317f405e0c51d?s=96&d=mm&r=g\",\"url\":\"https:\\\/\\\/secure.gravatar.com\\\/avatar\\\/05e646486b23ff45df9649110609c7e31b8c4a3e2821caa23d6317f405e0c51d?s=96&d=mm&r=g\",\"contentUrl\":\"https:\\\/\\\/secure.gravatar.com\\\/avatar\\\/05e646486b23ff45df9649110609c7e31b8c4a3e2821caa23d6317f405e0c51d?s=96&d=mm&r=g\",\"caption\":\"Lola\"}}]}<\/script>\n<!-- \/ Yoast SEO plugin. -->","yoast_head_json":{"title":"Los mercados \"se van\" de verano","description":"Por si falta de qu\u00e9 hablar esta semana, tres de los principales bancos centrales se re\u00fanen con posibilidad de novedades","robots":{"index":"index","follow":"follow","max-snippet":"max-snippet:-1","max-image-preview":"max-image-preview:large","max-video-preview":"max-video-preview:-1"},"canonical":"https:\/\/www.tressis.com\/ca\/blog\/los-mercados-se-van-de-verano\/","og_locale":"ca_ES","og_type":"article","og_title":"Los mercados \"se van\" de verano","og_description":"Por si falta de qu\u00e9 hablar esta semana, tres de los principales bancos centrales se re\u00fanen con posibilidad de novedades","og_url":"https:\/\/www.tressis.com\/ca\/blog\/los-mercados-se-van-de-verano\/","og_site_name":"Tressis","article_publisher":"https:\/\/www.facebook.com\/Tressis\/","article_published_time":"2018-07-31T08:53:47+00:00","og_image":[{"width":1100,"height":487,"url":"https:\/\/www.tressis.com\/wp-content\/uploads\/2018\/07\/20180731-mmv.jpg","type":"image\/jpeg"}],"author":"Lola","twitter_card":"summary_large_image","twitter_creator":"@TressisSV","twitter_site":"@TressisSV","twitter_misc":{"Escrit per":"Lola","Temps estimat de lectura":"2 minuts"},"schema":{"@context":"https:\/\/schema.org","@graph":[{"@type":"Article","@id":"https:\/\/www.tressis.com\/ca\/blog\/los-mercados-se-van-de-verano\/#article","isPartOf":{"@id":"https:\/\/www.tressis.com\/ca\/blog\/los-mercados-se-van-de-verano\/"},"author":{"name":"Lola","@id":"https:\/\/www.tressis.com\/ca\/#\/schema\/person\/b833c1d724d8764920b6d6852c70584e"},"headline":"Los mercados &#8220;se van&#8221; de verano","datePublished":"2018-07-31T08:53:47+00:00","mainEntityOfPage":{"@id":"https:\/\/www.tressis.com\/ca\/blog\/los-mercados-se-van-de-verano\/"},"wordCount":421,"commentCount":0,"publisher":{"@id":"https:\/\/www.tressis.com\/ca\/#organization"},"image":{"@id":"https:\/\/www.tressis.com\/ca\/blog\/los-mercados-se-van-de-verano\/#primaryimage"},"thumbnailUrl":"https:\/\/www.tressis.com\/wp-content\/uploads\/2018\/07\/20180731-mmv.jpg","keywords":["Alemania","Apple","bancos centrales","BCE","compra de bonos","Espa\u00f1a","Facebook","indicadores econ\u00f3micos","IPC","mercados","pol\u00edtica monetaria","sector tecnol\u00f3gico","semana de resultados","temporada de resultados","tipos a largo plazo","Tokio","Trump","Twitter","vacaciones","valoraci\u00f3n de compa\u00f1\u00edas"],"articleSection":["Morning meeting"],"inLanguage":"ca","potentialAction":[{"@type":"CommentAction","name":"Comment","target":["https:\/\/www.tressis.com\/ca\/blog\/los-mercados-se-van-de-verano\/#respond"]}]},{"@type":"WebPage","@id":"https:\/\/www.tressis.com\/ca\/blog\/los-mercados-se-van-de-verano\/","url":"https:\/\/www.tressis.com\/ca\/blog\/los-mercados-se-van-de-verano\/","name":"Los mercados \"se van\" de verano","isPartOf":{"@id":"https:\/\/www.tressis.com\/ca\/#website"},"primaryImageOfPage":{"@id":"https:\/\/www.tressis.com\/ca\/blog\/los-mercados-se-van-de-verano\/#primaryimage"},"image":{"@id":"https:\/\/www.tressis.com\/ca\/blog\/los-mercados-se-van-de-verano\/#primaryimage"},"thumbnailUrl":"https:\/\/www.tressis.com\/wp-content\/uploads\/2018\/07\/20180731-mmv.jpg","datePublished":"2018-07-31T08:53:47+00:00","description":"Por si falta de qu\u00e9 hablar esta semana, tres de los principales bancos centrales se re\u00fanen con posibilidad de novedades","breadcrumb":{"@id":"https:\/\/www.tressis.com\/ca\/blog\/los-mercados-se-van-de-verano\/#breadcrumb"},"inLanguage":"ca","potentialAction":[{"@type":"ReadAction","target":["https:\/\/www.tressis.com\/ca\/blog\/los-mercados-se-van-de-verano\/"]}]},{"@type":"ImageObject","inLanguage":"ca","@id":"https:\/\/www.tressis.com\/ca\/blog\/los-mercados-se-van-de-verano\/#primaryimage","url":"https:\/\/www.tressis.com\/wp-content\/uploads\/2018\/07\/20180731-mmv.jpg","contentUrl":"https:\/\/www.tressis.com\/wp-content\/uploads\/2018\/07\/20180731-mmv.jpg","width":1100,"height":487,"caption":"Los mercados \"se van\" de verano"},{"@type":"BreadcrumbList","@id":"https:\/\/www.tressis.com\/ca\/blog\/los-mercados-se-van-de-verano\/#breadcrumb","itemListElement":[{"@type":"ListItem","position":1,"name":"Inicio","item":"https:\/\/www.tressis.com\/ca\/"},{"@type":"ListItem","position":2,"name":"Los mercados \u00abse van\u00bb de verano"}]},{"@type":"WebSite","@id":"https:\/\/www.tressis.com\/ca\/#website","url":"https:\/\/www.tressis.com\/ca\/","name":"Tressis banca privada","description":"Tressis | Planificaci\u00f3n financiera y gesti\u00f3n de patrimonios","publisher":{"@id":"https:\/\/www.tressis.com\/ca\/#organization"},"potentialAction":[{"@type":"SearchAction","target":{"@type":"EntryPoint","urlTemplate":"https:\/\/www.tressis.com\/ca\/?s={search_term_string}"},"query-input":{"@type":"PropertyValueSpecification","valueRequired":true,"valueName":"search_term_string"}}],"inLanguage":"ca"},{"@type":"Organization","@id":"https:\/\/www.tressis.com\/ca\/#organization","name":"Tressis","url":"https:\/\/www.tressis.com\/ca\/","logo":{"@type":"ImageObject","inLanguage":"ca","@id":"https:\/\/www.tressis.com\/ca\/#\/schema\/logo\/image\/","url":"https:\/\/www.tressis.com\/wp-content\/uploads\/2025\/06\/logo-tressis-112.png","contentUrl":"https:\/\/www.tressis.com\/wp-content\/uploads\/2025\/06\/logo-tressis-112.png","width":112,"height":112,"caption":"Tressis"},"image":{"@id":"https:\/\/www.tressis.com\/ca\/#\/schema\/logo\/image\/"},"sameAs":["https:\/\/www.facebook.com\/Tressis\/","https:\/\/x.com\/TressisSV","https:\/\/www.instagram.com\/tressissv\/?hl=es","https:\/\/linkedin.com\/company\/tressis\/","https:\/\/www.youtube.com\/user\/tressissv","https:\/\/open.spotify.com\/show\/3jmTe1Nf0wqMILl7diWV6h?si=d7112519f13c4593&nd=1"]},{"@type":"Person","@id":"https:\/\/www.tressis.com\/ca\/#\/schema\/person\/b833c1d724d8764920b6d6852c70584e","name":"Lola","image":{"@type":"ImageObject","inLanguage":"ca","@id":"https:\/\/secure.gravatar.com\/avatar\/05e646486b23ff45df9649110609c7e31b8c4a3e2821caa23d6317f405e0c51d?s=96&d=mm&r=g","url":"https:\/\/secure.gravatar.com\/avatar\/05e646486b23ff45df9649110609c7e31b8c4a3e2821caa23d6317f405e0c51d?s=96&d=mm&r=g","contentUrl":"https:\/\/secure.gravatar.com\/avatar\/05e646486b23ff45df9649110609c7e31b8c4a3e2821caa23d6317f405e0c51d?s=96&d=mm&r=g","caption":"Lola"}}]}},"_links":{"self":[{"href":"https:\/\/www.tressis.com\/ca\/wp-json\/wp\/v2\/posts\/29560","targetHints":{"allow":["GET"]}}],"collection":[{"href":"https:\/\/www.tressis.com\/ca\/wp-json\/wp\/v2\/posts"}],"about":[{"href":"https:\/\/www.tressis.com\/ca\/wp-json\/wp\/v2\/types\/post"}],"author":[{"embeddable":true,"href":"https:\/\/www.tressis.com\/ca\/wp-json\/wp\/v2\/users\/4"}],"replies":[{"embeddable":true,"href":"https:\/\/www.tressis.com\/ca\/wp-json\/wp\/v2\/comments?post=29560"}],"version-history":[{"count":0,"href":"https:\/\/www.tressis.com\/ca\/wp-json\/wp\/v2\/posts\/29560\/revisions"}],"wp:featuredmedia":[{"embeddable":true,"href":"https:\/\/www.tressis.com\/ca\/wp-json\/wp\/v2\/media\/29561"}],"wp:attachment":[{"href":"https:\/\/www.tressis.com\/ca\/wp-json\/wp\/v2\/media?parent=29560"}],"wp:term":[{"taxonomy":"category","embeddable":true,"href":"https:\/\/www.tressis.com\/ca\/wp-json\/wp\/v2\/categories?post=29560"},{"taxonomy":"post_tag","embeddable":true,"href":"https:\/\/www.tressis.com\/ca\/wp-json\/wp\/v2\/tags?post=29560"}],"curies":[{"name":"wp","href":"https:\/\/api.w.org\/{rel}","templated":true}]}}