{"id":29542,"date":"2018-07-27T11:06:24","date_gmt":"2018-07-27T09:06:24","guid":{"rendered":"http:\/\/www.tressis.com\/blog\/?p=29542"},"modified":"2018-07-27T11:06:24","modified_gmt":"2018-07-27T09:06:24","slug":"se-reducen-las-tensiones-comerciales-de-momento","status":"publish","type":"post","link":"https:\/\/www.tressis.com\/ca\/blog\/se-reducen-las-tensiones-comerciales-de-momento\/","title":{"rendered":"Se reducen las tensiones comerciales&#8230; de momento"},"content":{"rendered":"<p>El mercado fue implacable con el entresijo de las cuentas de Facebook, pero ello no fue suficiente para tumbar a todas las bolsas como habr\u00eda cabido esperar por eso de las fort\u00edsimas revalorizaciones de las famosas FAANG.<!--more--> El Nasdaq s\u00ed, que por algo es una tecnol\u00f3gica, pero el resto de \u00edndices prefirieron dejarse llevar por la reducci\u00f3n de las tensiones comerciales entre EE.UU. y la Uni\u00f3n Europea, reforzado esto con una declaraci\u00f3n de intenciones por parte de Mnuchin sobre la necesidad de retirar los aranceles ya impuestos.<\/p>\n<p>Pero si alguien empezaba a temer que se desencadenase una reacci\u00f3n a la baja, la presentaci\u00f3n de los n\u00fameros de Amazon puede frenarlo gracias a que las ventas siguen creciendo a tasas de nada menos que el 40%. En un segundo escal\u00f3n en t\u00e9rminos de cifras se sit\u00faa Visa, que con crecimientos de beneficios de m\u00e1s del 10% viene a confirmar no solo el buen momento del consumo, sino tambi\u00e9n que el cambio de modelos de pago sigue imparable.<\/p>\n<p>El mensaje del BCE, por boca de su presidente, fue otro b\u00e1lsamo para los activos de riesgo. En el mismo, Mario Draghi vino a decir que los planes van a seguir como estaba previsto, con el QE coleando hasta diciembre y los tipos quietos hasta el pr\u00f3ximo verano. Pero fue con coletilla, pues dijo que no cambiar\u00e1 nada a no ser que la guerra de tarifas se desmadre y se convierta en una guerra abiertamente comercial. \u00bfCriticable? Pues muy posiblemente, porque la labor de un banco central no es solucionar los errores pol\u00edticos, o al menos eso es lo que pone en los libros&#8230;<\/p>\n<p>Fuera del ruido de todos los d\u00edas, en Alemania se public\u00f3 otro indicador: la confianza de los consumidores Gfk, que parece estar confirmando una mejora de las perspectivas econ\u00f3micas teutonas ya con la inestabilidad pol\u00edtica eliminada, de momento. Y luego la EPA del segundo trimestre de Espa\u00f1a ya en el 15% en la que a ver qui\u00e9n se apunta el tanto.<\/p>\n<p>Buen fin de semana.<\/p>\n<p><center><br \/>\n<strong>Am\u00edlcar Barrios Vilallonga<\/strong><br \/>\nDirecci\u00f3n de Inversiones<\/center><\/p>\n","protected":false},"excerpt":{"rendered":"<p>El mercado fue implacable con el entresijo de las cuentas de Facebook, pero ello no fue suficiente para tumbar a todas las bolsas como habr\u00eda cabido esperar por eso de las fort\u00edsimas revalorizaciones de las famosas FAANG.<\/p>\n","protected":false},"author":4,"featured_media":29545,"comment_status":"open","ping_status":"closed","sticky":false,"template":"","format":"standard","meta":{"_acf_changed":false,"footnotes":""},"categories":[9721],"tags":[141,559,642,1561,2205,2413,3410,3973,4292,4392,5132,5133,5313,5371,5814,5825,6101,6527,6772],"class_list":["post-29542","post","type-post","status-publish","format-standard","has-post-thumbnail","hentry","category-morning-meeting","tag-alemania","tag-bce","tag-bolsa-de-valores","tag-crecimiento-en-ventas","tag-ee-uu","tag-epa","tag-indices-economicos","tag-mario-draghi","tag-mnuchin","tag-nasdaq","tag-presentacion-de-numeros","tag-presentacion-de-resultados","tag-qe","tag-reaccion-a-la-baja","tag-resultados-trimestrales","tag-retirar-los-aranceles","tag-segundo-trimestre","tag-tension-comercial","tag-union-europea"],"acf":[],"yoast_head":"<!-- This site is optimized with the Yoast SEO plugin v27.4 - https:\/\/yoast.com\/product\/yoast-seo-wordpress\/ -->\n<title>Se reducen las tensiones comerciales... de momento<\/title>\n<meta name=\"description\" content=\"El mensaje del BCE, por boca de su presidente, fue otro b\u00e1lsamo para los activos de riesgo\" \/>\n<meta name=\"robots\" content=\"index, follow, max-snippet:-1, max-image-preview:large, max-video-preview:-1\" \/>\n<link rel=\"canonical\" href=\"https:\/\/www.tressis.com\/ca\/blog\/se-reducen-las-tensiones-comerciales-de-momento\/\" \/>\n<meta property=\"og:locale\" content=\"ca_ES\" \/>\n<meta property=\"og:type\" content=\"article\" \/>\n<meta property=\"og:title\" content=\"Se reducen las tensiones comerciales... de momento\" \/>\n<meta property=\"og:description\" content=\"El mensaje del BCE, por boca de su presidente, fue otro b\u00e1lsamo para los activos de riesgo\" \/>\n<meta property=\"og:url\" content=\"https:\/\/www.tressis.com\/ca\/blog\/se-reducen-las-tensiones-comerciales-de-momento\/\" \/>\n<meta property=\"og:site_name\" content=\"Tressis\" \/>\n<meta property=\"article:publisher\" content=\"https:\/\/www.facebook.com\/Tressis\/\" \/>\n<meta property=\"article:published_time\" content=\"2018-07-27T09:06:24+00:00\" \/>\n<meta property=\"og:image\" content=\"https:\/\/www.tressis.com\/wp-content\/uploads\/2018\/07\/20180727-mmv-1.jpg\" \/>\n\t<meta property=\"og:image:width\" content=\"1100\" \/>\n\t<meta property=\"og:image:height\" content=\"487\" \/>\n\t<meta property=\"og:image:type\" content=\"image\/jpeg\" \/>\n<meta name=\"author\" content=\"Lola\" \/>\n<meta name=\"twitter:card\" content=\"summary_large_image\" \/>\n<meta name=\"twitter:creator\" content=\"@TressisSV\" \/>\n<meta name=\"twitter:site\" content=\"@TressisSV\" \/>\n<meta name=\"twitter:label1\" content=\"Escrit per\" \/>\n\t<meta name=\"twitter:data1\" content=\"Lola\" \/>\n\t<meta name=\"twitter:label2\" content=\"Temps estimat de lectura\" \/>\n\t<meta name=\"twitter:data2\" content=\"2 minuts\" \/>\n<script type=\"application\/ld+json\" class=\"yoast-schema-graph\">{\"@context\":\"https:\\\/\\\/schema.org\",\"@graph\":[{\"@type\":\"Article\",\"@id\":\"https:\\\/\\\/www.tressis.com\\\/ca\\\/blog\\\/se-reducen-las-tensiones-comerciales-de-momento\\\/#article\",\"isPartOf\":{\"@id\":\"https:\\\/\\\/www.tressis.com\\\/ca\\\/blog\\\/se-reducen-las-tensiones-comerciales-de-momento\\\/\"},\"author\":{\"name\":\"Lola\",\"@id\":\"https:\\\/\\\/www.tressis.com\\\/ca\\\/#\\\/schema\\\/person\\\/b833c1d724d8764920b6d6852c70584e\"},\"headline\":\"Se reducen las tensiones comerciales&#8230; de momento\",\"datePublished\":\"2018-07-27T09:06:24+00:00\",\"mainEntityOfPage\":{\"@id\":\"https:\\\/\\\/www.tressis.com\\\/ca\\\/blog\\\/se-reducen-las-tensiones-comerciales-de-momento\\\/\"},\"wordCount\":370,\"commentCount\":0,\"publisher\":{\"@id\":\"https:\\\/\\\/www.tressis.com\\\/ca\\\/#organization\"},\"image\":{\"@id\":\"https:\\\/\\\/www.tressis.com\\\/ca\\\/blog\\\/se-reducen-las-tensiones-comerciales-de-momento\\\/#primaryimage\"},\"thumbnailUrl\":\"https:\\\/\\\/www.tressis.com\\\/wp-content\\\/uploads\\\/2018\\\/07\\\/20180727-mmv-1.jpg\",\"keywords\":[\"Alemania\",\"BCE\",\"bolsa de valores\",\"crecimiento en ventas\",\"EE.UU\",\"EPA\",\"\u00edndices econ\u00f3micos\",\"Mario Draghi\",\"Mnuchin\",\"Nasdaq\",\"presentaci\u00f3n de n\u00fameros\",\"presentaci\u00f3n de resultados\",\"QE\",\"reacci\u00f3n a la baja\",\"resultados trimestrales\",\"retirar los aranceles\",\"segundo trimestre\",\"tensi\u00f3n comercial\",\"Uni\u00f3n Europea\"],\"articleSection\":[\"Morning meeting\"],\"inLanguage\":\"ca\",\"potentialAction\":[{\"@type\":\"CommentAction\",\"name\":\"Comment\",\"target\":[\"https:\\\/\\\/www.tressis.com\\\/ca\\\/blog\\\/se-reducen-las-tensiones-comerciales-de-momento\\\/#respond\"]}]},{\"@type\":\"WebPage\",\"@id\":\"https:\\\/\\\/www.tressis.com\\\/ca\\\/blog\\\/se-reducen-las-tensiones-comerciales-de-momento\\\/\",\"url\":\"https:\\\/\\\/www.tressis.com\\\/ca\\\/blog\\\/se-reducen-las-tensiones-comerciales-de-momento\\\/\",\"name\":\"Se reducen las tensiones comerciales... de momento\",\"isPartOf\":{\"@id\":\"https:\\\/\\\/www.tressis.com\\\/ca\\\/#website\"},\"primaryImageOfPage\":{\"@id\":\"https:\\\/\\\/www.tressis.com\\\/ca\\\/blog\\\/se-reducen-las-tensiones-comerciales-de-momento\\\/#primaryimage\"},\"image\":{\"@id\":\"https:\\\/\\\/www.tressis.com\\\/ca\\\/blog\\\/se-reducen-las-tensiones-comerciales-de-momento\\\/#primaryimage\"},\"thumbnailUrl\":\"https:\\\/\\\/www.tressis.com\\\/wp-content\\\/uploads\\\/2018\\\/07\\\/20180727-mmv-1.jpg\",\"datePublished\":\"2018-07-27T09:06:24+00:00\",\"description\":\"El mensaje del BCE, por boca de su presidente, fue otro b\u00e1lsamo para los activos de riesgo\",\"breadcrumb\":{\"@id\":\"https:\\\/\\\/www.tressis.com\\\/ca\\\/blog\\\/se-reducen-las-tensiones-comerciales-de-momento\\\/#breadcrumb\"},\"inLanguage\":\"ca\",\"potentialAction\":[{\"@type\":\"ReadAction\",\"target\":[\"https:\\\/\\\/www.tressis.com\\\/ca\\\/blog\\\/se-reducen-las-tensiones-comerciales-de-momento\\\/\"]}]},{\"@type\":\"ImageObject\",\"inLanguage\":\"ca\",\"@id\":\"https:\\\/\\\/www.tressis.com\\\/ca\\\/blog\\\/se-reducen-las-tensiones-comerciales-de-momento\\\/#primaryimage\",\"url\":\"https:\\\/\\\/www.tressis.com\\\/wp-content\\\/uploads\\\/2018\\\/07\\\/20180727-mmv-1.jpg\",\"contentUrl\":\"https:\\\/\\\/www.tressis.com\\\/wp-content\\\/uploads\\\/2018\\\/07\\\/20180727-mmv-1.jpg\",\"width\":1100,\"height\":487,\"caption\":\"Se reducen las tensiones comerciales... de momento\"},{\"@type\":\"BreadcrumbList\",\"@id\":\"https:\\\/\\\/www.tressis.com\\\/ca\\\/blog\\\/se-reducen-las-tensiones-comerciales-de-momento\\\/#breadcrumb\",\"itemListElement\":[{\"@type\":\"ListItem\",\"position\":1,\"name\":\"Inicio\",\"item\":\"https:\\\/\\\/www.tressis.com\\\/ca\\\/\"},{\"@type\":\"ListItem\",\"position\":2,\"name\":\"Se reducen las tensiones comerciales&#8230; de momento\"}]},{\"@type\":\"WebSite\",\"@id\":\"https:\\\/\\\/www.tressis.com\\\/ca\\\/#website\",\"url\":\"https:\\\/\\\/www.tressis.com\\\/ca\\\/\",\"name\":\"Tressis banca privada\",\"description\":\"Tressis | Planificaci\u00f3n financiera y gesti\u00f3n de patrimonios\",\"publisher\":{\"@id\":\"https:\\\/\\\/www.tressis.com\\\/ca\\\/#organization\"},\"potentialAction\":[{\"@type\":\"SearchAction\",\"target\":{\"@type\":\"EntryPoint\",\"urlTemplate\":\"https:\\\/\\\/www.tressis.com\\\/ca\\\/?s={search_term_string}\"},\"query-input\":{\"@type\":\"PropertyValueSpecification\",\"valueRequired\":true,\"valueName\":\"search_term_string\"}}],\"inLanguage\":\"ca\"},{\"@type\":\"Organization\",\"@id\":\"https:\\\/\\\/www.tressis.com\\\/ca\\\/#organization\",\"name\":\"Tressis\",\"url\":\"https:\\\/\\\/www.tressis.com\\\/ca\\\/\",\"logo\":{\"@type\":\"ImageObject\",\"inLanguage\":\"ca\",\"@id\":\"https:\\\/\\\/www.tressis.com\\\/ca\\\/#\\\/schema\\\/logo\\\/image\\\/\",\"url\":\"https:\\\/\\\/www.tressis.com\\\/wp-content\\\/uploads\\\/2025\\\/06\\\/logo-tressis-112.png\",\"contentUrl\":\"https:\\\/\\\/www.tressis.com\\\/wp-content\\\/uploads\\\/2025\\\/06\\\/logo-tressis-112.png\",\"width\":112,\"height\":112,\"caption\":\"Tressis\"},\"image\":{\"@id\":\"https:\\\/\\\/www.tressis.com\\\/ca\\\/#\\\/schema\\\/logo\\\/image\\\/\"},\"sameAs\":[\"https:\\\/\\\/www.facebook.com\\\/Tressis\\\/\",\"https:\\\/\\\/x.com\\\/TressisSV\",\"https:\\\/\\\/www.instagram.com\\\/tressissv\\\/?hl=es\",\"https:\\\/\\\/linkedin.com\\\/company\\\/tressis\\\/\",\"https:\\\/\\\/www.youtube.com\\\/user\\\/tressissv\",\"https:\\\/\\\/open.spotify.com\\\/show\\\/3jmTe1Nf0wqMILl7diWV6h?si=d7112519f13c4593&nd=1\"]},{\"@type\":\"Person\",\"@id\":\"https:\\\/\\\/www.tressis.com\\\/ca\\\/#\\\/schema\\\/person\\\/b833c1d724d8764920b6d6852c70584e\",\"name\":\"Lola\",\"image\":{\"@type\":\"ImageObject\",\"inLanguage\":\"ca\",\"@id\":\"https:\\\/\\\/secure.gravatar.com\\\/avatar\\\/05e646486b23ff45df9649110609c7e31b8c4a3e2821caa23d6317f405e0c51d?s=96&d=mm&r=g\",\"url\":\"https:\\\/\\\/secure.gravatar.com\\\/avatar\\\/05e646486b23ff45df9649110609c7e31b8c4a3e2821caa23d6317f405e0c51d?s=96&d=mm&r=g\",\"contentUrl\":\"https:\\\/\\\/secure.gravatar.com\\\/avatar\\\/05e646486b23ff45df9649110609c7e31b8c4a3e2821caa23d6317f405e0c51d?s=96&d=mm&r=g\",\"caption\":\"Lola\"}}]}<\/script>\n<!-- \/ Yoast SEO plugin. -->","yoast_head_json":{"title":"Se reducen las tensiones comerciales... de momento","description":"El mensaje del BCE, por boca de su presidente, fue otro b\u00e1lsamo para los activos de riesgo","robots":{"index":"index","follow":"follow","max-snippet":"max-snippet:-1","max-image-preview":"max-image-preview:large","max-video-preview":"max-video-preview:-1"},"canonical":"https:\/\/www.tressis.com\/ca\/blog\/se-reducen-las-tensiones-comerciales-de-momento\/","og_locale":"ca_ES","og_type":"article","og_title":"Se reducen las tensiones comerciales... de momento","og_description":"El mensaje del BCE, por boca de su presidente, fue otro b\u00e1lsamo para los activos de riesgo","og_url":"https:\/\/www.tressis.com\/ca\/blog\/se-reducen-las-tensiones-comerciales-de-momento\/","og_site_name":"Tressis","article_publisher":"https:\/\/www.facebook.com\/Tressis\/","article_published_time":"2018-07-27T09:06:24+00:00","og_image":[{"width":1100,"height":487,"url":"https:\/\/www.tressis.com\/wp-content\/uploads\/2018\/07\/20180727-mmv-1.jpg","type":"image\/jpeg"}],"author":"Lola","twitter_card":"summary_large_image","twitter_creator":"@TressisSV","twitter_site":"@TressisSV","twitter_misc":{"Escrit per":"Lola","Temps estimat de lectura":"2 minuts"},"schema":{"@context":"https:\/\/schema.org","@graph":[{"@type":"Article","@id":"https:\/\/www.tressis.com\/ca\/blog\/se-reducen-las-tensiones-comerciales-de-momento\/#article","isPartOf":{"@id":"https:\/\/www.tressis.com\/ca\/blog\/se-reducen-las-tensiones-comerciales-de-momento\/"},"author":{"name":"Lola","@id":"https:\/\/www.tressis.com\/ca\/#\/schema\/person\/b833c1d724d8764920b6d6852c70584e"},"headline":"Se reducen las tensiones comerciales&#8230; de momento","datePublished":"2018-07-27T09:06:24+00:00","mainEntityOfPage":{"@id":"https:\/\/www.tressis.com\/ca\/blog\/se-reducen-las-tensiones-comerciales-de-momento\/"},"wordCount":370,"commentCount":0,"publisher":{"@id":"https:\/\/www.tressis.com\/ca\/#organization"},"image":{"@id":"https:\/\/www.tressis.com\/ca\/blog\/se-reducen-las-tensiones-comerciales-de-momento\/#primaryimage"},"thumbnailUrl":"https:\/\/www.tressis.com\/wp-content\/uploads\/2018\/07\/20180727-mmv-1.jpg","keywords":["Alemania","BCE","bolsa de valores","crecimiento en ventas","EE.UU","EPA","\u00edndices econ\u00f3micos","Mario Draghi","Mnuchin","Nasdaq","presentaci\u00f3n de n\u00fameros","presentaci\u00f3n de resultados","QE","reacci\u00f3n a la baja","resultados trimestrales","retirar los aranceles","segundo trimestre","tensi\u00f3n comercial","Uni\u00f3n Europea"],"articleSection":["Morning meeting"],"inLanguage":"ca","potentialAction":[{"@type":"CommentAction","name":"Comment","target":["https:\/\/www.tressis.com\/ca\/blog\/se-reducen-las-tensiones-comerciales-de-momento\/#respond"]}]},{"@type":"WebPage","@id":"https:\/\/www.tressis.com\/ca\/blog\/se-reducen-las-tensiones-comerciales-de-momento\/","url":"https:\/\/www.tressis.com\/ca\/blog\/se-reducen-las-tensiones-comerciales-de-momento\/","name":"Se reducen las tensiones comerciales... de momento","isPartOf":{"@id":"https:\/\/www.tressis.com\/ca\/#website"},"primaryImageOfPage":{"@id":"https:\/\/www.tressis.com\/ca\/blog\/se-reducen-las-tensiones-comerciales-de-momento\/#primaryimage"},"image":{"@id":"https:\/\/www.tressis.com\/ca\/blog\/se-reducen-las-tensiones-comerciales-de-momento\/#primaryimage"},"thumbnailUrl":"https:\/\/www.tressis.com\/wp-content\/uploads\/2018\/07\/20180727-mmv-1.jpg","datePublished":"2018-07-27T09:06:24+00:00","description":"El mensaje del BCE, por boca de su presidente, fue otro b\u00e1lsamo para los activos de riesgo","breadcrumb":{"@id":"https:\/\/www.tressis.com\/ca\/blog\/se-reducen-las-tensiones-comerciales-de-momento\/#breadcrumb"},"inLanguage":"ca","potentialAction":[{"@type":"ReadAction","target":["https:\/\/www.tressis.com\/ca\/blog\/se-reducen-las-tensiones-comerciales-de-momento\/"]}]},{"@type":"ImageObject","inLanguage":"ca","@id":"https:\/\/www.tressis.com\/ca\/blog\/se-reducen-las-tensiones-comerciales-de-momento\/#primaryimage","url":"https:\/\/www.tressis.com\/wp-content\/uploads\/2018\/07\/20180727-mmv-1.jpg","contentUrl":"https:\/\/www.tressis.com\/wp-content\/uploads\/2018\/07\/20180727-mmv-1.jpg","width":1100,"height":487,"caption":"Se reducen las tensiones comerciales... de momento"},{"@type":"BreadcrumbList","@id":"https:\/\/www.tressis.com\/ca\/blog\/se-reducen-las-tensiones-comerciales-de-momento\/#breadcrumb","itemListElement":[{"@type":"ListItem","position":1,"name":"Inicio","item":"https:\/\/www.tressis.com\/ca\/"},{"@type":"ListItem","position":2,"name":"Se reducen las tensiones comerciales&#8230; de momento"}]},{"@type":"WebSite","@id":"https:\/\/www.tressis.com\/ca\/#website","url":"https:\/\/www.tressis.com\/ca\/","name":"Tressis banca privada","description":"Tressis | Planificaci\u00f3n financiera y gesti\u00f3n de patrimonios","publisher":{"@id":"https:\/\/www.tressis.com\/ca\/#organization"},"potentialAction":[{"@type":"SearchAction","target":{"@type":"EntryPoint","urlTemplate":"https:\/\/www.tressis.com\/ca\/?s={search_term_string}"},"query-input":{"@type":"PropertyValueSpecification","valueRequired":true,"valueName":"search_term_string"}}],"inLanguage":"ca"},{"@type":"Organization","@id":"https:\/\/www.tressis.com\/ca\/#organization","name":"Tressis","url":"https:\/\/www.tressis.com\/ca\/","logo":{"@type":"ImageObject","inLanguage":"ca","@id":"https:\/\/www.tressis.com\/ca\/#\/schema\/logo\/image\/","url":"https:\/\/www.tressis.com\/wp-content\/uploads\/2025\/06\/logo-tressis-112.png","contentUrl":"https:\/\/www.tressis.com\/wp-content\/uploads\/2025\/06\/logo-tressis-112.png","width":112,"height":112,"caption":"Tressis"},"image":{"@id":"https:\/\/www.tressis.com\/ca\/#\/schema\/logo\/image\/"},"sameAs":["https:\/\/www.facebook.com\/Tressis\/","https:\/\/x.com\/TressisSV","https:\/\/www.instagram.com\/tressissv\/?hl=es","https:\/\/linkedin.com\/company\/tressis\/","https:\/\/www.youtube.com\/user\/tressissv","https:\/\/open.spotify.com\/show\/3jmTe1Nf0wqMILl7diWV6h?si=d7112519f13c4593&nd=1"]},{"@type":"Person","@id":"https:\/\/www.tressis.com\/ca\/#\/schema\/person\/b833c1d724d8764920b6d6852c70584e","name":"Lola","image":{"@type":"ImageObject","inLanguage":"ca","@id":"https:\/\/secure.gravatar.com\/avatar\/05e646486b23ff45df9649110609c7e31b8c4a3e2821caa23d6317f405e0c51d?s=96&d=mm&r=g","url":"https:\/\/secure.gravatar.com\/avatar\/05e646486b23ff45df9649110609c7e31b8c4a3e2821caa23d6317f405e0c51d?s=96&d=mm&r=g","contentUrl":"https:\/\/secure.gravatar.com\/avatar\/05e646486b23ff45df9649110609c7e31b8c4a3e2821caa23d6317f405e0c51d?s=96&d=mm&r=g","caption":"Lola"}}]}},"_links":{"self":[{"href":"https:\/\/www.tressis.com\/ca\/wp-json\/wp\/v2\/posts\/29542","targetHints":{"allow":["GET"]}}],"collection":[{"href":"https:\/\/www.tressis.com\/ca\/wp-json\/wp\/v2\/posts"}],"about":[{"href":"https:\/\/www.tressis.com\/ca\/wp-json\/wp\/v2\/types\/post"}],"author":[{"embeddable":true,"href":"https:\/\/www.tressis.com\/ca\/wp-json\/wp\/v2\/users\/4"}],"replies":[{"embeddable":true,"href":"https:\/\/www.tressis.com\/ca\/wp-json\/wp\/v2\/comments?post=29542"}],"version-history":[{"count":0,"href":"https:\/\/www.tressis.com\/ca\/wp-json\/wp\/v2\/posts\/29542\/revisions"}],"wp:featuredmedia":[{"embeddable":true,"href":"https:\/\/www.tressis.com\/ca\/wp-json\/wp\/v2\/media\/29545"}],"wp:attachment":[{"href":"https:\/\/www.tressis.com\/ca\/wp-json\/wp\/v2\/media?parent=29542"}],"wp:term":[{"taxonomy":"category","embeddable":true,"href":"https:\/\/www.tressis.com\/ca\/wp-json\/wp\/v2\/categories?post=29542"},{"taxonomy":"post_tag","embeddable":true,"href":"https:\/\/www.tressis.com\/ca\/wp-json\/wp\/v2\/tags?post=29542"}],"curies":[{"name":"wp","href":"https:\/\/api.w.org\/{rel}","templated":true}]}}