{"id":29530,"date":"2018-07-26T11:24:38","date_gmt":"2018-07-26T09:24:38","guid":{"rendered":"http:\/\/www.tressis.com\/blog\/?p=29530"},"modified":"2018-07-26T11:24:38","modified_gmt":"2018-07-26T09:24:38","slug":"hay-tregua-entre-la-union-europea-y-estados-unidos","status":"publish","type":"post","link":"https:\/\/www.tressis.com\/ca\/blog\/hay-tregua-entre-la-union-europea-y-estados-unidos\/","title":{"rendered":"Hay tregua entre la Uni\u00f3n Europea y Estados Unidos"},"content":{"rendered":"<p>Aminora el riesgo de guerra comercial despu\u00e9s de la reuni\u00f3n de ayer entre Juncker y Trump, de la que, en \u00faltima instancia, salimos beneficiados los consumidores que tenemos que pagar un sobrecoste por todos aquellos productos y servicios protegidos por la m\u00e1quina burocr\u00e1tica europea. <!--more-->Y es que aunque sobre lo m\u00e1s medi\u00e1tico no se han pronunciado, los coches, s\u00ed parece que de momento EE.UU. y la Uni\u00f3n Europea han alcanzado principios de acuerdo para liberalizar el intercambio de determinados productos, adem\u00e1s de prometer equilibrar el saldo comercial entre ambos.<\/p>\n<p>El cambio de rumbo en la pol\u00edtica norteamericana se sigue haciendo notar en los resultados de las compa\u00f1\u00edas. En la tanda de ayer Coca-Cola achac\u00f3 en buena medida el incremento de beneficios a la bajada de impuestos, mientras que Boeing se est\u00e1 viendo favorecida por mayores ingresos en Defensa. Aunque la sesi\u00f3n de resultados en realidad esperaba a Facebook, que a pesar de incrementar el beneficio en cerca del 50%, se llev\u00f3 un hachazo del mercado por no cumplir con el crecimiento de usuarios e ingresos. Y precisamente es eso, una compa\u00f1\u00eda de crecimiento.<\/p>\n<p>A nivel macroecon\u00f3mico, el \u00fanico indicador destacable fue el clima empresarial alem\u00e1n medido por el IFO. Perdi\u00f3 una m\u00edsera d\u00e9cima que le sirvi\u00f3 para batir de largo las previsiones, pero sobretodo reforz\u00f3 la idea del Bundesbank de que Alemania, y esperemos que por extensi\u00f3n el resto de Europa, enfrentan en los pr\u00f3ximos meses un periodo de estabilizaci\u00f3n de la actividad despu\u00e9s de haber experimentado una leve desaceleraci\u00f3n.<\/p>\n<p>Buen d\u00eda.<\/p>\n<p><center><br \/>\n<strong>Am\u00edlcar Barrios Vilallonga<\/strong><br \/>\nDirecci\u00f3n de Inversiones<\/center><\/p>\n","protected":false},"excerpt":{"rendered":"<p>Aminora el riesgo de guerra comercial despu\u00e9s de la reuni\u00f3n de ayer entre Juncker y Trump, de la que, en \u00faltima instancia, salimos beneficiados los consumidores que tenemos que pagar un sobrecoste por todos aquellos productos y servicios protegidos por la m\u00e1quina burocr\u00e1tica europea.<\/p>\n","protected":false},"author":4,"featured_media":29533,"comment_status":"open","ping_status":"closed","sticky":false,"template":"","format":"standard","meta":{"_acf_changed":false,"footnotes":""},"categories":[9721],"tags":[52,354,398,399,451,1240,1766,2097,2461,2492,3101,3128,3236,3531,3720,3847,5009,5996,6714,6772],"class_list":["post-29530","post","type-post","status-publish","format-standard","has-post-thumbnail","hentry","category-morning-meeting","tag-acuerdos-comerciales","tag-aumento-de-beneficios","tag-baja-de-impuestos","tag-baja-el-riesgo","tag-balanza-comercial","tag-comercio-justo","tag-datos-macro","tag-doanld-trump","tag-estabilidad-comercial","tag-estados-unidos","tag-grandes-companias","tag-guerra-comercial","tag-ifo","tag-intercambio-de-productos","tag-jean-claude-juncker","tag-libre-comercio","tag-politica-norteamericana","tag-saldo-comercial","tag-tregua","tag-union-europea"],"acf":[],"yoast_head":"<!-- This site is optimized with the Yoast SEO plugin v27.4 - https:\/\/yoast.com\/product\/yoast-seo-wordpress\/ -->\n<title>Hay tregua entre la Uni\u00f3n Europea y Estados Unidos<\/title>\n<meta name=\"description\" content=\"El cambio de rumbo en la pol\u00edtica norteamericana se sigue haciendo notar en los resultados de las compa\u00f1\u00edas\" \/>\n<meta name=\"robots\" content=\"index, follow, max-snippet:-1, max-image-preview:large, max-video-preview:-1\" \/>\n<link rel=\"canonical\" href=\"https:\/\/www.tressis.com\/ca\/blog\/hay-tregua-entre-la-union-europea-y-estados-unidos\/\" \/>\n<meta property=\"og:locale\" content=\"ca_ES\" \/>\n<meta property=\"og:type\" content=\"article\" \/>\n<meta property=\"og:title\" content=\"Hay tregua entre la Uni\u00f3n Europea y Estados Unidos\" \/>\n<meta property=\"og:description\" content=\"El cambio de rumbo en la pol\u00edtica norteamericana se sigue haciendo notar en los resultados de las compa\u00f1\u00edas\" \/>\n<meta property=\"og:url\" content=\"https:\/\/www.tressis.com\/ca\/blog\/hay-tregua-entre-la-union-europea-y-estados-unidos\/\" \/>\n<meta property=\"og:site_name\" content=\"Tressis\" \/>\n<meta property=\"article:publisher\" content=\"https:\/\/www.facebook.com\/Tressis\/\" \/>\n<meta property=\"article:published_time\" content=\"2018-07-26T09:24:38+00:00\" \/>\n<meta property=\"og:image\" content=\"https:\/\/www.tressis.com\/wp-content\/uploads\/2018\/07\/20180726-mmv.jpg\" \/>\n\t<meta property=\"og:image:width\" content=\"1100\" \/>\n\t<meta property=\"og:image:height\" content=\"487\" \/>\n\t<meta property=\"og:image:type\" content=\"image\/jpeg\" \/>\n<meta name=\"author\" content=\"Lola\" \/>\n<meta name=\"twitter:card\" content=\"summary_large_image\" \/>\n<meta name=\"twitter:creator\" content=\"@TressisSV\" \/>\n<meta name=\"twitter:site\" content=\"@TressisSV\" \/>\n<meta name=\"twitter:label1\" content=\"Escrit per\" \/>\n\t<meta name=\"twitter:data1\" content=\"Lola\" \/>\n\t<meta name=\"twitter:label2\" content=\"Temps estimat de lectura\" \/>\n\t<meta name=\"twitter:data2\" content=\"1 minut\" \/>\n<script type=\"application\/ld+json\" class=\"yoast-schema-graph\">{\"@context\":\"https:\\\/\\\/schema.org\",\"@graph\":[{\"@type\":\"Article\",\"@id\":\"https:\\\/\\\/www.tressis.com\\\/ca\\\/blog\\\/hay-tregua-entre-la-union-europea-y-estados-unidos\\\/#article\",\"isPartOf\":{\"@id\":\"https:\\\/\\\/www.tressis.com\\\/ca\\\/blog\\\/hay-tregua-entre-la-union-europea-y-estados-unidos\\\/\"},\"author\":{\"name\":\"Lola\",\"@id\":\"https:\\\/\\\/www.tressis.com\\\/ca\\\/#\\\/schema\\\/person\\\/b833c1d724d8764920b6d6852c70584e\"},\"headline\":\"Hay tregua entre la Uni\u00f3n Europea y Estados Unidos\",\"datePublished\":\"2018-07-26T09:24:38+00:00\",\"mainEntityOfPage\":{\"@id\":\"https:\\\/\\\/www.tressis.com\\\/ca\\\/blog\\\/hay-tregua-entre-la-union-europea-y-estados-unidos\\\/\"},\"wordCount\":292,\"commentCount\":0,\"publisher\":{\"@id\":\"https:\\\/\\\/www.tressis.com\\\/ca\\\/#organization\"},\"image\":{\"@id\":\"https:\\\/\\\/www.tressis.com\\\/ca\\\/blog\\\/hay-tregua-entre-la-union-europea-y-estados-unidos\\\/#primaryimage\"},\"thumbnailUrl\":\"https:\\\/\\\/www.tressis.com\\\/wp-content\\\/uploads\\\/2018\\\/07\\\/20180726-mmv.jpg\",\"keywords\":[\"acuerdos comerciales\",\"aumento de beneficios\",\"baja de impuestos\",\"baja el riesgo\",\"balanza comercial\",\"comercio justo\",\"datos macro\",\"Doanld Trump\",\"estabilidad comercial\",\"Estados Unidos\",\"grandes compa\u00f1\u00edas\",\"guerra comercial\",\"IFO\",\"intercambio de productos\",\"Jean Claude Juncker\",\"libre comercio\",\"pol\u00edtica norteamericana\",\"saldo comercial\",\"tregua\",\"Uni\u00f3n Europea\"],\"articleSection\":[\"Morning meeting\"],\"inLanguage\":\"ca\",\"potentialAction\":[{\"@type\":\"CommentAction\",\"name\":\"Comment\",\"target\":[\"https:\\\/\\\/www.tressis.com\\\/ca\\\/blog\\\/hay-tregua-entre-la-union-europea-y-estados-unidos\\\/#respond\"]}]},{\"@type\":\"WebPage\",\"@id\":\"https:\\\/\\\/www.tressis.com\\\/ca\\\/blog\\\/hay-tregua-entre-la-union-europea-y-estados-unidos\\\/\",\"url\":\"https:\\\/\\\/www.tressis.com\\\/ca\\\/blog\\\/hay-tregua-entre-la-union-europea-y-estados-unidos\\\/\",\"name\":\"Hay tregua entre la Uni\u00f3n Europea y Estados Unidos\",\"isPartOf\":{\"@id\":\"https:\\\/\\\/www.tressis.com\\\/ca\\\/#website\"},\"primaryImageOfPage\":{\"@id\":\"https:\\\/\\\/www.tressis.com\\\/ca\\\/blog\\\/hay-tregua-entre-la-union-europea-y-estados-unidos\\\/#primaryimage\"},\"image\":{\"@id\":\"https:\\\/\\\/www.tressis.com\\\/ca\\\/blog\\\/hay-tregua-entre-la-union-europea-y-estados-unidos\\\/#primaryimage\"},\"thumbnailUrl\":\"https:\\\/\\\/www.tressis.com\\\/wp-content\\\/uploads\\\/2018\\\/07\\\/20180726-mmv.jpg\",\"datePublished\":\"2018-07-26T09:24:38+00:00\",\"description\":\"El cambio de rumbo en la pol\u00edtica norteamericana se sigue haciendo notar en los resultados de las compa\u00f1\u00edas\",\"breadcrumb\":{\"@id\":\"https:\\\/\\\/www.tressis.com\\\/ca\\\/blog\\\/hay-tregua-entre-la-union-europea-y-estados-unidos\\\/#breadcrumb\"},\"inLanguage\":\"ca\",\"potentialAction\":[{\"@type\":\"ReadAction\",\"target\":[\"https:\\\/\\\/www.tressis.com\\\/ca\\\/blog\\\/hay-tregua-entre-la-union-europea-y-estados-unidos\\\/\"]}]},{\"@type\":\"ImageObject\",\"inLanguage\":\"ca\",\"@id\":\"https:\\\/\\\/www.tressis.com\\\/ca\\\/blog\\\/hay-tregua-entre-la-union-europea-y-estados-unidos\\\/#primaryimage\",\"url\":\"https:\\\/\\\/www.tressis.com\\\/wp-content\\\/uploads\\\/2018\\\/07\\\/20180726-mmv.jpg\",\"contentUrl\":\"https:\\\/\\\/www.tressis.com\\\/wp-content\\\/uploads\\\/2018\\\/07\\\/20180726-mmv.jpg\",\"width\":1100,\"height\":487,\"caption\":\"Hay tregua entre la Uni\u00f3n Europea y Estados Unidos\"},{\"@type\":\"BreadcrumbList\",\"@id\":\"https:\\\/\\\/www.tressis.com\\\/ca\\\/blog\\\/hay-tregua-entre-la-union-europea-y-estados-unidos\\\/#breadcrumb\",\"itemListElement\":[{\"@type\":\"ListItem\",\"position\":1,\"name\":\"Inicio\",\"item\":\"https:\\\/\\\/www.tressis.com\\\/ca\\\/\"},{\"@type\":\"ListItem\",\"position\":2,\"name\":\"Hay tregua entre la Uni\u00f3n Europea y Estados Unidos\"}]},{\"@type\":\"WebSite\",\"@id\":\"https:\\\/\\\/www.tressis.com\\\/ca\\\/#website\",\"url\":\"https:\\\/\\\/www.tressis.com\\\/ca\\\/\",\"name\":\"Tressis banca privada\",\"description\":\"Tressis | Planificaci\u00f3n financiera y gesti\u00f3n de patrimonios\",\"publisher\":{\"@id\":\"https:\\\/\\\/www.tressis.com\\\/ca\\\/#organization\"},\"potentialAction\":[{\"@type\":\"SearchAction\",\"target\":{\"@type\":\"EntryPoint\",\"urlTemplate\":\"https:\\\/\\\/www.tressis.com\\\/ca\\\/?s={search_term_string}\"},\"query-input\":{\"@type\":\"PropertyValueSpecification\",\"valueRequired\":true,\"valueName\":\"search_term_string\"}}],\"inLanguage\":\"ca\"},{\"@type\":\"Organization\",\"@id\":\"https:\\\/\\\/www.tressis.com\\\/ca\\\/#organization\",\"name\":\"Tressis\",\"url\":\"https:\\\/\\\/www.tressis.com\\\/ca\\\/\",\"logo\":{\"@type\":\"ImageObject\",\"inLanguage\":\"ca\",\"@id\":\"https:\\\/\\\/www.tressis.com\\\/ca\\\/#\\\/schema\\\/logo\\\/image\\\/\",\"url\":\"https:\\\/\\\/www.tressis.com\\\/wp-content\\\/uploads\\\/2025\\\/06\\\/logo-tressis-112.png\",\"contentUrl\":\"https:\\\/\\\/www.tressis.com\\\/wp-content\\\/uploads\\\/2025\\\/06\\\/logo-tressis-112.png\",\"width\":112,\"height\":112,\"caption\":\"Tressis\"},\"image\":{\"@id\":\"https:\\\/\\\/www.tressis.com\\\/ca\\\/#\\\/schema\\\/logo\\\/image\\\/\"},\"sameAs\":[\"https:\\\/\\\/www.facebook.com\\\/Tressis\\\/\",\"https:\\\/\\\/x.com\\\/TressisSV\",\"https:\\\/\\\/www.instagram.com\\\/tressissv\\\/?hl=es\",\"https:\\\/\\\/linkedin.com\\\/company\\\/tressis\\\/\",\"https:\\\/\\\/www.youtube.com\\\/user\\\/tressissv\",\"https:\\\/\\\/open.spotify.com\\\/show\\\/3jmTe1Nf0wqMILl7diWV6h?si=d7112519f13c4593&nd=1\"]},{\"@type\":\"Person\",\"@id\":\"https:\\\/\\\/www.tressis.com\\\/ca\\\/#\\\/schema\\\/person\\\/b833c1d724d8764920b6d6852c70584e\",\"name\":\"Lola\",\"image\":{\"@type\":\"ImageObject\",\"inLanguage\":\"ca\",\"@id\":\"https:\\\/\\\/secure.gravatar.com\\\/avatar\\\/05e646486b23ff45df9649110609c7e31b8c4a3e2821caa23d6317f405e0c51d?s=96&d=mm&r=g\",\"url\":\"https:\\\/\\\/secure.gravatar.com\\\/avatar\\\/05e646486b23ff45df9649110609c7e31b8c4a3e2821caa23d6317f405e0c51d?s=96&d=mm&r=g\",\"contentUrl\":\"https:\\\/\\\/secure.gravatar.com\\\/avatar\\\/05e646486b23ff45df9649110609c7e31b8c4a3e2821caa23d6317f405e0c51d?s=96&d=mm&r=g\",\"caption\":\"Lola\"}}]}<\/script>\n<!-- \/ Yoast SEO plugin. -->","yoast_head_json":{"title":"Hay tregua entre la Uni\u00f3n Europea y Estados Unidos","description":"El cambio de rumbo en la pol\u00edtica norteamericana se sigue haciendo notar en los resultados de las compa\u00f1\u00edas","robots":{"index":"index","follow":"follow","max-snippet":"max-snippet:-1","max-image-preview":"max-image-preview:large","max-video-preview":"max-video-preview:-1"},"canonical":"https:\/\/www.tressis.com\/ca\/blog\/hay-tregua-entre-la-union-europea-y-estados-unidos\/","og_locale":"ca_ES","og_type":"article","og_title":"Hay tregua entre la Uni\u00f3n Europea y Estados Unidos","og_description":"El cambio de rumbo en la pol\u00edtica norteamericana se sigue haciendo notar en los resultados de las compa\u00f1\u00edas","og_url":"https:\/\/www.tressis.com\/ca\/blog\/hay-tregua-entre-la-union-europea-y-estados-unidos\/","og_site_name":"Tressis","article_publisher":"https:\/\/www.facebook.com\/Tressis\/","article_published_time":"2018-07-26T09:24:38+00:00","og_image":[{"width":1100,"height":487,"url":"https:\/\/www.tressis.com\/wp-content\/uploads\/2018\/07\/20180726-mmv.jpg","type":"image\/jpeg"}],"author":"Lola","twitter_card":"summary_large_image","twitter_creator":"@TressisSV","twitter_site":"@TressisSV","twitter_misc":{"Escrit per":"Lola","Temps estimat de lectura":"1 minut"},"schema":{"@context":"https:\/\/schema.org","@graph":[{"@type":"Article","@id":"https:\/\/www.tressis.com\/ca\/blog\/hay-tregua-entre-la-union-europea-y-estados-unidos\/#article","isPartOf":{"@id":"https:\/\/www.tressis.com\/ca\/blog\/hay-tregua-entre-la-union-europea-y-estados-unidos\/"},"author":{"name":"Lola","@id":"https:\/\/www.tressis.com\/ca\/#\/schema\/person\/b833c1d724d8764920b6d6852c70584e"},"headline":"Hay tregua entre la Uni\u00f3n Europea y Estados Unidos","datePublished":"2018-07-26T09:24:38+00:00","mainEntityOfPage":{"@id":"https:\/\/www.tressis.com\/ca\/blog\/hay-tregua-entre-la-union-europea-y-estados-unidos\/"},"wordCount":292,"commentCount":0,"publisher":{"@id":"https:\/\/www.tressis.com\/ca\/#organization"},"image":{"@id":"https:\/\/www.tressis.com\/ca\/blog\/hay-tregua-entre-la-union-europea-y-estados-unidos\/#primaryimage"},"thumbnailUrl":"https:\/\/www.tressis.com\/wp-content\/uploads\/2018\/07\/20180726-mmv.jpg","keywords":["acuerdos comerciales","aumento de beneficios","baja de impuestos","baja el riesgo","balanza comercial","comercio justo","datos macro","Doanld Trump","estabilidad comercial","Estados Unidos","grandes compa\u00f1\u00edas","guerra comercial","IFO","intercambio de productos","Jean Claude Juncker","libre comercio","pol\u00edtica norteamericana","saldo comercial","tregua","Uni\u00f3n Europea"],"articleSection":["Morning meeting"],"inLanguage":"ca","potentialAction":[{"@type":"CommentAction","name":"Comment","target":["https:\/\/www.tressis.com\/ca\/blog\/hay-tregua-entre-la-union-europea-y-estados-unidos\/#respond"]}]},{"@type":"WebPage","@id":"https:\/\/www.tressis.com\/ca\/blog\/hay-tregua-entre-la-union-europea-y-estados-unidos\/","url":"https:\/\/www.tressis.com\/ca\/blog\/hay-tregua-entre-la-union-europea-y-estados-unidos\/","name":"Hay tregua entre la Uni\u00f3n Europea y Estados Unidos","isPartOf":{"@id":"https:\/\/www.tressis.com\/ca\/#website"},"primaryImageOfPage":{"@id":"https:\/\/www.tressis.com\/ca\/blog\/hay-tregua-entre-la-union-europea-y-estados-unidos\/#primaryimage"},"image":{"@id":"https:\/\/www.tressis.com\/ca\/blog\/hay-tregua-entre-la-union-europea-y-estados-unidos\/#primaryimage"},"thumbnailUrl":"https:\/\/www.tressis.com\/wp-content\/uploads\/2018\/07\/20180726-mmv.jpg","datePublished":"2018-07-26T09:24:38+00:00","description":"El cambio de rumbo en la pol\u00edtica norteamericana se sigue haciendo notar en los resultados de las compa\u00f1\u00edas","breadcrumb":{"@id":"https:\/\/www.tressis.com\/ca\/blog\/hay-tregua-entre-la-union-europea-y-estados-unidos\/#breadcrumb"},"inLanguage":"ca","potentialAction":[{"@type":"ReadAction","target":["https:\/\/www.tressis.com\/ca\/blog\/hay-tregua-entre-la-union-europea-y-estados-unidos\/"]}]},{"@type":"ImageObject","inLanguage":"ca","@id":"https:\/\/www.tressis.com\/ca\/blog\/hay-tregua-entre-la-union-europea-y-estados-unidos\/#primaryimage","url":"https:\/\/www.tressis.com\/wp-content\/uploads\/2018\/07\/20180726-mmv.jpg","contentUrl":"https:\/\/www.tressis.com\/wp-content\/uploads\/2018\/07\/20180726-mmv.jpg","width":1100,"height":487,"caption":"Hay tregua entre la Uni\u00f3n Europea y Estados Unidos"},{"@type":"BreadcrumbList","@id":"https:\/\/www.tressis.com\/ca\/blog\/hay-tregua-entre-la-union-europea-y-estados-unidos\/#breadcrumb","itemListElement":[{"@type":"ListItem","position":1,"name":"Inicio","item":"https:\/\/www.tressis.com\/ca\/"},{"@type":"ListItem","position":2,"name":"Hay tregua entre la Uni\u00f3n Europea y Estados Unidos"}]},{"@type":"WebSite","@id":"https:\/\/www.tressis.com\/ca\/#website","url":"https:\/\/www.tressis.com\/ca\/","name":"Tressis banca privada","description":"Tressis | Planificaci\u00f3n financiera y gesti\u00f3n de patrimonios","publisher":{"@id":"https:\/\/www.tressis.com\/ca\/#organization"},"potentialAction":[{"@type":"SearchAction","target":{"@type":"EntryPoint","urlTemplate":"https:\/\/www.tressis.com\/ca\/?s={search_term_string}"},"query-input":{"@type":"PropertyValueSpecification","valueRequired":true,"valueName":"search_term_string"}}],"inLanguage":"ca"},{"@type":"Organization","@id":"https:\/\/www.tressis.com\/ca\/#organization","name":"Tressis","url":"https:\/\/www.tressis.com\/ca\/","logo":{"@type":"ImageObject","inLanguage":"ca","@id":"https:\/\/www.tressis.com\/ca\/#\/schema\/logo\/image\/","url":"https:\/\/www.tressis.com\/wp-content\/uploads\/2025\/06\/logo-tressis-112.png","contentUrl":"https:\/\/www.tressis.com\/wp-content\/uploads\/2025\/06\/logo-tressis-112.png","width":112,"height":112,"caption":"Tressis"},"image":{"@id":"https:\/\/www.tressis.com\/ca\/#\/schema\/logo\/image\/"},"sameAs":["https:\/\/www.facebook.com\/Tressis\/","https:\/\/x.com\/TressisSV","https:\/\/www.instagram.com\/tressissv\/?hl=es","https:\/\/linkedin.com\/company\/tressis\/","https:\/\/www.youtube.com\/user\/tressissv","https:\/\/open.spotify.com\/show\/3jmTe1Nf0wqMILl7diWV6h?si=d7112519f13c4593&nd=1"]},{"@type":"Person","@id":"https:\/\/www.tressis.com\/ca\/#\/schema\/person\/b833c1d724d8764920b6d6852c70584e","name":"Lola","image":{"@type":"ImageObject","inLanguage":"ca","@id":"https:\/\/secure.gravatar.com\/avatar\/05e646486b23ff45df9649110609c7e31b8c4a3e2821caa23d6317f405e0c51d?s=96&d=mm&r=g","url":"https:\/\/secure.gravatar.com\/avatar\/05e646486b23ff45df9649110609c7e31b8c4a3e2821caa23d6317f405e0c51d?s=96&d=mm&r=g","contentUrl":"https:\/\/secure.gravatar.com\/avatar\/05e646486b23ff45df9649110609c7e31b8c4a3e2821caa23d6317f405e0c51d?s=96&d=mm&r=g","caption":"Lola"}}]}},"_links":{"self":[{"href":"https:\/\/www.tressis.com\/ca\/wp-json\/wp\/v2\/posts\/29530","targetHints":{"allow":["GET"]}}],"collection":[{"href":"https:\/\/www.tressis.com\/ca\/wp-json\/wp\/v2\/posts"}],"about":[{"href":"https:\/\/www.tressis.com\/ca\/wp-json\/wp\/v2\/types\/post"}],"author":[{"embeddable":true,"href":"https:\/\/www.tressis.com\/ca\/wp-json\/wp\/v2\/users\/4"}],"replies":[{"embeddable":true,"href":"https:\/\/www.tressis.com\/ca\/wp-json\/wp\/v2\/comments?post=29530"}],"version-history":[{"count":0,"href":"https:\/\/www.tressis.com\/ca\/wp-json\/wp\/v2\/posts\/29530\/revisions"}],"wp:featuredmedia":[{"embeddable":true,"href":"https:\/\/www.tressis.com\/ca\/wp-json\/wp\/v2\/media\/29533"}],"wp:attachment":[{"href":"https:\/\/www.tressis.com\/ca\/wp-json\/wp\/v2\/media?parent=29530"}],"wp:term":[{"taxonomy":"category","embeddable":true,"href":"https:\/\/www.tressis.com\/ca\/wp-json\/wp\/v2\/categories?post=29530"},{"taxonomy":"post_tag","embeddable":true,"href":"https:\/\/www.tressis.com\/ca\/wp-json\/wp\/v2\/tags?post=29530"}],"curies":[{"name":"wp","href":"https:\/\/api.w.org\/{rel}","templated":true}]}}