{"id":29504,"date":"2018-07-24T11:27:34","date_gmt":"2018-07-24T09:27:34","guid":{"rendered":"http:\/\/www.tressis.com\/blog\/?p=29504"},"modified":"2018-07-24T11:27:34","modified_gmt":"2018-07-24T09:27:34","slug":"europa-esta-mejorando-poco-a-poco","status":"publish","type":"post","link":"https:\/\/www.tressis.com\/ca\/blog\/europa-esta-mejorando-poco-a-poco\/","title":{"rendered":"Europa est\u00e1 mejorando poco a poco"},"content":{"rendered":"<p>A una semana de llegar agosto, que suele significar un descenso muy pronunciado de la actividad en los mercados, los amagos de guerra comercial multilateral siguen presentes (aunque en <i>stand-by<\/i>) en el imaginario de los inversores, quietos a la espera de acontecimientos.<!--more--> Quiz\u00e1s entre estos se encuentre el aluvi\u00f3n de resultados empresariales que se presentan esta semana, en la que Google ha ejercido de pionera con otra ronda de beneficios impresionante, m\u00e1s de 12.500 millones de d\u00f3lares en el semestre y habiendo restado ya los m\u00e1s de 4000 de multa de la UE. Si la tecnolog\u00eda est\u00e1 cara y encima lo est\u00e1 con estos niveles de beneficio&#8230;<\/p>\n<p>Por la v\u00eda macroecon\u00f3mica, Europa est\u00e1 mejorando poco a poco estas \u00faltimas semanas. Los dos ejemplos m\u00e1s recientes son bastante sintom\u00e1ticos de este posible cambio de rumbo, pues por un lado se mantiene, que no es poco, la confianza de unos consumidores &#8220;atacados&#8221; por las amenazas de los aranceles y por los enfrentamientos de nuestros propios pol\u00edticos. Y por el otro, el Bundesbank ha constatado que la econom\u00eda alemana ha recuperado en el segundo trimestre del a\u00f1o parte de la tracci\u00f3n perdida en el primero.<\/p>\n<p>Para no perder el tren del crecimiento global, si es que no ha salido ya, China est\u00e1 decidida a no sufrir por culpa de la guerra de tarifas despu\u00e9s de a\u00f1os acomodada a un modelo negociador en el que sal\u00eda ganando pasase lo que pasase. Es por eso por lo que con la nueva ola de comercio igualitario el Gobierno haya tenido que salir a prometer hacer lo que est\u00e9 en su mano para compensar las p\u00e9rdidas. Vamos, como si el que hablara fuera, por ejemplo, Mario Draghi.<\/p>\n<p>Buen d\u00eda.<\/p>\n<p><center><br \/>\n<strong>Am\u00edlcar Barrios Vilallonga<\/strong><br \/>\nDirecci\u00f3n de Inversiones<\/center><\/p>\n","protected":false},"excerpt":{"rendered":"<p>A una semana de llegar agosto, que suele significar un descenso muy pronunciado de la actividad en los mercados, los amagos de guerra comercial multilateral siguen presentes (aunque en stand-by) en el imaginario de los inversores, quietos a la espera de acontecimientos.<\/p>\n","protected":false},"author":4,"featured_media":29505,"comment_status":"open","ping_status":"closed","sticky":false,"template":"","format":"standard","meta":{"_acf_changed":false,"footnotes":""},"categories":[9721],"tags":[571,869,1118,1238,1358,2492,3084,3128,3136,3139,3916,3973,5796,6762],"class_list":["post-29504","post","type-post","status-publish","format-standard","has-post-thumbnail","hentry","category-morning-meeting","tag-beneficios","tag-bundesbank","tag-china","tag-comercio-igualitario","tag-confianza-de-los-consumidores","tag-estados-unidos","tag-google","tag-guerra-comercial","tag-guerra-comercial-multilateral","tag-guerra-de-tarifas","tag-macroeconomia","tag-mario-draghi","tag-resultados-empresariales","tag-ue"],"acf":[],"yoast_head":"<!-- This site is optimized with the Yoast SEO plugin v27.4 - https:\/\/yoast.com\/product\/yoast-seo-wordpress\/ -->\n<title>Europa est\u00e1 mejorando poco a poco<\/title>\n<meta name=\"description\" content=\"El Bundesbank ha constatado que la econom\u00eda alemana ha recuperado en el segundo trimestre del a\u00f1o parte de la tracci\u00f3n perdida en el primero.\" \/>\n<meta name=\"robots\" content=\"index, follow, max-snippet:-1, max-image-preview:large, max-video-preview:-1\" \/>\n<link rel=\"canonical\" href=\"https:\/\/www.tressis.com\/ca\/blog\/europa-esta-mejorando-poco-a-poco\/\" \/>\n<meta property=\"og:locale\" content=\"ca_ES\" \/>\n<meta property=\"og:type\" content=\"article\" \/>\n<meta property=\"og:title\" content=\"Europa est\u00e1 mejorando poco a poco\" \/>\n<meta property=\"og:description\" content=\"El Bundesbank ha constatado que la econom\u00eda alemana ha recuperado en el segundo trimestre del a\u00f1o parte de la tracci\u00f3n perdida en el primero.\" \/>\n<meta property=\"og:url\" content=\"https:\/\/www.tressis.com\/ca\/blog\/europa-esta-mejorando-poco-a-poco\/\" \/>\n<meta property=\"og:site_name\" content=\"Tressis\" \/>\n<meta property=\"article:publisher\" content=\"https:\/\/www.facebook.com\/Tressis\/\" \/>\n<meta property=\"article:published_time\" content=\"2018-07-24T09:27:34+00:00\" \/>\n<meta property=\"og:image\" content=\"https:\/\/www.tressis.com\/wp-content\/uploads\/2018\/07\/20180724-mmv.jpg\" \/>\n\t<meta property=\"og:image:width\" content=\"1100\" \/>\n\t<meta property=\"og:image:height\" content=\"487\" \/>\n\t<meta property=\"og:image:type\" content=\"image\/jpeg\" \/>\n<meta name=\"author\" content=\"Lola\" \/>\n<meta name=\"twitter:card\" content=\"summary_large_image\" \/>\n<meta name=\"twitter:creator\" content=\"@TressisSV\" \/>\n<meta name=\"twitter:site\" content=\"@TressisSV\" \/>\n<meta name=\"twitter:label1\" content=\"Escrit per\" \/>\n\t<meta name=\"twitter:data1\" content=\"Lola\" \/>\n\t<meta name=\"twitter:label2\" content=\"Temps estimat de lectura\" \/>\n\t<meta name=\"twitter:data2\" content=\"2 minuts\" \/>\n<script type=\"application\/ld+json\" class=\"yoast-schema-graph\">{\"@context\":\"https:\\\/\\\/schema.org\",\"@graph\":[{\"@type\":\"Article\",\"@id\":\"https:\\\/\\\/www.tressis.com\\\/ca\\\/blog\\\/europa-esta-mejorando-poco-a-poco\\\/#article\",\"isPartOf\":{\"@id\":\"https:\\\/\\\/www.tressis.com\\\/ca\\\/blog\\\/europa-esta-mejorando-poco-a-poco\\\/\"},\"author\":{\"name\":\"Lola\",\"@id\":\"https:\\\/\\\/www.tressis.com\\\/ca\\\/#\\\/schema\\\/person\\\/b833c1d724d8764920b6d6852c70584e\"},\"headline\":\"Europa est\u00e1 mejorando poco a poco\",\"datePublished\":\"2018-07-24T09:27:34+00:00\",\"mainEntityOfPage\":{\"@id\":\"https:\\\/\\\/www.tressis.com\\\/ca\\\/blog\\\/europa-esta-mejorando-poco-a-poco\\\/\"},\"wordCount\":313,\"commentCount\":0,\"publisher\":{\"@id\":\"https:\\\/\\\/www.tressis.com\\\/ca\\\/#organization\"},\"image\":{\"@id\":\"https:\\\/\\\/www.tressis.com\\\/ca\\\/blog\\\/europa-esta-mejorando-poco-a-poco\\\/#primaryimage\"},\"thumbnailUrl\":\"https:\\\/\\\/www.tressis.com\\\/wp-content\\\/uploads\\\/2018\\\/07\\\/20180724-mmv.jpg\",\"keywords\":[\"beneficios\",\"Bundesbank\",\"china\",\"comercio igualitario\",\"confianza de los consumidores\",\"Estados Unidos\",\"Google\",\"guerra comercial\",\"guerra comercial multilateral\",\"guerra de tarifas\",\"macroeconom\u00eda\",\"Mario Draghi\",\"resultados empresariales\",\"UE\"],\"articleSection\":[\"Morning meeting\"],\"inLanguage\":\"ca\",\"potentialAction\":[{\"@type\":\"CommentAction\",\"name\":\"Comment\",\"target\":[\"https:\\\/\\\/www.tressis.com\\\/ca\\\/blog\\\/europa-esta-mejorando-poco-a-poco\\\/#respond\"]}]},{\"@type\":\"WebPage\",\"@id\":\"https:\\\/\\\/www.tressis.com\\\/ca\\\/blog\\\/europa-esta-mejorando-poco-a-poco\\\/\",\"url\":\"https:\\\/\\\/www.tressis.com\\\/ca\\\/blog\\\/europa-esta-mejorando-poco-a-poco\\\/\",\"name\":\"Europa est\u00e1 mejorando poco a poco\",\"isPartOf\":{\"@id\":\"https:\\\/\\\/www.tressis.com\\\/ca\\\/#website\"},\"primaryImageOfPage\":{\"@id\":\"https:\\\/\\\/www.tressis.com\\\/ca\\\/blog\\\/europa-esta-mejorando-poco-a-poco\\\/#primaryimage\"},\"image\":{\"@id\":\"https:\\\/\\\/www.tressis.com\\\/ca\\\/blog\\\/europa-esta-mejorando-poco-a-poco\\\/#primaryimage\"},\"thumbnailUrl\":\"https:\\\/\\\/www.tressis.com\\\/wp-content\\\/uploads\\\/2018\\\/07\\\/20180724-mmv.jpg\",\"datePublished\":\"2018-07-24T09:27:34+00:00\",\"description\":\"El Bundesbank ha constatado que la econom\u00eda alemana ha recuperado en el segundo trimestre del a\u00f1o parte de la tracci\u00f3n perdida en el primero.\",\"breadcrumb\":{\"@id\":\"https:\\\/\\\/www.tressis.com\\\/ca\\\/blog\\\/europa-esta-mejorando-poco-a-poco\\\/#breadcrumb\"},\"inLanguage\":\"ca\",\"potentialAction\":[{\"@type\":\"ReadAction\",\"target\":[\"https:\\\/\\\/www.tressis.com\\\/ca\\\/blog\\\/europa-esta-mejorando-poco-a-poco\\\/\"]}]},{\"@type\":\"ImageObject\",\"inLanguage\":\"ca\",\"@id\":\"https:\\\/\\\/www.tressis.com\\\/ca\\\/blog\\\/europa-esta-mejorando-poco-a-poco\\\/#primaryimage\",\"url\":\"https:\\\/\\\/www.tressis.com\\\/wp-content\\\/uploads\\\/2018\\\/07\\\/20180724-mmv.jpg\",\"contentUrl\":\"https:\\\/\\\/www.tressis.com\\\/wp-content\\\/uploads\\\/2018\\\/07\\\/20180724-mmv.jpg\",\"width\":1100,\"height\":487,\"caption\":\"Europa est\u00e1 mejorando poco a poco\"},{\"@type\":\"BreadcrumbList\",\"@id\":\"https:\\\/\\\/www.tressis.com\\\/ca\\\/blog\\\/europa-esta-mejorando-poco-a-poco\\\/#breadcrumb\",\"itemListElement\":[{\"@type\":\"ListItem\",\"position\":1,\"name\":\"Inicio\",\"item\":\"https:\\\/\\\/www.tressis.com\\\/ca\\\/\"},{\"@type\":\"ListItem\",\"position\":2,\"name\":\"Europa est\u00e1 mejorando poco a poco\"}]},{\"@type\":\"WebSite\",\"@id\":\"https:\\\/\\\/www.tressis.com\\\/ca\\\/#website\",\"url\":\"https:\\\/\\\/www.tressis.com\\\/ca\\\/\",\"name\":\"Tressis banca privada\",\"description\":\"Tressis | Planificaci\u00f3n financiera y gesti\u00f3n de patrimonios\",\"publisher\":{\"@id\":\"https:\\\/\\\/www.tressis.com\\\/ca\\\/#organization\"},\"potentialAction\":[{\"@type\":\"SearchAction\",\"target\":{\"@type\":\"EntryPoint\",\"urlTemplate\":\"https:\\\/\\\/www.tressis.com\\\/ca\\\/?s={search_term_string}\"},\"query-input\":{\"@type\":\"PropertyValueSpecification\",\"valueRequired\":true,\"valueName\":\"search_term_string\"}}],\"inLanguage\":\"ca\"},{\"@type\":\"Organization\",\"@id\":\"https:\\\/\\\/www.tressis.com\\\/ca\\\/#organization\",\"name\":\"Tressis\",\"url\":\"https:\\\/\\\/www.tressis.com\\\/ca\\\/\",\"logo\":{\"@type\":\"ImageObject\",\"inLanguage\":\"ca\",\"@id\":\"https:\\\/\\\/www.tressis.com\\\/ca\\\/#\\\/schema\\\/logo\\\/image\\\/\",\"url\":\"https:\\\/\\\/www.tressis.com\\\/wp-content\\\/uploads\\\/2025\\\/06\\\/logo-tressis-112.png\",\"contentUrl\":\"https:\\\/\\\/www.tressis.com\\\/wp-content\\\/uploads\\\/2025\\\/06\\\/logo-tressis-112.png\",\"width\":112,\"height\":112,\"caption\":\"Tressis\"},\"image\":{\"@id\":\"https:\\\/\\\/www.tressis.com\\\/ca\\\/#\\\/schema\\\/logo\\\/image\\\/\"},\"sameAs\":[\"https:\\\/\\\/www.facebook.com\\\/Tressis\\\/\",\"https:\\\/\\\/x.com\\\/TressisSV\",\"https:\\\/\\\/www.instagram.com\\\/tressissv\\\/?hl=es\",\"https:\\\/\\\/linkedin.com\\\/company\\\/tressis\\\/\",\"https:\\\/\\\/www.youtube.com\\\/user\\\/tressissv\",\"https:\\\/\\\/open.spotify.com\\\/show\\\/3jmTe1Nf0wqMILl7diWV6h?si=d7112519f13c4593&nd=1\"]},{\"@type\":\"Person\",\"@id\":\"https:\\\/\\\/www.tressis.com\\\/ca\\\/#\\\/schema\\\/person\\\/b833c1d724d8764920b6d6852c70584e\",\"name\":\"Lola\",\"image\":{\"@type\":\"ImageObject\",\"inLanguage\":\"ca\",\"@id\":\"https:\\\/\\\/secure.gravatar.com\\\/avatar\\\/05e646486b23ff45df9649110609c7e31b8c4a3e2821caa23d6317f405e0c51d?s=96&d=mm&r=g\",\"url\":\"https:\\\/\\\/secure.gravatar.com\\\/avatar\\\/05e646486b23ff45df9649110609c7e31b8c4a3e2821caa23d6317f405e0c51d?s=96&d=mm&r=g\",\"contentUrl\":\"https:\\\/\\\/secure.gravatar.com\\\/avatar\\\/05e646486b23ff45df9649110609c7e31b8c4a3e2821caa23d6317f405e0c51d?s=96&d=mm&r=g\",\"caption\":\"Lola\"}}]}<\/script>\n<!-- \/ Yoast SEO plugin. -->","yoast_head_json":{"title":"Europa est\u00e1 mejorando poco a poco","description":"El Bundesbank ha constatado que la econom\u00eda alemana ha recuperado en el segundo trimestre del a\u00f1o parte de la tracci\u00f3n perdida en el primero.","robots":{"index":"index","follow":"follow","max-snippet":"max-snippet:-1","max-image-preview":"max-image-preview:large","max-video-preview":"max-video-preview:-1"},"canonical":"https:\/\/www.tressis.com\/ca\/blog\/europa-esta-mejorando-poco-a-poco\/","og_locale":"ca_ES","og_type":"article","og_title":"Europa est\u00e1 mejorando poco a poco","og_description":"El Bundesbank ha constatado que la econom\u00eda alemana ha recuperado en el segundo trimestre del a\u00f1o parte de la tracci\u00f3n perdida en el primero.","og_url":"https:\/\/www.tressis.com\/ca\/blog\/europa-esta-mejorando-poco-a-poco\/","og_site_name":"Tressis","article_publisher":"https:\/\/www.facebook.com\/Tressis\/","article_published_time":"2018-07-24T09:27:34+00:00","og_image":[{"width":1100,"height":487,"url":"https:\/\/www.tressis.com\/wp-content\/uploads\/2018\/07\/20180724-mmv.jpg","type":"image\/jpeg"}],"author":"Lola","twitter_card":"summary_large_image","twitter_creator":"@TressisSV","twitter_site":"@TressisSV","twitter_misc":{"Escrit per":"Lola","Temps estimat de lectura":"2 minuts"},"schema":{"@context":"https:\/\/schema.org","@graph":[{"@type":"Article","@id":"https:\/\/www.tressis.com\/ca\/blog\/europa-esta-mejorando-poco-a-poco\/#article","isPartOf":{"@id":"https:\/\/www.tressis.com\/ca\/blog\/europa-esta-mejorando-poco-a-poco\/"},"author":{"name":"Lola","@id":"https:\/\/www.tressis.com\/ca\/#\/schema\/person\/b833c1d724d8764920b6d6852c70584e"},"headline":"Europa est\u00e1 mejorando poco a poco","datePublished":"2018-07-24T09:27:34+00:00","mainEntityOfPage":{"@id":"https:\/\/www.tressis.com\/ca\/blog\/europa-esta-mejorando-poco-a-poco\/"},"wordCount":313,"commentCount":0,"publisher":{"@id":"https:\/\/www.tressis.com\/ca\/#organization"},"image":{"@id":"https:\/\/www.tressis.com\/ca\/blog\/europa-esta-mejorando-poco-a-poco\/#primaryimage"},"thumbnailUrl":"https:\/\/www.tressis.com\/wp-content\/uploads\/2018\/07\/20180724-mmv.jpg","keywords":["beneficios","Bundesbank","china","comercio igualitario","confianza de los consumidores","Estados Unidos","Google","guerra comercial","guerra comercial multilateral","guerra de tarifas","macroeconom\u00eda","Mario Draghi","resultados empresariales","UE"],"articleSection":["Morning meeting"],"inLanguage":"ca","potentialAction":[{"@type":"CommentAction","name":"Comment","target":["https:\/\/www.tressis.com\/ca\/blog\/europa-esta-mejorando-poco-a-poco\/#respond"]}]},{"@type":"WebPage","@id":"https:\/\/www.tressis.com\/ca\/blog\/europa-esta-mejorando-poco-a-poco\/","url":"https:\/\/www.tressis.com\/ca\/blog\/europa-esta-mejorando-poco-a-poco\/","name":"Europa est\u00e1 mejorando poco a poco","isPartOf":{"@id":"https:\/\/www.tressis.com\/ca\/#website"},"primaryImageOfPage":{"@id":"https:\/\/www.tressis.com\/ca\/blog\/europa-esta-mejorando-poco-a-poco\/#primaryimage"},"image":{"@id":"https:\/\/www.tressis.com\/ca\/blog\/europa-esta-mejorando-poco-a-poco\/#primaryimage"},"thumbnailUrl":"https:\/\/www.tressis.com\/wp-content\/uploads\/2018\/07\/20180724-mmv.jpg","datePublished":"2018-07-24T09:27:34+00:00","description":"El Bundesbank ha constatado que la econom\u00eda alemana ha recuperado en el segundo trimestre del a\u00f1o parte de la tracci\u00f3n perdida en el primero.","breadcrumb":{"@id":"https:\/\/www.tressis.com\/ca\/blog\/europa-esta-mejorando-poco-a-poco\/#breadcrumb"},"inLanguage":"ca","potentialAction":[{"@type":"ReadAction","target":["https:\/\/www.tressis.com\/ca\/blog\/europa-esta-mejorando-poco-a-poco\/"]}]},{"@type":"ImageObject","inLanguage":"ca","@id":"https:\/\/www.tressis.com\/ca\/blog\/europa-esta-mejorando-poco-a-poco\/#primaryimage","url":"https:\/\/www.tressis.com\/wp-content\/uploads\/2018\/07\/20180724-mmv.jpg","contentUrl":"https:\/\/www.tressis.com\/wp-content\/uploads\/2018\/07\/20180724-mmv.jpg","width":1100,"height":487,"caption":"Europa est\u00e1 mejorando poco a poco"},{"@type":"BreadcrumbList","@id":"https:\/\/www.tressis.com\/ca\/blog\/europa-esta-mejorando-poco-a-poco\/#breadcrumb","itemListElement":[{"@type":"ListItem","position":1,"name":"Inicio","item":"https:\/\/www.tressis.com\/ca\/"},{"@type":"ListItem","position":2,"name":"Europa est\u00e1 mejorando poco a poco"}]},{"@type":"WebSite","@id":"https:\/\/www.tressis.com\/ca\/#website","url":"https:\/\/www.tressis.com\/ca\/","name":"Tressis banca privada","description":"Tressis | Planificaci\u00f3n financiera y gesti\u00f3n de patrimonios","publisher":{"@id":"https:\/\/www.tressis.com\/ca\/#organization"},"potentialAction":[{"@type":"SearchAction","target":{"@type":"EntryPoint","urlTemplate":"https:\/\/www.tressis.com\/ca\/?s={search_term_string}"},"query-input":{"@type":"PropertyValueSpecification","valueRequired":true,"valueName":"search_term_string"}}],"inLanguage":"ca"},{"@type":"Organization","@id":"https:\/\/www.tressis.com\/ca\/#organization","name":"Tressis","url":"https:\/\/www.tressis.com\/ca\/","logo":{"@type":"ImageObject","inLanguage":"ca","@id":"https:\/\/www.tressis.com\/ca\/#\/schema\/logo\/image\/","url":"https:\/\/www.tressis.com\/wp-content\/uploads\/2025\/06\/logo-tressis-112.png","contentUrl":"https:\/\/www.tressis.com\/wp-content\/uploads\/2025\/06\/logo-tressis-112.png","width":112,"height":112,"caption":"Tressis"},"image":{"@id":"https:\/\/www.tressis.com\/ca\/#\/schema\/logo\/image\/"},"sameAs":["https:\/\/www.facebook.com\/Tressis\/","https:\/\/x.com\/TressisSV","https:\/\/www.instagram.com\/tressissv\/?hl=es","https:\/\/linkedin.com\/company\/tressis\/","https:\/\/www.youtube.com\/user\/tressissv","https:\/\/open.spotify.com\/show\/3jmTe1Nf0wqMILl7diWV6h?si=d7112519f13c4593&nd=1"]},{"@type":"Person","@id":"https:\/\/www.tressis.com\/ca\/#\/schema\/person\/b833c1d724d8764920b6d6852c70584e","name":"Lola","image":{"@type":"ImageObject","inLanguage":"ca","@id":"https:\/\/secure.gravatar.com\/avatar\/05e646486b23ff45df9649110609c7e31b8c4a3e2821caa23d6317f405e0c51d?s=96&d=mm&r=g","url":"https:\/\/secure.gravatar.com\/avatar\/05e646486b23ff45df9649110609c7e31b8c4a3e2821caa23d6317f405e0c51d?s=96&d=mm&r=g","contentUrl":"https:\/\/secure.gravatar.com\/avatar\/05e646486b23ff45df9649110609c7e31b8c4a3e2821caa23d6317f405e0c51d?s=96&d=mm&r=g","caption":"Lola"}}]}},"_links":{"self":[{"href":"https:\/\/www.tressis.com\/ca\/wp-json\/wp\/v2\/posts\/29504","targetHints":{"allow":["GET"]}}],"collection":[{"href":"https:\/\/www.tressis.com\/ca\/wp-json\/wp\/v2\/posts"}],"about":[{"href":"https:\/\/www.tressis.com\/ca\/wp-json\/wp\/v2\/types\/post"}],"author":[{"embeddable":true,"href":"https:\/\/www.tressis.com\/ca\/wp-json\/wp\/v2\/users\/4"}],"replies":[{"embeddable":true,"href":"https:\/\/www.tressis.com\/ca\/wp-json\/wp\/v2\/comments?post=29504"}],"version-history":[{"count":0,"href":"https:\/\/www.tressis.com\/ca\/wp-json\/wp\/v2\/posts\/29504\/revisions"}],"wp:featuredmedia":[{"embeddable":true,"href":"https:\/\/www.tressis.com\/ca\/wp-json\/wp\/v2\/media\/29505"}],"wp:attachment":[{"href":"https:\/\/www.tressis.com\/ca\/wp-json\/wp\/v2\/media?parent=29504"}],"wp:term":[{"taxonomy":"category","embeddable":true,"href":"https:\/\/www.tressis.com\/ca\/wp-json\/wp\/v2\/categories?post=29504"},{"taxonomy":"post_tag","embeddable":true,"href":"https:\/\/www.tressis.com\/ca\/wp-json\/wp\/v2\/tags?post=29504"}],"curies":[{"name":"wp","href":"https:\/\/api.w.org\/{rel}","templated":true}]}}