{"id":29451,"date":"2018-07-17T11:08:13","date_gmt":"2018-07-17T09:08:13","guid":{"rendered":"http:\/\/www.tressis.com\/blog\/?p=29451"},"modified":"2018-07-17T11:08:13","modified_gmt":"2018-07-17T09:08:13","slug":"un-verano-marcado-por-los-mercados","status":"publish","type":"post","link":"https:\/\/www.tressis.com\/ca\/blog\/un-verano-marcado-por-los-mercados\/","title":{"rendered":"Un verano marcado por los mercados"},"content":{"rendered":"<p>Se acerca el par\u00f3n de agosto y los mercados andan con la duda de si parar o aguantar a\u00fan de pie mientras se siguen desarrollando los acontecimientos internos y externos. Porque esta duda se sustenta sin problema sobre si este verano pasar\u00e1 tranquilo o si alguna de las muchas amenazas terminar\u00e1 por saltar y con ello llevarse por delante a las bolsas.<!--more--><\/p>\n<p>La presentaci\u00f3n de resultados trimestrales va a ser capital para que agosto tenga un perfil m\u00e1s o menos movido, pero no tanto por las cifras en s\u00ed como por las previsiones de todo lo que pasa alrededor. De momento lo poco que llevamos, principalmente sector financiero, se sit\u00faa entre mixto y positivo, pues as\u00ed como Bank of America, JP Morgan o Citi han publicado buenos n\u00fameros, la reacci\u00f3n del mercado no ha sido ni mucho menos euf\u00f3rica. En cambio, mucho m\u00e1s decidido ha sido a la hora de castigar la falta de nuevos suscriptores de Netflix.<\/p>\n<p>As\u00ed como para las compa\u00f1\u00edas el riesgo de una guerra comercial puede ser determinante, tambi\u00e9n el FMI ha querido ir avisando de antemano de la amenaza que supone para todos un evento de tal magnitud. Nada que ver esto con la revisi\u00f3n a la baja que hizo el organismo del crecimiento de Europa para este a\u00f1o (se salva Espa\u00f1a de momento), pues a nivel global se mantienen estables las perspectivas, medalla de oro para EE.UU. incluida.<\/p>\n<p>Precisamente porque la Administraci\u00f3n Trump ha abierto la caja de los truenos que nadie quer\u00eda abrir cuando de vender fuera se trata, es por lo que la reuni\u00f3n entre este y Putin cobraba especial relevancia; bueno y tambi\u00e9n porque la relaci\u00f3n EE.UU.-Rusia siempre tiene un punto novelesco que va m\u00e1s all\u00e1. Pues bien, parece que se sald\u00f3 con dos nuevos amigos que no quieren tener problemas, que suficiente hay ya con asuntos varios como un <i>hard\/soft\/no brexit<\/i>, Italia, China o alguno de los otros muchos que hay a disposici\u00f3n de todos los p\u00fablicos.<\/p>\n<p>Respecto a la otra &#8220;guerra&#8221; entre supuestos amigos, la del petr\u00f3leo, tambi\u00e9n se suceden los episodios de enfrentamiento y paz. En estos momentos nos toca de lo primero, pues est\u00e1 siendo el lado de la oferta el que tira abajo la cotizaci\u00f3n del barril, dado que seg\u00fan parece, algunos de los exportadores o bien no est\u00e1n cumpliendo su palabra, o bien la est\u00e1n cumpliendo de m\u00e1s.<\/p>\n<p>Buen d\u00eda.<\/p>\n<p><center><br \/>\n<strong>Am\u00edlcar Barrios Vilallonga<\/strong><br \/>\nDirecci\u00f3n de Inversiones<\/center><\/p>\n","protected":false},"excerpt":{"rendered":"<p>Se acerca el par\u00f3n de agosto y los mercados andan con la duda de si parar o aguantar a\u00fan de pie mientras se siguen desarrollando los acontecimientos internos y externos. Porque esta duda se sustenta sin problema sobre si este verano pasar\u00e1 tranquilo o si alguna de las muchas amenazas terminar\u00e1 por saltar y con [&hellip;]<\/p>\n","protected":false},"author":4,"featured_media":29453,"comment_status":"open","ping_status":"closed","sticky":false,"template":"","format":"standard","meta":{"_acf_changed":false,"footnotes":""},"categories":[9721],"tags":[523,811,1118,1175,1266,1511,2205,2446,2556,2790,3128,3696,3739,4416,5107,5177,5310,5814,6051,6734],"class_list":["post-29451","post","type-post","status-publish","format-standard","has-post-thumbnail","hentry","category-morning-meeting","tag-bank-of-america","tag-brexit","tag-china","tag-citi-bank","tag-companias-de-riesgo","tag-cotizacion-del-petroleo","tag-ee-uu","tag-espana","tag-europa","tag-fmi","tag-guerra-comercial","tag-italia","tag-jp-morgan","tag-netflix","tag-precio-del-petroleo","tag-previsiones","tag-putin","tag-resultados-trimestrales","tag-sector-financiero","tag-trump"],"acf":[],"yoast_head":"<!-- This site is optimized with the Yoast SEO plugin v27.4 - https:\/\/yoast.com\/product\/yoast-seo-wordpress\/ -->\n<title>Un verano marcado por los mercados - Tressis<\/title>\n<meta name=\"description\" content=\"Respecto a la otra &quot;guerra&quot; entre supuestos amigos, la del petr\u00f3leo, tambi\u00e9n se suceden los episodios de enfrentamiento y paz\" \/>\n<meta name=\"robots\" content=\"index, follow, max-snippet:-1, max-image-preview:large, max-video-preview:-1\" \/>\n<link rel=\"canonical\" href=\"https:\/\/www.tressis.com\/ca\/blog\/un-verano-marcado-por-los-mercados\/\" \/>\n<meta property=\"og:locale\" content=\"ca_ES\" \/>\n<meta property=\"og:type\" content=\"article\" \/>\n<meta property=\"og:title\" content=\"Un verano marcado por los mercados - Tressis\" \/>\n<meta property=\"og:description\" content=\"Respecto a la otra &quot;guerra&quot; entre supuestos amigos, la del petr\u00f3leo, tambi\u00e9n se suceden los episodios de enfrentamiento y paz\" \/>\n<meta property=\"og:url\" content=\"https:\/\/www.tressis.com\/ca\/blog\/un-verano-marcado-por-los-mercados\/\" \/>\n<meta property=\"og:site_name\" content=\"Tressis\" \/>\n<meta property=\"article:publisher\" content=\"https:\/\/www.facebook.com\/Tressis\/\" \/>\n<meta property=\"article:published_time\" content=\"2018-07-17T09:08:13+00:00\" \/>\n<meta property=\"og:image\" content=\"https:\/\/www.tressis.com\/wp-content\/uploads\/2018\/07\/20180717-mmv.jpg\" \/>\n\t<meta property=\"og:image:width\" content=\"1100\" \/>\n\t<meta property=\"og:image:height\" content=\"487\" \/>\n\t<meta property=\"og:image:type\" content=\"image\/jpeg\" \/>\n<meta name=\"author\" content=\"Lola\" \/>\n<meta name=\"twitter:card\" content=\"summary_large_image\" \/>\n<meta name=\"twitter:creator\" content=\"@TressisSV\" \/>\n<meta name=\"twitter:site\" content=\"@TressisSV\" \/>\n<meta name=\"twitter:label1\" content=\"Escrit per\" \/>\n\t<meta name=\"twitter:data1\" content=\"Lola\" \/>\n\t<meta name=\"twitter:label2\" content=\"Temps estimat de lectura\" \/>\n\t<meta name=\"twitter:data2\" content=\"2 minuts\" \/>\n<script type=\"application\/ld+json\" class=\"yoast-schema-graph\">{\"@context\":\"https:\\\/\\\/schema.org\",\"@graph\":[{\"@type\":\"Article\",\"@id\":\"https:\\\/\\\/www.tressis.com\\\/ca\\\/blog\\\/un-verano-marcado-por-los-mercados\\\/#article\",\"isPartOf\":{\"@id\":\"https:\\\/\\\/www.tressis.com\\\/ca\\\/blog\\\/un-verano-marcado-por-los-mercados\\\/\"},\"author\":{\"name\":\"Lola\",\"@id\":\"https:\\\/\\\/www.tressis.com\\\/ca\\\/#\\\/schema\\\/person\\\/b833c1d724d8764920b6d6852c70584e\"},\"headline\":\"Un verano marcado por los mercados\",\"datePublished\":\"2018-07-17T09:08:13+00:00\",\"mainEntityOfPage\":{\"@id\":\"https:\\\/\\\/www.tressis.com\\\/ca\\\/blog\\\/un-verano-marcado-por-los-mercados\\\/\"},\"wordCount\":444,\"commentCount\":0,\"publisher\":{\"@id\":\"https:\\\/\\\/www.tressis.com\\\/ca\\\/#organization\"},\"image\":{\"@id\":\"https:\\\/\\\/www.tressis.com\\\/ca\\\/blog\\\/un-verano-marcado-por-los-mercados\\\/#primaryimage\"},\"thumbnailUrl\":\"https:\\\/\\\/www.tressis.com\\\/wp-content\\\/uploads\\\/2018\\\/07\\\/20180717-mmv.jpg\",\"keywords\":[\"Bank of America\",\"Brexit\",\"china\",\"Citi Bank\",\"compa\u00f1\u00edas de riesgo\",\"cotizaci\u00f3n del petr\u00f3leo\",\"EE.UU\",\"Espa\u00f1a\",\"Europa\",\"FMI\",\"guerra comercial\",\"Italia\",\"JP Morgan\",\"Netflix\",\"precio del petr\u00f3leo\",\"previsiones\",\"Putin\",\"resultados trimestrales\",\"sector financiero\",\"Trump\"],\"articleSection\":[\"Morning meeting\"],\"inLanguage\":\"ca\",\"potentialAction\":[{\"@type\":\"CommentAction\",\"name\":\"Comment\",\"target\":[\"https:\\\/\\\/www.tressis.com\\\/ca\\\/blog\\\/un-verano-marcado-por-los-mercados\\\/#respond\"]}]},{\"@type\":\"WebPage\",\"@id\":\"https:\\\/\\\/www.tressis.com\\\/ca\\\/blog\\\/un-verano-marcado-por-los-mercados\\\/\",\"url\":\"https:\\\/\\\/www.tressis.com\\\/ca\\\/blog\\\/un-verano-marcado-por-los-mercados\\\/\",\"name\":\"Un verano marcado por los mercados - Tressis\",\"isPartOf\":{\"@id\":\"https:\\\/\\\/www.tressis.com\\\/ca\\\/#website\"},\"primaryImageOfPage\":{\"@id\":\"https:\\\/\\\/www.tressis.com\\\/ca\\\/blog\\\/un-verano-marcado-por-los-mercados\\\/#primaryimage\"},\"image\":{\"@id\":\"https:\\\/\\\/www.tressis.com\\\/ca\\\/blog\\\/un-verano-marcado-por-los-mercados\\\/#primaryimage\"},\"thumbnailUrl\":\"https:\\\/\\\/www.tressis.com\\\/wp-content\\\/uploads\\\/2018\\\/07\\\/20180717-mmv.jpg\",\"datePublished\":\"2018-07-17T09:08:13+00:00\",\"description\":\"Respecto a la otra \\\"guerra\\\" entre supuestos amigos, la del petr\u00f3leo, tambi\u00e9n se suceden los episodios de enfrentamiento y paz\",\"breadcrumb\":{\"@id\":\"https:\\\/\\\/www.tressis.com\\\/ca\\\/blog\\\/un-verano-marcado-por-los-mercados\\\/#breadcrumb\"},\"inLanguage\":\"ca\",\"potentialAction\":[{\"@type\":\"ReadAction\",\"target\":[\"https:\\\/\\\/www.tressis.com\\\/ca\\\/blog\\\/un-verano-marcado-por-los-mercados\\\/\"]}]},{\"@type\":\"ImageObject\",\"inLanguage\":\"ca\",\"@id\":\"https:\\\/\\\/www.tressis.com\\\/ca\\\/blog\\\/un-verano-marcado-por-los-mercados\\\/#primaryimage\",\"url\":\"https:\\\/\\\/www.tressis.com\\\/wp-content\\\/uploads\\\/2018\\\/07\\\/20180717-mmv.jpg\",\"contentUrl\":\"https:\\\/\\\/www.tressis.com\\\/wp-content\\\/uploads\\\/2018\\\/07\\\/20180717-mmv.jpg\",\"width\":1100,\"height\":487,\"caption\":\"Un verano marcado por los mercados\"},{\"@type\":\"BreadcrumbList\",\"@id\":\"https:\\\/\\\/www.tressis.com\\\/ca\\\/blog\\\/un-verano-marcado-por-los-mercados\\\/#breadcrumb\",\"itemListElement\":[{\"@type\":\"ListItem\",\"position\":1,\"name\":\"Inicio\",\"item\":\"https:\\\/\\\/www.tressis.com\\\/ca\\\/\"},{\"@type\":\"ListItem\",\"position\":2,\"name\":\"Un verano marcado por los mercados\"}]},{\"@type\":\"WebSite\",\"@id\":\"https:\\\/\\\/www.tressis.com\\\/ca\\\/#website\",\"url\":\"https:\\\/\\\/www.tressis.com\\\/ca\\\/\",\"name\":\"Tressis banca privada\",\"description\":\"Tressis | Planificaci\u00f3n financiera y gesti\u00f3n de patrimonios\",\"publisher\":{\"@id\":\"https:\\\/\\\/www.tressis.com\\\/ca\\\/#organization\"},\"potentialAction\":[{\"@type\":\"SearchAction\",\"target\":{\"@type\":\"EntryPoint\",\"urlTemplate\":\"https:\\\/\\\/www.tressis.com\\\/ca\\\/?s={search_term_string}\"},\"query-input\":{\"@type\":\"PropertyValueSpecification\",\"valueRequired\":true,\"valueName\":\"search_term_string\"}}],\"inLanguage\":\"ca\"},{\"@type\":\"Organization\",\"@id\":\"https:\\\/\\\/www.tressis.com\\\/ca\\\/#organization\",\"name\":\"Tressis\",\"url\":\"https:\\\/\\\/www.tressis.com\\\/ca\\\/\",\"logo\":{\"@type\":\"ImageObject\",\"inLanguage\":\"ca\",\"@id\":\"https:\\\/\\\/www.tressis.com\\\/ca\\\/#\\\/schema\\\/logo\\\/image\\\/\",\"url\":\"https:\\\/\\\/www.tressis.com\\\/wp-content\\\/uploads\\\/2025\\\/06\\\/logo-tressis-112.png\",\"contentUrl\":\"https:\\\/\\\/www.tressis.com\\\/wp-content\\\/uploads\\\/2025\\\/06\\\/logo-tressis-112.png\",\"width\":112,\"height\":112,\"caption\":\"Tressis\"},\"image\":{\"@id\":\"https:\\\/\\\/www.tressis.com\\\/ca\\\/#\\\/schema\\\/logo\\\/image\\\/\"},\"sameAs\":[\"https:\\\/\\\/www.facebook.com\\\/Tressis\\\/\",\"https:\\\/\\\/x.com\\\/TressisSV\",\"https:\\\/\\\/www.instagram.com\\\/tressissv\\\/?hl=es\",\"https:\\\/\\\/linkedin.com\\\/company\\\/tressis\\\/\",\"https:\\\/\\\/www.youtube.com\\\/user\\\/tressissv\",\"https:\\\/\\\/open.spotify.com\\\/show\\\/3jmTe1Nf0wqMILl7diWV6h?si=d7112519f13c4593&nd=1\"]},{\"@type\":\"Person\",\"@id\":\"https:\\\/\\\/www.tressis.com\\\/ca\\\/#\\\/schema\\\/person\\\/b833c1d724d8764920b6d6852c70584e\",\"name\":\"Lola\",\"image\":{\"@type\":\"ImageObject\",\"inLanguage\":\"ca\",\"@id\":\"https:\\\/\\\/secure.gravatar.com\\\/avatar\\\/05e646486b23ff45df9649110609c7e31b8c4a3e2821caa23d6317f405e0c51d?s=96&d=mm&r=g\",\"url\":\"https:\\\/\\\/secure.gravatar.com\\\/avatar\\\/05e646486b23ff45df9649110609c7e31b8c4a3e2821caa23d6317f405e0c51d?s=96&d=mm&r=g\",\"contentUrl\":\"https:\\\/\\\/secure.gravatar.com\\\/avatar\\\/05e646486b23ff45df9649110609c7e31b8c4a3e2821caa23d6317f405e0c51d?s=96&d=mm&r=g\",\"caption\":\"Lola\"}}]}<\/script>\n<!-- \/ Yoast SEO plugin. -->","yoast_head_json":{"title":"Un verano marcado por los mercados - Tressis","description":"Respecto a la otra \"guerra\" entre supuestos amigos, la del petr\u00f3leo, tambi\u00e9n se suceden los episodios de enfrentamiento y paz","robots":{"index":"index","follow":"follow","max-snippet":"max-snippet:-1","max-image-preview":"max-image-preview:large","max-video-preview":"max-video-preview:-1"},"canonical":"https:\/\/www.tressis.com\/ca\/blog\/un-verano-marcado-por-los-mercados\/","og_locale":"ca_ES","og_type":"article","og_title":"Un verano marcado por los mercados - Tressis","og_description":"Respecto a la otra \"guerra\" entre supuestos amigos, la del petr\u00f3leo, tambi\u00e9n se suceden los episodios de enfrentamiento y paz","og_url":"https:\/\/www.tressis.com\/ca\/blog\/un-verano-marcado-por-los-mercados\/","og_site_name":"Tressis","article_publisher":"https:\/\/www.facebook.com\/Tressis\/","article_published_time":"2018-07-17T09:08:13+00:00","og_image":[{"width":1100,"height":487,"url":"https:\/\/www.tressis.com\/wp-content\/uploads\/2018\/07\/20180717-mmv.jpg","type":"image\/jpeg"}],"author":"Lola","twitter_card":"summary_large_image","twitter_creator":"@TressisSV","twitter_site":"@TressisSV","twitter_misc":{"Escrit per":"Lola","Temps estimat de lectura":"2 minuts"},"schema":{"@context":"https:\/\/schema.org","@graph":[{"@type":"Article","@id":"https:\/\/www.tressis.com\/ca\/blog\/un-verano-marcado-por-los-mercados\/#article","isPartOf":{"@id":"https:\/\/www.tressis.com\/ca\/blog\/un-verano-marcado-por-los-mercados\/"},"author":{"name":"Lola","@id":"https:\/\/www.tressis.com\/ca\/#\/schema\/person\/b833c1d724d8764920b6d6852c70584e"},"headline":"Un verano marcado por los mercados","datePublished":"2018-07-17T09:08:13+00:00","mainEntityOfPage":{"@id":"https:\/\/www.tressis.com\/ca\/blog\/un-verano-marcado-por-los-mercados\/"},"wordCount":444,"commentCount":0,"publisher":{"@id":"https:\/\/www.tressis.com\/ca\/#organization"},"image":{"@id":"https:\/\/www.tressis.com\/ca\/blog\/un-verano-marcado-por-los-mercados\/#primaryimage"},"thumbnailUrl":"https:\/\/www.tressis.com\/wp-content\/uploads\/2018\/07\/20180717-mmv.jpg","keywords":["Bank of America","Brexit","china","Citi Bank","compa\u00f1\u00edas de riesgo","cotizaci\u00f3n del petr\u00f3leo","EE.UU","Espa\u00f1a","Europa","FMI","guerra comercial","Italia","JP Morgan","Netflix","precio del petr\u00f3leo","previsiones","Putin","resultados trimestrales","sector financiero","Trump"],"articleSection":["Morning meeting"],"inLanguage":"ca","potentialAction":[{"@type":"CommentAction","name":"Comment","target":["https:\/\/www.tressis.com\/ca\/blog\/un-verano-marcado-por-los-mercados\/#respond"]}]},{"@type":"WebPage","@id":"https:\/\/www.tressis.com\/ca\/blog\/un-verano-marcado-por-los-mercados\/","url":"https:\/\/www.tressis.com\/ca\/blog\/un-verano-marcado-por-los-mercados\/","name":"Un verano marcado por los mercados - Tressis","isPartOf":{"@id":"https:\/\/www.tressis.com\/ca\/#website"},"primaryImageOfPage":{"@id":"https:\/\/www.tressis.com\/ca\/blog\/un-verano-marcado-por-los-mercados\/#primaryimage"},"image":{"@id":"https:\/\/www.tressis.com\/ca\/blog\/un-verano-marcado-por-los-mercados\/#primaryimage"},"thumbnailUrl":"https:\/\/www.tressis.com\/wp-content\/uploads\/2018\/07\/20180717-mmv.jpg","datePublished":"2018-07-17T09:08:13+00:00","description":"Respecto a la otra \"guerra\" entre supuestos amigos, la del petr\u00f3leo, tambi\u00e9n se suceden los episodios de enfrentamiento y paz","breadcrumb":{"@id":"https:\/\/www.tressis.com\/ca\/blog\/un-verano-marcado-por-los-mercados\/#breadcrumb"},"inLanguage":"ca","potentialAction":[{"@type":"ReadAction","target":["https:\/\/www.tressis.com\/ca\/blog\/un-verano-marcado-por-los-mercados\/"]}]},{"@type":"ImageObject","inLanguage":"ca","@id":"https:\/\/www.tressis.com\/ca\/blog\/un-verano-marcado-por-los-mercados\/#primaryimage","url":"https:\/\/www.tressis.com\/wp-content\/uploads\/2018\/07\/20180717-mmv.jpg","contentUrl":"https:\/\/www.tressis.com\/wp-content\/uploads\/2018\/07\/20180717-mmv.jpg","width":1100,"height":487,"caption":"Un verano marcado por los mercados"},{"@type":"BreadcrumbList","@id":"https:\/\/www.tressis.com\/ca\/blog\/un-verano-marcado-por-los-mercados\/#breadcrumb","itemListElement":[{"@type":"ListItem","position":1,"name":"Inicio","item":"https:\/\/www.tressis.com\/ca\/"},{"@type":"ListItem","position":2,"name":"Un verano marcado por los mercados"}]},{"@type":"WebSite","@id":"https:\/\/www.tressis.com\/ca\/#website","url":"https:\/\/www.tressis.com\/ca\/","name":"Tressis banca privada","description":"Tressis | Planificaci\u00f3n financiera y gesti\u00f3n de patrimonios","publisher":{"@id":"https:\/\/www.tressis.com\/ca\/#organization"},"potentialAction":[{"@type":"SearchAction","target":{"@type":"EntryPoint","urlTemplate":"https:\/\/www.tressis.com\/ca\/?s={search_term_string}"},"query-input":{"@type":"PropertyValueSpecification","valueRequired":true,"valueName":"search_term_string"}}],"inLanguage":"ca"},{"@type":"Organization","@id":"https:\/\/www.tressis.com\/ca\/#organization","name":"Tressis","url":"https:\/\/www.tressis.com\/ca\/","logo":{"@type":"ImageObject","inLanguage":"ca","@id":"https:\/\/www.tressis.com\/ca\/#\/schema\/logo\/image\/","url":"https:\/\/www.tressis.com\/wp-content\/uploads\/2025\/06\/logo-tressis-112.png","contentUrl":"https:\/\/www.tressis.com\/wp-content\/uploads\/2025\/06\/logo-tressis-112.png","width":112,"height":112,"caption":"Tressis"},"image":{"@id":"https:\/\/www.tressis.com\/ca\/#\/schema\/logo\/image\/"},"sameAs":["https:\/\/www.facebook.com\/Tressis\/","https:\/\/x.com\/TressisSV","https:\/\/www.instagram.com\/tressissv\/?hl=es","https:\/\/linkedin.com\/company\/tressis\/","https:\/\/www.youtube.com\/user\/tressissv","https:\/\/open.spotify.com\/show\/3jmTe1Nf0wqMILl7diWV6h?si=d7112519f13c4593&nd=1"]},{"@type":"Person","@id":"https:\/\/www.tressis.com\/ca\/#\/schema\/person\/b833c1d724d8764920b6d6852c70584e","name":"Lola","image":{"@type":"ImageObject","inLanguage":"ca","@id":"https:\/\/secure.gravatar.com\/avatar\/05e646486b23ff45df9649110609c7e31b8c4a3e2821caa23d6317f405e0c51d?s=96&d=mm&r=g","url":"https:\/\/secure.gravatar.com\/avatar\/05e646486b23ff45df9649110609c7e31b8c4a3e2821caa23d6317f405e0c51d?s=96&d=mm&r=g","contentUrl":"https:\/\/secure.gravatar.com\/avatar\/05e646486b23ff45df9649110609c7e31b8c4a3e2821caa23d6317f405e0c51d?s=96&d=mm&r=g","caption":"Lola"}}]}},"_links":{"self":[{"href":"https:\/\/www.tressis.com\/ca\/wp-json\/wp\/v2\/posts\/29451","targetHints":{"allow":["GET"]}}],"collection":[{"href":"https:\/\/www.tressis.com\/ca\/wp-json\/wp\/v2\/posts"}],"about":[{"href":"https:\/\/www.tressis.com\/ca\/wp-json\/wp\/v2\/types\/post"}],"author":[{"embeddable":true,"href":"https:\/\/www.tressis.com\/ca\/wp-json\/wp\/v2\/users\/4"}],"replies":[{"embeddable":true,"href":"https:\/\/www.tressis.com\/ca\/wp-json\/wp\/v2\/comments?post=29451"}],"version-history":[{"count":0,"href":"https:\/\/www.tressis.com\/ca\/wp-json\/wp\/v2\/posts\/29451\/revisions"}],"wp:featuredmedia":[{"embeddable":true,"href":"https:\/\/www.tressis.com\/ca\/wp-json\/wp\/v2\/media\/29453"}],"wp:attachment":[{"href":"https:\/\/www.tressis.com\/ca\/wp-json\/wp\/v2\/media?parent=29451"}],"wp:term":[{"taxonomy":"category","embeddable":true,"href":"https:\/\/www.tressis.com\/ca\/wp-json\/wp\/v2\/categories?post=29451"},{"taxonomy":"post_tag","embeddable":true,"href":"https:\/\/www.tressis.com\/ca\/wp-json\/wp\/v2\/tags?post=29451"}],"curies":[{"name":"wp","href":"https:\/\/api.w.org\/{rel}","templated":true}]}}