{"id":29334,"date":"2018-07-03T11:03:09","date_gmt":"2018-07-03T09:03:09","guid":{"rendered":"http:\/\/www.tressis.com\/blog\/?p=29334"},"modified":"2018-07-03T11:03:09","modified_gmt":"2018-07-03T09:03:09","slug":"continua-el-tira-y-afloja-arancelario","status":"publish","type":"post","link":"https:\/\/www.tressis.com\/ca\/blog\/continua-el-tira-y-afloja-arancelario\/","title":{"rendered":"Contin\u00faa el tira y afloja arancelario"},"content":{"rendered":"<p>Europa abri\u00f3 la semana capitulando ante los problemas que se pueden derivar del &#8220;y t\u00fa m\u00e1s&#8221; arancelario, as\u00ed como de la posibilidad de que la inestabilidad pol\u00edtica alcance tambi\u00e9n a Alemania.<!--more--> As\u00ed que como siempre, tuvo que abrir Wall Street para proteger a las bolsas europeas, incapaces de mantener el tipo ahora que la regi\u00f3n ya no lidera el crecimiento mundial.<\/p>\n<p>Sin embargo, a \u00faltima hora de la tarde Angela Merkel sac\u00f3 al animal pol\u00edtico que tanto tiempo lleva gestando para anular la amenaza de que la CSU b\u00e1vara pudiera acabar con su reinado de doce a\u00f1os. Esto tiene que ser bien recibido por quien vea Europa como una inversi\u00f3n posible, claro que a\u00fan con el miedo a qu\u00e9 pueda hacer Italia, por ejemplo. Esto por lo que corresponde a Europa, pues en lo referente a la espiral de tarifas todo sigue igual o peor, con EE.UU. poniendo y recibiendo m\u00e1s limitaciones al intercambio de bienes con el fin \u00faltimo de alcanzar un marco internacional de comercio entre iguales. O eso nos dicen.<\/p>\n<p>Por la v\u00eda de la macroeconom\u00eda los adelantados de manufacturas vinieron a confirmar dos cosas: En primer lugar que EE.UU. goza de las mejores perspectivas despu\u00e9s de que el ISM de junio subiera por encima de los 60 puntos, mientras que Europa no consigue darle la vuelta, pues el PMI, a\u00fan en niveles elevados, es el m\u00e1s bajo en a\u00f1o y medio. La otra conclusi\u00f3n es que los fabricantes, sean de la nacionalidad que sean, ya muestran abiertamente la preocupaci\u00f3n por la posibilidad de una guerra comercial real, asunto este muy a tener en cuenta.<\/p>\n<p>Buen d\u00eda.<\/p>\n<p><center><br \/>\n<strong>Am\u00edlcar Barrios Vilallonga<\/strong><br \/>\nDirecci\u00f3n de Inversiones<\/center><\/p>\n","protected":false},"excerpt":{"rendered":"<p>Europa abri\u00f3 la semana capitulando ante los problemas que se pueden derivar del &#8220;y t\u00fa m\u00e1s&#8221; arancelario, as\u00ed como de la posibilidad de que la inestabilidad pol\u00edtica alcance tambi\u00e9n a Alemania.<\/p>\n","protected":false},"author":4,"featured_media":29337,"comment_status":"open","ping_status":"closed","sticky":false,"template":"","format":"standard","meta":{"_acf_changed":false,"footnotes":""},"categories":[9721],"tags":[141,225,670,1235,1578,2205,2556,2678,3128,3449,3530,3696,3916,6955],"class_list":["post-29334","post","type-post","status-publish","format-standard","has-post-thumbnail","hentry","category-morning-meeting","tag-alemania","tag-angela-merkel","tag-bolsas-europeas","tag-comercio-entre-iguales","tag-crecimiento-mundial","tag-ee-uu","tag-europa","tag-fabricantes","tag-guerra-comercial","tag-inestabilidad-politica","tag-intercambio-de-bienes","tag-italia","tag-macroeconomia","tag-wall-street"],"acf":[],"yoast_head":"<!-- This site is optimized with the Yoast SEO plugin v27.4 - https:\/\/yoast.com\/product\/yoast-seo-wordpress\/ -->\n<title>Contin\u00faa el tira y afloja arancelario - Tressis<\/title>\n<meta name=\"description\" content=\"Los fabricantes, sean de la nacionalidad que sean, ya muestran abiertamente la preocupaci\u00f3n por la posibilidad de una guerra comercial real\" \/>\n<meta name=\"robots\" content=\"index, follow, max-snippet:-1, max-image-preview:large, max-video-preview:-1\" \/>\n<link rel=\"canonical\" href=\"https:\/\/www.tressis.com\/ca\/blog\/continua-el-tira-y-afloja-arancelario\/\" \/>\n<meta property=\"og:locale\" content=\"ca_ES\" \/>\n<meta property=\"og:type\" content=\"article\" \/>\n<meta property=\"og:title\" content=\"Contin\u00faa el tira y afloja arancelario - Tressis\" \/>\n<meta property=\"og:description\" content=\"Los fabricantes, sean de la nacionalidad que sean, ya muestran abiertamente la preocupaci\u00f3n por la posibilidad de una guerra comercial real\" \/>\n<meta property=\"og:url\" content=\"https:\/\/www.tressis.com\/ca\/blog\/continua-el-tira-y-afloja-arancelario\/\" \/>\n<meta property=\"og:site_name\" content=\"Tressis\" \/>\n<meta property=\"article:publisher\" content=\"https:\/\/www.facebook.com\/Tressis\/\" \/>\n<meta property=\"article:published_time\" content=\"2018-07-03T09:03:09+00:00\" \/>\n<meta property=\"og:image\" content=\"https:\/\/www.tressis.com\/wp-content\/uploads\/2018\/07\/20180703-mmv.jpg\" \/>\n\t<meta property=\"og:image:width\" content=\"1100\" \/>\n\t<meta property=\"og:image:height\" content=\"487\" \/>\n\t<meta property=\"og:image:type\" content=\"image\/jpeg\" \/>\n<meta name=\"author\" content=\"Lola\" \/>\n<meta name=\"twitter:card\" content=\"summary_large_image\" \/>\n<meta name=\"twitter:creator\" content=\"@TressisSV\" \/>\n<meta name=\"twitter:site\" content=\"@TressisSV\" \/>\n<meta name=\"twitter:label1\" content=\"Escrit per\" \/>\n\t<meta name=\"twitter:data1\" content=\"Lola\" \/>\n\t<meta name=\"twitter:label2\" content=\"Temps estimat de lectura\" \/>\n\t<meta name=\"twitter:data2\" content=\"1 minut\" \/>\n<script type=\"application\/ld+json\" class=\"yoast-schema-graph\">{\"@context\":\"https:\\\/\\\/schema.org\",\"@graph\":[{\"@type\":\"Article\",\"@id\":\"https:\\\/\\\/www.tressis.com\\\/ca\\\/blog\\\/continua-el-tira-y-afloja-arancelario\\\/#article\",\"isPartOf\":{\"@id\":\"https:\\\/\\\/www.tressis.com\\\/ca\\\/blog\\\/continua-el-tira-y-afloja-arancelario\\\/\"},\"author\":{\"name\":\"Lola\",\"@id\":\"https:\\\/\\\/www.tressis.com\\\/ca\\\/#\\\/schema\\\/person\\\/b833c1d724d8764920b6d6852c70584e\"},\"headline\":\"Contin\u00faa el tira y afloja arancelario\",\"datePublished\":\"2018-07-03T09:03:09+00:00\",\"mainEntityOfPage\":{\"@id\":\"https:\\\/\\\/www.tressis.com\\\/ca\\\/blog\\\/continua-el-tira-y-afloja-arancelario\\\/\"},\"wordCount\":305,\"commentCount\":0,\"publisher\":{\"@id\":\"https:\\\/\\\/www.tressis.com\\\/ca\\\/#organization\"},\"image\":{\"@id\":\"https:\\\/\\\/www.tressis.com\\\/ca\\\/blog\\\/continua-el-tira-y-afloja-arancelario\\\/#primaryimage\"},\"thumbnailUrl\":\"https:\\\/\\\/www.tressis.com\\\/wp-content\\\/uploads\\\/2018\\\/07\\\/20180703-mmv.jpg\",\"keywords\":[\"Alemania\",\"\u00c1ngela Merkel\",\"bolsas europeas\",\"comercio entre iguales\",\"crecimiento mundial\",\"EE.UU\",\"Europa\",\"fabricantes\",\"guerra comercial\",\"inestabilidad pol\u00edtica\",\"intercambio de bienes\",\"Italia\",\"macroeconom\u00eda\",\"Wall Street\"],\"articleSection\":[\"Morning meeting\"],\"inLanguage\":\"ca\",\"potentialAction\":[{\"@type\":\"CommentAction\",\"name\":\"Comment\",\"target\":[\"https:\\\/\\\/www.tressis.com\\\/ca\\\/blog\\\/continua-el-tira-y-afloja-arancelario\\\/#respond\"]}]},{\"@type\":\"WebPage\",\"@id\":\"https:\\\/\\\/www.tressis.com\\\/ca\\\/blog\\\/continua-el-tira-y-afloja-arancelario\\\/\",\"url\":\"https:\\\/\\\/www.tressis.com\\\/ca\\\/blog\\\/continua-el-tira-y-afloja-arancelario\\\/\",\"name\":\"Contin\u00faa el tira y afloja arancelario - Tressis\",\"isPartOf\":{\"@id\":\"https:\\\/\\\/www.tressis.com\\\/ca\\\/#website\"},\"primaryImageOfPage\":{\"@id\":\"https:\\\/\\\/www.tressis.com\\\/ca\\\/blog\\\/continua-el-tira-y-afloja-arancelario\\\/#primaryimage\"},\"image\":{\"@id\":\"https:\\\/\\\/www.tressis.com\\\/ca\\\/blog\\\/continua-el-tira-y-afloja-arancelario\\\/#primaryimage\"},\"thumbnailUrl\":\"https:\\\/\\\/www.tressis.com\\\/wp-content\\\/uploads\\\/2018\\\/07\\\/20180703-mmv.jpg\",\"datePublished\":\"2018-07-03T09:03:09+00:00\",\"description\":\"Los fabricantes, sean de la nacionalidad que sean, ya muestran abiertamente la preocupaci\u00f3n por la posibilidad de una guerra comercial real\",\"breadcrumb\":{\"@id\":\"https:\\\/\\\/www.tressis.com\\\/ca\\\/blog\\\/continua-el-tira-y-afloja-arancelario\\\/#breadcrumb\"},\"inLanguage\":\"ca\",\"potentialAction\":[{\"@type\":\"ReadAction\",\"target\":[\"https:\\\/\\\/www.tressis.com\\\/ca\\\/blog\\\/continua-el-tira-y-afloja-arancelario\\\/\"]}]},{\"@type\":\"ImageObject\",\"inLanguage\":\"ca\",\"@id\":\"https:\\\/\\\/www.tressis.com\\\/ca\\\/blog\\\/continua-el-tira-y-afloja-arancelario\\\/#primaryimage\",\"url\":\"https:\\\/\\\/www.tressis.com\\\/wp-content\\\/uploads\\\/2018\\\/07\\\/20180703-mmv.jpg\",\"contentUrl\":\"https:\\\/\\\/www.tressis.com\\\/wp-content\\\/uploads\\\/2018\\\/07\\\/20180703-mmv.jpg\",\"width\":1100,\"height\":487,\"caption\":\"Contin\u00faa el tira y afloja arancelario\"},{\"@type\":\"BreadcrumbList\",\"@id\":\"https:\\\/\\\/www.tressis.com\\\/ca\\\/blog\\\/continua-el-tira-y-afloja-arancelario\\\/#breadcrumb\",\"itemListElement\":[{\"@type\":\"ListItem\",\"position\":1,\"name\":\"Inicio\",\"item\":\"https:\\\/\\\/www.tressis.com\\\/ca\\\/\"},{\"@type\":\"ListItem\",\"position\":2,\"name\":\"Contin\u00faa el tira y afloja arancelario\"}]},{\"@type\":\"WebSite\",\"@id\":\"https:\\\/\\\/www.tressis.com\\\/ca\\\/#website\",\"url\":\"https:\\\/\\\/www.tressis.com\\\/ca\\\/\",\"name\":\"Tressis banca privada\",\"description\":\"Tressis | Planificaci\u00f3n financiera y gesti\u00f3n de patrimonios\",\"publisher\":{\"@id\":\"https:\\\/\\\/www.tressis.com\\\/ca\\\/#organization\"},\"potentialAction\":[{\"@type\":\"SearchAction\",\"target\":{\"@type\":\"EntryPoint\",\"urlTemplate\":\"https:\\\/\\\/www.tressis.com\\\/ca\\\/?s={search_term_string}\"},\"query-input\":{\"@type\":\"PropertyValueSpecification\",\"valueRequired\":true,\"valueName\":\"search_term_string\"}}],\"inLanguage\":\"ca\"},{\"@type\":\"Organization\",\"@id\":\"https:\\\/\\\/www.tressis.com\\\/ca\\\/#organization\",\"name\":\"Tressis\",\"url\":\"https:\\\/\\\/www.tressis.com\\\/ca\\\/\",\"logo\":{\"@type\":\"ImageObject\",\"inLanguage\":\"ca\",\"@id\":\"https:\\\/\\\/www.tressis.com\\\/ca\\\/#\\\/schema\\\/logo\\\/image\\\/\",\"url\":\"https:\\\/\\\/www.tressis.com\\\/wp-content\\\/uploads\\\/2025\\\/06\\\/logo-tressis-112.png\",\"contentUrl\":\"https:\\\/\\\/www.tressis.com\\\/wp-content\\\/uploads\\\/2025\\\/06\\\/logo-tressis-112.png\",\"width\":112,\"height\":112,\"caption\":\"Tressis\"},\"image\":{\"@id\":\"https:\\\/\\\/www.tressis.com\\\/ca\\\/#\\\/schema\\\/logo\\\/image\\\/\"},\"sameAs\":[\"https:\\\/\\\/www.facebook.com\\\/Tressis\\\/\",\"https:\\\/\\\/x.com\\\/TressisSV\",\"https:\\\/\\\/www.instagram.com\\\/tressissv\\\/?hl=es\",\"https:\\\/\\\/linkedin.com\\\/company\\\/tressis\\\/\",\"https:\\\/\\\/www.youtube.com\\\/user\\\/tressissv\",\"https:\\\/\\\/open.spotify.com\\\/show\\\/3jmTe1Nf0wqMILl7diWV6h?si=d7112519f13c4593&nd=1\"]},{\"@type\":\"Person\",\"@id\":\"https:\\\/\\\/www.tressis.com\\\/ca\\\/#\\\/schema\\\/person\\\/b833c1d724d8764920b6d6852c70584e\",\"name\":\"Lola\",\"image\":{\"@type\":\"ImageObject\",\"inLanguage\":\"ca\",\"@id\":\"https:\\\/\\\/secure.gravatar.com\\\/avatar\\\/05e646486b23ff45df9649110609c7e31b8c4a3e2821caa23d6317f405e0c51d?s=96&d=mm&r=g\",\"url\":\"https:\\\/\\\/secure.gravatar.com\\\/avatar\\\/05e646486b23ff45df9649110609c7e31b8c4a3e2821caa23d6317f405e0c51d?s=96&d=mm&r=g\",\"contentUrl\":\"https:\\\/\\\/secure.gravatar.com\\\/avatar\\\/05e646486b23ff45df9649110609c7e31b8c4a3e2821caa23d6317f405e0c51d?s=96&d=mm&r=g\",\"caption\":\"Lola\"}}]}<\/script>\n<!-- \/ Yoast SEO plugin. -->","yoast_head_json":{"title":"Contin\u00faa el tira y afloja arancelario - Tressis","description":"Los fabricantes, sean de la nacionalidad que sean, ya muestran abiertamente la preocupaci\u00f3n por la posibilidad de una guerra comercial real","robots":{"index":"index","follow":"follow","max-snippet":"max-snippet:-1","max-image-preview":"max-image-preview:large","max-video-preview":"max-video-preview:-1"},"canonical":"https:\/\/www.tressis.com\/ca\/blog\/continua-el-tira-y-afloja-arancelario\/","og_locale":"ca_ES","og_type":"article","og_title":"Contin\u00faa el tira y afloja arancelario - Tressis","og_description":"Los fabricantes, sean de la nacionalidad que sean, ya muestran abiertamente la preocupaci\u00f3n por la posibilidad de una guerra comercial real","og_url":"https:\/\/www.tressis.com\/ca\/blog\/continua-el-tira-y-afloja-arancelario\/","og_site_name":"Tressis","article_publisher":"https:\/\/www.facebook.com\/Tressis\/","article_published_time":"2018-07-03T09:03:09+00:00","og_image":[{"width":1100,"height":487,"url":"https:\/\/www.tressis.com\/wp-content\/uploads\/2018\/07\/20180703-mmv.jpg","type":"image\/jpeg"}],"author":"Lola","twitter_card":"summary_large_image","twitter_creator":"@TressisSV","twitter_site":"@TressisSV","twitter_misc":{"Escrit per":"Lola","Temps estimat de lectura":"1 minut"},"schema":{"@context":"https:\/\/schema.org","@graph":[{"@type":"Article","@id":"https:\/\/www.tressis.com\/ca\/blog\/continua-el-tira-y-afloja-arancelario\/#article","isPartOf":{"@id":"https:\/\/www.tressis.com\/ca\/blog\/continua-el-tira-y-afloja-arancelario\/"},"author":{"name":"Lola","@id":"https:\/\/www.tressis.com\/ca\/#\/schema\/person\/b833c1d724d8764920b6d6852c70584e"},"headline":"Contin\u00faa el tira y afloja arancelario","datePublished":"2018-07-03T09:03:09+00:00","mainEntityOfPage":{"@id":"https:\/\/www.tressis.com\/ca\/blog\/continua-el-tira-y-afloja-arancelario\/"},"wordCount":305,"commentCount":0,"publisher":{"@id":"https:\/\/www.tressis.com\/ca\/#organization"},"image":{"@id":"https:\/\/www.tressis.com\/ca\/blog\/continua-el-tira-y-afloja-arancelario\/#primaryimage"},"thumbnailUrl":"https:\/\/www.tressis.com\/wp-content\/uploads\/2018\/07\/20180703-mmv.jpg","keywords":["Alemania","\u00c1ngela Merkel","bolsas europeas","comercio entre iguales","crecimiento mundial","EE.UU","Europa","fabricantes","guerra comercial","inestabilidad pol\u00edtica","intercambio de bienes","Italia","macroeconom\u00eda","Wall Street"],"articleSection":["Morning meeting"],"inLanguage":"ca","potentialAction":[{"@type":"CommentAction","name":"Comment","target":["https:\/\/www.tressis.com\/ca\/blog\/continua-el-tira-y-afloja-arancelario\/#respond"]}]},{"@type":"WebPage","@id":"https:\/\/www.tressis.com\/ca\/blog\/continua-el-tira-y-afloja-arancelario\/","url":"https:\/\/www.tressis.com\/ca\/blog\/continua-el-tira-y-afloja-arancelario\/","name":"Contin\u00faa el tira y afloja arancelario - Tressis","isPartOf":{"@id":"https:\/\/www.tressis.com\/ca\/#website"},"primaryImageOfPage":{"@id":"https:\/\/www.tressis.com\/ca\/blog\/continua-el-tira-y-afloja-arancelario\/#primaryimage"},"image":{"@id":"https:\/\/www.tressis.com\/ca\/blog\/continua-el-tira-y-afloja-arancelario\/#primaryimage"},"thumbnailUrl":"https:\/\/www.tressis.com\/wp-content\/uploads\/2018\/07\/20180703-mmv.jpg","datePublished":"2018-07-03T09:03:09+00:00","description":"Los fabricantes, sean de la nacionalidad que sean, ya muestran abiertamente la preocupaci\u00f3n por la posibilidad de una guerra comercial real","breadcrumb":{"@id":"https:\/\/www.tressis.com\/ca\/blog\/continua-el-tira-y-afloja-arancelario\/#breadcrumb"},"inLanguage":"ca","potentialAction":[{"@type":"ReadAction","target":["https:\/\/www.tressis.com\/ca\/blog\/continua-el-tira-y-afloja-arancelario\/"]}]},{"@type":"ImageObject","inLanguage":"ca","@id":"https:\/\/www.tressis.com\/ca\/blog\/continua-el-tira-y-afloja-arancelario\/#primaryimage","url":"https:\/\/www.tressis.com\/wp-content\/uploads\/2018\/07\/20180703-mmv.jpg","contentUrl":"https:\/\/www.tressis.com\/wp-content\/uploads\/2018\/07\/20180703-mmv.jpg","width":1100,"height":487,"caption":"Contin\u00faa el tira y afloja arancelario"},{"@type":"BreadcrumbList","@id":"https:\/\/www.tressis.com\/ca\/blog\/continua-el-tira-y-afloja-arancelario\/#breadcrumb","itemListElement":[{"@type":"ListItem","position":1,"name":"Inicio","item":"https:\/\/www.tressis.com\/ca\/"},{"@type":"ListItem","position":2,"name":"Contin\u00faa el tira y afloja arancelario"}]},{"@type":"WebSite","@id":"https:\/\/www.tressis.com\/ca\/#website","url":"https:\/\/www.tressis.com\/ca\/","name":"Tressis banca privada","description":"Tressis | Planificaci\u00f3n financiera y gesti\u00f3n de patrimonios","publisher":{"@id":"https:\/\/www.tressis.com\/ca\/#organization"},"potentialAction":[{"@type":"SearchAction","target":{"@type":"EntryPoint","urlTemplate":"https:\/\/www.tressis.com\/ca\/?s={search_term_string}"},"query-input":{"@type":"PropertyValueSpecification","valueRequired":true,"valueName":"search_term_string"}}],"inLanguage":"ca"},{"@type":"Organization","@id":"https:\/\/www.tressis.com\/ca\/#organization","name":"Tressis","url":"https:\/\/www.tressis.com\/ca\/","logo":{"@type":"ImageObject","inLanguage":"ca","@id":"https:\/\/www.tressis.com\/ca\/#\/schema\/logo\/image\/","url":"https:\/\/www.tressis.com\/wp-content\/uploads\/2025\/06\/logo-tressis-112.png","contentUrl":"https:\/\/www.tressis.com\/wp-content\/uploads\/2025\/06\/logo-tressis-112.png","width":112,"height":112,"caption":"Tressis"},"image":{"@id":"https:\/\/www.tressis.com\/ca\/#\/schema\/logo\/image\/"},"sameAs":["https:\/\/www.facebook.com\/Tressis\/","https:\/\/x.com\/TressisSV","https:\/\/www.instagram.com\/tressissv\/?hl=es","https:\/\/linkedin.com\/company\/tressis\/","https:\/\/www.youtube.com\/user\/tressissv","https:\/\/open.spotify.com\/show\/3jmTe1Nf0wqMILl7diWV6h?si=d7112519f13c4593&nd=1"]},{"@type":"Person","@id":"https:\/\/www.tressis.com\/ca\/#\/schema\/person\/b833c1d724d8764920b6d6852c70584e","name":"Lola","image":{"@type":"ImageObject","inLanguage":"ca","@id":"https:\/\/secure.gravatar.com\/avatar\/05e646486b23ff45df9649110609c7e31b8c4a3e2821caa23d6317f405e0c51d?s=96&d=mm&r=g","url":"https:\/\/secure.gravatar.com\/avatar\/05e646486b23ff45df9649110609c7e31b8c4a3e2821caa23d6317f405e0c51d?s=96&d=mm&r=g","contentUrl":"https:\/\/secure.gravatar.com\/avatar\/05e646486b23ff45df9649110609c7e31b8c4a3e2821caa23d6317f405e0c51d?s=96&d=mm&r=g","caption":"Lola"}}]}},"_links":{"self":[{"href":"https:\/\/www.tressis.com\/ca\/wp-json\/wp\/v2\/posts\/29334","targetHints":{"allow":["GET"]}}],"collection":[{"href":"https:\/\/www.tressis.com\/ca\/wp-json\/wp\/v2\/posts"}],"about":[{"href":"https:\/\/www.tressis.com\/ca\/wp-json\/wp\/v2\/types\/post"}],"author":[{"embeddable":true,"href":"https:\/\/www.tressis.com\/ca\/wp-json\/wp\/v2\/users\/4"}],"replies":[{"embeddable":true,"href":"https:\/\/www.tressis.com\/ca\/wp-json\/wp\/v2\/comments?post=29334"}],"version-history":[{"count":0,"href":"https:\/\/www.tressis.com\/ca\/wp-json\/wp\/v2\/posts\/29334\/revisions"}],"wp:featuredmedia":[{"embeddable":true,"href":"https:\/\/www.tressis.com\/ca\/wp-json\/wp\/v2\/media\/29337"}],"wp:attachment":[{"href":"https:\/\/www.tressis.com\/ca\/wp-json\/wp\/v2\/media?parent=29334"}],"wp:term":[{"taxonomy":"category","embeddable":true,"href":"https:\/\/www.tressis.com\/ca\/wp-json\/wp\/v2\/categories?post=29334"},{"taxonomy":"post_tag","embeddable":true,"href":"https:\/\/www.tressis.com\/ca\/wp-json\/wp\/v2\/tags?post=29334"}],"curies":[{"name":"wp","href":"https:\/\/api.w.org\/{rel}","templated":true}]}}