{"id":29209,"date":"2018-06-19T10:51:23","date_gmt":"2018-06-19T08:51:23","guid":{"rendered":"http:\/\/www.tressis.com\/blog\/?p=29209"},"modified":"2018-06-19T10:51:23","modified_gmt":"2018-06-19T08:51:23","slug":"china-y-ee-uu-determinan-la-economia-global","status":"publish","type":"post","link":"https:\/\/www.tressis.com\/ca\/blog\/china-y-ee-uu-determinan-la-economia-global\/","title":{"rendered":"China y EE.UU. determinan la econom\u00eda global"},"content":{"rendered":"<p>Los amantes del p\u00f3ker deben estar disfrutando de verdad con el incremento de los \u00f3rdagos entre EE.UU. y China, con el comercio y la econom\u00eda global como grandes perdedores. <!--more-->Despu\u00e9s de que China viera el \u00faltimo \u00f3rdago de Trump, ambos de 50.000 millones de d\u00f3lares, va el presidente de EE.UU. y sube la apuesta hasta nada menos que 200.000 millones m\u00e1s si China no retira la &#8220;respuesta&#8221;.<\/p>\n<p>Lo cierto es que ni al mercado, ni casi a ning\u00fan analista que se precie, les hace la menor gracia contemplar c\u00f3mo la escalada de tensiones comerciales va a m\u00e1s, especialmente por tratarse de un tema que desgasta un poco m\u00e1s cada semana que pasa. Quiz\u00e1s precisamente por eso, por lo cansino que llegue a resultar, acaben los inversores por acostumbrarse casi como si de una crisis pol\u00edtica m\u00e1s se tratara. El riesgo es que si de verdad se tuerce, la guerra comercial va a ser un problema que vamos a sufrir todos.<\/p>\n<p>Hablando de crisis pol\u00edticas, lo de Alemania tiene pinta de ser m\u00e1s serio de lo que pudiera parecer, pues las exigencias para que Merkel no tenga problemas parten de sus aliados b\u00e1varos de la CSU. Y mientras, espa\u00f1oles e italianos callados y cediendo el protagonismo a otros. Pero que vamos a volver a ocupar titulares tarde o temprano lo apuesto con quien quiera.<\/p>\n<p>En otra onda algo distinta se viene moviendo el precio del petr\u00f3leo estos d\u00edas. La reuni\u00f3n de la OPEP de esta misma semana en Viena puede resultar determinante por cuanto el c\u00e1rtel pueda decidir ocupar el vac\u00edo de un Ir\u00e1n nuevamente sancionado o de una Venezuela al borde del colapso. Aunque dicho esto, lo m\u00e1s sorprendente est\u00e1 siendo la poca velocidad con que los <i>frackers<\/i> norteamericanos est\u00e1n aprovechando el m\u00ednimo hueco para volver, claro que las circunstancias (deudas vivas y costes de financiaci\u00f3n m\u00e1s altos) han cambiado mucho.<\/p>\n<p>\u200bBuen d\u00eda\u200b.<\/p>\n<p><center><strong>Am\u00edlcar Barrios Vilallonga<\/strong><br \/>\nDirecci\u00f3n de Inversiones<\/center><\/p>\n","protected":false},"excerpt":{"rendered":"<p>Los amantes del p\u00f3ker deben estar disfrutando de verdad con el incremento de los \u00f3rdagos entre EE.UU. y China, con el comercio y la econom\u00eda global como grandes perdedores.<\/p>\n","protected":false},"author":4,"featured_media":29210,"comment_status":"open","ping_status":"closed","sticky":false,"template":"","format":"standard","meta":{"_acf_changed":false,"footnotes":""},"categories":[9721],"tags":[141,1118,1230,1640,2170,2205,2446,3128,3696,4610,6535,6734],"class_list":["post-29209","post","type-post","status-publish","format-standard","has-post-thumbnail","hentry","category-morning-meeting","tag-alemania","tag-china","tag-comercio","tag-crisis-politica","tag-economia-global","tag-ee-uu","tag-espana","tag-guerra-comercial","tag-italia","tag-opep","tag-tensiones-comerciales","tag-trump"],"acf":[],"yoast_head":"<!-- This site is optimized with the Yoast SEO plugin v27.4 - https:\/\/yoast.com\/product\/yoast-seo-wordpress\/ -->\n<title>China y EE.UU. determinan la econom\u00eda global<\/title>\n<meta name=\"description\" content=\"La reuni\u00f3n de la OPEP de esta misma semana en Viena puede resultar determinante\" \/>\n<meta name=\"robots\" content=\"index, follow, max-snippet:-1, max-image-preview:large, max-video-preview:-1\" \/>\n<link rel=\"canonical\" href=\"https:\/\/www.tressis.com\/ca\/blog\/china-y-ee-uu-determinan-la-economia-global\/\" \/>\n<meta property=\"og:locale\" content=\"ca_ES\" \/>\n<meta property=\"og:type\" content=\"article\" \/>\n<meta property=\"og:title\" content=\"China y EE.UU. determinan la econom\u00eda global\" \/>\n<meta property=\"og:description\" content=\"La reuni\u00f3n de la OPEP de esta misma semana en Viena puede resultar determinante\" \/>\n<meta property=\"og:url\" content=\"https:\/\/www.tressis.com\/ca\/blog\/china-y-ee-uu-determinan-la-economia-global\/\" \/>\n<meta property=\"og:site_name\" content=\"Tressis\" \/>\n<meta property=\"article:publisher\" content=\"https:\/\/www.facebook.com\/Tressis\/\" \/>\n<meta property=\"article:published_time\" content=\"2018-06-19T08:51:23+00:00\" \/>\n<meta property=\"og:image\" content=\"https:\/\/www.tressis.com\/wp-content\/uploads\/2018\/06\/20180619-mmv.jpg\" \/>\n\t<meta property=\"og:image:width\" content=\"1100\" \/>\n\t<meta property=\"og:image:height\" content=\"487\" \/>\n\t<meta property=\"og:image:type\" content=\"image\/jpeg\" \/>\n<meta name=\"author\" content=\"Lola\" \/>\n<meta name=\"twitter:card\" content=\"summary_large_image\" \/>\n<meta name=\"twitter:creator\" content=\"@TressisSV\" \/>\n<meta name=\"twitter:site\" content=\"@TressisSV\" \/>\n<meta name=\"twitter:label1\" content=\"Escrit per\" \/>\n\t<meta name=\"twitter:data1\" content=\"Lola\" \/>\n\t<meta name=\"twitter:label2\" content=\"Temps estimat de lectura\" \/>\n\t<meta name=\"twitter:data2\" content=\"2 minuts\" \/>\n<script type=\"application\/ld+json\" class=\"yoast-schema-graph\">{\"@context\":\"https:\\\/\\\/schema.org\",\"@graph\":[{\"@type\":\"Article\",\"@id\":\"https:\\\/\\\/www.tressis.com\\\/ca\\\/blog\\\/china-y-ee-uu-determinan-la-economia-global\\\/#article\",\"isPartOf\":{\"@id\":\"https:\\\/\\\/www.tressis.com\\\/ca\\\/blog\\\/china-y-ee-uu-determinan-la-economia-global\\\/\"},\"author\":{\"name\":\"Lola\",\"@id\":\"https:\\\/\\\/www.tressis.com\\\/ca\\\/#\\\/schema\\\/person\\\/b833c1d724d8764920b6d6852c70584e\"},\"headline\":\"China y EE.UU. determinan la econom\u00eda global\",\"datePublished\":\"2018-06-19T08:51:23+00:00\",\"mainEntityOfPage\":{\"@id\":\"https:\\\/\\\/www.tressis.com\\\/ca\\\/blog\\\/china-y-ee-uu-determinan-la-economia-global\\\/\"},\"wordCount\":358,\"commentCount\":0,\"publisher\":{\"@id\":\"https:\\\/\\\/www.tressis.com\\\/ca\\\/#organization\"},\"image\":{\"@id\":\"https:\\\/\\\/www.tressis.com\\\/ca\\\/blog\\\/china-y-ee-uu-determinan-la-economia-global\\\/#primaryimage\"},\"thumbnailUrl\":\"https:\\\/\\\/www.tressis.com\\\/wp-content\\\/uploads\\\/2018\\\/06\\\/20180619-mmv.jpg\",\"keywords\":[\"Alemania\",\"china\",\"comercio\",\"crisis pol\u00edtica\",\"econom\u00eda global\",\"EE.UU\",\"Espa\u00f1a\",\"guerra comercial\",\"Italia\",\"OPEP\",\"tensiones comerciales\",\"Trump\"],\"articleSection\":[\"Morning meeting\"],\"inLanguage\":\"ca\",\"potentialAction\":[{\"@type\":\"CommentAction\",\"name\":\"Comment\",\"target\":[\"https:\\\/\\\/www.tressis.com\\\/ca\\\/blog\\\/china-y-ee-uu-determinan-la-economia-global\\\/#respond\"]}]},{\"@type\":\"WebPage\",\"@id\":\"https:\\\/\\\/www.tressis.com\\\/ca\\\/blog\\\/china-y-ee-uu-determinan-la-economia-global\\\/\",\"url\":\"https:\\\/\\\/www.tressis.com\\\/ca\\\/blog\\\/china-y-ee-uu-determinan-la-economia-global\\\/\",\"name\":\"China y EE.UU. determinan la econom\u00eda global\",\"isPartOf\":{\"@id\":\"https:\\\/\\\/www.tressis.com\\\/ca\\\/#website\"},\"primaryImageOfPage\":{\"@id\":\"https:\\\/\\\/www.tressis.com\\\/ca\\\/blog\\\/china-y-ee-uu-determinan-la-economia-global\\\/#primaryimage\"},\"image\":{\"@id\":\"https:\\\/\\\/www.tressis.com\\\/ca\\\/blog\\\/china-y-ee-uu-determinan-la-economia-global\\\/#primaryimage\"},\"thumbnailUrl\":\"https:\\\/\\\/www.tressis.com\\\/wp-content\\\/uploads\\\/2018\\\/06\\\/20180619-mmv.jpg\",\"datePublished\":\"2018-06-19T08:51:23+00:00\",\"description\":\"La reuni\u00f3n de la OPEP de esta misma semana en Viena puede resultar determinante\",\"breadcrumb\":{\"@id\":\"https:\\\/\\\/www.tressis.com\\\/ca\\\/blog\\\/china-y-ee-uu-determinan-la-economia-global\\\/#breadcrumb\"},\"inLanguage\":\"ca\",\"potentialAction\":[{\"@type\":\"ReadAction\",\"target\":[\"https:\\\/\\\/www.tressis.com\\\/ca\\\/blog\\\/china-y-ee-uu-determinan-la-economia-global\\\/\"]}]},{\"@type\":\"ImageObject\",\"inLanguage\":\"ca\",\"@id\":\"https:\\\/\\\/www.tressis.com\\\/ca\\\/blog\\\/china-y-ee-uu-determinan-la-economia-global\\\/#primaryimage\",\"url\":\"https:\\\/\\\/www.tressis.com\\\/wp-content\\\/uploads\\\/2018\\\/06\\\/20180619-mmv.jpg\",\"contentUrl\":\"https:\\\/\\\/www.tressis.com\\\/wp-content\\\/uploads\\\/2018\\\/06\\\/20180619-mmv.jpg\",\"width\":1100,\"height\":487,\"caption\":\"China y EE.UU. determinan la econom\u00eda global\"},{\"@type\":\"BreadcrumbList\",\"@id\":\"https:\\\/\\\/www.tressis.com\\\/ca\\\/blog\\\/china-y-ee-uu-determinan-la-economia-global\\\/#breadcrumb\",\"itemListElement\":[{\"@type\":\"ListItem\",\"position\":1,\"name\":\"Inicio\",\"item\":\"https:\\\/\\\/www.tressis.com\\\/ca\\\/\"},{\"@type\":\"ListItem\",\"position\":2,\"name\":\"China y EE.UU. determinan la econom\u00eda global\"}]},{\"@type\":\"WebSite\",\"@id\":\"https:\\\/\\\/www.tressis.com\\\/ca\\\/#website\",\"url\":\"https:\\\/\\\/www.tressis.com\\\/ca\\\/\",\"name\":\"Tressis banca privada\",\"description\":\"Tressis | Planificaci\u00f3n financiera y gesti\u00f3n de patrimonios\",\"publisher\":{\"@id\":\"https:\\\/\\\/www.tressis.com\\\/ca\\\/#organization\"},\"potentialAction\":[{\"@type\":\"SearchAction\",\"target\":{\"@type\":\"EntryPoint\",\"urlTemplate\":\"https:\\\/\\\/www.tressis.com\\\/ca\\\/?s={search_term_string}\"},\"query-input\":{\"@type\":\"PropertyValueSpecification\",\"valueRequired\":true,\"valueName\":\"search_term_string\"}}],\"inLanguage\":\"ca\"},{\"@type\":\"Organization\",\"@id\":\"https:\\\/\\\/www.tressis.com\\\/ca\\\/#organization\",\"name\":\"Tressis\",\"url\":\"https:\\\/\\\/www.tressis.com\\\/ca\\\/\",\"logo\":{\"@type\":\"ImageObject\",\"inLanguage\":\"ca\",\"@id\":\"https:\\\/\\\/www.tressis.com\\\/ca\\\/#\\\/schema\\\/logo\\\/image\\\/\",\"url\":\"https:\\\/\\\/www.tressis.com\\\/wp-content\\\/uploads\\\/2025\\\/06\\\/logo-tressis-112.png\",\"contentUrl\":\"https:\\\/\\\/www.tressis.com\\\/wp-content\\\/uploads\\\/2025\\\/06\\\/logo-tressis-112.png\",\"width\":112,\"height\":112,\"caption\":\"Tressis\"},\"image\":{\"@id\":\"https:\\\/\\\/www.tressis.com\\\/ca\\\/#\\\/schema\\\/logo\\\/image\\\/\"},\"sameAs\":[\"https:\\\/\\\/www.facebook.com\\\/Tressis\\\/\",\"https:\\\/\\\/x.com\\\/TressisSV\",\"https:\\\/\\\/www.instagram.com\\\/tressissv\\\/?hl=es\",\"https:\\\/\\\/linkedin.com\\\/company\\\/tressis\\\/\",\"https:\\\/\\\/www.youtube.com\\\/user\\\/tressissv\",\"https:\\\/\\\/open.spotify.com\\\/show\\\/3jmTe1Nf0wqMILl7diWV6h?si=d7112519f13c4593&nd=1\"]},{\"@type\":\"Person\",\"@id\":\"https:\\\/\\\/www.tressis.com\\\/ca\\\/#\\\/schema\\\/person\\\/b833c1d724d8764920b6d6852c70584e\",\"name\":\"Lola\",\"image\":{\"@type\":\"ImageObject\",\"inLanguage\":\"ca\",\"@id\":\"https:\\\/\\\/secure.gravatar.com\\\/avatar\\\/05e646486b23ff45df9649110609c7e31b8c4a3e2821caa23d6317f405e0c51d?s=96&d=mm&r=g\",\"url\":\"https:\\\/\\\/secure.gravatar.com\\\/avatar\\\/05e646486b23ff45df9649110609c7e31b8c4a3e2821caa23d6317f405e0c51d?s=96&d=mm&r=g\",\"contentUrl\":\"https:\\\/\\\/secure.gravatar.com\\\/avatar\\\/05e646486b23ff45df9649110609c7e31b8c4a3e2821caa23d6317f405e0c51d?s=96&d=mm&r=g\",\"caption\":\"Lola\"}}]}<\/script>\n<!-- \/ Yoast SEO plugin. -->","yoast_head_json":{"title":"China y EE.UU. determinan la econom\u00eda global","description":"La reuni\u00f3n de la OPEP de esta misma semana en Viena puede resultar determinante","robots":{"index":"index","follow":"follow","max-snippet":"max-snippet:-1","max-image-preview":"max-image-preview:large","max-video-preview":"max-video-preview:-1"},"canonical":"https:\/\/www.tressis.com\/ca\/blog\/china-y-ee-uu-determinan-la-economia-global\/","og_locale":"ca_ES","og_type":"article","og_title":"China y EE.UU. determinan la econom\u00eda global","og_description":"La reuni\u00f3n de la OPEP de esta misma semana en Viena puede resultar determinante","og_url":"https:\/\/www.tressis.com\/ca\/blog\/china-y-ee-uu-determinan-la-economia-global\/","og_site_name":"Tressis","article_publisher":"https:\/\/www.facebook.com\/Tressis\/","article_published_time":"2018-06-19T08:51:23+00:00","og_image":[{"width":1100,"height":487,"url":"https:\/\/www.tressis.com\/wp-content\/uploads\/2018\/06\/20180619-mmv.jpg","type":"image\/jpeg"}],"author":"Lola","twitter_card":"summary_large_image","twitter_creator":"@TressisSV","twitter_site":"@TressisSV","twitter_misc":{"Escrit per":"Lola","Temps estimat de lectura":"2 minuts"},"schema":{"@context":"https:\/\/schema.org","@graph":[{"@type":"Article","@id":"https:\/\/www.tressis.com\/ca\/blog\/china-y-ee-uu-determinan-la-economia-global\/#article","isPartOf":{"@id":"https:\/\/www.tressis.com\/ca\/blog\/china-y-ee-uu-determinan-la-economia-global\/"},"author":{"name":"Lola","@id":"https:\/\/www.tressis.com\/ca\/#\/schema\/person\/b833c1d724d8764920b6d6852c70584e"},"headline":"China y EE.UU. determinan la econom\u00eda global","datePublished":"2018-06-19T08:51:23+00:00","mainEntityOfPage":{"@id":"https:\/\/www.tressis.com\/ca\/blog\/china-y-ee-uu-determinan-la-economia-global\/"},"wordCount":358,"commentCount":0,"publisher":{"@id":"https:\/\/www.tressis.com\/ca\/#organization"},"image":{"@id":"https:\/\/www.tressis.com\/ca\/blog\/china-y-ee-uu-determinan-la-economia-global\/#primaryimage"},"thumbnailUrl":"https:\/\/www.tressis.com\/wp-content\/uploads\/2018\/06\/20180619-mmv.jpg","keywords":["Alemania","china","comercio","crisis pol\u00edtica","econom\u00eda global","EE.UU","Espa\u00f1a","guerra comercial","Italia","OPEP","tensiones comerciales","Trump"],"articleSection":["Morning meeting"],"inLanguage":"ca","potentialAction":[{"@type":"CommentAction","name":"Comment","target":["https:\/\/www.tressis.com\/ca\/blog\/china-y-ee-uu-determinan-la-economia-global\/#respond"]}]},{"@type":"WebPage","@id":"https:\/\/www.tressis.com\/ca\/blog\/china-y-ee-uu-determinan-la-economia-global\/","url":"https:\/\/www.tressis.com\/ca\/blog\/china-y-ee-uu-determinan-la-economia-global\/","name":"China y EE.UU. determinan la econom\u00eda global","isPartOf":{"@id":"https:\/\/www.tressis.com\/ca\/#website"},"primaryImageOfPage":{"@id":"https:\/\/www.tressis.com\/ca\/blog\/china-y-ee-uu-determinan-la-economia-global\/#primaryimage"},"image":{"@id":"https:\/\/www.tressis.com\/ca\/blog\/china-y-ee-uu-determinan-la-economia-global\/#primaryimage"},"thumbnailUrl":"https:\/\/www.tressis.com\/wp-content\/uploads\/2018\/06\/20180619-mmv.jpg","datePublished":"2018-06-19T08:51:23+00:00","description":"La reuni\u00f3n de la OPEP de esta misma semana en Viena puede resultar determinante","breadcrumb":{"@id":"https:\/\/www.tressis.com\/ca\/blog\/china-y-ee-uu-determinan-la-economia-global\/#breadcrumb"},"inLanguage":"ca","potentialAction":[{"@type":"ReadAction","target":["https:\/\/www.tressis.com\/ca\/blog\/china-y-ee-uu-determinan-la-economia-global\/"]}]},{"@type":"ImageObject","inLanguage":"ca","@id":"https:\/\/www.tressis.com\/ca\/blog\/china-y-ee-uu-determinan-la-economia-global\/#primaryimage","url":"https:\/\/www.tressis.com\/wp-content\/uploads\/2018\/06\/20180619-mmv.jpg","contentUrl":"https:\/\/www.tressis.com\/wp-content\/uploads\/2018\/06\/20180619-mmv.jpg","width":1100,"height":487,"caption":"China y EE.UU. determinan la econom\u00eda global"},{"@type":"BreadcrumbList","@id":"https:\/\/www.tressis.com\/ca\/blog\/china-y-ee-uu-determinan-la-economia-global\/#breadcrumb","itemListElement":[{"@type":"ListItem","position":1,"name":"Inicio","item":"https:\/\/www.tressis.com\/ca\/"},{"@type":"ListItem","position":2,"name":"China y EE.UU. determinan la econom\u00eda global"}]},{"@type":"WebSite","@id":"https:\/\/www.tressis.com\/ca\/#website","url":"https:\/\/www.tressis.com\/ca\/","name":"Tressis banca privada","description":"Tressis | Planificaci\u00f3n financiera y gesti\u00f3n de patrimonios","publisher":{"@id":"https:\/\/www.tressis.com\/ca\/#organization"},"potentialAction":[{"@type":"SearchAction","target":{"@type":"EntryPoint","urlTemplate":"https:\/\/www.tressis.com\/ca\/?s={search_term_string}"},"query-input":{"@type":"PropertyValueSpecification","valueRequired":true,"valueName":"search_term_string"}}],"inLanguage":"ca"},{"@type":"Organization","@id":"https:\/\/www.tressis.com\/ca\/#organization","name":"Tressis","url":"https:\/\/www.tressis.com\/ca\/","logo":{"@type":"ImageObject","inLanguage":"ca","@id":"https:\/\/www.tressis.com\/ca\/#\/schema\/logo\/image\/","url":"https:\/\/www.tressis.com\/wp-content\/uploads\/2025\/06\/logo-tressis-112.png","contentUrl":"https:\/\/www.tressis.com\/wp-content\/uploads\/2025\/06\/logo-tressis-112.png","width":112,"height":112,"caption":"Tressis"},"image":{"@id":"https:\/\/www.tressis.com\/ca\/#\/schema\/logo\/image\/"},"sameAs":["https:\/\/www.facebook.com\/Tressis\/","https:\/\/x.com\/TressisSV","https:\/\/www.instagram.com\/tressissv\/?hl=es","https:\/\/linkedin.com\/company\/tressis\/","https:\/\/www.youtube.com\/user\/tressissv","https:\/\/open.spotify.com\/show\/3jmTe1Nf0wqMILl7diWV6h?si=d7112519f13c4593&nd=1"]},{"@type":"Person","@id":"https:\/\/www.tressis.com\/ca\/#\/schema\/person\/b833c1d724d8764920b6d6852c70584e","name":"Lola","image":{"@type":"ImageObject","inLanguage":"ca","@id":"https:\/\/secure.gravatar.com\/avatar\/05e646486b23ff45df9649110609c7e31b8c4a3e2821caa23d6317f405e0c51d?s=96&d=mm&r=g","url":"https:\/\/secure.gravatar.com\/avatar\/05e646486b23ff45df9649110609c7e31b8c4a3e2821caa23d6317f405e0c51d?s=96&d=mm&r=g","contentUrl":"https:\/\/secure.gravatar.com\/avatar\/05e646486b23ff45df9649110609c7e31b8c4a3e2821caa23d6317f405e0c51d?s=96&d=mm&r=g","caption":"Lola"}}]}},"_links":{"self":[{"href":"https:\/\/www.tressis.com\/ca\/wp-json\/wp\/v2\/posts\/29209","targetHints":{"allow":["GET"]}}],"collection":[{"href":"https:\/\/www.tressis.com\/ca\/wp-json\/wp\/v2\/posts"}],"about":[{"href":"https:\/\/www.tressis.com\/ca\/wp-json\/wp\/v2\/types\/post"}],"author":[{"embeddable":true,"href":"https:\/\/www.tressis.com\/ca\/wp-json\/wp\/v2\/users\/4"}],"replies":[{"embeddable":true,"href":"https:\/\/www.tressis.com\/ca\/wp-json\/wp\/v2\/comments?post=29209"}],"version-history":[{"count":0,"href":"https:\/\/www.tressis.com\/ca\/wp-json\/wp\/v2\/posts\/29209\/revisions"}],"wp:featuredmedia":[{"embeddable":true,"href":"https:\/\/www.tressis.com\/ca\/wp-json\/wp\/v2\/media\/29210"}],"wp:attachment":[{"href":"https:\/\/www.tressis.com\/ca\/wp-json\/wp\/v2\/media?parent=29209"}],"wp:term":[{"taxonomy":"category","embeddable":true,"href":"https:\/\/www.tressis.com\/ca\/wp-json\/wp\/v2\/categories?post=29209"},{"taxonomy":"post_tag","embeddable":true,"href":"https:\/\/www.tressis.com\/ca\/wp-json\/wp\/v2\/tags?post=29209"}],"curies":[{"name":"wp","href":"https:\/\/api.w.org\/{rel}","templated":true}]}}