{"id":29175,"date":"2018-06-15T10:59:24","date_gmt":"2018-06-15T08:59:24","guid":{"rendered":"http:\/\/www.tressis.com\/blog\/?p=29175"},"modified":"2018-06-15T10:59:24","modified_gmt":"2018-06-15T08:59:24","slug":"vaya-unos-dias-mas-trepidantes-que-llevamos-encima","status":"publish","type":"post","link":"https:\/\/www.tressis.com\/ca\/blog\/vaya-unos-dias-mas-trepidantes-que-llevamos-encima\/","title":{"rendered":"Vaya unos d\u00edas m\u00e1s trepidantes que llevamos encima"},"content":{"rendered":"<p>Hoy empieza de verdad el \u00fanico evento por el que Espa\u00f1a se para por completo. Y &#8220;curiosamente&#8221; no son los mercados.<!--more--><\/p>\n<p>Pero a lo nuestro, que, en primer lugar, es la reuni\u00f3n del BCE. Sin sorpresas, se anunci\u00f3 una relativamente buena noticia con la reducci\u00f3n del QE en septiembre y su punto final en diciembre. Lo que se sali\u00f3 algo m\u00e1s del guion fue la afirmaci\u00f3n de no tocar los tipos de inter\u00e9s, como poco, hasta dentro de un a\u00f1o, mientras que lo de reducir las previsiones de crecimiento y aumentar las de inflaci\u00f3n no tuvo apenas impacto.<\/p>\n<p>La reacci\u00f3n del mercado tuvo un poco de todo. En el caso de los bonos, donde en teor\u00eda quiz\u00e1s se deber\u00eda haber notado un impulso en rentabilidad, la realidad es bien distinta, bien porque a\u00fan queda mucho tiempo para subir tipos y modificar la oferta monetaria, bien porque todav\u00eda prefieren los mercados mirar hacia otro lado. Esto se extendi\u00f3 a las bolsas y los bancos en su papel de acreedores principales de deuda soberana, as\u00ed como por lo dif\u00edcil que lo tienen para mejorar sus m\u00e1rgenes con tipos de inter\u00e9s reales negativos.<\/p>\n<p>Pero fue la divisa comunitaria la que plasm\u00f3 como ning\u00fan otro activo el sentir de los inversores. Desplome bien por debajo del 1,15 contra el d\u00f3lar, enfrentando la firmeza de la pol\u00edtica monetaria de la Fed, que un d\u00eda antes subi\u00f3 tipos y reflej\u00f3 dos movimientos m\u00e1s para 2018, contra la del BCE. Por si hab\u00eda alguna duda sobre por qu\u00e9 este \u00faltimo sigue manteniendo una direcci\u00f3n cauta, los IPC de Alemania y Francia (ambos publicados ayer) demuestran que la fortaleza reciente de la inflaci\u00f3n se debe mayoritariamente, c\u00f3mo no, al incremento del precio del petr\u00f3leo.<\/p>\n<p>As\u00ed, con tanto y tan importante sobre la mesa, es como han pasado de largo las advertencias del FMI sobre la sostenibilidad de la deuda de EE.UU. (si hay problemas con esto pues&#8230;) o la nueva ronda de aranceles a productos chinos por valor de m\u00e1s de 50.000 millones de d\u00f3lares. Ni que decir de la reuni\u00f3n del Banco de Jap\u00f3n, que aunque no lo parezca, tuvo lugar, y lo tuvo para seguir como hasta ahora.<\/p>\n<p>\u200bBuen fin de semana\u200b.<\/p>\n<p><center><strong>Am\u00edlcar Barrios Vilallonga<\/strong><br \/>\nDirecci\u00f3n de Inversiones<\/center><\/p>\n","protected":false},"excerpt":{"rendered":"<p>Hoy empieza de verdad el \u00fanico evento por el que Espa\u00f1a se para por completo. Y &#8220;curiosamente&#8221; no son los mercados.<\/p>\n","protected":false},"author":4,"featured_media":29176,"comment_status":"open","ping_status":"closed","sticky":false,"template":"","format":"standard","meta":{"_acf_changed":false,"footnotes":""},"categories":[9721],"tags":[490,559,2206,2720,2790,3453,3648,4303,4997,5181,5313,5656,6266,6355],"class_list":["post-29175","post","type-post","status-publish","format-standard","has-post-thumbnail","hentry","category-morning-meeting","tag-banco-de-japon","tag-bce","tag-eeuu","tag-fed","tag-fmi","tag-inflacion","tag-ipc-alemania","tag-modificar-oferta-monetaria","tag-politica-monetaria","tag-previsiones-de-crecimiento","tag-qe","tag-rentabilidad","tag-sostenibilidad-deuda-eeuu","tag-subida-tipos"],"acf":[],"yoast_head":"<!-- This site is optimized with the Yoast SEO plugin v27.4 - https:\/\/yoast.com\/product\/yoast-seo-wordpress\/ -->\n<title>Vaya unos d\u00edas m\u00e1s trepidantes que llevamos encima<\/title>\n<meta name=\"description\" content=\"S\u00ed, tambi\u00e9n de bancos centrales, pero nada de mentiras, que aqu\u00ed la atenci\u00f3n ha estado en qui\u00e9n dimit\u00eda, era cesado o por qui\u00e9n se sustitu\u00eda\" \/>\n<meta name=\"robots\" content=\"index, follow, max-snippet:-1, max-image-preview:large, max-video-preview:-1\" \/>\n<link rel=\"canonical\" href=\"https:\/\/www.tressis.com\/ca\/blog\/vaya-unos-dias-mas-trepidantes-que-llevamos-encima\/\" \/>\n<meta property=\"og:locale\" content=\"ca_ES\" \/>\n<meta property=\"og:type\" content=\"article\" \/>\n<meta property=\"og:title\" content=\"Vaya unos d\u00edas m\u00e1s trepidantes que llevamos encima\" \/>\n<meta property=\"og:description\" content=\"S\u00ed, tambi\u00e9n de bancos centrales, pero nada de mentiras, que aqu\u00ed la atenci\u00f3n ha estado en qui\u00e9n dimit\u00eda, era cesado o por qui\u00e9n se sustitu\u00eda\" \/>\n<meta property=\"og:url\" content=\"https:\/\/www.tressis.com\/ca\/blog\/vaya-unos-dias-mas-trepidantes-que-llevamos-encima\/\" \/>\n<meta property=\"og:site_name\" content=\"Tressis\" \/>\n<meta property=\"article:publisher\" content=\"https:\/\/www.facebook.com\/Tressis\/\" \/>\n<meta property=\"article:published_time\" content=\"2018-06-15T08:59:24+00:00\" \/>\n<meta property=\"og:image\" content=\"https:\/\/www.tressis.com\/wp-content\/uploads\/2018\/06\/20180615-mmv.jpg\" \/>\n\t<meta property=\"og:image:width\" content=\"1100\" \/>\n\t<meta property=\"og:image:height\" content=\"487\" \/>\n\t<meta property=\"og:image:type\" content=\"image\/jpeg\" \/>\n<meta name=\"author\" content=\"Lola\" \/>\n<meta name=\"twitter:card\" content=\"summary_large_image\" \/>\n<meta name=\"twitter:creator\" content=\"@TressisSV\" \/>\n<meta name=\"twitter:site\" content=\"@TressisSV\" \/>\n<meta name=\"twitter:label1\" content=\"Escrit per\" \/>\n\t<meta name=\"twitter:data1\" content=\"Lola\" \/>\n\t<meta name=\"twitter:label2\" content=\"Temps estimat de lectura\" \/>\n\t<meta name=\"twitter:data2\" content=\"2 minuts\" \/>\n<script type=\"application\/ld+json\" class=\"yoast-schema-graph\">{\"@context\":\"https:\\\/\\\/schema.org\",\"@graph\":[{\"@type\":\"Article\",\"@id\":\"https:\\\/\\\/www.tressis.com\\\/ca\\\/blog\\\/vaya-unos-dias-mas-trepidantes-que-llevamos-encima\\\/#article\",\"isPartOf\":{\"@id\":\"https:\\\/\\\/www.tressis.com\\\/ca\\\/blog\\\/vaya-unos-dias-mas-trepidantes-que-llevamos-encima\\\/\"},\"author\":{\"name\":\"Lola\",\"@id\":\"https:\\\/\\\/www.tressis.com\\\/ca\\\/#\\\/schema\\\/person\\\/b833c1d724d8764920b6d6852c70584e\"},\"headline\":\"Vaya unos d\u00edas m\u00e1s trepidantes que llevamos encima\",\"datePublished\":\"2018-06-15T08:59:24+00:00\",\"mainEntityOfPage\":{\"@id\":\"https:\\\/\\\/www.tressis.com\\\/ca\\\/blog\\\/vaya-unos-dias-mas-trepidantes-que-llevamos-encima\\\/\"},\"wordCount\":413,\"commentCount\":0,\"publisher\":{\"@id\":\"https:\\\/\\\/www.tressis.com\\\/ca\\\/#organization\"},\"image\":{\"@id\":\"https:\\\/\\\/www.tressis.com\\\/ca\\\/blog\\\/vaya-unos-dias-mas-trepidantes-que-llevamos-encima\\\/#primaryimage\"},\"thumbnailUrl\":\"https:\\\/\\\/www.tressis.com\\\/wp-content\\\/uploads\\\/2018\\\/06\\\/20180615-mmv.jpg\",\"keywords\":[\"Banco de Jap\u00f3n\",\"BCE\",\"EEUU\",\"fed\",\"FMI\",\"inflaci\u00f3n\",\"IPC Alemania\",\"modificar oferta monetaria\",\"pol\u00edtica monetaria\",\"previsiones de crecimiento\",\"QE\",\"rentabilidad\",\"sostenibilidad deuda EEUU\",\"subida tipos\"],\"articleSection\":[\"Morning meeting\"],\"inLanguage\":\"ca\",\"potentialAction\":[{\"@type\":\"CommentAction\",\"name\":\"Comment\",\"target\":[\"https:\\\/\\\/www.tressis.com\\\/ca\\\/blog\\\/vaya-unos-dias-mas-trepidantes-que-llevamos-encima\\\/#respond\"]}]},{\"@type\":\"WebPage\",\"@id\":\"https:\\\/\\\/www.tressis.com\\\/ca\\\/blog\\\/vaya-unos-dias-mas-trepidantes-que-llevamos-encima\\\/\",\"url\":\"https:\\\/\\\/www.tressis.com\\\/ca\\\/blog\\\/vaya-unos-dias-mas-trepidantes-que-llevamos-encima\\\/\",\"name\":\"Vaya unos d\u00edas m\u00e1s trepidantes que llevamos encima\",\"isPartOf\":{\"@id\":\"https:\\\/\\\/www.tressis.com\\\/ca\\\/#website\"},\"primaryImageOfPage\":{\"@id\":\"https:\\\/\\\/www.tressis.com\\\/ca\\\/blog\\\/vaya-unos-dias-mas-trepidantes-que-llevamos-encima\\\/#primaryimage\"},\"image\":{\"@id\":\"https:\\\/\\\/www.tressis.com\\\/ca\\\/blog\\\/vaya-unos-dias-mas-trepidantes-que-llevamos-encima\\\/#primaryimage\"},\"thumbnailUrl\":\"https:\\\/\\\/www.tressis.com\\\/wp-content\\\/uploads\\\/2018\\\/06\\\/20180615-mmv.jpg\",\"datePublished\":\"2018-06-15T08:59:24+00:00\",\"description\":\"S\u00ed, tambi\u00e9n de bancos centrales, pero nada de mentiras, que aqu\u00ed la atenci\u00f3n ha estado en qui\u00e9n dimit\u00eda, era cesado o por qui\u00e9n se sustitu\u00eda\",\"breadcrumb\":{\"@id\":\"https:\\\/\\\/www.tressis.com\\\/ca\\\/blog\\\/vaya-unos-dias-mas-trepidantes-que-llevamos-encima\\\/#breadcrumb\"},\"inLanguage\":\"ca\",\"potentialAction\":[{\"@type\":\"ReadAction\",\"target\":[\"https:\\\/\\\/www.tressis.com\\\/ca\\\/blog\\\/vaya-unos-dias-mas-trepidantes-que-llevamos-encima\\\/\"]}]},{\"@type\":\"ImageObject\",\"inLanguage\":\"ca\",\"@id\":\"https:\\\/\\\/www.tressis.com\\\/ca\\\/blog\\\/vaya-unos-dias-mas-trepidantes-que-llevamos-encima\\\/#primaryimage\",\"url\":\"https:\\\/\\\/www.tressis.com\\\/wp-content\\\/uploads\\\/2018\\\/06\\\/20180615-mmv.jpg\",\"contentUrl\":\"https:\\\/\\\/www.tressis.com\\\/wp-content\\\/uploads\\\/2018\\\/06\\\/20180615-mmv.jpg\",\"width\":1100,\"height\":487,\"caption\":\"Vaya unos d\u00edas m\u00e1s trepidantes que llevamos encima\"},{\"@type\":\"BreadcrumbList\",\"@id\":\"https:\\\/\\\/www.tressis.com\\\/ca\\\/blog\\\/vaya-unos-dias-mas-trepidantes-que-llevamos-encima\\\/#breadcrumb\",\"itemListElement\":[{\"@type\":\"ListItem\",\"position\":1,\"name\":\"Inicio\",\"item\":\"https:\\\/\\\/www.tressis.com\\\/ca\\\/\"},{\"@type\":\"ListItem\",\"position\":2,\"name\":\"Vaya unos d\u00edas m\u00e1s trepidantes que llevamos encima\"}]},{\"@type\":\"WebSite\",\"@id\":\"https:\\\/\\\/www.tressis.com\\\/ca\\\/#website\",\"url\":\"https:\\\/\\\/www.tressis.com\\\/ca\\\/\",\"name\":\"Tressis banca privada\",\"description\":\"Tressis | Planificaci\u00f3n financiera y gesti\u00f3n de patrimonios\",\"publisher\":{\"@id\":\"https:\\\/\\\/www.tressis.com\\\/ca\\\/#organization\"},\"potentialAction\":[{\"@type\":\"SearchAction\",\"target\":{\"@type\":\"EntryPoint\",\"urlTemplate\":\"https:\\\/\\\/www.tressis.com\\\/ca\\\/?s={search_term_string}\"},\"query-input\":{\"@type\":\"PropertyValueSpecification\",\"valueRequired\":true,\"valueName\":\"search_term_string\"}}],\"inLanguage\":\"ca\"},{\"@type\":\"Organization\",\"@id\":\"https:\\\/\\\/www.tressis.com\\\/ca\\\/#organization\",\"name\":\"Tressis\",\"url\":\"https:\\\/\\\/www.tressis.com\\\/ca\\\/\",\"logo\":{\"@type\":\"ImageObject\",\"inLanguage\":\"ca\",\"@id\":\"https:\\\/\\\/www.tressis.com\\\/ca\\\/#\\\/schema\\\/logo\\\/image\\\/\",\"url\":\"https:\\\/\\\/www.tressis.com\\\/wp-content\\\/uploads\\\/2025\\\/06\\\/logo-tressis-112.png\",\"contentUrl\":\"https:\\\/\\\/www.tressis.com\\\/wp-content\\\/uploads\\\/2025\\\/06\\\/logo-tressis-112.png\",\"width\":112,\"height\":112,\"caption\":\"Tressis\"},\"image\":{\"@id\":\"https:\\\/\\\/www.tressis.com\\\/ca\\\/#\\\/schema\\\/logo\\\/image\\\/\"},\"sameAs\":[\"https:\\\/\\\/www.facebook.com\\\/Tressis\\\/\",\"https:\\\/\\\/x.com\\\/TressisSV\",\"https:\\\/\\\/www.instagram.com\\\/tressissv\\\/?hl=es\",\"https:\\\/\\\/linkedin.com\\\/company\\\/tressis\\\/\",\"https:\\\/\\\/www.youtube.com\\\/user\\\/tressissv\",\"https:\\\/\\\/open.spotify.com\\\/show\\\/3jmTe1Nf0wqMILl7diWV6h?si=d7112519f13c4593&nd=1\"]},{\"@type\":\"Person\",\"@id\":\"https:\\\/\\\/www.tressis.com\\\/ca\\\/#\\\/schema\\\/person\\\/b833c1d724d8764920b6d6852c70584e\",\"name\":\"Lola\",\"image\":{\"@type\":\"ImageObject\",\"inLanguage\":\"ca\",\"@id\":\"https:\\\/\\\/secure.gravatar.com\\\/avatar\\\/05e646486b23ff45df9649110609c7e31b8c4a3e2821caa23d6317f405e0c51d?s=96&d=mm&r=g\",\"url\":\"https:\\\/\\\/secure.gravatar.com\\\/avatar\\\/05e646486b23ff45df9649110609c7e31b8c4a3e2821caa23d6317f405e0c51d?s=96&d=mm&r=g\",\"contentUrl\":\"https:\\\/\\\/secure.gravatar.com\\\/avatar\\\/05e646486b23ff45df9649110609c7e31b8c4a3e2821caa23d6317f405e0c51d?s=96&d=mm&r=g\",\"caption\":\"Lola\"}}]}<\/script>\n<!-- \/ Yoast SEO plugin. -->","yoast_head_json":{"title":"Vaya unos d\u00edas m\u00e1s trepidantes que llevamos encima","description":"S\u00ed, tambi\u00e9n de bancos centrales, pero nada de mentiras, que aqu\u00ed la atenci\u00f3n ha estado en qui\u00e9n dimit\u00eda, era cesado o por qui\u00e9n se sustitu\u00eda","robots":{"index":"index","follow":"follow","max-snippet":"max-snippet:-1","max-image-preview":"max-image-preview:large","max-video-preview":"max-video-preview:-1"},"canonical":"https:\/\/www.tressis.com\/ca\/blog\/vaya-unos-dias-mas-trepidantes-que-llevamos-encima\/","og_locale":"ca_ES","og_type":"article","og_title":"Vaya unos d\u00edas m\u00e1s trepidantes que llevamos encima","og_description":"S\u00ed, tambi\u00e9n de bancos centrales, pero nada de mentiras, que aqu\u00ed la atenci\u00f3n ha estado en qui\u00e9n dimit\u00eda, era cesado o por qui\u00e9n se sustitu\u00eda","og_url":"https:\/\/www.tressis.com\/ca\/blog\/vaya-unos-dias-mas-trepidantes-que-llevamos-encima\/","og_site_name":"Tressis","article_publisher":"https:\/\/www.facebook.com\/Tressis\/","article_published_time":"2018-06-15T08:59:24+00:00","og_image":[{"width":1100,"height":487,"url":"https:\/\/www.tressis.com\/wp-content\/uploads\/2018\/06\/20180615-mmv.jpg","type":"image\/jpeg"}],"author":"Lola","twitter_card":"summary_large_image","twitter_creator":"@TressisSV","twitter_site":"@TressisSV","twitter_misc":{"Escrit per":"Lola","Temps estimat de lectura":"2 minuts"},"schema":{"@context":"https:\/\/schema.org","@graph":[{"@type":"Article","@id":"https:\/\/www.tressis.com\/ca\/blog\/vaya-unos-dias-mas-trepidantes-que-llevamos-encima\/#article","isPartOf":{"@id":"https:\/\/www.tressis.com\/ca\/blog\/vaya-unos-dias-mas-trepidantes-que-llevamos-encima\/"},"author":{"name":"Lola","@id":"https:\/\/www.tressis.com\/ca\/#\/schema\/person\/b833c1d724d8764920b6d6852c70584e"},"headline":"Vaya unos d\u00edas m\u00e1s trepidantes que llevamos encima","datePublished":"2018-06-15T08:59:24+00:00","mainEntityOfPage":{"@id":"https:\/\/www.tressis.com\/ca\/blog\/vaya-unos-dias-mas-trepidantes-que-llevamos-encima\/"},"wordCount":413,"commentCount":0,"publisher":{"@id":"https:\/\/www.tressis.com\/ca\/#organization"},"image":{"@id":"https:\/\/www.tressis.com\/ca\/blog\/vaya-unos-dias-mas-trepidantes-que-llevamos-encima\/#primaryimage"},"thumbnailUrl":"https:\/\/www.tressis.com\/wp-content\/uploads\/2018\/06\/20180615-mmv.jpg","keywords":["Banco de Jap\u00f3n","BCE","EEUU","fed","FMI","inflaci\u00f3n","IPC Alemania","modificar oferta monetaria","pol\u00edtica monetaria","previsiones de crecimiento","QE","rentabilidad","sostenibilidad deuda EEUU","subida tipos"],"articleSection":["Morning meeting"],"inLanguage":"ca","potentialAction":[{"@type":"CommentAction","name":"Comment","target":["https:\/\/www.tressis.com\/ca\/blog\/vaya-unos-dias-mas-trepidantes-que-llevamos-encima\/#respond"]}]},{"@type":"WebPage","@id":"https:\/\/www.tressis.com\/ca\/blog\/vaya-unos-dias-mas-trepidantes-que-llevamos-encima\/","url":"https:\/\/www.tressis.com\/ca\/blog\/vaya-unos-dias-mas-trepidantes-que-llevamos-encima\/","name":"Vaya unos d\u00edas m\u00e1s trepidantes que llevamos encima","isPartOf":{"@id":"https:\/\/www.tressis.com\/ca\/#website"},"primaryImageOfPage":{"@id":"https:\/\/www.tressis.com\/ca\/blog\/vaya-unos-dias-mas-trepidantes-que-llevamos-encima\/#primaryimage"},"image":{"@id":"https:\/\/www.tressis.com\/ca\/blog\/vaya-unos-dias-mas-trepidantes-que-llevamos-encima\/#primaryimage"},"thumbnailUrl":"https:\/\/www.tressis.com\/wp-content\/uploads\/2018\/06\/20180615-mmv.jpg","datePublished":"2018-06-15T08:59:24+00:00","description":"S\u00ed, tambi\u00e9n de bancos centrales, pero nada de mentiras, que aqu\u00ed la atenci\u00f3n ha estado en qui\u00e9n dimit\u00eda, era cesado o por qui\u00e9n se sustitu\u00eda","breadcrumb":{"@id":"https:\/\/www.tressis.com\/ca\/blog\/vaya-unos-dias-mas-trepidantes-que-llevamos-encima\/#breadcrumb"},"inLanguage":"ca","potentialAction":[{"@type":"ReadAction","target":["https:\/\/www.tressis.com\/ca\/blog\/vaya-unos-dias-mas-trepidantes-que-llevamos-encima\/"]}]},{"@type":"ImageObject","inLanguage":"ca","@id":"https:\/\/www.tressis.com\/ca\/blog\/vaya-unos-dias-mas-trepidantes-que-llevamos-encima\/#primaryimage","url":"https:\/\/www.tressis.com\/wp-content\/uploads\/2018\/06\/20180615-mmv.jpg","contentUrl":"https:\/\/www.tressis.com\/wp-content\/uploads\/2018\/06\/20180615-mmv.jpg","width":1100,"height":487,"caption":"Vaya unos d\u00edas m\u00e1s trepidantes que llevamos encima"},{"@type":"BreadcrumbList","@id":"https:\/\/www.tressis.com\/ca\/blog\/vaya-unos-dias-mas-trepidantes-que-llevamos-encima\/#breadcrumb","itemListElement":[{"@type":"ListItem","position":1,"name":"Inicio","item":"https:\/\/www.tressis.com\/ca\/"},{"@type":"ListItem","position":2,"name":"Vaya unos d\u00edas m\u00e1s trepidantes que llevamos encima"}]},{"@type":"WebSite","@id":"https:\/\/www.tressis.com\/ca\/#website","url":"https:\/\/www.tressis.com\/ca\/","name":"Tressis banca privada","description":"Tressis | Planificaci\u00f3n financiera y gesti\u00f3n de patrimonios","publisher":{"@id":"https:\/\/www.tressis.com\/ca\/#organization"},"potentialAction":[{"@type":"SearchAction","target":{"@type":"EntryPoint","urlTemplate":"https:\/\/www.tressis.com\/ca\/?s={search_term_string}"},"query-input":{"@type":"PropertyValueSpecification","valueRequired":true,"valueName":"search_term_string"}}],"inLanguage":"ca"},{"@type":"Organization","@id":"https:\/\/www.tressis.com\/ca\/#organization","name":"Tressis","url":"https:\/\/www.tressis.com\/ca\/","logo":{"@type":"ImageObject","inLanguage":"ca","@id":"https:\/\/www.tressis.com\/ca\/#\/schema\/logo\/image\/","url":"https:\/\/www.tressis.com\/wp-content\/uploads\/2025\/06\/logo-tressis-112.png","contentUrl":"https:\/\/www.tressis.com\/wp-content\/uploads\/2025\/06\/logo-tressis-112.png","width":112,"height":112,"caption":"Tressis"},"image":{"@id":"https:\/\/www.tressis.com\/ca\/#\/schema\/logo\/image\/"},"sameAs":["https:\/\/www.facebook.com\/Tressis\/","https:\/\/x.com\/TressisSV","https:\/\/www.instagram.com\/tressissv\/?hl=es","https:\/\/linkedin.com\/company\/tressis\/","https:\/\/www.youtube.com\/user\/tressissv","https:\/\/open.spotify.com\/show\/3jmTe1Nf0wqMILl7diWV6h?si=d7112519f13c4593&nd=1"]},{"@type":"Person","@id":"https:\/\/www.tressis.com\/ca\/#\/schema\/person\/b833c1d724d8764920b6d6852c70584e","name":"Lola","image":{"@type":"ImageObject","inLanguage":"ca","@id":"https:\/\/secure.gravatar.com\/avatar\/05e646486b23ff45df9649110609c7e31b8c4a3e2821caa23d6317f405e0c51d?s=96&d=mm&r=g","url":"https:\/\/secure.gravatar.com\/avatar\/05e646486b23ff45df9649110609c7e31b8c4a3e2821caa23d6317f405e0c51d?s=96&d=mm&r=g","contentUrl":"https:\/\/secure.gravatar.com\/avatar\/05e646486b23ff45df9649110609c7e31b8c4a3e2821caa23d6317f405e0c51d?s=96&d=mm&r=g","caption":"Lola"}}]}},"_links":{"self":[{"href":"https:\/\/www.tressis.com\/ca\/wp-json\/wp\/v2\/posts\/29175","targetHints":{"allow":["GET"]}}],"collection":[{"href":"https:\/\/www.tressis.com\/ca\/wp-json\/wp\/v2\/posts"}],"about":[{"href":"https:\/\/www.tressis.com\/ca\/wp-json\/wp\/v2\/types\/post"}],"author":[{"embeddable":true,"href":"https:\/\/www.tressis.com\/ca\/wp-json\/wp\/v2\/users\/4"}],"replies":[{"embeddable":true,"href":"https:\/\/www.tressis.com\/ca\/wp-json\/wp\/v2\/comments?post=29175"}],"version-history":[{"count":0,"href":"https:\/\/www.tressis.com\/ca\/wp-json\/wp\/v2\/posts\/29175\/revisions"}],"wp:featuredmedia":[{"embeddable":true,"href":"https:\/\/www.tressis.com\/ca\/wp-json\/wp\/v2\/media\/29176"}],"wp:attachment":[{"href":"https:\/\/www.tressis.com\/ca\/wp-json\/wp\/v2\/media?parent=29175"}],"wp:term":[{"taxonomy":"category","embeddable":true,"href":"https:\/\/www.tressis.com\/ca\/wp-json\/wp\/v2\/categories?post=29175"},{"taxonomy":"post_tag","embeddable":true,"href":"https:\/\/www.tressis.com\/ca\/wp-json\/wp\/v2\/tags?post=29175"}],"curies":[{"name":"wp","href":"https:\/\/api.w.org\/{rel}","templated":true}]}}