{"id":29097,"date":"2018-06-08T11:44:03","date_gmt":"2018-06-08T09:44:03","guid":{"rendered":"http:\/\/www.tressis.com\/blog\/?p=29097"},"modified":"2018-06-08T11:44:03","modified_gmt":"2018-06-08T09:44:03","slug":"se-acabo-el-qe","status":"publish","type":"post","link":"https:\/\/www.tressis.com\/ca\/blog\/se-acabo-el-qe\/","title":{"rendered":"\u00bfSe acab\u00f3 el QE?"},"content":{"rendered":"<p>Buenos d\u00edas.<\/p>\n<p>Si llega a pillar este mensaje del BCE en otro momento, qu\u00e9 diferente habr\u00eda sido la respuesta de los mercados en general. <!--more-->Despu\u00e9s de haber quedado constancia que el final del QE es m\u00e1s que probable, las curvas de deuda europeas son las \u00fanicas que han reaccionado con algo de ilusi\u00f3n. Pero lo que son las bolsas ni se han movido, y en lo que respecta al euro, es verdad que ha cogido algo de aire, pero como lo dicho al principio, c\u00f3mo hubiera sido en otro entorno.<\/p>\n<p>Desde un punto de vista fundamental, es un hecho francamente defendible que Europa ha entrado en un periodo de &#8220;freno&#8221; econ\u00f3mico. El PIB del mercado com\u00fan del primer trimestre ha registrado un crecimiento de cuatro d\u00e9cimas, que no est\u00e1 mal, pero representa el dato m\u00e1s bajo en m\u00e1s de dos a\u00f1os. Se salva el consumo, que dado que tiene el peso que tiene, deja un espacio a la esperanza de otra recuperaci\u00f3n.<\/p>\n<p>A lo largo del d\u00eda de ayer hubo poco movimiento del que suele pesar \u00faltimamente. Ni muchos indicadores econ\u00f3micos, ni miedo a una guerra comercial ni problema sobre la estabilidad pol\u00edtica de nuestro continente. Sin embargo s\u00ed se solvent\u00f3, aunque solo sea temporal y parcialmente, el problema de viabilidad financiera de Argentina, que cerr\u00f3 un pr\u00e9stamo de m\u00e1s de 50.000 millones de d\u00f3lares con el FMI. Y tambi\u00e9n se cerr\u00f3 de forma definitiva la compra de Monsanto por parte de Bayer, que no llama tanto la atenci\u00f3n como la restructuraci\u00f3n de los bancos en Europa, pero ayuda a decir en qu\u00e9 parte del ciclo nos encontramos.<\/p>\n<p>Y ya de cara al fin de semana, adem\u00e1s de las sorpresas que nos pueda deparar, mencionar que hoy empieza la reuni\u00f3n del G7, evento al que Trump y su Twitter llegan lanzados y con altas expectativas de generar novedades de pol\u00edtica internacional.<\/p>\n<p>Buen fin de semana.<\/p>\n<p><center><strong>Am\u00edlcar Barrios Vilallonga<\/strong><br \/>\nDirecci\u00f3n de Inversiones<\/center><\/p>\n","protected":false},"excerpt":{"rendered":"<p>Buenos d\u00edas. Si llega a pillar este mensaje del BCE en otro momento, qu\u00e9 diferente habr\u00eda sido la respuesta de los mercados en general.<\/p>\n","protected":false},"author":4,"featured_media":29101,"comment_status":"open","ping_status":"closed","sticky":false,"template":"","format":"standard","meta":{"_acf_changed":false,"footnotes":""},"categories":[9721],"tags":[559,1418,1531,1965,2542,2790,4856,4994,5313],"class_list":["post-29097","post","type-post","status-publish","format-standard","has-post-thumbnail","hentry","category-morning-meeting","tag-bce","tag-consumo","tag-crecimiento","tag-deuda-europea","tag-euro","tag-fmi","tag-pib","tag-politica-internacional","tag-qe"],"acf":[],"yoast_head":"<!-- This site is optimized with the Yoast SEO plugin v27.4 - https:\/\/yoast.com\/product\/yoast-seo-wordpress\/ -->\n<title>\u00bfSe acab\u00f3 el QE?<\/title>\n<meta name=\"description\" content=\"Despu\u00e9s de haber quedado constancia que el final del QE es m\u00e1s que probable, las curvas de deuda europeas son las \u00fanicas que han reaccionado con algo de ilusi\u00f3n.\" \/>\n<meta name=\"robots\" content=\"index, follow, max-snippet:-1, max-image-preview:large, max-video-preview:-1\" \/>\n<link rel=\"canonical\" href=\"https:\/\/www.tressis.com\/ca\/blog\/se-acabo-el-qe\/\" \/>\n<meta property=\"og:locale\" content=\"ca_ES\" \/>\n<meta property=\"og:type\" content=\"article\" \/>\n<meta property=\"og:title\" content=\"\u00bfSe acab\u00f3 el QE?\" \/>\n<meta property=\"og:description\" content=\"Despu\u00e9s de haber quedado constancia que el final del QE es m\u00e1s que probable, las curvas de deuda europeas son las \u00fanicas que han reaccionado con algo de ilusi\u00f3n.\" \/>\n<meta property=\"og:url\" content=\"https:\/\/www.tressis.com\/ca\/blog\/se-acabo-el-qe\/\" \/>\n<meta property=\"og:site_name\" content=\"Tressis\" \/>\n<meta property=\"article:publisher\" content=\"https:\/\/www.facebook.com\/Tressis\/\" \/>\n<meta property=\"article:published_time\" content=\"2018-06-08T09:44:03+00:00\" \/>\n<meta property=\"og:image\" content=\"https:\/\/www.tressis.com\/wp-content\/uploads\/2018\/06\/20180608-mmv.jpg\" \/>\n\t<meta property=\"og:image:width\" content=\"1100\" \/>\n\t<meta property=\"og:image:height\" content=\"487\" \/>\n\t<meta property=\"og:image:type\" content=\"image\/jpeg\" \/>\n<meta name=\"author\" content=\"Lola\" \/>\n<meta name=\"twitter:card\" content=\"summary_large_image\" \/>\n<meta name=\"twitter:creator\" content=\"@TressisSV\" \/>\n<meta name=\"twitter:site\" content=\"@TressisSV\" \/>\n<meta name=\"twitter:label1\" content=\"Escrit per\" \/>\n\t<meta name=\"twitter:data1\" content=\"Lola\" \/>\n\t<meta name=\"twitter:label2\" content=\"Temps estimat de lectura\" \/>\n\t<meta name=\"twitter:data2\" content=\"2 minuts\" \/>\n<script type=\"application\/ld+json\" class=\"yoast-schema-graph\">{\"@context\":\"https:\\\/\\\/schema.org\",\"@graph\":[{\"@type\":\"Article\",\"@id\":\"https:\\\/\\\/www.tressis.com\\\/ca\\\/blog\\\/se-acabo-el-qe\\\/#article\",\"isPartOf\":{\"@id\":\"https:\\\/\\\/www.tressis.com\\\/ca\\\/blog\\\/se-acabo-el-qe\\\/\"},\"author\":{\"name\":\"Lola\",\"@id\":\"https:\\\/\\\/www.tressis.com\\\/ca\\\/#\\\/schema\\\/person\\\/b833c1d724d8764920b6d6852c70584e\"},\"headline\":\"\u00bfSe acab\u00f3 el QE?\",\"datePublished\":\"2018-06-08T09:44:03+00:00\",\"mainEntityOfPage\":{\"@id\":\"https:\\\/\\\/www.tressis.com\\\/ca\\\/blog\\\/se-acabo-el-qe\\\/\"},\"wordCount\":351,\"commentCount\":0,\"publisher\":{\"@id\":\"https:\\\/\\\/www.tressis.com\\\/ca\\\/#organization\"},\"image\":{\"@id\":\"https:\\\/\\\/www.tressis.com\\\/ca\\\/blog\\\/se-acabo-el-qe\\\/#primaryimage\"},\"thumbnailUrl\":\"https:\\\/\\\/www.tressis.com\\\/wp-content\\\/uploads\\\/2018\\\/06\\\/20180608-mmv.jpg\",\"keywords\":[\"BCE\",\"consumo\",\"crecimiento\",\"deuda europea\",\"euro\",\"FMI\",\"PIB\",\"pol\u00edtica internacional\",\"QE\"],\"articleSection\":[\"Morning meeting\"],\"inLanguage\":\"ca\",\"potentialAction\":[{\"@type\":\"CommentAction\",\"name\":\"Comment\",\"target\":[\"https:\\\/\\\/www.tressis.com\\\/ca\\\/blog\\\/se-acabo-el-qe\\\/#respond\"]}]},{\"@type\":\"WebPage\",\"@id\":\"https:\\\/\\\/www.tressis.com\\\/ca\\\/blog\\\/se-acabo-el-qe\\\/\",\"url\":\"https:\\\/\\\/www.tressis.com\\\/ca\\\/blog\\\/se-acabo-el-qe\\\/\",\"name\":\"\u00bfSe acab\u00f3 el QE?\",\"isPartOf\":{\"@id\":\"https:\\\/\\\/www.tressis.com\\\/ca\\\/#website\"},\"primaryImageOfPage\":{\"@id\":\"https:\\\/\\\/www.tressis.com\\\/ca\\\/blog\\\/se-acabo-el-qe\\\/#primaryimage\"},\"image\":{\"@id\":\"https:\\\/\\\/www.tressis.com\\\/ca\\\/blog\\\/se-acabo-el-qe\\\/#primaryimage\"},\"thumbnailUrl\":\"https:\\\/\\\/www.tressis.com\\\/wp-content\\\/uploads\\\/2018\\\/06\\\/20180608-mmv.jpg\",\"datePublished\":\"2018-06-08T09:44:03+00:00\",\"description\":\"Despu\u00e9s de haber quedado constancia que el final del QE es m\u00e1s que probable, las curvas de deuda europeas son las \u00fanicas que han reaccionado con algo de ilusi\u00f3n.\",\"breadcrumb\":{\"@id\":\"https:\\\/\\\/www.tressis.com\\\/ca\\\/blog\\\/se-acabo-el-qe\\\/#breadcrumb\"},\"inLanguage\":\"ca\",\"potentialAction\":[{\"@type\":\"ReadAction\",\"target\":[\"https:\\\/\\\/www.tressis.com\\\/ca\\\/blog\\\/se-acabo-el-qe\\\/\"]}]},{\"@type\":\"ImageObject\",\"inLanguage\":\"ca\",\"@id\":\"https:\\\/\\\/www.tressis.com\\\/ca\\\/blog\\\/se-acabo-el-qe\\\/#primaryimage\",\"url\":\"https:\\\/\\\/www.tressis.com\\\/wp-content\\\/uploads\\\/2018\\\/06\\\/20180608-mmv.jpg\",\"contentUrl\":\"https:\\\/\\\/www.tressis.com\\\/wp-content\\\/uploads\\\/2018\\\/06\\\/20180608-mmv.jpg\",\"width\":1100,\"height\":487,\"caption\":\"\u00bfSe acab\u00f3 el QE?\"},{\"@type\":\"BreadcrumbList\",\"@id\":\"https:\\\/\\\/www.tressis.com\\\/ca\\\/blog\\\/se-acabo-el-qe\\\/#breadcrumb\",\"itemListElement\":[{\"@type\":\"ListItem\",\"position\":1,\"name\":\"Inicio\",\"item\":\"https:\\\/\\\/www.tressis.com\\\/ca\\\/\"},{\"@type\":\"ListItem\",\"position\":2,\"name\":\"\u00bfSe acab\u00f3 el QE?\"}]},{\"@type\":\"WebSite\",\"@id\":\"https:\\\/\\\/www.tressis.com\\\/ca\\\/#website\",\"url\":\"https:\\\/\\\/www.tressis.com\\\/ca\\\/\",\"name\":\"Tressis banca privada\",\"description\":\"Tressis | Planificaci\u00f3n financiera y gesti\u00f3n de patrimonios\",\"publisher\":{\"@id\":\"https:\\\/\\\/www.tressis.com\\\/ca\\\/#organization\"},\"potentialAction\":[{\"@type\":\"SearchAction\",\"target\":{\"@type\":\"EntryPoint\",\"urlTemplate\":\"https:\\\/\\\/www.tressis.com\\\/ca\\\/?s={search_term_string}\"},\"query-input\":{\"@type\":\"PropertyValueSpecification\",\"valueRequired\":true,\"valueName\":\"search_term_string\"}}],\"inLanguage\":\"ca\"},{\"@type\":\"Organization\",\"@id\":\"https:\\\/\\\/www.tressis.com\\\/ca\\\/#organization\",\"name\":\"Tressis\",\"url\":\"https:\\\/\\\/www.tressis.com\\\/ca\\\/\",\"logo\":{\"@type\":\"ImageObject\",\"inLanguage\":\"ca\",\"@id\":\"https:\\\/\\\/www.tressis.com\\\/ca\\\/#\\\/schema\\\/logo\\\/image\\\/\",\"url\":\"https:\\\/\\\/www.tressis.com\\\/wp-content\\\/uploads\\\/2025\\\/06\\\/logo-tressis-112.png\",\"contentUrl\":\"https:\\\/\\\/www.tressis.com\\\/wp-content\\\/uploads\\\/2025\\\/06\\\/logo-tressis-112.png\",\"width\":112,\"height\":112,\"caption\":\"Tressis\"},\"image\":{\"@id\":\"https:\\\/\\\/www.tressis.com\\\/ca\\\/#\\\/schema\\\/logo\\\/image\\\/\"},\"sameAs\":[\"https:\\\/\\\/www.facebook.com\\\/Tressis\\\/\",\"https:\\\/\\\/x.com\\\/TressisSV\",\"https:\\\/\\\/www.instagram.com\\\/tressissv\\\/?hl=es\",\"https:\\\/\\\/linkedin.com\\\/company\\\/tressis\\\/\",\"https:\\\/\\\/www.youtube.com\\\/user\\\/tressissv\",\"https:\\\/\\\/open.spotify.com\\\/show\\\/3jmTe1Nf0wqMILl7diWV6h?si=d7112519f13c4593&nd=1\"]},{\"@type\":\"Person\",\"@id\":\"https:\\\/\\\/www.tressis.com\\\/ca\\\/#\\\/schema\\\/person\\\/b833c1d724d8764920b6d6852c70584e\",\"name\":\"Lola\",\"image\":{\"@type\":\"ImageObject\",\"inLanguage\":\"ca\",\"@id\":\"https:\\\/\\\/secure.gravatar.com\\\/avatar\\\/05e646486b23ff45df9649110609c7e31b8c4a3e2821caa23d6317f405e0c51d?s=96&d=mm&r=g\",\"url\":\"https:\\\/\\\/secure.gravatar.com\\\/avatar\\\/05e646486b23ff45df9649110609c7e31b8c4a3e2821caa23d6317f405e0c51d?s=96&d=mm&r=g\",\"contentUrl\":\"https:\\\/\\\/secure.gravatar.com\\\/avatar\\\/05e646486b23ff45df9649110609c7e31b8c4a3e2821caa23d6317f405e0c51d?s=96&d=mm&r=g\",\"caption\":\"Lola\"}}]}<\/script>\n<!-- \/ Yoast SEO plugin. -->","yoast_head_json":{"title":"\u00bfSe acab\u00f3 el QE?","description":"Despu\u00e9s de haber quedado constancia que el final del QE es m\u00e1s que probable, las curvas de deuda europeas son las \u00fanicas que han reaccionado con algo de ilusi\u00f3n.","robots":{"index":"index","follow":"follow","max-snippet":"max-snippet:-1","max-image-preview":"max-image-preview:large","max-video-preview":"max-video-preview:-1"},"canonical":"https:\/\/www.tressis.com\/ca\/blog\/se-acabo-el-qe\/","og_locale":"ca_ES","og_type":"article","og_title":"\u00bfSe acab\u00f3 el QE?","og_description":"Despu\u00e9s de haber quedado constancia que el final del QE es m\u00e1s que probable, las curvas de deuda europeas son las \u00fanicas que han reaccionado con algo de ilusi\u00f3n.","og_url":"https:\/\/www.tressis.com\/ca\/blog\/se-acabo-el-qe\/","og_site_name":"Tressis","article_publisher":"https:\/\/www.facebook.com\/Tressis\/","article_published_time":"2018-06-08T09:44:03+00:00","og_image":[{"width":1100,"height":487,"url":"https:\/\/www.tressis.com\/wp-content\/uploads\/2018\/06\/20180608-mmv.jpg","type":"image\/jpeg"}],"author":"Lola","twitter_card":"summary_large_image","twitter_creator":"@TressisSV","twitter_site":"@TressisSV","twitter_misc":{"Escrit per":"Lola","Temps estimat de lectura":"2 minuts"},"schema":{"@context":"https:\/\/schema.org","@graph":[{"@type":"Article","@id":"https:\/\/www.tressis.com\/ca\/blog\/se-acabo-el-qe\/#article","isPartOf":{"@id":"https:\/\/www.tressis.com\/ca\/blog\/se-acabo-el-qe\/"},"author":{"name":"Lola","@id":"https:\/\/www.tressis.com\/ca\/#\/schema\/person\/b833c1d724d8764920b6d6852c70584e"},"headline":"\u00bfSe acab\u00f3 el QE?","datePublished":"2018-06-08T09:44:03+00:00","mainEntityOfPage":{"@id":"https:\/\/www.tressis.com\/ca\/blog\/se-acabo-el-qe\/"},"wordCount":351,"commentCount":0,"publisher":{"@id":"https:\/\/www.tressis.com\/ca\/#organization"},"image":{"@id":"https:\/\/www.tressis.com\/ca\/blog\/se-acabo-el-qe\/#primaryimage"},"thumbnailUrl":"https:\/\/www.tressis.com\/wp-content\/uploads\/2018\/06\/20180608-mmv.jpg","keywords":["BCE","consumo","crecimiento","deuda europea","euro","FMI","PIB","pol\u00edtica internacional","QE"],"articleSection":["Morning meeting"],"inLanguage":"ca","potentialAction":[{"@type":"CommentAction","name":"Comment","target":["https:\/\/www.tressis.com\/ca\/blog\/se-acabo-el-qe\/#respond"]}]},{"@type":"WebPage","@id":"https:\/\/www.tressis.com\/ca\/blog\/se-acabo-el-qe\/","url":"https:\/\/www.tressis.com\/ca\/blog\/se-acabo-el-qe\/","name":"\u00bfSe acab\u00f3 el QE?","isPartOf":{"@id":"https:\/\/www.tressis.com\/ca\/#website"},"primaryImageOfPage":{"@id":"https:\/\/www.tressis.com\/ca\/blog\/se-acabo-el-qe\/#primaryimage"},"image":{"@id":"https:\/\/www.tressis.com\/ca\/blog\/se-acabo-el-qe\/#primaryimage"},"thumbnailUrl":"https:\/\/www.tressis.com\/wp-content\/uploads\/2018\/06\/20180608-mmv.jpg","datePublished":"2018-06-08T09:44:03+00:00","description":"Despu\u00e9s de haber quedado constancia que el final del QE es m\u00e1s que probable, las curvas de deuda europeas son las \u00fanicas que han reaccionado con algo de ilusi\u00f3n.","breadcrumb":{"@id":"https:\/\/www.tressis.com\/ca\/blog\/se-acabo-el-qe\/#breadcrumb"},"inLanguage":"ca","potentialAction":[{"@type":"ReadAction","target":["https:\/\/www.tressis.com\/ca\/blog\/se-acabo-el-qe\/"]}]},{"@type":"ImageObject","inLanguage":"ca","@id":"https:\/\/www.tressis.com\/ca\/blog\/se-acabo-el-qe\/#primaryimage","url":"https:\/\/www.tressis.com\/wp-content\/uploads\/2018\/06\/20180608-mmv.jpg","contentUrl":"https:\/\/www.tressis.com\/wp-content\/uploads\/2018\/06\/20180608-mmv.jpg","width":1100,"height":487,"caption":"\u00bfSe acab\u00f3 el QE?"},{"@type":"BreadcrumbList","@id":"https:\/\/www.tressis.com\/ca\/blog\/se-acabo-el-qe\/#breadcrumb","itemListElement":[{"@type":"ListItem","position":1,"name":"Inicio","item":"https:\/\/www.tressis.com\/ca\/"},{"@type":"ListItem","position":2,"name":"\u00bfSe acab\u00f3 el QE?"}]},{"@type":"WebSite","@id":"https:\/\/www.tressis.com\/ca\/#website","url":"https:\/\/www.tressis.com\/ca\/","name":"Tressis banca privada","description":"Tressis | Planificaci\u00f3n financiera y gesti\u00f3n de patrimonios","publisher":{"@id":"https:\/\/www.tressis.com\/ca\/#organization"},"potentialAction":[{"@type":"SearchAction","target":{"@type":"EntryPoint","urlTemplate":"https:\/\/www.tressis.com\/ca\/?s={search_term_string}"},"query-input":{"@type":"PropertyValueSpecification","valueRequired":true,"valueName":"search_term_string"}}],"inLanguage":"ca"},{"@type":"Organization","@id":"https:\/\/www.tressis.com\/ca\/#organization","name":"Tressis","url":"https:\/\/www.tressis.com\/ca\/","logo":{"@type":"ImageObject","inLanguage":"ca","@id":"https:\/\/www.tressis.com\/ca\/#\/schema\/logo\/image\/","url":"https:\/\/www.tressis.com\/wp-content\/uploads\/2025\/06\/logo-tressis-112.png","contentUrl":"https:\/\/www.tressis.com\/wp-content\/uploads\/2025\/06\/logo-tressis-112.png","width":112,"height":112,"caption":"Tressis"},"image":{"@id":"https:\/\/www.tressis.com\/ca\/#\/schema\/logo\/image\/"},"sameAs":["https:\/\/www.facebook.com\/Tressis\/","https:\/\/x.com\/TressisSV","https:\/\/www.instagram.com\/tressissv\/?hl=es","https:\/\/linkedin.com\/company\/tressis\/","https:\/\/www.youtube.com\/user\/tressissv","https:\/\/open.spotify.com\/show\/3jmTe1Nf0wqMILl7diWV6h?si=d7112519f13c4593&nd=1"]},{"@type":"Person","@id":"https:\/\/www.tressis.com\/ca\/#\/schema\/person\/b833c1d724d8764920b6d6852c70584e","name":"Lola","image":{"@type":"ImageObject","inLanguage":"ca","@id":"https:\/\/secure.gravatar.com\/avatar\/05e646486b23ff45df9649110609c7e31b8c4a3e2821caa23d6317f405e0c51d?s=96&d=mm&r=g","url":"https:\/\/secure.gravatar.com\/avatar\/05e646486b23ff45df9649110609c7e31b8c4a3e2821caa23d6317f405e0c51d?s=96&d=mm&r=g","contentUrl":"https:\/\/secure.gravatar.com\/avatar\/05e646486b23ff45df9649110609c7e31b8c4a3e2821caa23d6317f405e0c51d?s=96&d=mm&r=g","caption":"Lola"}}]}},"_links":{"self":[{"href":"https:\/\/www.tressis.com\/ca\/wp-json\/wp\/v2\/posts\/29097","targetHints":{"allow":["GET"]}}],"collection":[{"href":"https:\/\/www.tressis.com\/ca\/wp-json\/wp\/v2\/posts"}],"about":[{"href":"https:\/\/www.tressis.com\/ca\/wp-json\/wp\/v2\/types\/post"}],"author":[{"embeddable":true,"href":"https:\/\/www.tressis.com\/ca\/wp-json\/wp\/v2\/users\/4"}],"replies":[{"embeddable":true,"href":"https:\/\/www.tressis.com\/ca\/wp-json\/wp\/v2\/comments?post=29097"}],"version-history":[{"count":0,"href":"https:\/\/www.tressis.com\/ca\/wp-json\/wp\/v2\/posts\/29097\/revisions"}],"wp:featuredmedia":[{"embeddable":true,"href":"https:\/\/www.tressis.com\/ca\/wp-json\/wp\/v2\/media\/29101"}],"wp:attachment":[{"href":"https:\/\/www.tressis.com\/ca\/wp-json\/wp\/v2\/media?parent=29097"}],"wp:term":[{"taxonomy":"category","embeddable":true,"href":"https:\/\/www.tressis.com\/ca\/wp-json\/wp\/v2\/categories?post=29097"},{"taxonomy":"post_tag","embeddable":true,"href":"https:\/\/www.tressis.com\/ca\/wp-json\/wp\/v2\/tags?post=29097"}],"curies":[{"name":"wp","href":"https:\/\/api.w.org\/{rel}","templated":true}]}}