{"id":29040,"date":"2018-06-05T10:28:37","date_gmt":"2018-06-05T08:28:37","guid":{"rendered":"http:\/\/www.tressis.com\/blog\/?p=29040"},"modified":"2023-05-26T13:16:56","modified_gmt":"2023-05-26T11:16:56","slug":"adriza-neutral-comentario-semanal-04-06-2018","status":"publish","type":"post","link":"https:\/\/www.tressis.com\/ca\/blog\/adriza-neutral-comentario-semanal-04-06-2018\/","title":{"rendered":"Adriza Neutral. Comentario semanal (04\/06\/2018)"},"content":{"rendered":"<p>Los \u00faltimos acontecimientos pol\u00edticos en los pa\u00edses perif\u00e9ricos europeos debilitan nuestra confianza en el devenir econ\u00f3mico y nos hacen ser m\u00e1s cautos a la hora de preservar nuestros \u00e9xitos en este a\u00f1o tan complicado. <!--more--><\/p>\n<p>Empecemos con los resultados:<\/p>\n<p><img fetchpriority=\"high\" decoding=\"async\" src=\"https:\/\/www.tressis.com\/wp-content\/uploads\/2018\/06\/20180605-adriza.png\" alt=\"\" width=\"388\" height=\"168\" class=\"aligncenter size-full wp-image-29042\" srcset=\"https:\/\/www.tressis.com\/wp-content\/uploads\/2018\/06\/20180605-adriza.png 388w, https:\/\/www.tressis.com\/wp-content\/uploads\/2018\/06\/20180605-adriza-300x130.png 300w\" sizes=\"(max-width: 388px) 100vw, 388px\" \/><\/p>\n<p>Las tensiones geopol\u00edticas en Europa, procedentes fundamentalmente de Italia, pero tambi\u00e9n de Espa\u00f1a, han repercutido de forma negativa en la divisa europea frente al d\u00f3lar, lo que nos ha permitido amortiguar las tensiones habidas tanto en los mercados de renta fija como de renta variable. As\u00ed, junto al d\u00f3lar como catalizador principal de nuestra rentabilidad, los activos de renta variable est\u00e1n siendo los otros grandes protagonistas en lo que llevamos de a\u00f1o, aportando un 1,20%, para alcanzar una rentabilidad total de 0,42%.<\/p>\n<p>Sin duda, el acuerdo pol\u00edtico en Italia, esta vez con el benepl\u00e1cito del presidente de la rep\u00fablica, ha redundado de forma positiva en la rentabilidad exigida de sus bonos, que han pasado de cotizar en la zona del 3,3% el diez a\u00f1os hace apenas unos d\u00edas, al actual 2,55%, un <i>rally<\/i> de compra de bonos que estimamos no tenga mucho m\u00e1s recorrido si tenemos en cuenta la fragilidad de la econom\u00eda italiana y el tama\u00f1o de su deuda. En nuestra opini\u00f3n, el caso de Italia est\u00e1 sirviendo para que seamos conscientes sobre el riesgo-recompensa de determinado tipo de activos sin riesgo, algo de lo que ya hemos hablado en m\u00e1s de una ocasi\u00f3n. Espa\u00f1a, por su parte, presume de un clima econ\u00f3mico m\u00e1s benigno que Italia. Unido ello a la corta duraci\u00f3n previsible del nuevo gobierno y su escasa capacidad de maniobra, hace que se configure como un foco de incertidumbre menor, al menos por ahora y hasta las pr\u00f3ximas elecciones.<\/p>\n<p>A lo anterior hay que a\u00f1adir una previsible ralentizaci\u00f3n del ritmo de crecimiento en Europa, sin que ello sea a\u00fan preocupante, pero que contrasta con el de Estados Unidos, econom\u00eda donde los datos arrojados siguen dando cuenta de la buena salud de la econom\u00eda.<\/p>\n<p>Por todo lo anterior, esta semana hemos reducido la exposici\u00f3n a la renta variable europea, dej\u00e1ndola en el 25%, lo que junto a Estados Unidos, 7%, y otros mercados, conforman una exposici\u00f3n total de 35,5%. Los m\u00faltiplos en Estados Unidos siguen siendo muy exigentes, raz\u00f3n por la cual preferimos los europeos. La complejidad de poder evaluar las consecuencias de los \u00faltimos virajes pol\u00edticos nos hace ser m\u00e1s cautos, algo que nos da tanta tranquilidad en el momento actual como confianza cuando volvamos a incrementar exposici\u00f3n si los datos lo merecen.<\/p>\n<p>Recuerden: si las letras del Tesoro ofrecen rentabilidades negativas, <strong>no hay retorno sin riesgo<\/strong> y, como siempre, \u201cTengan cuidado ah\u00ed fuera\u201d.<\/p>\n<p><center><strong>Rafael Pe\u00f1a Gorospe<\/strong><br \/>\nGestor de Adriza Neutral<\/center><\/p>\n","protected":false},"excerpt":{"rendered":"<p>Los \u00faltimos acontecimientos pol\u00edticos en los pa\u00edses perif\u00e9ricos europeos debilitan nuestra confianza en el devenir econ\u00f3mico y nos hacen ser m\u00e1s cautos a la hora de preservar nuestros \u00e9xitos en este a\u00f1o tan complicado.<\/p>\n","protected":false},"author":4,"featured_media":28985,"comment_status":"open","ping_status":"closed","sticky":false,"template":"","format":"standard","meta":{"_acf_changed":false,"footnotes":""},"categories":[12],"tags":[2102,2172,2446,2492,3310,3696,4530,4681,5614,5642,6539],"class_list":["post-29040","post","type-post","status-publish","format-standard","has-post-thumbnail","hentry","category-tressis-gestion","tag-dolar","tag-economia-italiana","tag-espana","tag-estados-unidos","tag-incertidumbre","tag-italia","tag-nuevo-gobierno-en-espana","tag-paises-perifericos-europeos","tag-renta-fija","tag-renta-variable","tag-tensiones-geopoliticas-europa"],"acf":[],"yoast_head":"<!-- This site is optimized with the Yoast SEO plugin v27.4 - https:\/\/yoast.com\/product\/yoast-seo-wordpress\/ -->\n<title>Adriza Neutral. Comentario semanal (04\/06\/2018)<\/title>\n<meta name=\"description\" content=\"Las tensiones geopol\u00edticas en Europa, procedentes fundamentalmente de Italia, pero tambi\u00e9n de Espa\u00f1a, han repercutido de forma negativa en la divisa europea frente al d\u00f3lar\" \/>\n<meta name=\"robots\" content=\"index, follow, max-snippet:-1, max-image-preview:large, max-video-preview:-1\" \/>\n<link rel=\"canonical\" href=\"https:\/\/www.tressis.com\/ca\/blog\/adriza-neutral-comentario-semanal-04-06-2018\/\" \/>\n<meta property=\"og:locale\" content=\"ca_ES\" \/>\n<meta property=\"og:type\" content=\"article\" \/>\n<meta property=\"og:title\" content=\"Adriza Neutral. Comentario semanal (04\/06\/2018)\" \/>\n<meta property=\"og:description\" content=\"Las tensiones geopol\u00edticas en Europa, procedentes fundamentalmente de Italia, pero tambi\u00e9n de Espa\u00f1a, han repercutido de forma negativa en la divisa europea frente al d\u00f3lar\" \/>\n<meta property=\"og:url\" content=\"https:\/\/www.tressis.com\/ca\/blog\/adriza-neutral-comentario-semanal-04-06-2018\/\" \/>\n<meta property=\"og:site_name\" content=\"Tressis\" \/>\n<meta property=\"article:publisher\" content=\"https:\/\/www.facebook.com\/Tressis\/\" \/>\n<meta property=\"article:published_time\" content=\"2018-06-05T08:28:37+00:00\" \/>\n<meta property=\"article:modified_time\" content=\"2023-05-26T11:16:56+00:00\" \/>\n<meta property=\"og:image\" content=\"https:\/\/www.tressis.com\/wp-content\/uploads\/2018\/05\/TG_Blog-2-1100x487-1.jpg\" \/>\n\t<meta property=\"og:image:width\" content=\"1100\" \/>\n\t<meta property=\"og:image:height\" content=\"487\" \/>\n\t<meta property=\"og:image:type\" content=\"image\/jpeg\" \/>\n<meta name=\"author\" content=\"Lola\" \/>\n<meta name=\"twitter:card\" content=\"summary_large_image\" \/>\n<meta name=\"twitter:creator\" content=\"@TressisSV\" \/>\n<meta name=\"twitter:site\" content=\"@TressisSV\" \/>\n<meta name=\"twitter:label1\" content=\"Escrit per\" \/>\n\t<meta name=\"twitter:data1\" content=\"Lola\" \/>\n\t<meta name=\"twitter:label2\" content=\"Temps estimat de lectura\" \/>\n\t<meta name=\"twitter:data2\" content=\"2 minuts\" \/>\n<script type=\"application\/ld+json\" class=\"yoast-schema-graph\">{\"@context\":\"https:\\\/\\\/schema.org\",\"@graph\":[{\"@type\":\"Article\",\"@id\":\"https:\\\/\\\/www.tressis.com\\\/ca\\\/blog\\\/adriza-neutral-comentario-semanal-04-06-2018\\\/#article\",\"isPartOf\":{\"@id\":\"https:\\\/\\\/www.tressis.com\\\/ca\\\/blog\\\/adriza-neutral-comentario-semanal-04-06-2018\\\/\"},\"author\":{\"name\":\"Lola\",\"@id\":\"https:\\\/\\\/www.tressis.com\\\/ca\\\/#\\\/schema\\\/person\\\/b833c1d724d8764920b6d6852c70584e\"},\"headline\":\"Adriza Neutral. Comentario semanal (04\\\/06\\\/2018)\",\"datePublished\":\"2018-06-05T08:28:37+00:00\",\"dateModified\":\"2023-05-26T11:16:56+00:00\",\"mainEntityOfPage\":{\"@id\":\"https:\\\/\\\/www.tressis.com\\\/ca\\\/blog\\\/adriza-neutral-comentario-semanal-04-06-2018\\\/\"},\"wordCount\":483,\"commentCount\":0,\"publisher\":{\"@id\":\"https:\\\/\\\/www.tressis.com\\\/ca\\\/#organization\"},\"image\":{\"@id\":\"https:\\\/\\\/www.tressis.com\\\/ca\\\/blog\\\/adriza-neutral-comentario-semanal-04-06-2018\\\/#primaryimage\"},\"thumbnailUrl\":\"https:\\\/\\\/www.tressis.com\\\/wp-content\\\/uploads\\\/2018\\\/05\\\/TG_Blog-2-1100x487-1.jpg\",\"keywords\":[\"dolar\",\"econom\u00eda italiana\",\"Espa\u00f1a\",\"Estados Unidos\",\"incertidumbre\",\"Italia\",\"nuevo gobierno en Espa\u00f1a\",\"pa\u00edses perif\u00e9ricos europeos\",\"renta fija\",\"renta variable\",\"tensiones geopol\u00edticas europ\u00e0\"],\"articleSection\":[\"Tressis Gesti\u00f3n\"],\"inLanguage\":\"ca\",\"potentialAction\":[{\"@type\":\"CommentAction\",\"name\":\"Comment\",\"target\":[\"https:\\\/\\\/www.tressis.com\\\/ca\\\/blog\\\/adriza-neutral-comentario-semanal-04-06-2018\\\/#respond\"]}]},{\"@type\":\"WebPage\",\"@id\":\"https:\\\/\\\/www.tressis.com\\\/ca\\\/blog\\\/adriza-neutral-comentario-semanal-04-06-2018\\\/\",\"url\":\"https:\\\/\\\/www.tressis.com\\\/ca\\\/blog\\\/adriza-neutral-comentario-semanal-04-06-2018\\\/\",\"name\":\"Adriza Neutral. Comentario semanal (04\\\/06\\\/2018)\",\"isPartOf\":{\"@id\":\"https:\\\/\\\/www.tressis.com\\\/ca\\\/#website\"},\"primaryImageOfPage\":{\"@id\":\"https:\\\/\\\/www.tressis.com\\\/ca\\\/blog\\\/adriza-neutral-comentario-semanal-04-06-2018\\\/#primaryimage\"},\"image\":{\"@id\":\"https:\\\/\\\/www.tressis.com\\\/ca\\\/blog\\\/adriza-neutral-comentario-semanal-04-06-2018\\\/#primaryimage\"},\"thumbnailUrl\":\"https:\\\/\\\/www.tressis.com\\\/wp-content\\\/uploads\\\/2018\\\/05\\\/TG_Blog-2-1100x487-1.jpg\",\"datePublished\":\"2018-06-05T08:28:37+00:00\",\"dateModified\":\"2023-05-26T11:16:56+00:00\",\"description\":\"Las tensiones geopol\u00edticas en Europa, procedentes fundamentalmente de Italia, pero tambi\u00e9n de Espa\u00f1a, han repercutido de forma negativa en la divisa europea frente al d\u00f3lar\",\"breadcrumb\":{\"@id\":\"https:\\\/\\\/www.tressis.com\\\/ca\\\/blog\\\/adriza-neutral-comentario-semanal-04-06-2018\\\/#breadcrumb\"},\"inLanguage\":\"ca\",\"potentialAction\":[{\"@type\":\"ReadAction\",\"target\":[\"https:\\\/\\\/www.tressis.com\\\/ca\\\/blog\\\/adriza-neutral-comentario-semanal-04-06-2018\\\/\"]}]},{\"@type\":\"ImageObject\",\"inLanguage\":\"ca\",\"@id\":\"https:\\\/\\\/www.tressis.com\\\/ca\\\/blog\\\/adriza-neutral-comentario-semanal-04-06-2018\\\/#primaryimage\",\"url\":\"https:\\\/\\\/www.tressis.com\\\/wp-content\\\/uploads\\\/2018\\\/05\\\/TG_Blog-2-1100x487-1.jpg\",\"contentUrl\":\"https:\\\/\\\/www.tressis.com\\\/wp-content\\\/uploads\\\/2018\\\/05\\\/TG_Blog-2-1100x487-1.jpg\",\"width\":1100,\"height\":487,\"caption\":\"Blog Tressis Gestion\"},{\"@type\":\"BreadcrumbList\",\"@id\":\"https:\\\/\\\/www.tressis.com\\\/ca\\\/blog\\\/adriza-neutral-comentario-semanal-04-06-2018\\\/#breadcrumb\",\"itemListElement\":[{\"@type\":\"ListItem\",\"position\":1,\"name\":\"Inicio\",\"item\":\"https:\\\/\\\/www.tressis.com\\\/ca\\\/\"},{\"@type\":\"ListItem\",\"position\":2,\"name\":\"delibilidad d\u00f3lar\",\"item\":\"https:\\\/\\\/www.tressis.com\\\/blog\\\/etiquetas\\\/delibilidad-dolar\\\/\"},{\"@type\":\"ListItem\",\"position\":3,\"name\":\"Adriza Neutral. Comentario semanal (04\\\/06\\\/2018)\"}]},{\"@type\":\"WebSite\",\"@id\":\"https:\\\/\\\/www.tressis.com\\\/ca\\\/#website\",\"url\":\"https:\\\/\\\/www.tressis.com\\\/ca\\\/\",\"name\":\"Tressis banca privada\",\"description\":\"Tressis | Planificaci\u00f3n financiera y gesti\u00f3n de patrimonios\",\"publisher\":{\"@id\":\"https:\\\/\\\/www.tressis.com\\\/ca\\\/#organization\"},\"potentialAction\":[{\"@type\":\"SearchAction\",\"target\":{\"@type\":\"EntryPoint\",\"urlTemplate\":\"https:\\\/\\\/www.tressis.com\\\/ca\\\/?s={search_term_string}\"},\"query-input\":{\"@type\":\"PropertyValueSpecification\",\"valueRequired\":true,\"valueName\":\"search_term_string\"}}],\"inLanguage\":\"ca\"},{\"@type\":\"Organization\",\"@id\":\"https:\\\/\\\/www.tressis.com\\\/ca\\\/#organization\",\"name\":\"Tressis\",\"url\":\"https:\\\/\\\/www.tressis.com\\\/ca\\\/\",\"logo\":{\"@type\":\"ImageObject\",\"inLanguage\":\"ca\",\"@id\":\"https:\\\/\\\/www.tressis.com\\\/ca\\\/#\\\/schema\\\/logo\\\/image\\\/\",\"url\":\"https:\\\/\\\/www.tressis.com\\\/wp-content\\\/uploads\\\/2025\\\/06\\\/logo-tressis-112.png\",\"contentUrl\":\"https:\\\/\\\/www.tressis.com\\\/wp-content\\\/uploads\\\/2025\\\/06\\\/logo-tressis-112.png\",\"width\":112,\"height\":112,\"caption\":\"Tressis\"},\"image\":{\"@id\":\"https:\\\/\\\/www.tressis.com\\\/ca\\\/#\\\/schema\\\/logo\\\/image\\\/\"},\"sameAs\":[\"https:\\\/\\\/www.facebook.com\\\/Tressis\\\/\",\"https:\\\/\\\/x.com\\\/TressisSV\",\"https:\\\/\\\/www.instagram.com\\\/tressissv\\\/?hl=es\",\"https:\\\/\\\/linkedin.com\\\/company\\\/tressis\\\/\",\"https:\\\/\\\/www.youtube.com\\\/user\\\/tressissv\",\"https:\\\/\\\/open.spotify.com\\\/show\\\/3jmTe1Nf0wqMILl7diWV6h?si=d7112519f13c4593&nd=1\"]},{\"@type\":\"Person\",\"@id\":\"https:\\\/\\\/www.tressis.com\\\/ca\\\/#\\\/schema\\\/person\\\/b833c1d724d8764920b6d6852c70584e\",\"name\":\"Lola\",\"image\":{\"@type\":\"ImageObject\",\"inLanguage\":\"ca\",\"@id\":\"https:\\\/\\\/secure.gravatar.com\\\/avatar\\\/05e646486b23ff45df9649110609c7e31b8c4a3e2821caa23d6317f405e0c51d?s=96&d=mm&r=g\",\"url\":\"https:\\\/\\\/secure.gravatar.com\\\/avatar\\\/05e646486b23ff45df9649110609c7e31b8c4a3e2821caa23d6317f405e0c51d?s=96&d=mm&r=g\",\"contentUrl\":\"https:\\\/\\\/secure.gravatar.com\\\/avatar\\\/05e646486b23ff45df9649110609c7e31b8c4a3e2821caa23d6317f405e0c51d?s=96&d=mm&r=g\",\"caption\":\"Lola\"}}]}<\/script>\n<!-- \/ Yoast SEO plugin. -->","yoast_head_json":{"title":"Adriza Neutral. Comentario semanal (04\/06\/2018)","description":"Las tensiones geopol\u00edticas en Europa, procedentes fundamentalmente de Italia, pero tambi\u00e9n de Espa\u00f1a, han repercutido de forma negativa en la divisa europea frente al d\u00f3lar","robots":{"index":"index","follow":"follow","max-snippet":"max-snippet:-1","max-image-preview":"max-image-preview:large","max-video-preview":"max-video-preview:-1"},"canonical":"https:\/\/www.tressis.com\/ca\/blog\/adriza-neutral-comentario-semanal-04-06-2018\/","og_locale":"ca_ES","og_type":"article","og_title":"Adriza Neutral. Comentario semanal (04\/06\/2018)","og_description":"Las tensiones geopol\u00edticas en Europa, procedentes fundamentalmente de Italia, pero tambi\u00e9n de Espa\u00f1a, han repercutido de forma negativa en la divisa europea frente al d\u00f3lar","og_url":"https:\/\/www.tressis.com\/ca\/blog\/adriza-neutral-comentario-semanal-04-06-2018\/","og_site_name":"Tressis","article_publisher":"https:\/\/www.facebook.com\/Tressis\/","article_published_time":"2018-06-05T08:28:37+00:00","article_modified_time":"2023-05-26T11:16:56+00:00","og_image":[{"width":1100,"height":487,"url":"https:\/\/www.tressis.com\/wp-content\/uploads\/2018\/05\/TG_Blog-2-1100x487-1.jpg","type":"image\/jpeg"}],"author":"Lola","twitter_card":"summary_large_image","twitter_creator":"@TressisSV","twitter_site":"@TressisSV","twitter_misc":{"Escrit per":"Lola","Temps estimat de lectura":"2 minuts"},"schema":{"@context":"https:\/\/schema.org","@graph":[{"@type":"Article","@id":"https:\/\/www.tressis.com\/ca\/blog\/adriza-neutral-comentario-semanal-04-06-2018\/#article","isPartOf":{"@id":"https:\/\/www.tressis.com\/ca\/blog\/adriza-neutral-comentario-semanal-04-06-2018\/"},"author":{"name":"Lola","@id":"https:\/\/www.tressis.com\/ca\/#\/schema\/person\/b833c1d724d8764920b6d6852c70584e"},"headline":"Adriza Neutral. Comentario semanal (04\/06\/2018)","datePublished":"2018-06-05T08:28:37+00:00","dateModified":"2023-05-26T11:16:56+00:00","mainEntityOfPage":{"@id":"https:\/\/www.tressis.com\/ca\/blog\/adriza-neutral-comentario-semanal-04-06-2018\/"},"wordCount":483,"commentCount":0,"publisher":{"@id":"https:\/\/www.tressis.com\/ca\/#organization"},"image":{"@id":"https:\/\/www.tressis.com\/ca\/blog\/adriza-neutral-comentario-semanal-04-06-2018\/#primaryimage"},"thumbnailUrl":"https:\/\/www.tressis.com\/wp-content\/uploads\/2018\/05\/TG_Blog-2-1100x487-1.jpg","keywords":["dolar","econom\u00eda italiana","Espa\u00f1a","Estados Unidos","incertidumbre","Italia","nuevo gobierno en Espa\u00f1a","pa\u00edses perif\u00e9ricos europeos","renta fija","renta variable","tensiones geopol\u00edticas europ\u00e0"],"articleSection":["Tressis Gesti\u00f3n"],"inLanguage":"ca","potentialAction":[{"@type":"CommentAction","name":"Comment","target":["https:\/\/www.tressis.com\/ca\/blog\/adriza-neutral-comentario-semanal-04-06-2018\/#respond"]}]},{"@type":"WebPage","@id":"https:\/\/www.tressis.com\/ca\/blog\/adriza-neutral-comentario-semanal-04-06-2018\/","url":"https:\/\/www.tressis.com\/ca\/blog\/adriza-neutral-comentario-semanal-04-06-2018\/","name":"Adriza Neutral. Comentario semanal (04\/06\/2018)","isPartOf":{"@id":"https:\/\/www.tressis.com\/ca\/#website"},"primaryImageOfPage":{"@id":"https:\/\/www.tressis.com\/ca\/blog\/adriza-neutral-comentario-semanal-04-06-2018\/#primaryimage"},"image":{"@id":"https:\/\/www.tressis.com\/ca\/blog\/adriza-neutral-comentario-semanal-04-06-2018\/#primaryimage"},"thumbnailUrl":"https:\/\/www.tressis.com\/wp-content\/uploads\/2018\/05\/TG_Blog-2-1100x487-1.jpg","datePublished":"2018-06-05T08:28:37+00:00","dateModified":"2023-05-26T11:16:56+00:00","description":"Las tensiones geopol\u00edticas en Europa, procedentes fundamentalmente de Italia, pero tambi\u00e9n de Espa\u00f1a, han repercutido de forma negativa en la divisa europea frente al d\u00f3lar","breadcrumb":{"@id":"https:\/\/www.tressis.com\/ca\/blog\/adriza-neutral-comentario-semanal-04-06-2018\/#breadcrumb"},"inLanguage":"ca","potentialAction":[{"@type":"ReadAction","target":["https:\/\/www.tressis.com\/ca\/blog\/adriza-neutral-comentario-semanal-04-06-2018\/"]}]},{"@type":"ImageObject","inLanguage":"ca","@id":"https:\/\/www.tressis.com\/ca\/blog\/adriza-neutral-comentario-semanal-04-06-2018\/#primaryimage","url":"https:\/\/www.tressis.com\/wp-content\/uploads\/2018\/05\/TG_Blog-2-1100x487-1.jpg","contentUrl":"https:\/\/www.tressis.com\/wp-content\/uploads\/2018\/05\/TG_Blog-2-1100x487-1.jpg","width":1100,"height":487,"caption":"Blog Tressis Gestion"},{"@type":"BreadcrumbList","@id":"https:\/\/www.tressis.com\/ca\/blog\/adriza-neutral-comentario-semanal-04-06-2018\/#breadcrumb","itemListElement":[{"@type":"ListItem","position":1,"name":"Inicio","item":"https:\/\/www.tressis.com\/ca\/"},{"@type":"ListItem","position":2,"name":"delibilidad d\u00f3lar","item":"https:\/\/www.tressis.com\/blog\/etiquetas\/delibilidad-dolar\/"},{"@type":"ListItem","position":3,"name":"Adriza Neutral. Comentario semanal (04\/06\/2018)"}]},{"@type":"WebSite","@id":"https:\/\/www.tressis.com\/ca\/#website","url":"https:\/\/www.tressis.com\/ca\/","name":"Tressis banca privada","description":"Tressis | Planificaci\u00f3n financiera y gesti\u00f3n de patrimonios","publisher":{"@id":"https:\/\/www.tressis.com\/ca\/#organization"},"potentialAction":[{"@type":"SearchAction","target":{"@type":"EntryPoint","urlTemplate":"https:\/\/www.tressis.com\/ca\/?s={search_term_string}"},"query-input":{"@type":"PropertyValueSpecification","valueRequired":true,"valueName":"search_term_string"}}],"inLanguage":"ca"},{"@type":"Organization","@id":"https:\/\/www.tressis.com\/ca\/#organization","name":"Tressis","url":"https:\/\/www.tressis.com\/ca\/","logo":{"@type":"ImageObject","inLanguage":"ca","@id":"https:\/\/www.tressis.com\/ca\/#\/schema\/logo\/image\/","url":"https:\/\/www.tressis.com\/wp-content\/uploads\/2025\/06\/logo-tressis-112.png","contentUrl":"https:\/\/www.tressis.com\/wp-content\/uploads\/2025\/06\/logo-tressis-112.png","width":112,"height":112,"caption":"Tressis"},"image":{"@id":"https:\/\/www.tressis.com\/ca\/#\/schema\/logo\/image\/"},"sameAs":["https:\/\/www.facebook.com\/Tressis\/","https:\/\/x.com\/TressisSV","https:\/\/www.instagram.com\/tressissv\/?hl=es","https:\/\/linkedin.com\/company\/tressis\/","https:\/\/www.youtube.com\/user\/tressissv","https:\/\/open.spotify.com\/show\/3jmTe1Nf0wqMILl7diWV6h?si=d7112519f13c4593&nd=1"]},{"@type":"Person","@id":"https:\/\/www.tressis.com\/ca\/#\/schema\/person\/b833c1d724d8764920b6d6852c70584e","name":"Lola","image":{"@type":"ImageObject","inLanguage":"ca","@id":"https:\/\/secure.gravatar.com\/avatar\/05e646486b23ff45df9649110609c7e31b8c4a3e2821caa23d6317f405e0c51d?s=96&d=mm&r=g","url":"https:\/\/secure.gravatar.com\/avatar\/05e646486b23ff45df9649110609c7e31b8c4a3e2821caa23d6317f405e0c51d?s=96&d=mm&r=g","contentUrl":"https:\/\/secure.gravatar.com\/avatar\/05e646486b23ff45df9649110609c7e31b8c4a3e2821caa23d6317f405e0c51d?s=96&d=mm&r=g","caption":"Lola"}}]}},"_links":{"self":[{"href":"https:\/\/www.tressis.com\/ca\/wp-json\/wp\/v2\/posts\/29040","targetHints":{"allow":["GET"]}}],"collection":[{"href":"https:\/\/www.tressis.com\/ca\/wp-json\/wp\/v2\/posts"}],"about":[{"href":"https:\/\/www.tressis.com\/ca\/wp-json\/wp\/v2\/types\/post"}],"author":[{"embeddable":true,"href":"https:\/\/www.tressis.com\/ca\/wp-json\/wp\/v2\/users\/4"}],"replies":[{"embeddable":true,"href":"https:\/\/www.tressis.com\/ca\/wp-json\/wp\/v2\/comments?post=29040"}],"version-history":[{"count":0,"href":"https:\/\/www.tressis.com\/ca\/wp-json\/wp\/v2\/posts\/29040\/revisions"}],"wp:featuredmedia":[{"embeddable":true,"href":"https:\/\/www.tressis.com\/ca\/wp-json\/wp\/v2\/media\/28985"}],"wp:attachment":[{"href":"https:\/\/www.tressis.com\/ca\/wp-json\/wp\/v2\/media?parent=29040"}],"wp:term":[{"taxonomy":"category","embeddable":true,"href":"https:\/\/www.tressis.com\/ca\/wp-json\/wp\/v2\/categories?post=29040"},{"taxonomy":"post_tag","embeddable":true,"href":"https:\/\/www.tressis.com\/ca\/wp-json\/wp\/v2\/tags?post=29040"}],"curies":[{"name":"wp","href":"https:\/\/api.w.org\/{rel}","templated":true}]}}