{"id":29019,"date":"2018-06-04T11:02:38","date_gmt":"2018-06-04T09:02:38","guid":{"rendered":"http:\/\/www.tressis.com\/blog\/?p=29019"},"modified":"2018-06-04T11:02:38","modified_gmt":"2018-06-04T09:02:38","slug":"el-oscuro-mundo-de-la-politica","status":"publish","type":"post","link":"https:\/\/www.tressis.com\/ca\/blog\/el-oscuro-mundo-de-la-politica\/","title":{"rendered":"El oscuro mundo de la pol\u00edtica"},"content":{"rendered":"<p>Se ha demostrado la semana pasada que pocas cosas hay m\u00e1s dif\u00edciles en mercados que tratar de acertar con el <i>timing<\/i> cuando los problemas tienen su origen en el oscuro mundo de la pol\u00edtica.<!--more--> Espa\u00f1a e Italia, cada una con sus caracter\u00edsticas propias, sucumbieron a comienzos de semana por el miedo a la inestabilidad. Pero con final feliz (seg\u00fan qui\u00e9n y c\u00f3mo lo mire): el nombramiento de nuevos jefes de gobierno en ambos pa\u00edses ha tra\u00eddo de vuelta la calma. Ya no caen ni las bolsas ni los bonos ni el euro y encima incluso suben.<\/p>\n<p>EE.UU. sufre a Europa a pesar de que en el fondo tiende a darle igual lo que suceda, comprensible por el hartazgo que podemos llegar a producir. Tiene Trump sus asuntos propios que resolver, como confirmar si definitivamente habr\u00e1 cumbre con Kim Jong-Un o no; ahora estamos en el s\u00ed. Y por supuesto que no nos podemos olvidar de las tensiones comerciales con China, muy vivas a\u00fan y estas s\u00ed, de alcance mundial.<\/p>\n<p>En el aspecto macroecon\u00f3mico el viernes se vino a confirmar que EE.UU. es quien manda. Mientras el PMI de manufacturas de todos los pa\u00edses de la zona euro correspondiente a mayo sufr\u00eda otro retroceso, aunque todav\u00eda en niveles lo suficientemente elevados, el equivalente norteamericano escalaba m\u00e1s de un punto y medio. Esto, junto con un incremento de una d\u00e9cima de los salarios y la creaci\u00f3n de m\u00e1s de 200.000 puestos de trabajo en mayo, hacen pensar que EE.UU. puede reacelerarse en el corto plazo, eso si no lo ha hecho ya.<\/p>\n<p>En \u00faltimo lugar muy buenas noticias, o rumores al menos, respecto al futuro de la banca europea. A\u00fan sin confirmar, se especula con la posibilidad de que Unicredit y Soci\u00e9t\u00e9 G\u00e9n\u00e9rale se fusionen, con lo que no solo se avanza en la restructuraci\u00f3n del sector, sino que tambi\u00e9n se dan pasos para eliminar ineficiencias y potenciales problemas.<\/p>\n<p>Buen d\u00eda.<\/p>\n<p><center><strong>Am\u00edlcar Barrios Vilallonga<\/strong><br \/>\nDirecci\u00f3n de Inversiones<\/center><\/p>\n","protected":false},"excerpt":{"rendered":"<p>Se ha demostrado la semana pasada que pocas cosas hay m\u00e1s dif\u00edciles en mercados que tratar de acertar con el timing cuando los problemas tienen su origen en el oscuro mundo de la pol\u00edtica.<\/p>\n","protected":false},"author":4,"featured_media":29020,"comment_status":"open","ping_status":"closed","sticky":false,"template":"","format":"standard","meta":{"_acf_changed":false,"footnotes":""},"categories":[9721],"tags":[464,1118,1493,2206,2446,3444,3696,3766,4938,6734,6768,6987],"class_list":["post-29019","post","type-post","status-publish","format-standard","has-post-thumbnail","hentry","category-morning-meeting","tag-banca-europea","tag-china","tag-corto-plazo","tag-eeuu","tag-espana","tag-inestabilidad","tag-italia","tag-kim-jong-un","tag-pmi-manufacturas","tag-trump","tag-unicredit","tag-zona-euro"],"acf":[],"yoast_head":"<!-- This site is optimized with the Yoast SEO plugin v27.4 - https:\/\/yoast.com\/product\/yoast-seo-wordpress\/ -->\n<title>El oscuro mundo de la pol\u00edtica<\/title>\n<meta name=\"description\" content=\"Espa\u00f1a e Italia, cada una con sus caracter\u00edsticas propias, sucumbieron a comienzos de semana por el miedo a la inestabilidad\" \/>\n<meta name=\"robots\" content=\"index, follow, max-snippet:-1, max-image-preview:large, max-video-preview:-1\" \/>\n<link rel=\"canonical\" href=\"https:\/\/www.tressis.com\/ca\/blog\/el-oscuro-mundo-de-la-politica\/\" \/>\n<meta property=\"og:locale\" content=\"ca_ES\" \/>\n<meta property=\"og:type\" content=\"article\" \/>\n<meta property=\"og:title\" content=\"El oscuro mundo de la pol\u00edtica\" \/>\n<meta property=\"og:description\" content=\"Espa\u00f1a e Italia, cada una con sus caracter\u00edsticas propias, sucumbieron a comienzos de semana por el miedo a la inestabilidad\" \/>\n<meta property=\"og:url\" content=\"https:\/\/www.tressis.com\/ca\/blog\/el-oscuro-mundo-de-la-politica\/\" \/>\n<meta property=\"og:site_name\" content=\"Tressis\" \/>\n<meta property=\"article:publisher\" content=\"https:\/\/www.facebook.com\/Tressis\/\" \/>\n<meta property=\"article:published_time\" content=\"2018-06-04T09:02:38+00:00\" \/>\n<meta property=\"og:image\" content=\"https:\/\/www.tressis.com\/wp-content\/uploads\/2018\/06\/20180604-mmv.jpg\" \/>\n\t<meta property=\"og:image:width\" content=\"1100\" \/>\n\t<meta property=\"og:image:height\" content=\"487\" \/>\n\t<meta property=\"og:image:type\" content=\"image\/jpeg\" \/>\n<meta name=\"author\" content=\"Lola\" \/>\n<meta name=\"twitter:card\" content=\"summary_large_image\" \/>\n<meta name=\"twitter:creator\" content=\"@TressisSV\" \/>\n<meta name=\"twitter:site\" content=\"@TressisSV\" \/>\n<meta name=\"twitter:label1\" content=\"Escrit per\" \/>\n\t<meta name=\"twitter:data1\" content=\"Lola\" \/>\n\t<meta name=\"twitter:label2\" content=\"Temps estimat de lectura\" \/>\n\t<meta name=\"twitter:data2\" content=\"2 minuts\" \/>\n<script type=\"application\/ld+json\" class=\"yoast-schema-graph\">{\"@context\":\"https:\\\/\\\/schema.org\",\"@graph\":[{\"@type\":\"Article\",\"@id\":\"https:\\\/\\\/www.tressis.com\\\/ca\\\/blog\\\/el-oscuro-mundo-de-la-politica\\\/#article\",\"isPartOf\":{\"@id\":\"https:\\\/\\\/www.tressis.com\\\/ca\\\/blog\\\/el-oscuro-mundo-de-la-politica\\\/\"},\"author\":{\"name\":\"Lola\",\"@id\":\"https:\\\/\\\/www.tressis.com\\\/ca\\\/#\\\/schema\\\/person\\\/b833c1d724d8764920b6d6852c70584e\"},\"headline\":\"El oscuro mundo de la pol\u00edtica\",\"datePublished\":\"2018-06-04T09:02:38+00:00\",\"mainEntityOfPage\":{\"@id\":\"https:\\\/\\\/www.tressis.com\\\/ca\\\/blog\\\/el-oscuro-mundo-de-la-politica\\\/\"},\"wordCount\":362,\"commentCount\":0,\"publisher\":{\"@id\":\"https:\\\/\\\/www.tressis.com\\\/ca\\\/#organization\"},\"image\":{\"@id\":\"https:\\\/\\\/www.tressis.com\\\/ca\\\/blog\\\/el-oscuro-mundo-de-la-politica\\\/#primaryimage\"},\"thumbnailUrl\":\"https:\\\/\\\/www.tressis.com\\\/wp-content\\\/uploads\\\/2018\\\/06\\\/20180604-mmv.jpg\",\"keywords\":[\"banca europea\",\"china\",\"corto plazo\",\"EEUU\",\"Espa\u00f1a\",\"inestabilidad\",\"Italia\",\"Kim Jong-un\",\"PMI manufacturas\",\"Trump\",\"Unicredit\",\"zona euro\"],\"articleSection\":[\"Morning meeting\"],\"inLanguage\":\"ca\",\"potentialAction\":[{\"@type\":\"CommentAction\",\"name\":\"Comment\",\"target\":[\"https:\\\/\\\/www.tressis.com\\\/ca\\\/blog\\\/el-oscuro-mundo-de-la-politica\\\/#respond\"]}]},{\"@type\":\"WebPage\",\"@id\":\"https:\\\/\\\/www.tressis.com\\\/ca\\\/blog\\\/el-oscuro-mundo-de-la-politica\\\/\",\"url\":\"https:\\\/\\\/www.tressis.com\\\/ca\\\/blog\\\/el-oscuro-mundo-de-la-politica\\\/\",\"name\":\"El oscuro mundo de la pol\u00edtica\",\"isPartOf\":{\"@id\":\"https:\\\/\\\/www.tressis.com\\\/ca\\\/#website\"},\"primaryImageOfPage\":{\"@id\":\"https:\\\/\\\/www.tressis.com\\\/ca\\\/blog\\\/el-oscuro-mundo-de-la-politica\\\/#primaryimage\"},\"image\":{\"@id\":\"https:\\\/\\\/www.tressis.com\\\/ca\\\/blog\\\/el-oscuro-mundo-de-la-politica\\\/#primaryimage\"},\"thumbnailUrl\":\"https:\\\/\\\/www.tressis.com\\\/wp-content\\\/uploads\\\/2018\\\/06\\\/20180604-mmv.jpg\",\"datePublished\":\"2018-06-04T09:02:38+00:00\",\"description\":\"Espa\u00f1a e Italia, cada una con sus caracter\u00edsticas propias, sucumbieron a comienzos de semana por el miedo a la inestabilidad\",\"breadcrumb\":{\"@id\":\"https:\\\/\\\/www.tressis.com\\\/ca\\\/blog\\\/el-oscuro-mundo-de-la-politica\\\/#breadcrumb\"},\"inLanguage\":\"ca\",\"potentialAction\":[{\"@type\":\"ReadAction\",\"target\":[\"https:\\\/\\\/www.tressis.com\\\/ca\\\/blog\\\/el-oscuro-mundo-de-la-politica\\\/\"]}]},{\"@type\":\"ImageObject\",\"inLanguage\":\"ca\",\"@id\":\"https:\\\/\\\/www.tressis.com\\\/ca\\\/blog\\\/el-oscuro-mundo-de-la-politica\\\/#primaryimage\",\"url\":\"https:\\\/\\\/www.tressis.com\\\/wp-content\\\/uploads\\\/2018\\\/06\\\/20180604-mmv.jpg\",\"contentUrl\":\"https:\\\/\\\/www.tressis.com\\\/wp-content\\\/uploads\\\/2018\\\/06\\\/20180604-mmv.jpg\",\"width\":1100,\"height\":487,\"caption\":\"El oscuro mundo de la pol\u00edtica\"},{\"@type\":\"BreadcrumbList\",\"@id\":\"https:\\\/\\\/www.tressis.com\\\/ca\\\/blog\\\/el-oscuro-mundo-de-la-politica\\\/#breadcrumb\",\"itemListElement\":[{\"@type\":\"ListItem\",\"position\":1,\"name\":\"Inicio\",\"item\":\"https:\\\/\\\/www.tressis.com\\\/ca\\\/\"},{\"@type\":\"ListItem\",\"position\":2,\"name\":\"El oscuro mundo de la pol\u00edtica\"}]},{\"@type\":\"WebSite\",\"@id\":\"https:\\\/\\\/www.tressis.com\\\/ca\\\/#website\",\"url\":\"https:\\\/\\\/www.tressis.com\\\/ca\\\/\",\"name\":\"Tressis banca privada\",\"description\":\"Tressis | Planificaci\u00f3n financiera y gesti\u00f3n de patrimonios\",\"publisher\":{\"@id\":\"https:\\\/\\\/www.tressis.com\\\/ca\\\/#organization\"},\"potentialAction\":[{\"@type\":\"SearchAction\",\"target\":{\"@type\":\"EntryPoint\",\"urlTemplate\":\"https:\\\/\\\/www.tressis.com\\\/ca\\\/?s={search_term_string}\"},\"query-input\":{\"@type\":\"PropertyValueSpecification\",\"valueRequired\":true,\"valueName\":\"search_term_string\"}}],\"inLanguage\":\"ca\"},{\"@type\":\"Organization\",\"@id\":\"https:\\\/\\\/www.tressis.com\\\/ca\\\/#organization\",\"name\":\"Tressis\",\"url\":\"https:\\\/\\\/www.tressis.com\\\/ca\\\/\",\"logo\":{\"@type\":\"ImageObject\",\"inLanguage\":\"ca\",\"@id\":\"https:\\\/\\\/www.tressis.com\\\/ca\\\/#\\\/schema\\\/logo\\\/image\\\/\",\"url\":\"https:\\\/\\\/www.tressis.com\\\/wp-content\\\/uploads\\\/2025\\\/06\\\/logo-tressis-112.png\",\"contentUrl\":\"https:\\\/\\\/www.tressis.com\\\/wp-content\\\/uploads\\\/2025\\\/06\\\/logo-tressis-112.png\",\"width\":112,\"height\":112,\"caption\":\"Tressis\"},\"image\":{\"@id\":\"https:\\\/\\\/www.tressis.com\\\/ca\\\/#\\\/schema\\\/logo\\\/image\\\/\"},\"sameAs\":[\"https:\\\/\\\/www.facebook.com\\\/Tressis\\\/\",\"https:\\\/\\\/x.com\\\/TressisSV\",\"https:\\\/\\\/www.instagram.com\\\/tressissv\\\/?hl=es\",\"https:\\\/\\\/linkedin.com\\\/company\\\/tressis\\\/\",\"https:\\\/\\\/www.youtube.com\\\/user\\\/tressissv\",\"https:\\\/\\\/open.spotify.com\\\/show\\\/3jmTe1Nf0wqMILl7diWV6h?si=d7112519f13c4593&nd=1\"]},{\"@type\":\"Person\",\"@id\":\"https:\\\/\\\/www.tressis.com\\\/ca\\\/#\\\/schema\\\/person\\\/b833c1d724d8764920b6d6852c70584e\",\"name\":\"Lola\",\"image\":{\"@type\":\"ImageObject\",\"inLanguage\":\"ca\",\"@id\":\"https:\\\/\\\/secure.gravatar.com\\\/avatar\\\/05e646486b23ff45df9649110609c7e31b8c4a3e2821caa23d6317f405e0c51d?s=96&d=mm&r=g\",\"url\":\"https:\\\/\\\/secure.gravatar.com\\\/avatar\\\/05e646486b23ff45df9649110609c7e31b8c4a3e2821caa23d6317f405e0c51d?s=96&d=mm&r=g\",\"contentUrl\":\"https:\\\/\\\/secure.gravatar.com\\\/avatar\\\/05e646486b23ff45df9649110609c7e31b8c4a3e2821caa23d6317f405e0c51d?s=96&d=mm&r=g\",\"caption\":\"Lola\"}}]}<\/script>\n<!-- \/ Yoast SEO plugin. -->","yoast_head_json":{"title":"El oscuro mundo de la pol\u00edtica","description":"Espa\u00f1a e Italia, cada una con sus caracter\u00edsticas propias, sucumbieron a comienzos de semana por el miedo a la inestabilidad","robots":{"index":"index","follow":"follow","max-snippet":"max-snippet:-1","max-image-preview":"max-image-preview:large","max-video-preview":"max-video-preview:-1"},"canonical":"https:\/\/www.tressis.com\/ca\/blog\/el-oscuro-mundo-de-la-politica\/","og_locale":"ca_ES","og_type":"article","og_title":"El oscuro mundo de la pol\u00edtica","og_description":"Espa\u00f1a e Italia, cada una con sus caracter\u00edsticas propias, sucumbieron a comienzos de semana por el miedo a la inestabilidad","og_url":"https:\/\/www.tressis.com\/ca\/blog\/el-oscuro-mundo-de-la-politica\/","og_site_name":"Tressis","article_publisher":"https:\/\/www.facebook.com\/Tressis\/","article_published_time":"2018-06-04T09:02:38+00:00","og_image":[{"width":1100,"height":487,"url":"https:\/\/www.tressis.com\/wp-content\/uploads\/2018\/06\/20180604-mmv.jpg","type":"image\/jpeg"}],"author":"Lola","twitter_card":"summary_large_image","twitter_creator":"@TressisSV","twitter_site":"@TressisSV","twitter_misc":{"Escrit per":"Lola","Temps estimat de lectura":"2 minuts"},"schema":{"@context":"https:\/\/schema.org","@graph":[{"@type":"Article","@id":"https:\/\/www.tressis.com\/ca\/blog\/el-oscuro-mundo-de-la-politica\/#article","isPartOf":{"@id":"https:\/\/www.tressis.com\/ca\/blog\/el-oscuro-mundo-de-la-politica\/"},"author":{"name":"Lola","@id":"https:\/\/www.tressis.com\/ca\/#\/schema\/person\/b833c1d724d8764920b6d6852c70584e"},"headline":"El oscuro mundo de la pol\u00edtica","datePublished":"2018-06-04T09:02:38+00:00","mainEntityOfPage":{"@id":"https:\/\/www.tressis.com\/ca\/blog\/el-oscuro-mundo-de-la-politica\/"},"wordCount":362,"commentCount":0,"publisher":{"@id":"https:\/\/www.tressis.com\/ca\/#organization"},"image":{"@id":"https:\/\/www.tressis.com\/ca\/blog\/el-oscuro-mundo-de-la-politica\/#primaryimage"},"thumbnailUrl":"https:\/\/www.tressis.com\/wp-content\/uploads\/2018\/06\/20180604-mmv.jpg","keywords":["banca europea","china","corto plazo","EEUU","Espa\u00f1a","inestabilidad","Italia","Kim Jong-un","PMI manufacturas","Trump","Unicredit","zona euro"],"articleSection":["Morning meeting"],"inLanguage":"ca","potentialAction":[{"@type":"CommentAction","name":"Comment","target":["https:\/\/www.tressis.com\/ca\/blog\/el-oscuro-mundo-de-la-politica\/#respond"]}]},{"@type":"WebPage","@id":"https:\/\/www.tressis.com\/ca\/blog\/el-oscuro-mundo-de-la-politica\/","url":"https:\/\/www.tressis.com\/ca\/blog\/el-oscuro-mundo-de-la-politica\/","name":"El oscuro mundo de la pol\u00edtica","isPartOf":{"@id":"https:\/\/www.tressis.com\/ca\/#website"},"primaryImageOfPage":{"@id":"https:\/\/www.tressis.com\/ca\/blog\/el-oscuro-mundo-de-la-politica\/#primaryimage"},"image":{"@id":"https:\/\/www.tressis.com\/ca\/blog\/el-oscuro-mundo-de-la-politica\/#primaryimage"},"thumbnailUrl":"https:\/\/www.tressis.com\/wp-content\/uploads\/2018\/06\/20180604-mmv.jpg","datePublished":"2018-06-04T09:02:38+00:00","description":"Espa\u00f1a e Italia, cada una con sus caracter\u00edsticas propias, sucumbieron a comienzos de semana por el miedo a la inestabilidad","breadcrumb":{"@id":"https:\/\/www.tressis.com\/ca\/blog\/el-oscuro-mundo-de-la-politica\/#breadcrumb"},"inLanguage":"ca","potentialAction":[{"@type":"ReadAction","target":["https:\/\/www.tressis.com\/ca\/blog\/el-oscuro-mundo-de-la-politica\/"]}]},{"@type":"ImageObject","inLanguage":"ca","@id":"https:\/\/www.tressis.com\/ca\/blog\/el-oscuro-mundo-de-la-politica\/#primaryimage","url":"https:\/\/www.tressis.com\/wp-content\/uploads\/2018\/06\/20180604-mmv.jpg","contentUrl":"https:\/\/www.tressis.com\/wp-content\/uploads\/2018\/06\/20180604-mmv.jpg","width":1100,"height":487,"caption":"El oscuro mundo de la pol\u00edtica"},{"@type":"BreadcrumbList","@id":"https:\/\/www.tressis.com\/ca\/blog\/el-oscuro-mundo-de-la-politica\/#breadcrumb","itemListElement":[{"@type":"ListItem","position":1,"name":"Inicio","item":"https:\/\/www.tressis.com\/ca\/"},{"@type":"ListItem","position":2,"name":"El oscuro mundo de la pol\u00edtica"}]},{"@type":"WebSite","@id":"https:\/\/www.tressis.com\/ca\/#website","url":"https:\/\/www.tressis.com\/ca\/","name":"Tressis banca privada","description":"Tressis | Planificaci\u00f3n financiera y gesti\u00f3n de patrimonios","publisher":{"@id":"https:\/\/www.tressis.com\/ca\/#organization"},"potentialAction":[{"@type":"SearchAction","target":{"@type":"EntryPoint","urlTemplate":"https:\/\/www.tressis.com\/ca\/?s={search_term_string}"},"query-input":{"@type":"PropertyValueSpecification","valueRequired":true,"valueName":"search_term_string"}}],"inLanguage":"ca"},{"@type":"Organization","@id":"https:\/\/www.tressis.com\/ca\/#organization","name":"Tressis","url":"https:\/\/www.tressis.com\/ca\/","logo":{"@type":"ImageObject","inLanguage":"ca","@id":"https:\/\/www.tressis.com\/ca\/#\/schema\/logo\/image\/","url":"https:\/\/www.tressis.com\/wp-content\/uploads\/2025\/06\/logo-tressis-112.png","contentUrl":"https:\/\/www.tressis.com\/wp-content\/uploads\/2025\/06\/logo-tressis-112.png","width":112,"height":112,"caption":"Tressis"},"image":{"@id":"https:\/\/www.tressis.com\/ca\/#\/schema\/logo\/image\/"},"sameAs":["https:\/\/www.facebook.com\/Tressis\/","https:\/\/x.com\/TressisSV","https:\/\/www.instagram.com\/tressissv\/?hl=es","https:\/\/linkedin.com\/company\/tressis\/","https:\/\/www.youtube.com\/user\/tressissv","https:\/\/open.spotify.com\/show\/3jmTe1Nf0wqMILl7diWV6h?si=d7112519f13c4593&nd=1"]},{"@type":"Person","@id":"https:\/\/www.tressis.com\/ca\/#\/schema\/person\/b833c1d724d8764920b6d6852c70584e","name":"Lola","image":{"@type":"ImageObject","inLanguage":"ca","@id":"https:\/\/secure.gravatar.com\/avatar\/05e646486b23ff45df9649110609c7e31b8c4a3e2821caa23d6317f405e0c51d?s=96&d=mm&r=g","url":"https:\/\/secure.gravatar.com\/avatar\/05e646486b23ff45df9649110609c7e31b8c4a3e2821caa23d6317f405e0c51d?s=96&d=mm&r=g","contentUrl":"https:\/\/secure.gravatar.com\/avatar\/05e646486b23ff45df9649110609c7e31b8c4a3e2821caa23d6317f405e0c51d?s=96&d=mm&r=g","caption":"Lola"}}]}},"_links":{"self":[{"href":"https:\/\/www.tressis.com\/ca\/wp-json\/wp\/v2\/posts\/29019","targetHints":{"allow":["GET"]}}],"collection":[{"href":"https:\/\/www.tressis.com\/ca\/wp-json\/wp\/v2\/posts"}],"about":[{"href":"https:\/\/www.tressis.com\/ca\/wp-json\/wp\/v2\/types\/post"}],"author":[{"embeddable":true,"href":"https:\/\/www.tressis.com\/ca\/wp-json\/wp\/v2\/users\/4"}],"replies":[{"embeddable":true,"href":"https:\/\/www.tressis.com\/ca\/wp-json\/wp\/v2\/comments?post=29019"}],"version-history":[{"count":0,"href":"https:\/\/www.tressis.com\/ca\/wp-json\/wp\/v2\/posts\/29019\/revisions"}],"wp:featuredmedia":[{"embeddable":true,"href":"https:\/\/www.tressis.com\/ca\/wp-json\/wp\/v2\/media\/29020"}],"wp:attachment":[{"href":"https:\/\/www.tressis.com\/ca\/wp-json\/wp\/v2\/media?parent=29019"}],"wp:term":[{"taxonomy":"category","embeddable":true,"href":"https:\/\/www.tressis.com\/ca\/wp-json\/wp\/v2\/categories?post=29019"},{"taxonomy":"post_tag","embeddable":true,"href":"https:\/\/www.tressis.com\/ca\/wp-json\/wp\/v2\/tags?post=29019"}],"curies":[{"name":"wp","href":"https:\/\/api.w.org\/{rel}","templated":true}]}}