{"id":28987,"date":"2018-05-30T10:27:01","date_gmt":"2018-05-30T08:27:01","guid":{"rendered":"http:\/\/www.tressis.com\/blog\/?p=28987"},"modified":"2018-05-30T10:27:01","modified_gmt":"2018-05-30T08:27:01","slug":"aqui-ya-no-se-financian-fiestas","status":"publish","type":"post","link":"https:\/\/www.tressis.com\/ca\/blog\/aqui-ya-no-se-financian-fiestas\/","title":{"rendered":"Aqu\u00ed ya no se financian fiestas"},"content":{"rendered":"<p>Es su momento y lo est\u00e1n disfrutando.<!--more--><\/p>\n<p>Los pol\u00edticos italianos han conseguido centrar la atenci\u00f3n de todos por eso del miedo a que el euro pueda volver a estar en entredicho. Se dice que los mercados se expresan a trav\u00e9s de los costes de la deuda, que ayer saltaron por los aires, pero en realidad son los inversores de carne y hueso los que est\u00e1n optando por decir que a Italia no le quieren seguir prestando dinero, y que si lo hacen, ser\u00e1 a cambio de un inter\u00e9s m\u00e1s elevado, que fiestas aqu\u00ed ya no se financia ni una.<\/p>\n<p>La seriedad del asunto ha provocado un brote de contagio por todo lo que sea riesgo. Ah\u00ed entra naturalmente la deuda de la periferia, a pesar de que las mociones y contramociones contra el Gobierno de Espa\u00f1a tambi\u00e9n suman; por supuesto que hay lugar para los sectores m\u00e1s agresivos de la bolsa en t\u00e9rminos de riesgo, los bancos, que son los que m\u00e1s bonos soberanos poseen. Y en \u00faltimo lugar no pod\u00eda faltar el sufrimiento del euro, asentado ahora mismo por debajo del 1,16. \u00bfEntonces qu\u00e9 queda para beneficiarse? Lo de siempre, deuda p\u00fablica de EE.UU. o Alemania, por poner los dos mejores ejemplos.<\/p>\n<p>Siguiendo con Italia, la gravedad de la crisis institucional queda patente no solo en las preocupaciones de los inversores, pues un organismo como el Banco de Italia record\u00f3 ayer la fragilidad de la confianza de todos los actores econ\u00f3micos, un bien preciado e incre\u00edblemente f\u00e1cil de perder. Solo faltaba rematarlo con la aparici\u00f3n de los demonios de todo Tesoro P\u00fablico en aprietos, una agencia de <i>rating<\/i> como Moody&#8217;s, que ya ha advertido que tiene el hacha afilada y preparada para otra demostraci\u00f3n de fuerza.<\/p>\n<p>Hac\u00eda ya tiempo que esto del riesgo pol\u00edtico de Europa no tiraba abajo los mercados. Si no, que se lo digan a EE.UU., que ayer public\u00f3 una bater\u00eda positiva de indicadores econ\u00f3micos que inclu\u00edan confianza o industria pero que no sirvieron para absolutamente nada, porque Wall Street sufri\u00f3 a la europea.<\/p>\n<p>Buen d\u00eda.<\/p>\n<p><center><strong><br \/>\nAm\u00edlcar Barrios Vilallonga<\/strong><br \/>\nDirecci\u00f3n de Inversiones<\/center><\/p>\n","protected":false},"excerpt":{"rendered":"<p>Es su momento y lo est\u00e1n disfrutando.<\/p>\n","protected":false},"author":4,"featured_media":28988,"comment_status":"open","ping_status":"closed","sticky":false,"template":"","format":"standard","meta":{"_acf_changed":false,"footnotes":""},"categories":[9721],"tags":[141,489,1636,2206,3063,3696,4324,6431,6557,6955],"class_list":["post-28987","post","type-post","status-publish","format-standard","has-post-thumbnail","hentry","category-morning-meeting","tag-alemania","tag-banco-de-italia","tag-crisis-institucional","tag-eeuu","tag-gobierno-de-espana","tag-italia","tag-moodys","tag-sufrimiento-del-euro","tag-tesoro-publico","tag-wall-street"],"acf":[],"yoast_head":"<!-- This site is optimized with the Yoast SEO plugin v27.4 - https:\/\/yoast.com\/product\/yoast-seo-wordpress\/ -->\n<title>Aqu\u00ed ya no se financian fiestas<\/title>\n<meta name=\"description\" content=\"Son los inversores de carne y hueso los que est\u00e1n optando por decir que a Italia no le quieren seguir prestando dinero\" \/>\n<meta name=\"robots\" content=\"index, follow, max-snippet:-1, max-image-preview:large, max-video-preview:-1\" \/>\n<link rel=\"canonical\" href=\"https:\/\/www.tressis.com\/ca\/blog\/aqui-ya-no-se-financian-fiestas\/\" \/>\n<meta property=\"og:locale\" content=\"ca_ES\" \/>\n<meta property=\"og:type\" content=\"article\" \/>\n<meta property=\"og:title\" content=\"Aqu\u00ed ya no se financian fiestas\" \/>\n<meta property=\"og:description\" content=\"Son los inversores de carne y hueso los que est\u00e1n optando por decir que a Italia no le quieren seguir prestando dinero\" \/>\n<meta property=\"og:url\" content=\"https:\/\/www.tressis.com\/ca\/blog\/aqui-ya-no-se-financian-fiestas\/\" \/>\n<meta property=\"og:site_name\" content=\"Tressis\" \/>\n<meta property=\"article:publisher\" content=\"https:\/\/www.facebook.com\/Tressis\/\" \/>\n<meta property=\"article:published_time\" content=\"2018-05-30T08:27:01+00:00\" \/>\n<meta property=\"og:image\" content=\"https:\/\/www.tressis.com\/wp-content\/uploads\/2018\/05\/20180530-mmv.jpg\" \/>\n\t<meta property=\"og:image:width\" content=\"1100\" \/>\n\t<meta property=\"og:image:height\" content=\"487\" \/>\n\t<meta property=\"og:image:type\" content=\"image\/jpeg\" \/>\n<meta name=\"author\" content=\"Lola\" \/>\n<meta name=\"twitter:card\" content=\"summary_large_image\" \/>\n<meta name=\"twitter:creator\" content=\"@TressisSV\" \/>\n<meta name=\"twitter:site\" content=\"@TressisSV\" \/>\n<meta name=\"twitter:label1\" content=\"Escrit per\" \/>\n\t<meta name=\"twitter:data1\" content=\"Lola\" \/>\n\t<meta name=\"twitter:label2\" content=\"Temps estimat de lectura\" \/>\n\t<meta name=\"twitter:data2\" content=\"2 minuts\" \/>\n<script type=\"application\/ld+json\" class=\"yoast-schema-graph\">{\"@context\":\"https:\\\/\\\/schema.org\",\"@graph\":[{\"@type\":\"Article\",\"@id\":\"https:\\\/\\\/www.tressis.com\\\/ca\\\/blog\\\/aqui-ya-no-se-financian-fiestas\\\/#article\",\"isPartOf\":{\"@id\":\"https:\\\/\\\/www.tressis.com\\\/ca\\\/blog\\\/aqui-ya-no-se-financian-fiestas\\\/\"},\"author\":{\"name\":\"Lola\",\"@id\":\"https:\\\/\\\/www.tressis.com\\\/ca\\\/#\\\/schema\\\/person\\\/b833c1d724d8764920b6d6852c70584e\"},\"headline\":\"Aqu\u00ed ya no se financian fiestas\",\"datePublished\":\"2018-05-30T08:27:01+00:00\",\"mainEntityOfPage\":{\"@id\":\"https:\\\/\\\/www.tressis.com\\\/ca\\\/blog\\\/aqui-ya-no-se-financian-fiestas\\\/\"},\"wordCount\":382,\"commentCount\":0,\"publisher\":{\"@id\":\"https:\\\/\\\/www.tressis.com\\\/ca\\\/#organization\"},\"image\":{\"@id\":\"https:\\\/\\\/www.tressis.com\\\/ca\\\/blog\\\/aqui-ya-no-se-financian-fiestas\\\/#primaryimage\"},\"thumbnailUrl\":\"https:\\\/\\\/www.tressis.com\\\/wp-content\\\/uploads\\\/2018\\\/05\\\/20180530-mmv.jpg\",\"keywords\":[\"Alemania\",\"banco de Italia\",\"crisis institucional\",\"EEUU\",\"gobierno de Espa\u00f1a\",\"Italia\",\"Moody\u00b4s\",\"sufrimiento del euro\",\"tesoro p\u00fablico\",\"Wall Street\"],\"articleSection\":[\"Morning meeting\"],\"inLanguage\":\"ca\",\"potentialAction\":[{\"@type\":\"CommentAction\",\"name\":\"Comment\",\"target\":[\"https:\\\/\\\/www.tressis.com\\\/ca\\\/blog\\\/aqui-ya-no-se-financian-fiestas\\\/#respond\"]}]},{\"@type\":\"WebPage\",\"@id\":\"https:\\\/\\\/www.tressis.com\\\/ca\\\/blog\\\/aqui-ya-no-se-financian-fiestas\\\/\",\"url\":\"https:\\\/\\\/www.tressis.com\\\/ca\\\/blog\\\/aqui-ya-no-se-financian-fiestas\\\/\",\"name\":\"Aqu\u00ed ya no se financian fiestas\",\"isPartOf\":{\"@id\":\"https:\\\/\\\/www.tressis.com\\\/ca\\\/#website\"},\"primaryImageOfPage\":{\"@id\":\"https:\\\/\\\/www.tressis.com\\\/ca\\\/blog\\\/aqui-ya-no-se-financian-fiestas\\\/#primaryimage\"},\"image\":{\"@id\":\"https:\\\/\\\/www.tressis.com\\\/ca\\\/blog\\\/aqui-ya-no-se-financian-fiestas\\\/#primaryimage\"},\"thumbnailUrl\":\"https:\\\/\\\/www.tressis.com\\\/wp-content\\\/uploads\\\/2018\\\/05\\\/20180530-mmv.jpg\",\"datePublished\":\"2018-05-30T08:27:01+00:00\",\"description\":\"Son los inversores de carne y hueso los que est\u00e1n optando por decir que a Italia no le quieren seguir prestando dinero\",\"breadcrumb\":{\"@id\":\"https:\\\/\\\/www.tressis.com\\\/ca\\\/blog\\\/aqui-ya-no-se-financian-fiestas\\\/#breadcrumb\"},\"inLanguage\":\"ca\",\"potentialAction\":[{\"@type\":\"ReadAction\",\"target\":[\"https:\\\/\\\/www.tressis.com\\\/ca\\\/blog\\\/aqui-ya-no-se-financian-fiestas\\\/\"]}]},{\"@type\":\"ImageObject\",\"inLanguage\":\"ca\",\"@id\":\"https:\\\/\\\/www.tressis.com\\\/ca\\\/blog\\\/aqui-ya-no-se-financian-fiestas\\\/#primaryimage\",\"url\":\"https:\\\/\\\/www.tressis.com\\\/wp-content\\\/uploads\\\/2018\\\/05\\\/20180530-mmv.jpg\",\"contentUrl\":\"https:\\\/\\\/www.tressis.com\\\/wp-content\\\/uploads\\\/2018\\\/05\\\/20180530-mmv.jpg\",\"width\":1100,\"height\":487},{\"@type\":\"BreadcrumbList\",\"@id\":\"https:\\\/\\\/www.tressis.com\\\/ca\\\/blog\\\/aqui-ya-no-se-financian-fiestas\\\/#breadcrumb\",\"itemListElement\":[{\"@type\":\"ListItem\",\"position\":1,\"name\":\"Inicio\",\"item\":\"https:\\\/\\\/www.tressis.com\\\/ca\\\/\"},{\"@type\":\"ListItem\",\"position\":2,\"name\":\"Aqu\u00ed ya no se financian fiestas\"}]},{\"@type\":\"WebSite\",\"@id\":\"https:\\\/\\\/www.tressis.com\\\/ca\\\/#website\",\"url\":\"https:\\\/\\\/www.tressis.com\\\/ca\\\/\",\"name\":\"Tressis banca privada\",\"description\":\"Tressis | Planificaci\u00f3n financiera y gesti\u00f3n de patrimonios\",\"publisher\":{\"@id\":\"https:\\\/\\\/www.tressis.com\\\/ca\\\/#organization\"},\"potentialAction\":[{\"@type\":\"SearchAction\",\"target\":{\"@type\":\"EntryPoint\",\"urlTemplate\":\"https:\\\/\\\/www.tressis.com\\\/ca\\\/?s={search_term_string}\"},\"query-input\":{\"@type\":\"PropertyValueSpecification\",\"valueRequired\":true,\"valueName\":\"search_term_string\"}}],\"inLanguage\":\"ca\"},{\"@type\":\"Organization\",\"@id\":\"https:\\\/\\\/www.tressis.com\\\/ca\\\/#organization\",\"name\":\"Tressis\",\"url\":\"https:\\\/\\\/www.tressis.com\\\/ca\\\/\",\"logo\":{\"@type\":\"ImageObject\",\"inLanguage\":\"ca\",\"@id\":\"https:\\\/\\\/www.tressis.com\\\/ca\\\/#\\\/schema\\\/logo\\\/image\\\/\",\"url\":\"https:\\\/\\\/www.tressis.com\\\/wp-content\\\/uploads\\\/2025\\\/06\\\/logo-tressis-112.png\",\"contentUrl\":\"https:\\\/\\\/www.tressis.com\\\/wp-content\\\/uploads\\\/2025\\\/06\\\/logo-tressis-112.png\",\"width\":112,\"height\":112,\"caption\":\"Tressis\"},\"image\":{\"@id\":\"https:\\\/\\\/www.tressis.com\\\/ca\\\/#\\\/schema\\\/logo\\\/image\\\/\"},\"sameAs\":[\"https:\\\/\\\/www.facebook.com\\\/Tressis\\\/\",\"https:\\\/\\\/x.com\\\/TressisSV\",\"https:\\\/\\\/www.instagram.com\\\/tressissv\\\/?hl=es\",\"https:\\\/\\\/linkedin.com\\\/company\\\/tressis\\\/\",\"https:\\\/\\\/www.youtube.com\\\/user\\\/tressissv\",\"https:\\\/\\\/open.spotify.com\\\/show\\\/3jmTe1Nf0wqMILl7diWV6h?si=d7112519f13c4593&nd=1\"]},{\"@type\":\"Person\",\"@id\":\"https:\\\/\\\/www.tressis.com\\\/ca\\\/#\\\/schema\\\/person\\\/b833c1d724d8764920b6d6852c70584e\",\"name\":\"Lola\",\"image\":{\"@type\":\"ImageObject\",\"inLanguage\":\"ca\",\"@id\":\"https:\\\/\\\/secure.gravatar.com\\\/avatar\\\/05e646486b23ff45df9649110609c7e31b8c4a3e2821caa23d6317f405e0c51d?s=96&d=mm&r=g\",\"url\":\"https:\\\/\\\/secure.gravatar.com\\\/avatar\\\/05e646486b23ff45df9649110609c7e31b8c4a3e2821caa23d6317f405e0c51d?s=96&d=mm&r=g\",\"contentUrl\":\"https:\\\/\\\/secure.gravatar.com\\\/avatar\\\/05e646486b23ff45df9649110609c7e31b8c4a3e2821caa23d6317f405e0c51d?s=96&d=mm&r=g\",\"caption\":\"Lola\"}}]}<\/script>\n<!-- \/ Yoast SEO plugin. -->","yoast_head_json":{"title":"Aqu\u00ed ya no se financian fiestas","description":"Son los inversores de carne y hueso los que est\u00e1n optando por decir que a Italia no le quieren seguir prestando dinero","robots":{"index":"index","follow":"follow","max-snippet":"max-snippet:-1","max-image-preview":"max-image-preview:large","max-video-preview":"max-video-preview:-1"},"canonical":"https:\/\/www.tressis.com\/ca\/blog\/aqui-ya-no-se-financian-fiestas\/","og_locale":"ca_ES","og_type":"article","og_title":"Aqu\u00ed ya no se financian fiestas","og_description":"Son los inversores de carne y hueso los que est\u00e1n optando por decir que a Italia no le quieren seguir prestando dinero","og_url":"https:\/\/www.tressis.com\/ca\/blog\/aqui-ya-no-se-financian-fiestas\/","og_site_name":"Tressis","article_publisher":"https:\/\/www.facebook.com\/Tressis\/","article_published_time":"2018-05-30T08:27:01+00:00","og_image":[{"width":1100,"height":487,"url":"https:\/\/www.tressis.com\/wp-content\/uploads\/2018\/05\/20180530-mmv.jpg","type":"image\/jpeg"}],"author":"Lola","twitter_card":"summary_large_image","twitter_creator":"@TressisSV","twitter_site":"@TressisSV","twitter_misc":{"Escrit per":"Lola","Temps estimat de lectura":"2 minuts"},"schema":{"@context":"https:\/\/schema.org","@graph":[{"@type":"Article","@id":"https:\/\/www.tressis.com\/ca\/blog\/aqui-ya-no-se-financian-fiestas\/#article","isPartOf":{"@id":"https:\/\/www.tressis.com\/ca\/blog\/aqui-ya-no-se-financian-fiestas\/"},"author":{"name":"Lola","@id":"https:\/\/www.tressis.com\/ca\/#\/schema\/person\/b833c1d724d8764920b6d6852c70584e"},"headline":"Aqu\u00ed ya no se financian fiestas","datePublished":"2018-05-30T08:27:01+00:00","mainEntityOfPage":{"@id":"https:\/\/www.tressis.com\/ca\/blog\/aqui-ya-no-se-financian-fiestas\/"},"wordCount":382,"commentCount":0,"publisher":{"@id":"https:\/\/www.tressis.com\/ca\/#organization"},"image":{"@id":"https:\/\/www.tressis.com\/ca\/blog\/aqui-ya-no-se-financian-fiestas\/#primaryimage"},"thumbnailUrl":"https:\/\/www.tressis.com\/wp-content\/uploads\/2018\/05\/20180530-mmv.jpg","keywords":["Alemania","banco de Italia","crisis institucional","EEUU","gobierno de Espa\u00f1a","Italia","Moody\u00b4s","sufrimiento del euro","tesoro p\u00fablico","Wall Street"],"articleSection":["Morning meeting"],"inLanguage":"ca","potentialAction":[{"@type":"CommentAction","name":"Comment","target":["https:\/\/www.tressis.com\/ca\/blog\/aqui-ya-no-se-financian-fiestas\/#respond"]}]},{"@type":"WebPage","@id":"https:\/\/www.tressis.com\/ca\/blog\/aqui-ya-no-se-financian-fiestas\/","url":"https:\/\/www.tressis.com\/ca\/blog\/aqui-ya-no-se-financian-fiestas\/","name":"Aqu\u00ed ya no se financian fiestas","isPartOf":{"@id":"https:\/\/www.tressis.com\/ca\/#website"},"primaryImageOfPage":{"@id":"https:\/\/www.tressis.com\/ca\/blog\/aqui-ya-no-se-financian-fiestas\/#primaryimage"},"image":{"@id":"https:\/\/www.tressis.com\/ca\/blog\/aqui-ya-no-se-financian-fiestas\/#primaryimage"},"thumbnailUrl":"https:\/\/www.tressis.com\/wp-content\/uploads\/2018\/05\/20180530-mmv.jpg","datePublished":"2018-05-30T08:27:01+00:00","description":"Son los inversores de carne y hueso los que est\u00e1n optando por decir que a Italia no le quieren seguir prestando dinero","breadcrumb":{"@id":"https:\/\/www.tressis.com\/ca\/blog\/aqui-ya-no-se-financian-fiestas\/#breadcrumb"},"inLanguage":"ca","potentialAction":[{"@type":"ReadAction","target":["https:\/\/www.tressis.com\/ca\/blog\/aqui-ya-no-se-financian-fiestas\/"]}]},{"@type":"ImageObject","inLanguage":"ca","@id":"https:\/\/www.tressis.com\/ca\/blog\/aqui-ya-no-se-financian-fiestas\/#primaryimage","url":"https:\/\/www.tressis.com\/wp-content\/uploads\/2018\/05\/20180530-mmv.jpg","contentUrl":"https:\/\/www.tressis.com\/wp-content\/uploads\/2018\/05\/20180530-mmv.jpg","width":1100,"height":487},{"@type":"BreadcrumbList","@id":"https:\/\/www.tressis.com\/ca\/blog\/aqui-ya-no-se-financian-fiestas\/#breadcrumb","itemListElement":[{"@type":"ListItem","position":1,"name":"Inicio","item":"https:\/\/www.tressis.com\/ca\/"},{"@type":"ListItem","position":2,"name":"Aqu\u00ed ya no se financian fiestas"}]},{"@type":"WebSite","@id":"https:\/\/www.tressis.com\/ca\/#website","url":"https:\/\/www.tressis.com\/ca\/","name":"Tressis banca privada","description":"Tressis | Planificaci\u00f3n financiera y gesti\u00f3n de patrimonios","publisher":{"@id":"https:\/\/www.tressis.com\/ca\/#organization"},"potentialAction":[{"@type":"SearchAction","target":{"@type":"EntryPoint","urlTemplate":"https:\/\/www.tressis.com\/ca\/?s={search_term_string}"},"query-input":{"@type":"PropertyValueSpecification","valueRequired":true,"valueName":"search_term_string"}}],"inLanguage":"ca"},{"@type":"Organization","@id":"https:\/\/www.tressis.com\/ca\/#organization","name":"Tressis","url":"https:\/\/www.tressis.com\/ca\/","logo":{"@type":"ImageObject","inLanguage":"ca","@id":"https:\/\/www.tressis.com\/ca\/#\/schema\/logo\/image\/","url":"https:\/\/www.tressis.com\/wp-content\/uploads\/2025\/06\/logo-tressis-112.png","contentUrl":"https:\/\/www.tressis.com\/wp-content\/uploads\/2025\/06\/logo-tressis-112.png","width":112,"height":112,"caption":"Tressis"},"image":{"@id":"https:\/\/www.tressis.com\/ca\/#\/schema\/logo\/image\/"},"sameAs":["https:\/\/www.facebook.com\/Tressis\/","https:\/\/x.com\/TressisSV","https:\/\/www.instagram.com\/tressissv\/?hl=es","https:\/\/linkedin.com\/company\/tressis\/","https:\/\/www.youtube.com\/user\/tressissv","https:\/\/open.spotify.com\/show\/3jmTe1Nf0wqMILl7diWV6h?si=d7112519f13c4593&nd=1"]},{"@type":"Person","@id":"https:\/\/www.tressis.com\/ca\/#\/schema\/person\/b833c1d724d8764920b6d6852c70584e","name":"Lola","image":{"@type":"ImageObject","inLanguage":"ca","@id":"https:\/\/secure.gravatar.com\/avatar\/05e646486b23ff45df9649110609c7e31b8c4a3e2821caa23d6317f405e0c51d?s=96&d=mm&r=g","url":"https:\/\/secure.gravatar.com\/avatar\/05e646486b23ff45df9649110609c7e31b8c4a3e2821caa23d6317f405e0c51d?s=96&d=mm&r=g","contentUrl":"https:\/\/secure.gravatar.com\/avatar\/05e646486b23ff45df9649110609c7e31b8c4a3e2821caa23d6317f405e0c51d?s=96&d=mm&r=g","caption":"Lola"}}]}},"_links":{"self":[{"href":"https:\/\/www.tressis.com\/ca\/wp-json\/wp\/v2\/posts\/28987","targetHints":{"allow":["GET"]}}],"collection":[{"href":"https:\/\/www.tressis.com\/ca\/wp-json\/wp\/v2\/posts"}],"about":[{"href":"https:\/\/www.tressis.com\/ca\/wp-json\/wp\/v2\/types\/post"}],"author":[{"embeddable":true,"href":"https:\/\/www.tressis.com\/ca\/wp-json\/wp\/v2\/users\/4"}],"replies":[{"embeddable":true,"href":"https:\/\/www.tressis.com\/ca\/wp-json\/wp\/v2\/comments?post=28987"}],"version-history":[{"count":0,"href":"https:\/\/www.tressis.com\/ca\/wp-json\/wp\/v2\/posts\/28987\/revisions"}],"wp:featuredmedia":[{"embeddable":true,"href":"https:\/\/www.tressis.com\/ca\/wp-json\/wp\/v2\/media\/28988"}],"wp:attachment":[{"href":"https:\/\/www.tressis.com\/ca\/wp-json\/wp\/v2\/media?parent=28987"}],"wp:term":[{"taxonomy":"category","embeddable":true,"href":"https:\/\/www.tressis.com\/ca\/wp-json\/wp\/v2\/categories?post=28987"},{"taxonomy":"post_tag","embeddable":true,"href":"https:\/\/www.tressis.com\/ca\/wp-json\/wp\/v2\/tags?post=28987"}],"curies":[{"name":"wp","href":"https:\/\/api.w.org\/{rel}","templated":true}]}}