{"id":28932,"date":"2018-05-24T10:50:44","date_gmt":"2018-05-24T08:50:44","guid":{"rendered":"http:\/\/www.tressis.com\/blog\/?p=28932"},"modified":"2018-05-24T10:50:44","modified_gmt":"2018-05-24T08:50:44","slug":"los-inversores-han-interpretado-que-en-junio-toca-la-siguiente-subida-de-tipos","status":"publish","type":"post","link":"https:\/\/www.tressis.com\/ca\/blog\/los-inversores-han-interpretado-que-en-junio-toca-la-siguiente-subida-de-tipos\/","title":{"rendered":"Los inversores han interpretado que en junio toca la siguiente subida de tipos"},"content":{"rendered":"<p>Sesi\u00f3n intensa la de ayer en los mercados y tambi\u00e9n en todo lo que los rodea.<!--more--><\/p>\n<p>Por eliminar esto \u00faltimo, tan solo comentar que Corea del Norte parece querer volver a adoptar la diplomacia nuclear como eje de supervivencia, mientras que Conte ya ha recibido el encargo de formar un gobierno italiano en el que como mucho aspira a marioneta de dos fuerzas que, m\u00e1s all\u00e1 del discurso de culpar al euro de todo, no tienen absolutamente nada en com\u00fan.<\/p>\n<p>Pero el verdadero asunto del d\u00eda eran las actas de la Reserva Federal, cuyo mensaje puede sintetizarse en dos ideas principales. La primera, por importancia l\u00f3gica, es que los inversores han interpretado que en junio toca la siguiente subida de tipos, as\u00ed como que se mantienen las perspectivas del FOMC en este aspecto. Y la otra es que los miembros de la Fed creen que la inflaci\u00f3n no es una amenaza, sino que la recuperaci\u00f3n de la presi\u00f3n en precios es producto de una normalizaci\u00f3n, trasladada esta a la pol\u00edtica monetaria, que nadie se atreve a definir como restrictiva de las de antes.<\/p>\n<p>En asuntos fundamentales el cupo de protagonismo de Europa fue significativo por cuanto plasm\u00f3 la desaceleraci\u00f3n que sufre la regi\u00f3n. El PMI agregado ha ca\u00eddo en mayo un punto, si bien a\u00fan no cunde el p\u00e1nico al entender el mercado que esto no nos lleva a una crisis inmediata, tambi\u00e9n por el colch\u00f3n que sigue existiendo. Vista la realidad de EE.UU. y Europa se puede comprender que el euro siga perdiendo terreno contra el d\u00f3lar.<\/p>\n<p>Por \u00faltimo queda Turqu\u00eda, que en los \u00faltimos meses ha conseguido poner de acuerdo a todo el mercado, en su contra. El desplome de la lira hasta m\u00ednimos hist\u00f3ricos se explica por diversos factores, que van desde el serio problema que representa el endurecimiento de la pol\u00edtica monetaria de EE.UU. para un pa\u00eds con un d\u00e9ficit por cuenta corriente como el turco, hasta la absoluta p\u00e9rdida de confianza que supone el deseo de Erdogan de controlar el banco central. Esto sin tener en cuenta los desaf\u00edos de la absoluta falta de rigor econ\u00f3mico de su gobierno.<\/p>\n<p>Buen d\u00eda.<\/p>\n<p><center><strong>Am\u00edlcar Barrios Vilallonga<\/strong><br \/>\nDirecci\u00f3n de Inversiones<\/center><\/p>\n","protected":false},"excerpt":{"rendered":"<p>Sesi\u00f3n intensa la de ayer en los mercados y tambi\u00e9n en todo lo que los rodea.<\/p>\n","protected":false},"author":4,"featured_media":28933,"comment_status":"open","ping_status":"closed","sticky":false,"template":"","format":"standard","meta":{"_acf_changed":false,"footnotes":""},"categories":[9721],"tags":[1438,1468,2206,2427,2556,2720,2792,4927,4997,5452,5761,6326,6754],"class_list":["post-28932","post","type-post","status-publish","format-standard","has-post-thumbnail","hentry","category-morning-meeting","tag-conte","tag-corea-del-norte","tag-eeuu","tag-erdogan","tag-europa","tag-fed","tag-fomc","tag-pmi","tag-politica-monetaria","tag-recuperacion-precios","tag-reserva-federal","tag-subida-de-tipos","tag-turquia"],"acf":[],"yoast_head":"<!-- This site is optimized with the Yoast SEO plugin v27.4 - https:\/\/yoast.com\/product\/yoast-seo-wordpress\/ -->\n<title>Los inversores han interpretado que en junio toca la siguiente subida de tipos<\/title>\n<meta name=\"description\" content=\"Los miembros de la Fed creen que la inflaci\u00f3n no es una amenaza, sino que la recuperaci\u00f3n de la presi\u00f3n en precios es producto de una normalizaci\u00f3n\" \/>\n<meta name=\"robots\" content=\"index, follow, max-snippet:-1, max-image-preview:large, max-video-preview:-1\" \/>\n<link rel=\"canonical\" href=\"https:\/\/www.tressis.com\/ca\/blog\/los-inversores-han-interpretado-que-en-junio-toca-la-siguiente-subida-de-tipos\/\" \/>\n<meta property=\"og:locale\" content=\"ca_ES\" \/>\n<meta property=\"og:type\" content=\"article\" \/>\n<meta property=\"og:title\" content=\"Los inversores han interpretado que en junio toca la siguiente subida de tipos\" \/>\n<meta property=\"og:description\" content=\"Los miembros de la Fed creen que la inflaci\u00f3n no es una amenaza, sino que la recuperaci\u00f3n de la presi\u00f3n en precios es producto de una normalizaci\u00f3n\" \/>\n<meta property=\"og:url\" content=\"https:\/\/www.tressis.com\/ca\/blog\/los-inversores-han-interpretado-que-en-junio-toca-la-siguiente-subida-de-tipos\/\" \/>\n<meta property=\"og:site_name\" content=\"Tressis\" \/>\n<meta property=\"article:publisher\" content=\"https:\/\/www.facebook.com\/Tressis\/\" \/>\n<meta property=\"article:published_time\" content=\"2018-05-24T08:50:44+00:00\" \/>\n<meta property=\"og:image\" content=\"https:\/\/www.tressis.com\/wp-content\/uploads\/2018\/05\/20180524-mmv.jpg\" \/>\n\t<meta property=\"og:image:width\" content=\"1100\" \/>\n\t<meta property=\"og:image:height\" content=\"487\" \/>\n\t<meta property=\"og:image:type\" content=\"image\/jpeg\" \/>\n<meta name=\"author\" content=\"Lola\" \/>\n<meta name=\"twitter:card\" content=\"summary_large_image\" \/>\n<meta name=\"twitter:creator\" content=\"@TressisSV\" \/>\n<meta name=\"twitter:site\" content=\"@TressisSV\" \/>\n<meta name=\"twitter:label1\" content=\"Escrit per\" \/>\n\t<meta name=\"twitter:data1\" content=\"Lola\" \/>\n\t<meta name=\"twitter:label2\" content=\"Temps estimat de lectura\" \/>\n\t<meta name=\"twitter:data2\" content=\"2 minuts\" \/>\n<script type=\"application\/ld+json\" class=\"yoast-schema-graph\">{\"@context\":\"https:\\\/\\\/schema.org\",\"@graph\":[{\"@type\":\"Article\",\"@id\":\"https:\\\/\\\/www.tressis.com\\\/ca\\\/blog\\\/los-inversores-han-interpretado-que-en-junio-toca-la-siguiente-subida-de-tipos\\\/#article\",\"isPartOf\":{\"@id\":\"https:\\\/\\\/www.tressis.com\\\/ca\\\/blog\\\/los-inversores-han-interpretado-que-en-junio-toca-la-siguiente-subida-de-tipos\\\/\"},\"author\":{\"name\":\"Lola\",\"@id\":\"https:\\\/\\\/www.tressis.com\\\/ca\\\/#\\\/schema\\\/person\\\/b833c1d724d8764920b6d6852c70584e\"},\"headline\":\"Los inversores han interpretado que en junio toca la siguiente subida de tipos\",\"datePublished\":\"2018-05-24T08:50:44+00:00\",\"mainEntityOfPage\":{\"@id\":\"https:\\\/\\\/www.tressis.com\\\/ca\\\/blog\\\/los-inversores-han-interpretado-que-en-junio-toca-la-siguiente-subida-de-tipos\\\/\"},\"wordCount\":408,\"commentCount\":0,\"publisher\":{\"@id\":\"https:\\\/\\\/www.tressis.com\\\/ca\\\/#organization\"},\"image\":{\"@id\":\"https:\\\/\\\/www.tressis.com\\\/ca\\\/blog\\\/los-inversores-han-interpretado-que-en-junio-toca-la-siguiente-subida-de-tipos\\\/#primaryimage\"},\"thumbnailUrl\":\"https:\\\/\\\/www.tressis.com\\\/wp-content\\\/uploads\\\/2018\\\/05\\\/20180524-mmv.jpg\",\"keywords\":[\"Conte\",\"Corea del Norte\",\"EEUU\",\"Erdogan\",\"Europa\",\"fed\",\"FOMC\",\"PMI\",\"pol\u00edtica monetaria\",\"recuperaci\u00f3n precios\",\"Reserva Federal\",\"subida de tipos\",\"Turqu\u00eda\"],\"articleSection\":[\"Morning meeting\"],\"inLanguage\":\"ca\",\"potentialAction\":[{\"@type\":\"CommentAction\",\"name\":\"Comment\",\"target\":[\"https:\\\/\\\/www.tressis.com\\\/ca\\\/blog\\\/los-inversores-han-interpretado-que-en-junio-toca-la-siguiente-subida-de-tipos\\\/#respond\"]}]},{\"@type\":\"WebPage\",\"@id\":\"https:\\\/\\\/www.tressis.com\\\/ca\\\/blog\\\/los-inversores-han-interpretado-que-en-junio-toca-la-siguiente-subida-de-tipos\\\/\",\"url\":\"https:\\\/\\\/www.tressis.com\\\/ca\\\/blog\\\/los-inversores-han-interpretado-que-en-junio-toca-la-siguiente-subida-de-tipos\\\/\",\"name\":\"Los inversores han interpretado que en junio toca la siguiente subida de tipos\",\"isPartOf\":{\"@id\":\"https:\\\/\\\/www.tressis.com\\\/ca\\\/#website\"},\"primaryImageOfPage\":{\"@id\":\"https:\\\/\\\/www.tressis.com\\\/ca\\\/blog\\\/los-inversores-han-interpretado-que-en-junio-toca-la-siguiente-subida-de-tipos\\\/#primaryimage\"},\"image\":{\"@id\":\"https:\\\/\\\/www.tressis.com\\\/ca\\\/blog\\\/los-inversores-han-interpretado-que-en-junio-toca-la-siguiente-subida-de-tipos\\\/#primaryimage\"},\"thumbnailUrl\":\"https:\\\/\\\/www.tressis.com\\\/wp-content\\\/uploads\\\/2018\\\/05\\\/20180524-mmv.jpg\",\"datePublished\":\"2018-05-24T08:50:44+00:00\",\"description\":\"Los miembros de la Fed creen que la inflaci\u00f3n no es una amenaza, sino que la recuperaci\u00f3n de la presi\u00f3n en precios es producto de una normalizaci\u00f3n\",\"breadcrumb\":{\"@id\":\"https:\\\/\\\/www.tressis.com\\\/ca\\\/blog\\\/los-inversores-han-interpretado-que-en-junio-toca-la-siguiente-subida-de-tipos\\\/#breadcrumb\"},\"inLanguage\":\"ca\",\"potentialAction\":[{\"@type\":\"ReadAction\",\"target\":[\"https:\\\/\\\/www.tressis.com\\\/ca\\\/blog\\\/los-inversores-han-interpretado-que-en-junio-toca-la-siguiente-subida-de-tipos\\\/\"]}]},{\"@type\":\"ImageObject\",\"inLanguage\":\"ca\",\"@id\":\"https:\\\/\\\/www.tressis.com\\\/ca\\\/blog\\\/los-inversores-han-interpretado-que-en-junio-toca-la-siguiente-subida-de-tipos\\\/#primaryimage\",\"url\":\"https:\\\/\\\/www.tressis.com\\\/wp-content\\\/uploads\\\/2018\\\/05\\\/20180524-mmv.jpg\",\"contentUrl\":\"https:\\\/\\\/www.tressis.com\\\/wp-content\\\/uploads\\\/2018\\\/05\\\/20180524-mmv.jpg\",\"width\":1100,\"height\":487,\"caption\":\"Los inversores han interpretado que en junio toca la siguiente subida de tipos\"},{\"@type\":\"BreadcrumbList\",\"@id\":\"https:\\\/\\\/www.tressis.com\\\/ca\\\/blog\\\/los-inversores-han-interpretado-que-en-junio-toca-la-siguiente-subida-de-tipos\\\/#breadcrumb\",\"itemListElement\":[{\"@type\":\"ListItem\",\"position\":1,\"name\":\"Inicio\",\"item\":\"https:\\\/\\\/www.tressis.com\\\/ca\\\/\"},{\"@type\":\"ListItem\",\"position\":2,\"name\":\"Los inversores han interpretado que en junio toca la siguiente subida de tipos\"}]},{\"@type\":\"WebSite\",\"@id\":\"https:\\\/\\\/www.tressis.com\\\/ca\\\/#website\",\"url\":\"https:\\\/\\\/www.tressis.com\\\/ca\\\/\",\"name\":\"Tressis banca privada\",\"description\":\"Tressis | Planificaci\u00f3n financiera y gesti\u00f3n de patrimonios\",\"publisher\":{\"@id\":\"https:\\\/\\\/www.tressis.com\\\/ca\\\/#organization\"},\"potentialAction\":[{\"@type\":\"SearchAction\",\"target\":{\"@type\":\"EntryPoint\",\"urlTemplate\":\"https:\\\/\\\/www.tressis.com\\\/ca\\\/?s={search_term_string}\"},\"query-input\":{\"@type\":\"PropertyValueSpecification\",\"valueRequired\":true,\"valueName\":\"search_term_string\"}}],\"inLanguage\":\"ca\"},{\"@type\":\"Organization\",\"@id\":\"https:\\\/\\\/www.tressis.com\\\/ca\\\/#organization\",\"name\":\"Tressis\",\"url\":\"https:\\\/\\\/www.tressis.com\\\/ca\\\/\",\"logo\":{\"@type\":\"ImageObject\",\"inLanguage\":\"ca\",\"@id\":\"https:\\\/\\\/www.tressis.com\\\/ca\\\/#\\\/schema\\\/logo\\\/image\\\/\",\"url\":\"https:\\\/\\\/www.tressis.com\\\/wp-content\\\/uploads\\\/2025\\\/06\\\/logo-tressis-112.png\",\"contentUrl\":\"https:\\\/\\\/www.tressis.com\\\/wp-content\\\/uploads\\\/2025\\\/06\\\/logo-tressis-112.png\",\"width\":112,\"height\":112,\"caption\":\"Tressis\"},\"image\":{\"@id\":\"https:\\\/\\\/www.tressis.com\\\/ca\\\/#\\\/schema\\\/logo\\\/image\\\/\"},\"sameAs\":[\"https:\\\/\\\/www.facebook.com\\\/Tressis\\\/\",\"https:\\\/\\\/x.com\\\/TressisSV\",\"https:\\\/\\\/www.instagram.com\\\/tressissv\\\/?hl=es\",\"https:\\\/\\\/linkedin.com\\\/company\\\/tressis\\\/\",\"https:\\\/\\\/www.youtube.com\\\/user\\\/tressissv\",\"https:\\\/\\\/open.spotify.com\\\/show\\\/3jmTe1Nf0wqMILl7diWV6h?si=d7112519f13c4593&nd=1\"]},{\"@type\":\"Person\",\"@id\":\"https:\\\/\\\/www.tressis.com\\\/ca\\\/#\\\/schema\\\/person\\\/b833c1d724d8764920b6d6852c70584e\",\"name\":\"Lola\",\"image\":{\"@type\":\"ImageObject\",\"inLanguage\":\"ca\",\"@id\":\"https:\\\/\\\/secure.gravatar.com\\\/avatar\\\/05e646486b23ff45df9649110609c7e31b8c4a3e2821caa23d6317f405e0c51d?s=96&d=mm&r=g\",\"url\":\"https:\\\/\\\/secure.gravatar.com\\\/avatar\\\/05e646486b23ff45df9649110609c7e31b8c4a3e2821caa23d6317f405e0c51d?s=96&d=mm&r=g\",\"contentUrl\":\"https:\\\/\\\/secure.gravatar.com\\\/avatar\\\/05e646486b23ff45df9649110609c7e31b8c4a3e2821caa23d6317f405e0c51d?s=96&d=mm&r=g\",\"caption\":\"Lola\"}}]}<\/script>\n<!-- \/ Yoast SEO plugin. -->","yoast_head_json":{"title":"Los inversores han interpretado que en junio toca la siguiente subida de tipos","description":"Los miembros de la Fed creen que la inflaci\u00f3n no es una amenaza, sino que la recuperaci\u00f3n de la presi\u00f3n en precios es producto de una normalizaci\u00f3n","robots":{"index":"index","follow":"follow","max-snippet":"max-snippet:-1","max-image-preview":"max-image-preview:large","max-video-preview":"max-video-preview:-1"},"canonical":"https:\/\/www.tressis.com\/ca\/blog\/los-inversores-han-interpretado-que-en-junio-toca-la-siguiente-subida-de-tipos\/","og_locale":"ca_ES","og_type":"article","og_title":"Los inversores han interpretado que en junio toca la siguiente subida de tipos","og_description":"Los miembros de la Fed creen que la inflaci\u00f3n no es una amenaza, sino que la recuperaci\u00f3n de la presi\u00f3n en precios es producto de una normalizaci\u00f3n","og_url":"https:\/\/www.tressis.com\/ca\/blog\/los-inversores-han-interpretado-que-en-junio-toca-la-siguiente-subida-de-tipos\/","og_site_name":"Tressis","article_publisher":"https:\/\/www.facebook.com\/Tressis\/","article_published_time":"2018-05-24T08:50:44+00:00","og_image":[{"width":1100,"height":487,"url":"https:\/\/www.tressis.com\/wp-content\/uploads\/2018\/05\/20180524-mmv.jpg","type":"image\/jpeg"}],"author":"Lola","twitter_card":"summary_large_image","twitter_creator":"@TressisSV","twitter_site":"@TressisSV","twitter_misc":{"Escrit per":"Lola","Temps estimat de lectura":"2 minuts"},"schema":{"@context":"https:\/\/schema.org","@graph":[{"@type":"Article","@id":"https:\/\/www.tressis.com\/ca\/blog\/los-inversores-han-interpretado-que-en-junio-toca-la-siguiente-subida-de-tipos\/#article","isPartOf":{"@id":"https:\/\/www.tressis.com\/ca\/blog\/los-inversores-han-interpretado-que-en-junio-toca-la-siguiente-subida-de-tipos\/"},"author":{"name":"Lola","@id":"https:\/\/www.tressis.com\/ca\/#\/schema\/person\/b833c1d724d8764920b6d6852c70584e"},"headline":"Los inversores han interpretado que en junio toca la siguiente subida de tipos","datePublished":"2018-05-24T08:50:44+00:00","mainEntityOfPage":{"@id":"https:\/\/www.tressis.com\/ca\/blog\/los-inversores-han-interpretado-que-en-junio-toca-la-siguiente-subida-de-tipos\/"},"wordCount":408,"commentCount":0,"publisher":{"@id":"https:\/\/www.tressis.com\/ca\/#organization"},"image":{"@id":"https:\/\/www.tressis.com\/ca\/blog\/los-inversores-han-interpretado-que-en-junio-toca-la-siguiente-subida-de-tipos\/#primaryimage"},"thumbnailUrl":"https:\/\/www.tressis.com\/wp-content\/uploads\/2018\/05\/20180524-mmv.jpg","keywords":["Conte","Corea del Norte","EEUU","Erdogan","Europa","fed","FOMC","PMI","pol\u00edtica monetaria","recuperaci\u00f3n precios","Reserva Federal","subida de tipos","Turqu\u00eda"],"articleSection":["Morning meeting"],"inLanguage":"ca","potentialAction":[{"@type":"CommentAction","name":"Comment","target":["https:\/\/www.tressis.com\/ca\/blog\/los-inversores-han-interpretado-que-en-junio-toca-la-siguiente-subida-de-tipos\/#respond"]}]},{"@type":"WebPage","@id":"https:\/\/www.tressis.com\/ca\/blog\/los-inversores-han-interpretado-que-en-junio-toca-la-siguiente-subida-de-tipos\/","url":"https:\/\/www.tressis.com\/ca\/blog\/los-inversores-han-interpretado-que-en-junio-toca-la-siguiente-subida-de-tipos\/","name":"Los inversores han interpretado que en junio toca la siguiente subida de tipos","isPartOf":{"@id":"https:\/\/www.tressis.com\/ca\/#website"},"primaryImageOfPage":{"@id":"https:\/\/www.tressis.com\/ca\/blog\/los-inversores-han-interpretado-que-en-junio-toca-la-siguiente-subida-de-tipos\/#primaryimage"},"image":{"@id":"https:\/\/www.tressis.com\/ca\/blog\/los-inversores-han-interpretado-que-en-junio-toca-la-siguiente-subida-de-tipos\/#primaryimage"},"thumbnailUrl":"https:\/\/www.tressis.com\/wp-content\/uploads\/2018\/05\/20180524-mmv.jpg","datePublished":"2018-05-24T08:50:44+00:00","description":"Los miembros de la Fed creen que la inflaci\u00f3n no es una amenaza, sino que la recuperaci\u00f3n de la presi\u00f3n en precios es producto de una normalizaci\u00f3n","breadcrumb":{"@id":"https:\/\/www.tressis.com\/ca\/blog\/los-inversores-han-interpretado-que-en-junio-toca-la-siguiente-subida-de-tipos\/#breadcrumb"},"inLanguage":"ca","potentialAction":[{"@type":"ReadAction","target":["https:\/\/www.tressis.com\/ca\/blog\/los-inversores-han-interpretado-que-en-junio-toca-la-siguiente-subida-de-tipos\/"]}]},{"@type":"ImageObject","inLanguage":"ca","@id":"https:\/\/www.tressis.com\/ca\/blog\/los-inversores-han-interpretado-que-en-junio-toca-la-siguiente-subida-de-tipos\/#primaryimage","url":"https:\/\/www.tressis.com\/wp-content\/uploads\/2018\/05\/20180524-mmv.jpg","contentUrl":"https:\/\/www.tressis.com\/wp-content\/uploads\/2018\/05\/20180524-mmv.jpg","width":1100,"height":487,"caption":"Los inversores han interpretado que en junio toca la siguiente subida de tipos"},{"@type":"BreadcrumbList","@id":"https:\/\/www.tressis.com\/ca\/blog\/los-inversores-han-interpretado-que-en-junio-toca-la-siguiente-subida-de-tipos\/#breadcrumb","itemListElement":[{"@type":"ListItem","position":1,"name":"Inicio","item":"https:\/\/www.tressis.com\/ca\/"},{"@type":"ListItem","position":2,"name":"Los inversores han interpretado que en junio toca la siguiente subida de tipos"}]},{"@type":"WebSite","@id":"https:\/\/www.tressis.com\/ca\/#website","url":"https:\/\/www.tressis.com\/ca\/","name":"Tressis banca privada","description":"Tressis | Planificaci\u00f3n financiera y gesti\u00f3n de patrimonios","publisher":{"@id":"https:\/\/www.tressis.com\/ca\/#organization"},"potentialAction":[{"@type":"SearchAction","target":{"@type":"EntryPoint","urlTemplate":"https:\/\/www.tressis.com\/ca\/?s={search_term_string}"},"query-input":{"@type":"PropertyValueSpecification","valueRequired":true,"valueName":"search_term_string"}}],"inLanguage":"ca"},{"@type":"Organization","@id":"https:\/\/www.tressis.com\/ca\/#organization","name":"Tressis","url":"https:\/\/www.tressis.com\/ca\/","logo":{"@type":"ImageObject","inLanguage":"ca","@id":"https:\/\/www.tressis.com\/ca\/#\/schema\/logo\/image\/","url":"https:\/\/www.tressis.com\/wp-content\/uploads\/2025\/06\/logo-tressis-112.png","contentUrl":"https:\/\/www.tressis.com\/wp-content\/uploads\/2025\/06\/logo-tressis-112.png","width":112,"height":112,"caption":"Tressis"},"image":{"@id":"https:\/\/www.tressis.com\/ca\/#\/schema\/logo\/image\/"},"sameAs":["https:\/\/www.facebook.com\/Tressis\/","https:\/\/x.com\/TressisSV","https:\/\/www.instagram.com\/tressissv\/?hl=es","https:\/\/linkedin.com\/company\/tressis\/","https:\/\/www.youtube.com\/user\/tressissv","https:\/\/open.spotify.com\/show\/3jmTe1Nf0wqMILl7diWV6h?si=d7112519f13c4593&nd=1"]},{"@type":"Person","@id":"https:\/\/www.tressis.com\/ca\/#\/schema\/person\/b833c1d724d8764920b6d6852c70584e","name":"Lola","image":{"@type":"ImageObject","inLanguage":"ca","@id":"https:\/\/secure.gravatar.com\/avatar\/05e646486b23ff45df9649110609c7e31b8c4a3e2821caa23d6317f405e0c51d?s=96&d=mm&r=g","url":"https:\/\/secure.gravatar.com\/avatar\/05e646486b23ff45df9649110609c7e31b8c4a3e2821caa23d6317f405e0c51d?s=96&d=mm&r=g","contentUrl":"https:\/\/secure.gravatar.com\/avatar\/05e646486b23ff45df9649110609c7e31b8c4a3e2821caa23d6317f405e0c51d?s=96&d=mm&r=g","caption":"Lola"}}]}},"_links":{"self":[{"href":"https:\/\/www.tressis.com\/ca\/wp-json\/wp\/v2\/posts\/28932","targetHints":{"allow":["GET"]}}],"collection":[{"href":"https:\/\/www.tressis.com\/ca\/wp-json\/wp\/v2\/posts"}],"about":[{"href":"https:\/\/www.tressis.com\/ca\/wp-json\/wp\/v2\/types\/post"}],"author":[{"embeddable":true,"href":"https:\/\/www.tressis.com\/ca\/wp-json\/wp\/v2\/users\/4"}],"replies":[{"embeddable":true,"href":"https:\/\/www.tressis.com\/ca\/wp-json\/wp\/v2\/comments?post=28932"}],"version-history":[{"count":0,"href":"https:\/\/www.tressis.com\/ca\/wp-json\/wp\/v2\/posts\/28932\/revisions"}],"wp:featuredmedia":[{"embeddable":true,"href":"https:\/\/www.tressis.com\/ca\/wp-json\/wp\/v2\/media\/28933"}],"wp:attachment":[{"href":"https:\/\/www.tressis.com\/ca\/wp-json\/wp\/v2\/media?parent=28932"}],"wp:term":[{"taxonomy":"category","embeddable":true,"href":"https:\/\/www.tressis.com\/ca\/wp-json\/wp\/v2\/categories?post=28932"},{"taxonomy":"post_tag","embeddable":true,"href":"https:\/\/www.tressis.com\/ca\/wp-json\/wp\/v2\/tags?post=28932"}],"curies":[{"name":"wp","href":"https:\/\/api.w.org\/{rel}","templated":true}]}}