{"id":28905,"date":"2018-05-21T16:43:43","date_gmt":"2018-05-21T14:43:43","guid":{"rendered":"http:\/\/www.tressis.com\/blog\/?p=28905"},"modified":"2023-05-26T13:16:55","modified_gmt":"2023-05-26T11:16:55","slug":"adriza-neutral-comentario-semanal-21-05-2018","status":"publish","type":"post","link":"https:\/\/www.tressis.com\/ca\/blog\/adriza-neutral-comentario-semanal-21-05-2018\/","title":{"rendered":"Adriza Neutral. Comentario semanal (21\/05\/2018)"},"content":{"rendered":"<p>Semana de volatilidad en los mercados perif\u00e9ricos europeos, con el foco puesto en Italia, y una clara mejora en la sinton\u00eda entre Estados Unidos y China.<!--more--><\/p>\n<p>Empecemos con los resultados:<\/p>\n<p><img fetchpriority=\"high\" decoding=\"async\" class=\"aligncenter size-full wp-image-28906\" src=\"https:\/\/www.tressis.com\/wp-content\/uploads\/2018\/05\/20180521-adriza.png\" alt=\"\" width=\"387\" height=\"167\" srcset=\"https:\/\/www.tressis.com\/wp-content\/uploads\/2018\/05\/20180521-adriza.png 387w, https:\/\/www.tressis.com\/wp-content\/uploads\/2018\/05\/20180521-adriza-300x129.png 300w\" sizes=\"(max-width: 387px) 100vw, 387px\" \/><\/p>\n<p>Adriza Neutral FI sigue anotando rentabilidad a lo largo del mes actual, +1,64%, dejando el a\u00f1o en un 1,37%. Los incrementos de exposici\u00f3n a la renta variable as\u00ed como la esperada apreciaci\u00f3n del d\u00f3lar \u20142,2% en el a\u00f1o\u2014 est\u00e1n siendo los dos motores b\u00e1sicos de nuestra rentabilidad. La visi\u00f3n de medio y largo plazo de nuestras inversiones junto con el an\u00e1lisis de consistencia en las valoraciones relativas de los diferentes activos est\u00e1 dando sus frutos a la cartera.<\/p>\n<p>La \u00faltima semana ha estado marcada de nuevo por aspectos pol\u00edticos. Por un lado el acuerdo de gobierno en Italia entre los dos partidos de ideolog\u00eda extremista, Cinco Estrellas y Liga Norte. La incertidumbre sobre las pol\u00edticas econ\u00f3micas que el nuevo Gobierno est\u00e1 anticipando, en un pa\u00eds en el que a\u00fan persisten graves desequilibrios, ha hecho que el mercado retirase el voto de confianza que hasta ahora hab\u00eda dado a este pa\u00eds, subiendo la prima de riesgo sobre Alemania en algo m\u00e1s de 50 puntos b\u00e1sicos durante el \u00faltimo mes. Por otro lado, las negociaciones comerciales entre Estados Unidos y China durante el pasado fin de semana est\u00e1n progresando, al menos, en el plano diplom\u00e1tico: las partes han acordado abandonar todo tipo de amenazas arancelarias mientras se trabaja en un acuerdo comercial.<\/p>\n<p>Aunque nuestra cartera no mantiene en este momento exposici\u00f3n a deuda p\u00fablica italiana, s\u00ed hemos querido limitar nuestra presencia en esta econom\u00eda a trav\u00e9s del cr\u00e9dito, para lo cual hemos procedido a cerrar alguna posici\u00f3n en bonos corporativos de emisores financieros italianos; concretamente aquellas con mayor riesgo de duraci\u00f3n y, por tanto, m\u00e1s sensibles a un movimiento a\u00fan m\u00e1s acusado en las rentabilidades exigidas. La exposici\u00f3n de la cartera de renta fija a emisores italianos es inferior al 5%.<\/p>\n<p>La buena voluntad entre los negociadores chinos y americanos de llegar a un acuerdo comercial que satisfaga a las partes es sin duda algo positivo porque rebaja el nivel de tensi\u00f3n. Ahora bien, aunque ello entraba dentro de nuestras previsiones, hay que tomarlo con reservas: la negociaci\u00f3n de este tipo de acuerdos suele ser larga y no exenta de puntos de discordia, por lo que, aunque esperamos un desenlace final positivo para las partes, no descartamos ruido de corto plazo.<\/p>\n<p>Por \u00faltimo, pensamos que la relativa debilidad de algunos datos macroecon\u00f3micos vistos durante el primer trimestre del a\u00f1o se quedar\u00e1 en una reducci\u00f3n del ritmo de crecimiento y no en un frenazo de la actividad econ\u00f3mica en la medida en que los indicadores de confianza y expectativas sigan recuperando el tono durante el segundo trimestre. Ello nos invita a seguir manteniendo nuestro sesgo a la renta variable, especialmente la europea, con una exposici\u00f3n total del 44%.<\/p>\n<p>Recuerden: si las letras del Tesoro ofrecen rentabilidades negativas, <strong>no hay retorno sin riesgo<\/strong> y, como siempre, \u201cTengan cuidado ah\u00ed fuera\u201d.<\/p>\n<p><center><strong>Rafael Pe\u00f1a Gorospe<\/strong><br \/>\nGestor de Adriza Neutral<\/center><\/p>\n","protected":false},"excerpt":{"rendered":"<p>Semana de volatilidad en los mercados perif\u00e9ricos europeos, con el foco puesto en Italia, y una clara mejora en la sinton\u00eda entre Estados Unidos y China.<\/p>\n","protected":false},"author":4,"featured_media":24654,"comment_status":"open","ping_status":"closed","sticky":false,"template":"","format":"standard","meta":{"_acf_changed":false,"footnotes":""},"categories":[12],"tags":[141,193,1118,1766,1795,2102,2307,2492,4411,5642,5650],"class_list":["post-28905","post","type-post","status-publish","format-standard","has-post-thumbnail","hentry","category-tressis-gestion","tag-alemania","tag-amenazas-arancelarias","tag-china","tag-datos-macro","tag-debilidad-datos-macro","tag-dolar","tag-emisores-financieros-italianos","tag-estados-unidos","tag-negociadores-chinos","tag-renta-variable","tag-renta-variable-europea"],"acf":[],"yoast_head":"<!-- This site is optimized with the Yoast SEO plugin v27.4 - https:\/\/yoast.com\/product\/yoast-seo-wordpress\/ -->\n<title>Adriza Neutral. Comentario semanal (21\/05\/2018)<\/title>\n<meta name=\"description\" content=\"La \u00faltima semana ha estado marcada de nuevo por aspectos pol\u00edticos\" \/>\n<meta name=\"robots\" content=\"index, follow, max-snippet:-1, max-image-preview:large, max-video-preview:-1\" \/>\n<link rel=\"canonical\" href=\"https:\/\/www.tressis.com\/ca\/blog\/adriza-neutral-comentario-semanal-21-05-2018\/\" \/>\n<meta property=\"og:locale\" content=\"ca_ES\" \/>\n<meta property=\"og:type\" content=\"article\" \/>\n<meta property=\"og:title\" content=\"Adriza Neutral. Comentario semanal (21\/05\/2018)\" \/>\n<meta property=\"og:description\" content=\"La \u00faltima semana ha estado marcada de nuevo por aspectos pol\u00edticos\" \/>\n<meta property=\"og:url\" content=\"https:\/\/www.tressis.com\/ca\/blog\/adriza-neutral-comentario-semanal-21-05-2018\/\" \/>\n<meta property=\"og:site_name\" content=\"Tressis\" \/>\n<meta property=\"article:publisher\" content=\"https:\/\/www.facebook.com\/Tressis\/\" \/>\n<meta property=\"article:published_time\" content=\"2018-05-21T14:43:43+00:00\" \/>\n<meta property=\"article:modified_time\" content=\"2023-05-26T11:16:55+00:00\" \/>\n<meta property=\"og:image\" content=\"https:\/\/www.tressis.com\/wp-content\/uploads\/2017\/01\/TG_Blog-2.jpg\" \/>\n\t<meta property=\"og:image:width\" content=\"1100\" \/>\n\t<meta property=\"og:image:height\" content=\"487\" \/>\n\t<meta property=\"og:image:type\" content=\"image\/jpeg\" \/>\n<meta name=\"author\" content=\"Lola\" \/>\n<meta name=\"twitter:card\" content=\"summary_large_image\" \/>\n<meta name=\"twitter:creator\" content=\"@TressisSV\" \/>\n<meta name=\"twitter:site\" content=\"@TressisSV\" \/>\n<meta name=\"twitter:label1\" content=\"Escrit per\" \/>\n\t<meta name=\"twitter:data1\" content=\"Lola\" \/>\n\t<meta name=\"twitter:label2\" content=\"Temps estimat de lectura\" \/>\n\t<meta name=\"twitter:data2\" content=\"3 minuts\" \/>\n<script type=\"application\/ld+json\" class=\"yoast-schema-graph\">{\"@context\":\"https:\\\/\\\/schema.org\",\"@graph\":[{\"@type\":\"Article\",\"@id\":\"https:\\\/\\\/www.tressis.com\\\/ca\\\/blog\\\/adriza-neutral-comentario-semanal-21-05-2018\\\/#article\",\"isPartOf\":{\"@id\":\"https:\\\/\\\/www.tressis.com\\\/ca\\\/blog\\\/adriza-neutral-comentario-semanal-21-05-2018\\\/\"},\"author\":{\"name\":\"Lola\",\"@id\":\"https:\\\/\\\/www.tressis.com\\\/ca\\\/#\\\/schema\\\/person\\\/b833c1d724d8764920b6d6852c70584e\"},\"headline\":\"Adriza Neutral. Comentario semanal (21\\\/05\\\/2018)\",\"datePublished\":\"2018-05-21T14:43:43+00:00\",\"dateModified\":\"2023-05-26T11:16:55+00:00\",\"mainEntityOfPage\":{\"@id\":\"https:\\\/\\\/www.tressis.com\\\/ca\\\/blog\\\/adriza-neutral-comentario-semanal-21-05-2018\\\/\"},\"wordCount\":543,\"commentCount\":0,\"publisher\":{\"@id\":\"https:\\\/\\\/www.tressis.com\\\/ca\\\/#organization\"},\"image\":{\"@id\":\"https:\\\/\\\/www.tressis.com\\\/ca\\\/blog\\\/adriza-neutral-comentario-semanal-21-05-2018\\\/#primaryimage\"},\"thumbnailUrl\":\"https:\\\/\\\/www.tressis.com\\\/wp-content\\\/uploads\\\/2017\\\/01\\\/TG_Blog-2.jpg\",\"keywords\":[\"Alemania\",\"amenazas arancelarias\",\"china\",\"datos macro\",\"debilidad datos macro\",\"dolar\",\"emisores financieros italianos\",\"Estados Unidos\",\"negociadores chinos\",\"renta variable\",\"renta variable europea\"],\"articleSection\":[\"Tressis Gesti\u00f3n\"],\"inLanguage\":\"ca\",\"potentialAction\":[{\"@type\":\"CommentAction\",\"name\":\"Comment\",\"target\":[\"https:\\\/\\\/www.tressis.com\\\/ca\\\/blog\\\/adriza-neutral-comentario-semanal-21-05-2018\\\/#respond\"]}]},{\"@type\":\"WebPage\",\"@id\":\"https:\\\/\\\/www.tressis.com\\\/ca\\\/blog\\\/adriza-neutral-comentario-semanal-21-05-2018\\\/\",\"url\":\"https:\\\/\\\/www.tressis.com\\\/ca\\\/blog\\\/adriza-neutral-comentario-semanal-21-05-2018\\\/\",\"name\":\"Adriza Neutral. Comentario semanal (21\\\/05\\\/2018)\",\"isPartOf\":{\"@id\":\"https:\\\/\\\/www.tressis.com\\\/ca\\\/#website\"},\"primaryImageOfPage\":{\"@id\":\"https:\\\/\\\/www.tressis.com\\\/ca\\\/blog\\\/adriza-neutral-comentario-semanal-21-05-2018\\\/#primaryimage\"},\"image\":{\"@id\":\"https:\\\/\\\/www.tressis.com\\\/ca\\\/blog\\\/adriza-neutral-comentario-semanal-21-05-2018\\\/#primaryimage\"},\"thumbnailUrl\":\"https:\\\/\\\/www.tressis.com\\\/wp-content\\\/uploads\\\/2017\\\/01\\\/TG_Blog-2.jpg\",\"datePublished\":\"2018-05-21T14:43:43+00:00\",\"dateModified\":\"2023-05-26T11:16:55+00:00\",\"description\":\"La \u00faltima semana ha estado marcada de nuevo por aspectos pol\u00edticos\",\"breadcrumb\":{\"@id\":\"https:\\\/\\\/www.tressis.com\\\/ca\\\/blog\\\/adriza-neutral-comentario-semanal-21-05-2018\\\/#breadcrumb\"},\"inLanguage\":\"ca\",\"potentialAction\":[{\"@type\":\"ReadAction\",\"target\":[\"https:\\\/\\\/www.tressis.com\\\/ca\\\/blog\\\/adriza-neutral-comentario-semanal-21-05-2018\\\/\"]}]},{\"@type\":\"ImageObject\",\"inLanguage\":\"ca\",\"@id\":\"https:\\\/\\\/www.tressis.com\\\/ca\\\/blog\\\/adriza-neutral-comentario-semanal-21-05-2018\\\/#primaryimage\",\"url\":\"https:\\\/\\\/www.tressis.com\\\/wp-content\\\/uploads\\\/2017\\\/01\\\/TG_Blog-2.jpg\",\"contentUrl\":\"https:\\\/\\\/www.tressis.com\\\/wp-content\\\/uploads\\\/2017\\\/01\\\/TG_Blog-2.jpg\",\"width\":1100,\"height\":487,\"caption\":\"Adriza Neutral. Comentario semanal (29\\\/05\\\/2018)\"},{\"@type\":\"BreadcrumbList\",\"@id\":\"https:\\\/\\\/www.tressis.com\\\/ca\\\/blog\\\/adriza-neutral-comentario-semanal-21-05-2018\\\/#breadcrumb\",\"itemListElement\":[{\"@type\":\"ListItem\",\"position\":1,\"name\":\"Inicio\",\"item\":\"https:\\\/\\\/www.tressis.com\\\/ca\\\/\"},{\"@type\":\"ListItem\",\"position\":2,\"name\":\"delibilidad d\u00f3lar\",\"item\":\"https:\\\/\\\/www.tressis.com\\\/blog\\\/etiquetas\\\/delibilidad-dolar\\\/\"},{\"@type\":\"ListItem\",\"position\":3,\"name\":\"Adriza Neutral. Comentario semanal (21\\\/05\\\/2018)\"}]},{\"@type\":\"WebSite\",\"@id\":\"https:\\\/\\\/www.tressis.com\\\/ca\\\/#website\",\"url\":\"https:\\\/\\\/www.tressis.com\\\/ca\\\/\",\"name\":\"Tressis banca privada\",\"description\":\"Tressis | Planificaci\u00f3n financiera y gesti\u00f3n de patrimonios\",\"publisher\":{\"@id\":\"https:\\\/\\\/www.tressis.com\\\/ca\\\/#organization\"},\"potentialAction\":[{\"@type\":\"SearchAction\",\"target\":{\"@type\":\"EntryPoint\",\"urlTemplate\":\"https:\\\/\\\/www.tressis.com\\\/ca\\\/?s={search_term_string}\"},\"query-input\":{\"@type\":\"PropertyValueSpecification\",\"valueRequired\":true,\"valueName\":\"search_term_string\"}}],\"inLanguage\":\"ca\"},{\"@type\":\"Organization\",\"@id\":\"https:\\\/\\\/www.tressis.com\\\/ca\\\/#organization\",\"name\":\"Tressis\",\"url\":\"https:\\\/\\\/www.tressis.com\\\/ca\\\/\",\"logo\":{\"@type\":\"ImageObject\",\"inLanguage\":\"ca\",\"@id\":\"https:\\\/\\\/www.tressis.com\\\/ca\\\/#\\\/schema\\\/logo\\\/image\\\/\",\"url\":\"https:\\\/\\\/www.tressis.com\\\/wp-content\\\/uploads\\\/2025\\\/06\\\/logo-tressis-112.png\",\"contentUrl\":\"https:\\\/\\\/www.tressis.com\\\/wp-content\\\/uploads\\\/2025\\\/06\\\/logo-tressis-112.png\",\"width\":112,\"height\":112,\"caption\":\"Tressis\"},\"image\":{\"@id\":\"https:\\\/\\\/www.tressis.com\\\/ca\\\/#\\\/schema\\\/logo\\\/image\\\/\"},\"sameAs\":[\"https:\\\/\\\/www.facebook.com\\\/Tressis\\\/\",\"https:\\\/\\\/x.com\\\/TressisSV\",\"https:\\\/\\\/www.instagram.com\\\/tressissv\\\/?hl=es\",\"https:\\\/\\\/linkedin.com\\\/company\\\/tressis\\\/\",\"https:\\\/\\\/www.youtube.com\\\/user\\\/tressissv\",\"https:\\\/\\\/open.spotify.com\\\/show\\\/3jmTe1Nf0wqMILl7diWV6h?si=d7112519f13c4593&nd=1\"]},{\"@type\":\"Person\",\"@id\":\"https:\\\/\\\/www.tressis.com\\\/ca\\\/#\\\/schema\\\/person\\\/b833c1d724d8764920b6d6852c70584e\",\"name\":\"Lola\",\"image\":{\"@type\":\"ImageObject\",\"inLanguage\":\"ca\",\"@id\":\"https:\\\/\\\/secure.gravatar.com\\\/avatar\\\/05e646486b23ff45df9649110609c7e31b8c4a3e2821caa23d6317f405e0c51d?s=96&d=mm&r=g\",\"url\":\"https:\\\/\\\/secure.gravatar.com\\\/avatar\\\/05e646486b23ff45df9649110609c7e31b8c4a3e2821caa23d6317f405e0c51d?s=96&d=mm&r=g\",\"contentUrl\":\"https:\\\/\\\/secure.gravatar.com\\\/avatar\\\/05e646486b23ff45df9649110609c7e31b8c4a3e2821caa23d6317f405e0c51d?s=96&d=mm&r=g\",\"caption\":\"Lola\"}}]}<\/script>\n<!-- \/ Yoast SEO plugin. -->","yoast_head_json":{"title":"Adriza Neutral. Comentario semanal (21\/05\/2018)","description":"La \u00faltima semana ha estado marcada de nuevo por aspectos pol\u00edticos","robots":{"index":"index","follow":"follow","max-snippet":"max-snippet:-1","max-image-preview":"max-image-preview:large","max-video-preview":"max-video-preview:-1"},"canonical":"https:\/\/www.tressis.com\/ca\/blog\/adriza-neutral-comentario-semanal-21-05-2018\/","og_locale":"ca_ES","og_type":"article","og_title":"Adriza Neutral. Comentario semanal (21\/05\/2018)","og_description":"La \u00faltima semana ha estado marcada de nuevo por aspectos pol\u00edticos","og_url":"https:\/\/www.tressis.com\/ca\/blog\/adriza-neutral-comentario-semanal-21-05-2018\/","og_site_name":"Tressis","article_publisher":"https:\/\/www.facebook.com\/Tressis\/","article_published_time":"2018-05-21T14:43:43+00:00","article_modified_time":"2023-05-26T11:16:55+00:00","og_image":[{"width":1100,"height":487,"url":"https:\/\/www.tressis.com\/wp-content\/uploads\/2017\/01\/TG_Blog-2.jpg","type":"image\/jpeg"}],"author":"Lola","twitter_card":"summary_large_image","twitter_creator":"@TressisSV","twitter_site":"@TressisSV","twitter_misc":{"Escrit per":"Lola","Temps estimat de lectura":"3 minuts"},"schema":{"@context":"https:\/\/schema.org","@graph":[{"@type":"Article","@id":"https:\/\/www.tressis.com\/ca\/blog\/adriza-neutral-comentario-semanal-21-05-2018\/#article","isPartOf":{"@id":"https:\/\/www.tressis.com\/ca\/blog\/adriza-neutral-comentario-semanal-21-05-2018\/"},"author":{"name":"Lola","@id":"https:\/\/www.tressis.com\/ca\/#\/schema\/person\/b833c1d724d8764920b6d6852c70584e"},"headline":"Adriza Neutral. Comentario semanal (21\/05\/2018)","datePublished":"2018-05-21T14:43:43+00:00","dateModified":"2023-05-26T11:16:55+00:00","mainEntityOfPage":{"@id":"https:\/\/www.tressis.com\/ca\/blog\/adriza-neutral-comentario-semanal-21-05-2018\/"},"wordCount":543,"commentCount":0,"publisher":{"@id":"https:\/\/www.tressis.com\/ca\/#organization"},"image":{"@id":"https:\/\/www.tressis.com\/ca\/blog\/adriza-neutral-comentario-semanal-21-05-2018\/#primaryimage"},"thumbnailUrl":"https:\/\/www.tressis.com\/wp-content\/uploads\/2017\/01\/TG_Blog-2.jpg","keywords":["Alemania","amenazas arancelarias","china","datos macro","debilidad datos macro","dolar","emisores financieros italianos","Estados Unidos","negociadores chinos","renta variable","renta variable europea"],"articleSection":["Tressis Gesti\u00f3n"],"inLanguage":"ca","potentialAction":[{"@type":"CommentAction","name":"Comment","target":["https:\/\/www.tressis.com\/ca\/blog\/adriza-neutral-comentario-semanal-21-05-2018\/#respond"]}]},{"@type":"WebPage","@id":"https:\/\/www.tressis.com\/ca\/blog\/adriza-neutral-comentario-semanal-21-05-2018\/","url":"https:\/\/www.tressis.com\/ca\/blog\/adriza-neutral-comentario-semanal-21-05-2018\/","name":"Adriza Neutral. Comentario semanal (21\/05\/2018)","isPartOf":{"@id":"https:\/\/www.tressis.com\/ca\/#website"},"primaryImageOfPage":{"@id":"https:\/\/www.tressis.com\/ca\/blog\/adriza-neutral-comentario-semanal-21-05-2018\/#primaryimage"},"image":{"@id":"https:\/\/www.tressis.com\/ca\/blog\/adriza-neutral-comentario-semanal-21-05-2018\/#primaryimage"},"thumbnailUrl":"https:\/\/www.tressis.com\/wp-content\/uploads\/2017\/01\/TG_Blog-2.jpg","datePublished":"2018-05-21T14:43:43+00:00","dateModified":"2023-05-26T11:16:55+00:00","description":"La \u00faltima semana ha estado marcada de nuevo por aspectos pol\u00edticos","breadcrumb":{"@id":"https:\/\/www.tressis.com\/ca\/blog\/adriza-neutral-comentario-semanal-21-05-2018\/#breadcrumb"},"inLanguage":"ca","potentialAction":[{"@type":"ReadAction","target":["https:\/\/www.tressis.com\/ca\/blog\/adriza-neutral-comentario-semanal-21-05-2018\/"]}]},{"@type":"ImageObject","inLanguage":"ca","@id":"https:\/\/www.tressis.com\/ca\/blog\/adriza-neutral-comentario-semanal-21-05-2018\/#primaryimage","url":"https:\/\/www.tressis.com\/wp-content\/uploads\/2017\/01\/TG_Blog-2.jpg","contentUrl":"https:\/\/www.tressis.com\/wp-content\/uploads\/2017\/01\/TG_Blog-2.jpg","width":1100,"height":487,"caption":"Adriza Neutral. Comentario semanal (29\/05\/2018)"},{"@type":"BreadcrumbList","@id":"https:\/\/www.tressis.com\/ca\/blog\/adriza-neutral-comentario-semanal-21-05-2018\/#breadcrumb","itemListElement":[{"@type":"ListItem","position":1,"name":"Inicio","item":"https:\/\/www.tressis.com\/ca\/"},{"@type":"ListItem","position":2,"name":"delibilidad d\u00f3lar","item":"https:\/\/www.tressis.com\/blog\/etiquetas\/delibilidad-dolar\/"},{"@type":"ListItem","position":3,"name":"Adriza Neutral. Comentario semanal (21\/05\/2018)"}]},{"@type":"WebSite","@id":"https:\/\/www.tressis.com\/ca\/#website","url":"https:\/\/www.tressis.com\/ca\/","name":"Tressis banca privada","description":"Tressis | Planificaci\u00f3n financiera y gesti\u00f3n de patrimonios","publisher":{"@id":"https:\/\/www.tressis.com\/ca\/#organization"},"potentialAction":[{"@type":"SearchAction","target":{"@type":"EntryPoint","urlTemplate":"https:\/\/www.tressis.com\/ca\/?s={search_term_string}"},"query-input":{"@type":"PropertyValueSpecification","valueRequired":true,"valueName":"search_term_string"}}],"inLanguage":"ca"},{"@type":"Organization","@id":"https:\/\/www.tressis.com\/ca\/#organization","name":"Tressis","url":"https:\/\/www.tressis.com\/ca\/","logo":{"@type":"ImageObject","inLanguage":"ca","@id":"https:\/\/www.tressis.com\/ca\/#\/schema\/logo\/image\/","url":"https:\/\/www.tressis.com\/wp-content\/uploads\/2025\/06\/logo-tressis-112.png","contentUrl":"https:\/\/www.tressis.com\/wp-content\/uploads\/2025\/06\/logo-tressis-112.png","width":112,"height":112,"caption":"Tressis"},"image":{"@id":"https:\/\/www.tressis.com\/ca\/#\/schema\/logo\/image\/"},"sameAs":["https:\/\/www.facebook.com\/Tressis\/","https:\/\/x.com\/TressisSV","https:\/\/www.instagram.com\/tressissv\/?hl=es","https:\/\/linkedin.com\/company\/tressis\/","https:\/\/www.youtube.com\/user\/tressissv","https:\/\/open.spotify.com\/show\/3jmTe1Nf0wqMILl7diWV6h?si=d7112519f13c4593&nd=1"]},{"@type":"Person","@id":"https:\/\/www.tressis.com\/ca\/#\/schema\/person\/b833c1d724d8764920b6d6852c70584e","name":"Lola","image":{"@type":"ImageObject","inLanguage":"ca","@id":"https:\/\/secure.gravatar.com\/avatar\/05e646486b23ff45df9649110609c7e31b8c4a3e2821caa23d6317f405e0c51d?s=96&d=mm&r=g","url":"https:\/\/secure.gravatar.com\/avatar\/05e646486b23ff45df9649110609c7e31b8c4a3e2821caa23d6317f405e0c51d?s=96&d=mm&r=g","contentUrl":"https:\/\/secure.gravatar.com\/avatar\/05e646486b23ff45df9649110609c7e31b8c4a3e2821caa23d6317f405e0c51d?s=96&d=mm&r=g","caption":"Lola"}}]}},"_links":{"self":[{"href":"https:\/\/www.tressis.com\/ca\/wp-json\/wp\/v2\/posts\/28905","targetHints":{"allow":["GET"]}}],"collection":[{"href":"https:\/\/www.tressis.com\/ca\/wp-json\/wp\/v2\/posts"}],"about":[{"href":"https:\/\/www.tressis.com\/ca\/wp-json\/wp\/v2\/types\/post"}],"author":[{"embeddable":true,"href":"https:\/\/www.tressis.com\/ca\/wp-json\/wp\/v2\/users\/4"}],"replies":[{"embeddable":true,"href":"https:\/\/www.tressis.com\/ca\/wp-json\/wp\/v2\/comments?post=28905"}],"version-history":[{"count":0,"href":"https:\/\/www.tressis.com\/ca\/wp-json\/wp\/v2\/posts\/28905\/revisions"}],"wp:featuredmedia":[{"embeddable":true,"href":"https:\/\/www.tressis.com\/ca\/wp-json\/wp\/v2\/media\/24654"}],"wp:attachment":[{"href":"https:\/\/www.tressis.com\/ca\/wp-json\/wp\/v2\/media?parent=28905"}],"wp:term":[{"taxonomy":"category","embeddable":true,"href":"https:\/\/www.tressis.com\/ca\/wp-json\/wp\/v2\/categories?post=28905"},{"taxonomy":"post_tag","embeddable":true,"href":"https:\/\/www.tressis.com\/ca\/wp-json\/wp\/v2\/tags?post=28905"}],"curies":[{"name":"wp","href":"https:\/\/api.w.org\/{rel}","templated":true}]}}