{"id":28860,"date":"2018-05-16T11:00:53","date_gmt":"2018-05-16T09:00:53","guid":{"rendered":"http:\/\/www.tressis.com\/blog\/?p=28860"},"modified":"2018-05-16T11:00:53","modified_gmt":"2018-05-16T09:00:53","slug":"japon-mas-de-veinte-anos-estancado","status":"publish","type":"post","link":"https:\/\/www.tressis.com\/ca\/blog\/japon-mas-de-veinte-anos-estancado\/","title":{"rendered":"Jap\u00f3n, m\u00e1s de veinte a\u00f1os estancado"},"content":{"rendered":"<p>\u00a1Pues no va Europa y cuando &#8220;peor&#8221; est\u00e1 la econom\u00eda, mejor lo hacen los \u00edndices!<!--more--><\/p>\n<p>Claro que quiz\u00e1s haya que incluir en la ecuaci\u00f3n al euro, porque casualidades de la vida, en cuanto ha vuelto a perder valor ha permitido la recuperaci\u00f3n de las bolsas europeas. Tampoco se puede decir que la regi\u00f3n est\u00e9 pasando por un mal momento, pero s\u00ed es cierto que se confirma la p\u00e9rdida de tracci\u00f3n econ\u00f3mica de los \u00faltimos meses. El PIB de la zona euro, as\u00ed como el alem\u00e1n, lo atestiguan, si bien dicen los economistas que puede ser algo pasajero. En todo caso, el ZEW alem\u00e1n fue capaz de mantenerse en los niveles en los que estaba, una t\u00f3nica poco habitual entre los indicadores adelantados de Europa.<\/p>\n<p>Jap\u00f3n tambi\u00e9n est\u00e1 pasando por el mismo s\u00edndrome que Europa, claro que lo que all\u00ed sucede se magnifica por culpa de llevar m\u00e1s de veinte a\u00f1os estancados. El PIB del primer trimestre ha ca\u00eddo seis d\u00e9cimas, algo que dicen las autoridades niponas que se debe a factores coyunturales como el tiempo, ese ser et\u00e9reo siempre culpable de peque\u00f1as crisis. Y el mercado lo compra, pero no as\u00ed el que el descenso haya sido m\u00e1s pronunciado de lo que se esperaba, lo que podr\u00eda traer problemas a Jap\u00f3n si se confirma que este descenso va m\u00e1s all\u00e1 de la temporalidad.<\/p>\n<p>Para romper moldes (casi) siempre hay que mirar a EE.UU. y la flexibilidad de su d\u00eda a d\u00eda, personal y sobre todo empresarial. Puede que por esto est\u00e9n recuperando el trono del crecimiento econ\u00f3mico, como bien vienen demostrando los datos macroecon\u00f3micos, con la salvedad, eso s\u00ed, de la inflaci\u00f3n. Aunque los mercados siguen empe\u00f1ados en ver presiones sobre la Reserva Federal y as\u00ed est\u00e1 subiendo el dos a\u00f1os por encima del 2,5%, el nivel que indica tres subidas de tipos y no m\u00e1s. Adem\u00e1s, esto puede ayudar a entender el valor del d\u00f3lar, por fin respondiendo a diferenciales de tipos de inter\u00e9s, parece.<\/p>\n<p>Buen d\u00eda.<\/p>\n<p><center><strong><br \/>\nAm\u00edlcar Barrios Vilallonga<\/strong><br \/>\nDirecci\u00f3n de Inversiones<\/center><\/p>\n","protected":false},"excerpt":{"rendered":"<p>\u00a1Pues no va Europa y cuando &#8220;peor&#8221; est\u00e1 la econom\u00eda, mejor lo hacen los \u00edndices!<\/p>\n","protected":false},"author":4,"featured_media":28861,"comment_status":"open","ping_status":"closed","sticky":false,"template":"","format":"standard","meta":{"_acf_changed":false,"footnotes":""},"categories":[9721],"tags":[2102,2206,2556,3371,3453,3714,4767,4856,5437,5761,6399,6985,6987],"class_list":["post-28860","post","type-post","status-publish","format-standard","has-post-thumbnail","hentry","category-morning-meeting","tag-dolar","tag-eeuu","tag-europa","tag-indicadores-europa","tag-inflacion","tag-japon","tag-pequenas-crisis-niponas","tag-pib","tag-recuperacion-bolsas-europeas","tag-reserva-federal","tag-subidas-tipos","tag-zew","tag-zona-euro"],"acf":[],"yoast_head":"<!-- This site is optimized with the Yoast SEO plugin v27.4 - https:\/\/yoast.com\/product\/yoast-seo-wordpress\/ -->\n<title>Jap\u00f3n, m\u00e1s de veinte a\u00f1os estancado<\/title>\n<meta name=\"description\" content=\"Las autoridades niponas dicen que se debe a factores coyunturales como el tiempo, ese ser et\u00e9reo siempre culpable de peque\u00f1as crisis\" \/>\n<meta name=\"robots\" content=\"index, follow, max-snippet:-1, max-image-preview:large, max-video-preview:-1\" \/>\n<link rel=\"canonical\" href=\"https:\/\/www.tressis.com\/ca\/blog\/japon-mas-de-veinte-anos-estancado\/\" \/>\n<meta property=\"og:locale\" content=\"ca_ES\" \/>\n<meta property=\"og:type\" content=\"article\" \/>\n<meta property=\"og:title\" content=\"Jap\u00f3n, m\u00e1s de veinte a\u00f1os estancado\" \/>\n<meta property=\"og:description\" content=\"Las autoridades niponas dicen que se debe a factores coyunturales como el tiempo, ese ser et\u00e9reo siempre culpable de peque\u00f1as crisis\" \/>\n<meta property=\"og:url\" content=\"https:\/\/www.tressis.com\/ca\/blog\/japon-mas-de-veinte-anos-estancado\/\" \/>\n<meta property=\"og:site_name\" content=\"Tressis\" \/>\n<meta property=\"article:publisher\" content=\"https:\/\/www.facebook.com\/Tressis\/\" \/>\n<meta property=\"article:published_time\" content=\"2018-05-16T09:00:53+00:00\" \/>\n<meta property=\"og:image\" content=\"https:\/\/www.tressis.com\/wp-content\/uploads\/2018\/05\/20180516-mmv-1.jpg\" \/>\n\t<meta property=\"og:image:width\" content=\"1100\" \/>\n\t<meta property=\"og:image:height\" content=\"487\" \/>\n\t<meta property=\"og:image:type\" content=\"image\/jpeg\" \/>\n<meta name=\"author\" content=\"Lola\" \/>\n<meta name=\"twitter:card\" content=\"summary_large_image\" \/>\n<meta name=\"twitter:creator\" content=\"@TressisSV\" \/>\n<meta name=\"twitter:site\" content=\"@TressisSV\" \/>\n<meta name=\"twitter:label1\" content=\"Escrit per\" \/>\n\t<meta name=\"twitter:data1\" content=\"Lola\" \/>\n\t<meta name=\"twitter:label2\" content=\"Temps estimat de lectura\" \/>\n\t<meta name=\"twitter:data2\" content=\"2 minuts\" \/>\n<script type=\"application\/ld+json\" class=\"yoast-schema-graph\">{\"@context\":\"https:\\\/\\\/schema.org\",\"@graph\":[{\"@type\":\"Article\",\"@id\":\"https:\\\/\\\/www.tressis.com\\\/ca\\\/blog\\\/japon-mas-de-veinte-anos-estancado\\\/#article\",\"isPartOf\":{\"@id\":\"https:\\\/\\\/www.tressis.com\\\/ca\\\/blog\\\/japon-mas-de-veinte-anos-estancado\\\/\"},\"author\":{\"name\":\"Lola\",\"@id\":\"https:\\\/\\\/www.tressis.com\\\/ca\\\/#\\\/schema\\\/person\\\/b833c1d724d8764920b6d6852c70584e\"},\"headline\":\"Jap\u00f3n, m\u00e1s de veinte a\u00f1os estancado\",\"datePublished\":\"2018-05-16T09:00:53+00:00\",\"mainEntityOfPage\":{\"@id\":\"https:\\\/\\\/www.tressis.com\\\/ca\\\/blog\\\/japon-mas-de-veinte-anos-estancado\\\/\"},\"wordCount\":382,\"commentCount\":0,\"publisher\":{\"@id\":\"https:\\\/\\\/www.tressis.com\\\/ca\\\/#organization\"},\"image\":{\"@id\":\"https:\\\/\\\/www.tressis.com\\\/ca\\\/blog\\\/japon-mas-de-veinte-anos-estancado\\\/#primaryimage\"},\"thumbnailUrl\":\"https:\\\/\\\/www.tressis.com\\\/wp-content\\\/uploads\\\/2018\\\/05\\\/20180516-mmv-1.jpg\",\"keywords\":[\"dolar\",\"EEUU\",\"Europa\",\"indicadores Europa\",\"inflaci\u00f3n\",\"Jap\u00f3n\",\"peque\u00f1as crisis niponas\",\"PIB\",\"recuperaci\u00f3n bolsas europeas\",\"Reserva Federal\",\"subidas tipos\",\"ZEW\",\"zona euro\"],\"articleSection\":[\"Morning meeting\"],\"inLanguage\":\"ca\",\"potentialAction\":[{\"@type\":\"CommentAction\",\"name\":\"Comment\",\"target\":[\"https:\\\/\\\/www.tressis.com\\\/ca\\\/blog\\\/japon-mas-de-veinte-anos-estancado\\\/#respond\"]}]},{\"@type\":\"WebPage\",\"@id\":\"https:\\\/\\\/www.tressis.com\\\/ca\\\/blog\\\/japon-mas-de-veinte-anos-estancado\\\/\",\"url\":\"https:\\\/\\\/www.tressis.com\\\/ca\\\/blog\\\/japon-mas-de-veinte-anos-estancado\\\/\",\"name\":\"Jap\u00f3n, m\u00e1s de veinte a\u00f1os estancado\",\"isPartOf\":{\"@id\":\"https:\\\/\\\/www.tressis.com\\\/ca\\\/#website\"},\"primaryImageOfPage\":{\"@id\":\"https:\\\/\\\/www.tressis.com\\\/ca\\\/blog\\\/japon-mas-de-veinte-anos-estancado\\\/#primaryimage\"},\"image\":{\"@id\":\"https:\\\/\\\/www.tressis.com\\\/ca\\\/blog\\\/japon-mas-de-veinte-anos-estancado\\\/#primaryimage\"},\"thumbnailUrl\":\"https:\\\/\\\/www.tressis.com\\\/wp-content\\\/uploads\\\/2018\\\/05\\\/20180516-mmv-1.jpg\",\"datePublished\":\"2018-05-16T09:00:53+00:00\",\"description\":\"Las autoridades niponas dicen que se debe a factores coyunturales como el tiempo, ese ser et\u00e9reo siempre culpable de peque\u00f1as crisis\",\"breadcrumb\":{\"@id\":\"https:\\\/\\\/www.tressis.com\\\/ca\\\/blog\\\/japon-mas-de-veinte-anos-estancado\\\/#breadcrumb\"},\"inLanguage\":\"ca\",\"potentialAction\":[{\"@type\":\"ReadAction\",\"target\":[\"https:\\\/\\\/www.tressis.com\\\/ca\\\/blog\\\/japon-mas-de-veinte-anos-estancado\\\/\"]}]},{\"@type\":\"ImageObject\",\"inLanguage\":\"ca\",\"@id\":\"https:\\\/\\\/www.tressis.com\\\/ca\\\/blog\\\/japon-mas-de-veinte-anos-estancado\\\/#primaryimage\",\"url\":\"https:\\\/\\\/www.tressis.com\\\/wp-content\\\/uploads\\\/2018\\\/05\\\/20180516-mmv-1.jpg\",\"contentUrl\":\"https:\\\/\\\/www.tressis.com\\\/wp-content\\\/uploads\\\/2018\\\/05\\\/20180516-mmv-1.jpg\",\"width\":1100,\"height\":487,\"caption\":\"Jap\u00f3n m\u00e1s de veinte a\u00f1os estancado\"},{\"@type\":\"BreadcrumbList\",\"@id\":\"https:\\\/\\\/www.tressis.com\\\/ca\\\/blog\\\/japon-mas-de-veinte-anos-estancado\\\/#breadcrumb\",\"itemListElement\":[{\"@type\":\"ListItem\",\"position\":1,\"name\":\"Inicio\",\"item\":\"https:\\\/\\\/www.tressis.com\\\/ca\\\/\"},{\"@type\":\"ListItem\",\"position\":2,\"name\":\"Jap\u00f3n, m\u00e1s de veinte a\u00f1os estancado\"}]},{\"@type\":\"WebSite\",\"@id\":\"https:\\\/\\\/www.tressis.com\\\/ca\\\/#website\",\"url\":\"https:\\\/\\\/www.tressis.com\\\/ca\\\/\",\"name\":\"Tressis banca privada\",\"description\":\"Tressis | Planificaci\u00f3n financiera y gesti\u00f3n de patrimonios\",\"publisher\":{\"@id\":\"https:\\\/\\\/www.tressis.com\\\/ca\\\/#organization\"},\"potentialAction\":[{\"@type\":\"SearchAction\",\"target\":{\"@type\":\"EntryPoint\",\"urlTemplate\":\"https:\\\/\\\/www.tressis.com\\\/ca\\\/?s={search_term_string}\"},\"query-input\":{\"@type\":\"PropertyValueSpecification\",\"valueRequired\":true,\"valueName\":\"search_term_string\"}}],\"inLanguage\":\"ca\"},{\"@type\":\"Organization\",\"@id\":\"https:\\\/\\\/www.tressis.com\\\/ca\\\/#organization\",\"name\":\"Tressis\",\"url\":\"https:\\\/\\\/www.tressis.com\\\/ca\\\/\",\"logo\":{\"@type\":\"ImageObject\",\"inLanguage\":\"ca\",\"@id\":\"https:\\\/\\\/www.tressis.com\\\/ca\\\/#\\\/schema\\\/logo\\\/image\\\/\",\"url\":\"https:\\\/\\\/www.tressis.com\\\/wp-content\\\/uploads\\\/2025\\\/06\\\/logo-tressis-112.png\",\"contentUrl\":\"https:\\\/\\\/www.tressis.com\\\/wp-content\\\/uploads\\\/2025\\\/06\\\/logo-tressis-112.png\",\"width\":112,\"height\":112,\"caption\":\"Tressis\"},\"image\":{\"@id\":\"https:\\\/\\\/www.tressis.com\\\/ca\\\/#\\\/schema\\\/logo\\\/image\\\/\"},\"sameAs\":[\"https:\\\/\\\/www.facebook.com\\\/Tressis\\\/\",\"https:\\\/\\\/x.com\\\/TressisSV\",\"https:\\\/\\\/www.instagram.com\\\/tressissv\\\/?hl=es\",\"https:\\\/\\\/linkedin.com\\\/company\\\/tressis\\\/\",\"https:\\\/\\\/www.youtube.com\\\/user\\\/tressissv\",\"https:\\\/\\\/open.spotify.com\\\/show\\\/3jmTe1Nf0wqMILl7diWV6h?si=d7112519f13c4593&nd=1\"]},{\"@type\":\"Person\",\"@id\":\"https:\\\/\\\/www.tressis.com\\\/ca\\\/#\\\/schema\\\/person\\\/b833c1d724d8764920b6d6852c70584e\",\"name\":\"Lola\",\"image\":{\"@type\":\"ImageObject\",\"inLanguage\":\"ca\",\"@id\":\"https:\\\/\\\/secure.gravatar.com\\\/avatar\\\/05e646486b23ff45df9649110609c7e31b8c4a3e2821caa23d6317f405e0c51d?s=96&d=mm&r=g\",\"url\":\"https:\\\/\\\/secure.gravatar.com\\\/avatar\\\/05e646486b23ff45df9649110609c7e31b8c4a3e2821caa23d6317f405e0c51d?s=96&d=mm&r=g\",\"contentUrl\":\"https:\\\/\\\/secure.gravatar.com\\\/avatar\\\/05e646486b23ff45df9649110609c7e31b8c4a3e2821caa23d6317f405e0c51d?s=96&d=mm&r=g\",\"caption\":\"Lola\"}}]}<\/script>\n<!-- \/ Yoast SEO plugin. -->","yoast_head_json":{"title":"Jap\u00f3n, m\u00e1s de veinte a\u00f1os estancado","description":"Las autoridades niponas dicen que se debe a factores coyunturales como el tiempo, ese ser et\u00e9reo siempre culpable de peque\u00f1as crisis","robots":{"index":"index","follow":"follow","max-snippet":"max-snippet:-1","max-image-preview":"max-image-preview:large","max-video-preview":"max-video-preview:-1"},"canonical":"https:\/\/www.tressis.com\/ca\/blog\/japon-mas-de-veinte-anos-estancado\/","og_locale":"ca_ES","og_type":"article","og_title":"Jap\u00f3n, m\u00e1s de veinte a\u00f1os estancado","og_description":"Las autoridades niponas dicen que se debe a factores coyunturales como el tiempo, ese ser et\u00e9reo siempre culpable de peque\u00f1as crisis","og_url":"https:\/\/www.tressis.com\/ca\/blog\/japon-mas-de-veinte-anos-estancado\/","og_site_name":"Tressis","article_publisher":"https:\/\/www.facebook.com\/Tressis\/","article_published_time":"2018-05-16T09:00:53+00:00","og_image":[{"width":1100,"height":487,"url":"https:\/\/www.tressis.com\/wp-content\/uploads\/2018\/05\/20180516-mmv-1.jpg","type":"image\/jpeg"}],"author":"Lola","twitter_card":"summary_large_image","twitter_creator":"@TressisSV","twitter_site":"@TressisSV","twitter_misc":{"Escrit per":"Lola","Temps estimat de lectura":"2 minuts"},"schema":{"@context":"https:\/\/schema.org","@graph":[{"@type":"Article","@id":"https:\/\/www.tressis.com\/ca\/blog\/japon-mas-de-veinte-anos-estancado\/#article","isPartOf":{"@id":"https:\/\/www.tressis.com\/ca\/blog\/japon-mas-de-veinte-anos-estancado\/"},"author":{"name":"Lola","@id":"https:\/\/www.tressis.com\/ca\/#\/schema\/person\/b833c1d724d8764920b6d6852c70584e"},"headline":"Jap\u00f3n, m\u00e1s de veinte a\u00f1os estancado","datePublished":"2018-05-16T09:00:53+00:00","mainEntityOfPage":{"@id":"https:\/\/www.tressis.com\/ca\/blog\/japon-mas-de-veinte-anos-estancado\/"},"wordCount":382,"commentCount":0,"publisher":{"@id":"https:\/\/www.tressis.com\/ca\/#organization"},"image":{"@id":"https:\/\/www.tressis.com\/ca\/blog\/japon-mas-de-veinte-anos-estancado\/#primaryimage"},"thumbnailUrl":"https:\/\/www.tressis.com\/wp-content\/uploads\/2018\/05\/20180516-mmv-1.jpg","keywords":["dolar","EEUU","Europa","indicadores Europa","inflaci\u00f3n","Jap\u00f3n","peque\u00f1as crisis niponas","PIB","recuperaci\u00f3n bolsas europeas","Reserva Federal","subidas tipos","ZEW","zona euro"],"articleSection":["Morning meeting"],"inLanguage":"ca","potentialAction":[{"@type":"CommentAction","name":"Comment","target":["https:\/\/www.tressis.com\/ca\/blog\/japon-mas-de-veinte-anos-estancado\/#respond"]}]},{"@type":"WebPage","@id":"https:\/\/www.tressis.com\/ca\/blog\/japon-mas-de-veinte-anos-estancado\/","url":"https:\/\/www.tressis.com\/ca\/blog\/japon-mas-de-veinte-anos-estancado\/","name":"Jap\u00f3n, m\u00e1s de veinte a\u00f1os estancado","isPartOf":{"@id":"https:\/\/www.tressis.com\/ca\/#website"},"primaryImageOfPage":{"@id":"https:\/\/www.tressis.com\/ca\/blog\/japon-mas-de-veinte-anos-estancado\/#primaryimage"},"image":{"@id":"https:\/\/www.tressis.com\/ca\/blog\/japon-mas-de-veinte-anos-estancado\/#primaryimage"},"thumbnailUrl":"https:\/\/www.tressis.com\/wp-content\/uploads\/2018\/05\/20180516-mmv-1.jpg","datePublished":"2018-05-16T09:00:53+00:00","description":"Las autoridades niponas dicen que se debe a factores coyunturales como el tiempo, ese ser et\u00e9reo siempre culpable de peque\u00f1as crisis","breadcrumb":{"@id":"https:\/\/www.tressis.com\/ca\/blog\/japon-mas-de-veinte-anos-estancado\/#breadcrumb"},"inLanguage":"ca","potentialAction":[{"@type":"ReadAction","target":["https:\/\/www.tressis.com\/ca\/blog\/japon-mas-de-veinte-anos-estancado\/"]}]},{"@type":"ImageObject","inLanguage":"ca","@id":"https:\/\/www.tressis.com\/ca\/blog\/japon-mas-de-veinte-anos-estancado\/#primaryimage","url":"https:\/\/www.tressis.com\/wp-content\/uploads\/2018\/05\/20180516-mmv-1.jpg","contentUrl":"https:\/\/www.tressis.com\/wp-content\/uploads\/2018\/05\/20180516-mmv-1.jpg","width":1100,"height":487,"caption":"Jap\u00f3n m\u00e1s de veinte a\u00f1os estancado"},{"@type":"BreadcrumbList","@id":"https:\/\/www.tressis.com\/ca\/blog\/japon-mas-de-veinte-anos-estancado\/#breadcrumb","itemListElement":[{"@type":"ListItem","position":1,"name":"Inicio","item":"https:\/\/www.tressis.com\/ca\/"},{"@type":"ListItem","position":2,"name":"Jap\u00f3n, m\u00e1s de veinte a\u00f1os estancado"}]},{"@type":"WebSite","@id":"https:\/\/www.tressis.com\/ca\/#website","url":"https:\/\/www.tressis.com\/ca\/","name":"Tressis banca privada","description":"Tressis | Planificaci\u00f3n financiera y gesti\u00f3n de patrimonios","publisher":{"@id":"https:\/\/www.tressis.com\/ca\/#organization"},"potentialAction":[{"@type":"SearchAction","target":{"@type":"EntryPoint","urlTemplate":"https:\/\/www.tressis.com\/ca\/?s={search_term_string}"},"query-input":{"@type":"PropertyValueSpecification","valueRequired":true,"valueName":"search_term_string"}}],"inLanguage":"ca"},{"@type":"Organization","@id":"https:\/\/www.tressis.com\/ca\/#organization","name":"Tressis","url":"https:\/\/www.tressis.com\/ca\/","logo":{"@type":"ImageObject","inLanguage":"ca","@id":"https:\/\/www.tressis.com\/ca\/#\/schema\/logo\/image\/","url":"https:\/\/www.tressis.com\/wp-content\/uploads\/2025\/06\/logo-tressis-112.png","contentUrl":"https:\/\/www.tressis.com\/wp-content\/uploads\/2025\/06\/logo-tressis-112.png","width":112,"height":112,"caption":"Tressis"},"image":{"@id":"https:\/\/www.tressis.com\/ca\/#\/schema\/logo\/image\/"},"sameAs":["https:\/\/www.facebook.com\/Tressis\/","https:\/\/x.com\/TressisSV","https:\/\/www.instagram.com\/tressissv\/?hl=es","https:\/\/linkedin.com\/company\/tressis\/","https:\/\/www.youtube.com\/user\/tressissv","https:\/\/open.spotify.com\/show\/3jmTe1Nf0wqMILl7diWV6h?si=d7112519f13c4593&nd=1"]},{"@type":"Person","@id":"https:\/\/www.tressis.com\/ca\/#\/schema\/person\/b833c1d724d8764920b6d6852c70584e","name":"Lola","image":{"@type":"ImageObject","inLanguage":"ca","@id":"https:\/\/secure.gravatar.com\/avatar\/05e646486b23ff45df9649110609c7e31b8c4a3e2821caa23d6317f405e0c51d?s=96&d=mm&r=g","url":"https:\/\/secure.gravatar.com\/avatar\/05e646486b23ff45df9649110609c7e31b8c4a3e2821caa23d6317f405e0c51d?s=96&d=mm&r=g","contentUrl":"https:\/\/secure.gravatar.com\/avatar\/05e646486b23ff45df9649110609c7e31b8c4a3e2821caa23d6317f405e0c51d?s=96&d=mm&r=g","caption":"Lola"}}]}},"_links":{"self":[{"href":"https:\/\/www.tressis.com\/ca\/wp-json\/wp\/v2\/posts\/28860","targetHints":{"allow":["GET"]}}],"collection":[{"href":"https:\/\/www.tressis.com\/ca\/wp-json\/wp\/v2\/posts"}],"about":[{"href":"https:\/\/www.tressis.com\/ca\/wp-json\/wp\/v2\/types\/post"}],"author":[{"embeddable":true,"href":"https:\/\/www.tressis.com\/ca\/wp-json\/wp\/v2\/users\/4"}],"replies":[{"embeddable":true,"href":"https:\/\/www.tressis.com\/ca\/wp-json\/wp\/v2\/comments?post=28860"}],"version-history":[{"count":0,"href":"https:\/\/www.tressis.com\/ca\/wp-json\/wp\/v2\/posts\/28860\/revisions"}],"wp:featuredmedia":[{"embeddable":true,"href":"https:\/\/www.tressis.com\/ca\/wp-json\/wp\/v2\/media\/28861"}],"wp:attachment":[{"href":"https:\/\/www.tressis.com\/ca\/wp-json\/wp\/v2\/media?parent=28860"}],"wp:term":[{"taxonomy":"category","embeddable":true,"href":"https:\/\/www.tressis.com\/ca\/wp-json\/wp\/v2\/categories?post=28860"},{"taxonomy":"post_tag","embeddable":true,"href":"https:\/\/www.tressis.com\/ca\/wp-json\/wp\/v2\/tags?post=28860"}],"curies":[{"name":"wp","href":"https:\/\/api.w.org\/{rel}","templated":true}]}}