{"id":28744,"date":"2018-04-27T10:45:22","date_gmt":"2018-04-27T08:45:22","guid":{"rendered":"http:\/\/www.tressis.com\/blog\/?p=28744"},"modified":"2018-04-27T10:45:22","modified_gmt":"2018-04-27T08:45:22","slug":"un-dia-blanco-y-al-otro-negro","status":"publish","type":"post","link":"https:\/\/www.tressis.com\/ca\/blog\/un-dia-blanco-y-al-otro-negro\/","title":{"rendered":"Ahora blanco, ahora negro"},"content":{"rendered":"<p>Pues va un d\u00eda y las bolsas suben porque los beneficios tambi\u00e9n lo est\u00e1n haciendo.<!--more--><\/p>\n<p>Pero nada de acostumbrarse, que esto un d\u00eda es blanco y al siguiente bien distinto. Un poco de deuda, otro tanto de comercio global, cumbre entre las dos Coreas&#8230; Otra cosa no se sabe, pero desde luego que aburrirnos no podemos decir que lo hagamos.<\/p>\n<p>Lo m\u00e1s notorio de las \u00faltimas horas en lo que a resultados de compa\u00f1\u00edas se refiere viene a mantener la l\u00ednea de lo visto hasta la fecha. Dentro de los bancos, espa\u00f1oles ahora, BBVA fortalece la imagen del sector despu\u00e9s de haberlo hecho tambi\u00e9n el resto de entidades de peso. Y en tecnolog\u00eda, naturalmente norteamericana, que para eso son los que de verdad invierten en progresar, recepci\u00f3n bien distinta para Amazon y Microsoft, ambas tambi\u00e9n con mayores beneficios.<\/p>\n<p>Quiz\u00e1s como deber\u00eda ser siempre, las acciones o declaraciones del BCE tampoco es que fueran ignoradas, pero s\u00ed que quedaron al menos relegadas a un meritorio segundo puesto. Draghi no pudo negar la evidencia que supone en estos momentos la desaceleraci\u00f3n que atraviesa la actividad del bloque, pero s\u00ed relativizarla, culpando a factores coyunturales de ello. Y m\u00e1s de lo mismo con una inflaci\u00f3n de la que sigue sin haber se\u00f1ales constantes. Sin embargo, dijo bastante el mutis respecto a la pol\u00edtica monetaria, demostrando que posiblemente el BCE prefiere darse margen para actuar sobre el QE en un futuro muy cercano.<\/p>\n<p>Ligado a esto, pero desligado a su vez, la cotizaci\u00f3n del euro no recuper\u00f3 nada de todo lo que ha venido perdiendo en los \u00faltimos d\u00edas. Y es que est\u00e1 relacion\u00e1ndose m\u00e1s con el comportamiento de la curva de EE.UU. o la amenaza inflacionista en aquel pa\u00eds que con la realidad europea. Claro, que como con las bolsas, tambi\u00e9n aqu\u00ed debe imperar la prudencia.<\/p>\n<p>Buen fin de semana.<\/p>\n<p><center><strong>Am\u00edlcar Barrios Vilallonga<\/strong><br \/>\nDirecci\u00f3n de Inversiones<\/center><\/p>\n","protected":false},"excerpt":{"rendered":"<p>Pues va un d\u00eda y las bolsas suben porque los beneficios tambi\u00e9n lo est\u00e1n haciendo.<\/p>\n","protected":false},"author":4,"featured_media":28745,"comment_status":"open","ping_status":"closed","sticky":false,"template":"","format":"standard","meta":{"_acf_changed":false,"footnotes":""},"categories":[9721],"tags":[186,558,559,1237,1467,1512,1716,1947,2129,2206,4256,5294,5313],"class_list":["post-28744","post","type-post","status-publish","format-standard","has-post-thumbnail","hentry","category-morning-meeting","tag-amazon","tag-bbva","tag-bce","tag-comercio-global","tag-corea","tag-cotizacion-euro","tag-curva-eeuu","tag-deuda","tag-draghi","tag-eeuu","tag-microsoft","tag-prudencia","tag-qe"],"acf":[],"yoast_head":"<!-- This site is optimized with the Yoast SEO plugin v27.4 - https:\/\/yoast.com\/product\/yoast-seo-wordpress\/ -->\n<title>Ahora blanco, ahora negro<\/title>\n<meta name=\"description\" content=\"Un poco de deuda, otro tanto de comercio global, cumbre entre las dos Coreas... Aburrirnos, no nos vamos a aburrir.\" \/>\n<meta name=\"robots\" content=\"index, follow, max-snippet:-1, max-image-preview:large, max-video-preview:-1\" \/>\n<link rel=\"canonical\" href=\"https:\/\/www.tressis.com\/ca\/blog\/un-dia-blanco-y-al-otro-negro\/\" \/>\n<meta property=\"og:locale\" content=\"ca_ES\" \/>\n<meta property=\"og:type\" content=\"article\" \/>\n<meta property=\"og:title\" content=\"Ahora blanco, ahora negro\" \/>\n<meta property=\"og:description\" content=\"Un poco de deuda, otro tanto de comercio global, cumbre entre las dos Coreas... Aburrirnos, no nos vamos a aburrir.\" \/>\n<meta property=\"og:url\" content=\"https:\/\/www.tressis.com\/ca\/blog\/un-dia-blanco-y-al-otro-negro\/\" \/>\n<meta property=\"og:site_name\" content=\"Tressis\" \/>\n<meta property=\"article:publisher\" content=\"https:\/\/www.facebook.com\/Tressis\/\" \/>\n<meta property=\"article:published_time\" content=\"2018-04-27T08:45:22+00:00\" \/>\n<meta property=\"og:image\" content=\"https:\/\/www.tressis.com\/wp-content\/uploads\/2018\/04\/20180427-mmv.jpg\" \/>\n\t<meta property=\"og:image:width\" content=\"1100\" \/>\n\t<meta property=\"og:image:height\" content=\"487\" \/>\n\t<meta property=\"og:image:type\" content=\"image\/jpeg\" \/>\n<meta name=\"author\" content=\"Lola\" \/>\n<meta name=\"twitter:card\" content=\"summary_large_image\" \/>\n<meta name=\"twitter:creator\" content=\"@TressisSV\" \/>\n<meta name=\"twitter:site\" content=\"@TressisSV\" \/>\n<meta name=\"twitter:label1\" content=\"Escrit per\" \/>\n\t<meta name=\"twitter:data1\" content=\"Lola\" \/>\n\t<meta name=\"twitter:label2\" content=\"Temps estimat de lectura\" \/>\n\t<meta name=\"twitter:data2\" content=\"2 minuts\" \/>\n<script type=\"application\/ld+json\" class=\"yoast-schema-graph\">{\"@context\":\"https:\\\/\\\/schema.org\",\"@graph\":[{\"@type\":\"Article\",\"@id\":\"https:\\\/\\\/www.tressis.com\\\/ca\\\/blog\\\/un-dia-blanco-y-al-otro-negro\\\/#article\",\"isPartOf\":{\"@id\":\"https:\\\/\\\/www.tressis.com\\\/ca\\\/blog\\\/un-dia-blanco-y-al-otro-negro\\\/\"},\"author\":{\"name\":\"Lola\",\"@id\":\"https:\\\/\\\/www.tressis.com\\\/ca\\\/#\\\/schema\\\/person\\\/b833c1d724d8764920b6d6852c70584e\"},\"headline\":\"Ahora blanco, ahora negro\",\"datePublished\":\"2018-04-27T08:45:22+00:00\",\"mainEntityOfPage\":{\"@id\":\"https:\\\/\\\/www.tressis.com\\\/ca\\\/blog\\\/un-dia-blanco-y-al-otro-negro\\\/\"},\"wordCount\":346,\"commentCount\":0,\"publisher\":{\"@id\":\"https:\\\/\\\/www.tressis.com\\\/ca\\\/#organization\"},\"image\":{\"@id\":\"https:\\\/\\\/www.tressis.com\\\/ca\\\/blog\\\/un-dia-blanco-y-al-otro-negro\\\/#primaryimage\"},\"thumbnailUrl\":\"https:\\\/\\\/www.tressis.com\\\/wp-content\\\/uploads\\\/2018\\\/04\\\/20180427-mmv.jpg\",\"keywords\":[\"amazon\",\"BBVA\",\"BCE\",\"comercio global\",\"Corea\",\"cotizaci\u00f3n euro\",\"curva EEUU\",\"deuda\",\"draghi\",\"EEUU\",\"Microsoft\",\"prudencia\",\"QE\"],\"articleSection\":[\"Morning meeting\"],\"inLanguage\":\"ca\",\"potentialAction\":[{\"@type\":\"CommentAction\",\"name\":\"Comment\",\"target\":[\"https:\\\/\\\/www.tressis.com\\\/ca\\\/blog\\\/un-dia-blanco-y-al-otro-negro\\\/#respond\"]}]},{\"@type\":\"WebPage\",\"@id\":\"https:\\\/\\\/www.tressis.com\\\/ca\\\/blog\\\/un-dia-blanco-y-al-otro-negro\\\/\",\"url\":\"https:\\\/\\\/www.tressis.com\\\/ca\\\/blog\\\/un-dia-blanco-y-al-otro-negro\\\/\",\"name\":\"Ahora blanco, ahora negro\",\"isPartOf\":{\"@id\":\"https:\\\/\\\/www.tressis.com\\\/ca\\\/#website\"},\"primaryImageOfPage\":{\"@id\":\"https:\\\/\\\/www.tressis.com\\\/ca\\\/blog\\\/un-dia-blanco-y-al-otro-negro\\\/#primaryimage\"},\"image\":{\"@id\":\"https:\\\/\\\/www.tressis.com\\\/ca\\\/blog\\\/un-dia-blanco-y-al-otro-negro\\\/#primaryimage\"},\"thumbnailUrl\":\"https:\\\/\\\/www.tressis.com\\\/wp-content\\\/uploads\\\/2018\\\/04\\\/20180427-mmv.jpg\",\"datePublished\":\"2018-04-27T08:45:22+00:00\",\"description\":\"Un poco de deuda, otro tanto de comercio global, cumbre entre las dos Coreas... Aburrirnos, no nos vamos a aburrir.\",\"breadcrumb\":{\"@id\":\"https:\\\/\\\/www.tressis.com\\\/ca\\\/blog\\\/un-dia-blanco-y-al-otro-negro\\\/#breadcrumb\"},\"inLanguage\":\"ca\",\"potentialAction\":[{\"@type\":\"ReadAction\",\"target\":[\"https:\\\/\\\/www.tressis.com\\\/ca\\\/blog\\\/un-dia-blanco-y-al-otro-negro\\\/\"]}]},{\"@type\":\"ImageObject\",\"inLanguage\":\"ca\",\"@id\":\"https:\\\/\\\/www.tressis.com\\\/ca\\\/blog\\\/un-dia-blanco-y-al-otro-negro\\\/#primaryimage\",\"url\":\"https:\\\/\\\/www.tressis.com\\\/wp-content\\\/uploads\\\/2018\\\/04\\\/20180427-mmv.jpg\",\"contentUrl\":\"https:\\\/\\\/www.tressis.com\\\/wp-content\\\/uploads\\\/2018\\\/04\\\/20180427-mmv.jpg\",\"width\":1100,\"height\":487,\"caption\":\"Ahora blanco, ahora negro\"},{\"@type\":\"BreadcrumbList\",\"@id\":\"https:\\\/\\\/www.tressis.com\\\/ca\\\/blog\\\/un-dia-blanco-y-al-otro-negro\\\/#breadcrumb\",\"itemListElement\":[{\"@type\":\"ListItem\",\"position\":1,\"name\":\"Inicio\",\"item\":\"https:\\\/\\\/www.tressis.com\\\/ca\\\/\"},{\"@type\":\"ListItem\",\"position\":2,\"name\":\"Ahora blanco, ahora negro\"}]},{\"@type\":\"WebSite\",\"@id\":\"https:\\\/\\\/www.tressis.com\\\/ca\\\/#website\",\"url\":\"https:\\\/\\\/www.tressis.com\\\/ca\\\/\",\"name\":\"Tressis banca privada\",\"description\":\"Tressis | Planificaci\u00f3n financiera y gesti\u00f3n de patrimonios\",\"publisher\":{\"@id\":\"https:\\\/\\\/www.tressis.com\\\/ca\\\/#organization\"},\"potentialAction\":[{\"@type\":\"SearchAction\",\"target\":{\"@type\":\"EntryPoint\",\"urlTemplate\":\"https:\\\/\\\/www.tressis.com\\\/ca\\\/?s={search_term_string}\"},\"query-input\":{\"@type\":\"PropertyValueSpecification\",\"valueRequired\":true,\"valueName\":\"search_term_string\"}}],\"inLanguage\":\"ca\"},{\"@type\":\"Organization\",\"@id\":\"https:\\\/\\\/www.tressis.com\\\/ca\\\/#organization\",\"name\":\"Tressis\",\"url\":\"https:\\\/\\\/www.tressis.com\\\/ca\\\/\",\"logo\":{\"@type\":\"ImageObject\",\"inLanguage\":\"ca\",\"@id\":\"https:\\\/\\\/www.tressis.com\\\/ca\\\/#\\\/schema\\\/logo\\\/image\\\/\",\"url\":\"https:\\\/\\\/www.tressis.com\\\/wp-content\\\/uploads\\\/2025\\\/06\\\/logo-tressis-112.png\",\"contentUrl\":\"https:\\\/\\\/www.tressis.com\\\/wp-content\\\/uploads\\\/2025\\\/06\\\/logo-tressis-112.png\",\"width\":112,\"height\":112,\"caption\":\"Tressis\"},\"image\":{\"@id\":\"https:\\\/\\\/www.tressis.com\\\/ca\\\/#\\\/schema\\\/logo\\\/image\\\/\"},\"sameAs\":[\"https:\\\/\\\/www.facebook.com\\\/Tressis\\\/\",\"https:\\\/\\\/x.com\\\/TressisSV\",\"https:\\\/\\\/www.instagram.com\\\/tressissv\\\/?hl=es\",\"https:\\\/\\\/linkedin.com\\\/company\\\/tressis\\\/\",\"https:\\\/\\\/www.youtube.com\\\/user\\\/tressissv\",\"https:\\\/\\\/open.spotify.com\\\/show\\\/3jmTe1Nf0wqMILl7diWV6h?si=d7112519f13c4593&nd=1\"]},{\"@type\":\"Person\",\"@id\":\"https:\\\/\\\/www.tressis.com\\\/ca\\\/#\\\/schema\\\/person\\\/b833c1d724d8764920b6d6852c70584e\",\"name\":\"Lola\",\"image\":{\"@type\":\"ImageObject\",\"inLanguage\":\"ca\",\"@id\":\"https:\\\/\\\/secure.gravatar.com\\\/avatar\\\/05e646486b23ff45df9649110609c7e31b8c4a3e2821caa23d6317f405e0c51d?s=96&d=mm&r=g\",\"url\":\"https:\\\/\\\/secure.gravatar.com\\\/avatar\\\/05e646486b23ff45df9649110609c7e31b8c4a3e2821caa23d6317f405e0c51d?s=96&d=mm&r=g\",\"contentUrl\":\"https:\\\/\\\/secure.gravatar.com\\\/avatar\\\/05e646486b23ff45df9649110609c7e31b8c4a3e2821caa23d6317f405e0c51d?s=96&d=mm&r=g\",\"caption\":\"Lola\"}}]}<\/script>\n<!-- \/ Yoast SEO plugin. -->","yoast_head_json":{"title":"Ahora blanco, ahora negro","description":"Un poco de deuda, otro tanto de comercio global, cumbre entre las dos Coreas... Aburrirnos, no nos vamos a aburrir.","robots":{"index":"index","follow":"follow","max-snippet":"max-snippet:-1","max-image-preview":"max-image-preview:large","max-video-preview":"max-video-preview:-1"},"canonical":"https:\/\/www.tressis.com\/ca\/blog\/un-dia-blanco-y-al-otro-negro\/","og_locale":"ca_ES","og_type":"article","og_title":"Ahora blanco, ahora negro","og_description":"Un poco de deuda, otro tanto de comercio global, cumbre entre las dos Coreas... Aburrirnos, no nos vamos a aburrir.","og_url":"https:\/\/www.tressis.com\/ca\/blog\/un-dia-blanco-y-al-otro-negro\/","og_site_name":"Tressis","article_publisher":"https:\/\/www.facebook.com\/Tressis\/","article_published_time":"2018-04-27T08:45:22+00:00","og_image":[{"width":1100,"height":487,"url":"https:\/\/www.tressis.com\/wp-content\/uploads\/2018\/04\/20180427-mmv.jpg","type":"image\/jpeg"}],"author":"Lola","twitter_card":"summary_large_image","twitter_creator":"@TressisSV","twitter_site":"@TressisSV","twitter_misc":{"Escrit per":"Lola","Temps estimat de lectura":"2 minuts"},"schema":{"@context":"https:\/\/schema.org","@graph":[{"@type":"Article","@id":"https:\/\/www.tressis.com\/ca\/blog\/un-dia-blanco-y-al-otro-negro\/#article","isPartOf":{"@id":"https:\/\/www.tressis.com\/ca\/blog\/un-dia-blanco-y-al-otro-negro\/"},"author":{"name":"Lola","@id":"https:\/\/www.tressis.com\/ca\/#\/schema\/person\/b833c1d724d8764920b6d6852c70584e"},"headline":"Ahora blanco, ahora negro","datePublished":"2018-04-27T08:45:22+00:00","mainEntityOfPage":{"@id":"https:\/\/www.tressis.com\/ca\/blog\/un-dia-blanco-y-al-otro-negro\/"},"wordCount":346,"commentCount":0,"publisher":{"@id":"https:\/\/www.tressis.com\/ca\/#organization"},"image":{"@id":"https:\/\/www.tressis.com\/ca\/blog\/un-dia-blanco-y-al-otro-negro\/#primaryimage"},"thumbnailUrl":"https:\/\/www.tressis.com\/wp-content\/uploads\/2018\/04\/20180427-mmv.jpg","keywords":["amazon","BBVA","BCE","comercio global","Corea","cotizaci\u00f3n euro","curva EEUU","deuda","draghi","EEUU","Microsoft","prudencia","QE"],"articleSection":["Morning meeting"],"inLanguage":"ca","potentialAction":[{"@type":"CommentAction","name":"Comment","target":["https:\/\/www.tressis.com\/ca\/blog\/un-dia-blanco-y-al-otro-negro\/#respond"]}]},{"@type":"WebPage","@id":"https:\/\/www.tressis.com\/ca\/blog\/un-dia-blanco-y-al-otro-negro\/","url":"https:\/\/www.tressis.com\/ca\/blog\/un-dia-blanco-y-al-otro-negro\/","name":"Ahora blanco, ahora negro","isPartOf":{"@id":"https:\/\/www.tressis.com\/ca\/#website"},"primaryImageOfPage":{"@id":"https:\/\/www.tressis.com\/ca\/blog\/un-dia-blanco-y-al-otro-negro\/#primaryimage"},"image":{"@id":"https:\/\/www.tressis.com\/ca\/blog\/un-dia-blanco-y-al-otro-negro\/#primaryimage"},"thumbnailUrl":"https:\/\/www.tressis.com\/wp-content\/uploads\/2018\/04\/20180427-mmv.jpg","datePublished":"2018-04-27T08:45:22+00:00","description":"Un poco de deuda, otro tanto de comercio global, cumbre entre las dos Coreas... Aburrirnos, no nos vamos a aburrir.","breadcrumb":{"@id":"https:\/\/www.tressis.com\/ca\/blog\/un-dia-blanco-y-al-otro-negro\/#breadcrumb"},"inLanguage":"ca","potentialAction":[{"@type":"ReadAction","target":["https:\/\/www.tressis.com\/ca\/blog\/un-dia-blanco-y-al-otro-negro\/"]}]},{"@type":"ImageObject","inLanguage":"ca","@id":"https:\/\/www.tressis.com\/ca\/blog\/un-dia-blanco-y-al-otro-negro\/#primaryimage","url":"https:\/\/www.tressis.com\/wp-content\/uploads\/2018\/04\/20180427-mmv.jpg","contentUrl":"https:\/\/www.tressis.com\/wp-content\/uploads\/2018\/04\/20180427-mmv.jpg","width":1100,"height":487,"caption":"Ahora blanco, ahora negro"},{"@type":"BreadcrumbList","@id":"https:\/\/www.tressis.com\/ca\/blog\/un-dia-blanco-y-al-otro-negro\/#breadcrumb","itemListElement":[{"@type":"ListItem","position":1,"name":"Inicio","item":"https:\/\/www.tressis.com\/ca\/"},{"@type":"ListItem","position":2,"name":"Ahora blanco, ahora negro"}]},{"@type":"WebSite","@id":"https:\/\/www.tressis.com\/ca\/#website","url":"https:\/\/www.tressis.com\/ca\/","name":"Tressis banca privada","description":"Tressis | Planificaci\u00f3n financiera y gesti\u00f3n de patrimonios","publisher":{"@id":"https:\/\/www.tressis.com\/ca\/#organization"},"potentialAction":[{"@type":"SearchAction","target":{"@type":"EntryPoint","urlTemplate":"https:\/\/www.tressis.com\/ca\/?s={search_term_string}"},"query-input":{"@type":"PropertyValueSpecification","valueRequired":true,"valueName":"search_term_string"}}],"inLanguage":"ca"},{"@type":"Organization","@id":"https:\/\/www.tressis.com\/ca\/#organization","name":"Tressis","url":"https:\/\/www.tressis.com\/ca\/","logo":{"@type":"ImageObject","inLanguage":"ca","@id":"https:\/\/www.tressis.com\/ca\/#\/schema\/logo\/image\/","url":"https:\/\/www.tressis.com\/wp-content\/uploads\/2025\/06\/logo-tressis-112.png","contentUrl":"https:\/\/www.tressis.com\/wp-content\/uploads\/2025\/06\/logo-tressis-112.png","width":112,"height":112,"caption":"Tressis"},"image":{"@id":"https:\/\/www.tressis.com\/ca\/#\/schema\/logo\/image\/"},"sameAs":["https:\/\/www.facebook.com\/Tressis\/","https:\/\/x.com\/TressisSV","https:\/\/www.instagram.com\/tressissv\/?hl=es","https:\/\/linkedin.com\/company\/tressis\/","https:\/\/www.youtube.com\/user\/tressissv","https:\/\/open.spotify.com\/show\/3jmTe1Nf0wqMILl7diWV6h?si=d7112519f13c4593&nd=1"]},{"@type":"Person","@id":"https:\/\/www.tressis.com\/ca\/#\/schema\/person\/b833c1d724d8764920b6d6852c70584e","name":"Lola","image":{"@type":"ImageObject","inLanguage":"ca","@id":"https:\/\/secure.gravatar.com\/avatar\/05e646486b23ff45df9649110609c7e31b8c4a3e2821caa23d6317f405e0c51d?s=96&d=mm&r=g","url":"https:\/\/secure.gravatar.com\/avatar\/05e646486b23ff45df9649110609c7e31b8c4a3e2821caa23d6317f405e0c51d?s=96&d=mm&r=g","contentUrl":"https:\/\/secure.gravatar.com\/avatar\/05e646486b23ff45df9649110609c7e31b8c4a3e2821caa23d6317f405e0c51d?s=96&d=mm&r=g","caption":"Lola"}}]}},"_links":{"self":[{"href":"https:\/\/www.tressis.com\/ca\/wp-json\/wp\/v2\/posts\/28744","targetHints":{"allow":["GET"]}}],"collection":[{"href":"https:\/\/www.tressis.com\/ca\/wp-json\/wp\/v2\/posts"}],"about":[{"href":"https:\/\/www.tressis.com\/ca\/wp-json\/wp\/v2\/types\/post"}],"author":[{"embeddable":true,"href":"https:\/\/www.tressis.com\/ca\/wp-json\/wp\/v2\/users\/4"}],"replies":[{"embeddable":true,"href":"https:\/\/www.tressis.com\/ca\/wp-json\/wp\/v2\/comments?post=28744"}],"version-history":[{"count":0,"href":"https:\/\/www.tressis.com\/ca\/wp-json\/wp\/v2\/posts\/28744\/revisions"}],"wp:featuredmedia":[{"embeddable":true,"href":"https:\/\/www.tressis.com\/ca\/wp-json\/wp\/v2\/media\/28745"}],"wp:attachment":[{"href":"https:\/\/www.tressis.com\/ca\/wp-json\/wp\/v2\/media?parent=28744"}],"wp:term":[{"taxonomy":"category","embeddable":true,"href":"https:\/\/www.tressis.com\/ca\/wp-json\/wp\/v2\/categories?post=28744"},{"taxonomy":"post_tag","embeddable":true,"href":"https:\/\/www.tressis.com\/ca\/wp-json\/wp\/v2\/tags?post=28744"}],"curies":[{"name":"wp","href":"https:\/\/api.w.org\/{rel}","templated":true}]}}