{"id":28524,"date":"2018-03-28T10:42:03","date_gmt":"2018-03-28T08:42:03","guid":{"rendered":"http:\/\/www.tressis.com\/blog\/?p=28524"},"modified":"2018-03-28T10:42:03","modified_gmt":"2018-03-28T08:42:03","slug":"giro-radical-de-los-acontecimientos-en-corea-del-norte","status":"publish","type":"post","link":"https:\/\/www.tressis.com\/ca\/blog\/giro-radical-de-los-acontecimientos-en-corea-del-norte\/","title":{"rendered":"Giro radical de los acontecimientos en Corea del Norte"},"content":{"rendered":"<p>Las bolsas europeas disfrutaron ayer de una jornada de alivio, tras varias consecutivas de ca\u00eddas.<!--more--><\/p>\n<p>Sin embargo, varias noticias negativas en el sector tecnol\u00f3gico llevaron a las bolsas americanas a terreno negativo, arrastrando tras de s\u00ed a las asi\u00e1ticas est\u00e1 madrugada.<\/p>\n<p>Todo apunta a que el mes de marzo se va a cerrar con una tensi\u00f3n comercial mundial que ya nadie esperaba tras a\u00f1o y medio de mandato de Trump pro mercados. Este elemento ha pesado a unos inversores que ya lidian con una pol\u00edtica monetaria m\u00e1s estricta, potenciales multas a empresas tecnol\u00f3gicas por culpa del esc\u00e1ndalo de uso de la informaci\u00f3n de Facebook y se\u00f1ales de que la econom\u00eda de la eurozona puede estar perdiendo impulso, desde unas cifras elevadas.<\/p>\n<p>Lo \u00fanico que sirve de apoyo a unos mercado dependientes, como han sido durante los \u00faltimos nueve a\u00f1os de los est\u00edmulos monetarios, es la falta de signos de inflaci\u00f3n subyacente. De hecho Liikanen, consejero del BCE por Finlandia, afirmaba ayer que los precios de la zona euro pueden permanecer por debajo de expectativas incluso en el caso de que el crecimiento econ\u00f3mico sea robusto, de manera que el BCE debe ser paciente a la hora de retirar est\u00edmulos.<\/p>\n<p>Tambi\u00e9n ayuda el giro radical de los acontecimientos en Corea del Norte, cuyo l\u00edder, Kim Jong-un, visit\u00f3 Pek\u00edn y se reuni\u00f3 con el presidente chino Xi Jinping, en el que es su primer viaje al exterior desde su ascenso al poder en diciembre de 2011. Adem\u00e1s, aprovech\u00f3 el desplazamiento para reiterar su deseo de dialogo con EE.UU., celebrar una cumbre entre los dos pa\u00edses y avanzar en la desnuclearizaci\u00f3n de la pen\u00ednsula.<\/p>\n<p>Los operadores estar\u00e1n especialmente pendientes este mi\u00e9rcoles de los datos macro provenientes de Estados Unidos, especialmente el PIB del cuarto trimestre.<\/p>\n<p>Buena Semana Santa.<\/p>\n<p><center><strong>Jorge Gonz\u00e1lez G\u00f3mez<\/strong><br \/>\nDirecci\u00f3n de Inversiones<\/center><\/p>\n","protected":false},"excerpt":{"rendered":"<p>Las bolsas europeas disfrutaron ayer de una jornada de alivio, tras varias consecutivas de ca\u00eddas.<\/p>\n","protected":false},"author":4,"featured_media":28525,"comment_status":"open","ping_status":"closed","sticky":false,"template":"","format":"standard","meta":{"_acf_changed":false,"footnotes":""},"categories":[9721],"tags":[559,635,670,1468,2206,2680,2764,4753,4864,6073,6734],"class_list":["post-28524","post","type-post","status-publish","format-standard","has-post-thumbnail","hentry","category-morning-meeting","tag-bce","tag-bolsa-americana","tag-bolsas-europeas","tag-corea-del-norte","tag-eeuu","tag-facebook","tag-finlandia","tag-pekin","tag-pib-cuarto-trimestre","tag-sector-tecnologico","tag-trump"],"acf":[],"yoast_head":"<!-- This site is optimized with the Yoast SEO plugin v27.4 - https:\/\/yoast.com\/product\/yoast-seo-wordpress\/ -->\n<title>Giro radical de los acontecimientos en Corea del Norte<\/title>\n<meta name=\"description\" content=\"Kim Jong-un visit\u00f3 Pek\u00edn y reiter\u00f3 su deseo de dialogo con EE.UU.\" \/>\n<meta name=\"robots\" content=\"index, follow, max-snippet:-1, max-image-preview:large, max-video-preview:-1\" \/>\n<link rel=\"canonical\" href=\"https:\/\/www.tressis.com\/ca\/blog\/giro-radical-de-los-acontecimientos-en-corea-del-norte\/\" \/>\n<meta property=\"og:locale\" content=\"ca_ES\" \/>\n<meta property=\"og:type\" content=\"article\" \/>\n<meta property=\"og:title\" content=\"Giro radical de los acontecimientos en Corea del Norte\" \/>\n<meta property=\"og:description\" content=\"Kim Jong-un visit\u00f3 Pek\u00edn y reiter\u00f3 su deseo de dialogo con EE.UU.\" \/>\n<meta property=\"og:url\" content=\"https:\/\/www.tressis.com\/ca\/blog\/giro-radical-de-los-acontecimientos-en-corea-del-norte\/\" \/>\n<meta property=\"og:site_name\" content=\"Tressis\" \/>\n<meta property=\"article:publisher\" content=\"https:\/\/www.facebook.com\/Tressis\/\" \/>\n<meta property=\"article:published_time\" content=\"2018-03-28T08:42:03+00:00\" \/>\n<meta property=\"og:image\" content=\"https:\/\/www.tressis.com\/wp-content\/uploads\/2018\/03\/20180328-mmv.jpg\" \/>\n\t<meta property=\"og:image:width\" content=\"1100\" \/>\n\t<meta property=\"og:image:height\" content=\"487\" \/>\n\t<meta property=\"og:image:type\" content=\"image\/jpeg\" \/>\n<meta name=\"author\" content=\"Lola\" \/>\n<meta name=\"twitter:card\" content=\"summary_large_image\" \/>\n<meta name=\"twitter:creator\" content=\"@TressisSV\" \/>\n<meta name=\"twitter:site\" content=\"@TressisSV\" \/>\n<meta name=\"twitter:label1\" content=\"Escrit per\" \/>\n\t<meta name=\"twitter:data1\" content=\"Lola\" \/>\n\t<meta name=\"twitter:label2\" content=\"Temps estimat de lectura\" \/>\n\t<meta name=\"twitter:data2\" content=\"2 minuts\" \/>\n<script type=\"application\/ld+json\" class=\"yoast-schema-graph\">{\"@context\":\"https:\\\/\\\/schema.org\",\"@graph\":[{\"@type\":\"Article\",\"@id\":\"https:\\\/\\\/www.tressis.com\\\/ca\\\/blog\\\/giro-radical-de-los-acontecimientos-en-corea-del-norte\\\/#article\",\"isPartOf\":{\"@id\":\"https:\\\/\\\/www.tressis.com\\\/ca\\\/blog\\\/giro-radical-de-los-acontecimientos-en-corea-del-norte\\\/\"},\"author\":{\"name\":\"Lola\",\"@id\":\"https:\\\/\\\/www.tressis.com\\\/ca\\\/#\\\/schema\\\/person\\\/b833c1d724d8764920b6d6852c70584e\"},\"headline\":\"Giro radical de los acontecimientos en Corea del Norte\",\"datePublished\":\"2018-03-28T08:42:03+00:00\",\"mainEntityOfPage\":{\"@id\":\"https:\\\/\\\/www.tressis.com\\\/ca\\\/blog\\\/giro-radical-de-los-acontecimientos-en-corea-del-norte\\\/\"},\"wordCount\":339,\"commentCount\":0,\"publisher\":{\"@id\":\"https:\\\/\\\/www.tressis.com\\\/ca\\\/#organization\"},\"image\":{\"@id\":\"https:\\\/\\\/www.tressis.com\\\/ca\\\/blog\\\/giro-radical-de-los-acontecimientos-en-corea-del-norte\\\/#primaryimage\"},\"thumbnailUrl\":\"https:\\\/\\\/www.tressis.com\\\/wp-content\\\/uploads\\\/2018\\\/03\\\/20180328-mmv.jpg\",\"keywords\":[\"BCE\",\"bolsa americana\",\"bolsas europeas\",\"Corea del Norte\",\"EEUU\",\"Facebook\",\"finlandia\",\"Pek\u00edn\",\"PIB cuarto trimestre\",\"sector tecnol\u00f3gico\",\"Trump\"],\"articleSection\":[\"Morning meeting\"],\"inLanguage\":\"ca\",\"potentialAction\":[{\"@type\":\"CommentAction\",\"name\":\"Comment\",\"target\":[\"https:\\\/\\\/www.tressis.com\\\/ca\\\/blog\\\/giro-radical-de-los-acontecimientos-en-corea-del-norte\\\/#respond\"]}]},{\"@type\":\"WebPage\",\"@id\":\"https:\\\/\\\/www.tressis.com\\\/ca\\\/blog\\\/giro-radical-de-los-acontecimientos-en-corea-del-norte\\\/\",\"url\":\"https:\\\/\\\/www.tressis.com\\\/ca\\\/blog\\\/giro-radical-de-los-acontecimientos-en-corea-del-norte\\\/\",\"name\":\"Giro radical de los acontecimientos en Corea del Norte\",\"isPartOf\":{\"@id\":\"https:\\\/\\\/www.tressis.com\\\/ca\\\/#website\"},\"primaryImageOfPage\":{\"@id\":\"https:\\\/\\\/www.tressis.com\\\/ca\\\/blog\\\/giro-radical-de-los-acontecimientos-en-corea-del-norte\\\/#primaryimage\"},\"image\":{\"@id\":\"https:\\\/\\\/www.tressis.com\\\/ca\\\/blog\\\/giro-radical-de-los-acontecimientos-en-corea-del-norte\\\/#primaryimage\"},\"thumbnailUrl\":\"https:\\\/\\\/www.tressis.com\\\/wp-content\\\/uploads\\\/2018\\\/03\\\/20180328-mmv.jpg\",\"datePublished\":\"2018-03-28T08:42:03+00:00\",\"description\":\"Kim Jong-un visit\u00f3 Pek\u00edn y reiter\u00f3 su deseo de dialogo con EE.UU.\",\"breadcrumb\":{\"@id\":\"https:\\\/\\\/www.tressis.com\\\/ca\\\/blog\\\/giro-radical-de-los-acontecimientos-en-corea-del-norte\\\/#breadcrumb\"},\"inLanguage\":\"ca\",\"potentialAction\":[{\"@type\":\"ReadAction\",\"target\":[\"https:\\\/\\\/www.tressis.com\\\/ca\\\/blog\\\/giro-radical-de-los-acontecimientos-en-corea-del-norte\\\/\"]}]},{\"@type\":\"ImageObject\",\"inLanguage\":\"ca\",\"@id\":\"https:\\\/\\\/www.tressis.com\\\/ca\\\/blog\\\/giro-radical-de-los-acontecimientos-en-corea-del-norte\\\/#primaryimage\",\"url\":\"https:\\\/\\\/www.tressis.com\\\/wp-content\\\/uploads\\\/2018\\\/03\\\/20180328-mmv.jpg\",\"contentUrl\":\"https:\\\/\\\/www.tressis.com\\\/wp-content\\\/uploads\\\/2018\\\/03\\\/20180328-mmv.jpg\",\"width\":1100,\"height\":487,\"caption\":\"Giro radical de los acontecimientos en Corea del Norte\"},{\"@type\":\"BreadcrumbList\",\"@id\":\"https:\\\/\\\/www.tressis.com\\\/ca\\\/blog\\\/giro-radical-de-los-acontecimientos-en-corea-del-norte\\\/#breadcrumb\",\"itemListElement\":[{\"@type\":\"ListItem\",\"position\":1,\"name\":\"Inicio\",\"item\":\"https:\\\/\\\/www.tressis.com\\\/ca\\\/\"},{\"@type\":\"ListItem\",\"position\":2,\"name\":\"Giro radical de los acontecimientos en Corea del Norte\"}]},{\"@type\":\"WebSite\",\"@id\":\"https:\\\/\\\/www.tressis.com\\\/ca\\\/#website\",\"url\":\"https:\\\/\\\/www.tressis.com\\\/ca\\\/\",\"name\":\"Tressis banca privada\",\"description\":\"Tressis | Planificaci\u00f3n financiera y gesti\u00f3n de patrimonios\",\"publisher\":{\"@id\":\"https:\\\/\\\/www.tressis.com\\\/ca\\\/#organization\"},\"potentialAction\":[{\"@type\":\"SearchAction\",\"target\":{\"@type\":\"EntryPoint\",\"urlTemplate\":\"https:\\\/\\\/www.tressis.com\\\/ca\\\/?s={search_term_string}\"},\"query-input\":{\"@type\":\"PropertyValueSpecification\",\"valueRequired\":true,\"valueName\":\"search_term_string\"}}],\"inLanguage\":\"ca\"},{\"@type\":\"Organization\",\"@id\":\"https:\\\/\\\/www.tressis.com\\\/ca\\\/#organization\",\"name\":\"Tressis\",\"url\":\"https:\\\/\\\/www.tressis.com\\\/ca\\\/\",\"logo\":{\"@type\":\"ImageObject\",\"inLanguage\":\"ca\",\"@id\":\"https:\\\/\\\/www.tressis.com\\\/ca\\\/#\\\/schema\\\/logo\\\/image\\\/\",\"url\":\"https:\\\/\\\/www.tressis.com\\\/wp-content\\\/uploads\\\/2025\\\/06\\\/logo-tressis-112.png\",\"contentUrl\":\"https:\\\/\\\/www.tressis.com\\\/wp-content\\\/uploads\\\/2025\\\/06\\\/logo-tressis-112.png\",\"width\":112,\"height\":112,\"caption\":\"Tressis\"},\"image\":{\"@id\":\"https:\\\/\\\/www.tressis.com\\\/ca\\\/#\\\/schema\\\/logo\\\/image\\\/\"},\"sameAs\":[\"https:\\\/\\\/www.facebook.com\\\/Tressis\\\/\",\"https:\\\/\\\/x.com\\\/TressisSV\",\"https:\\\/\\\/www.instagram.com\\\/tressissv\\\/?hl=es\",\"https:\\\/\\\/linkedin.com\\\/company\\\/tressis\\\/\",\"https:\\\/\\\/www.youtube.com\\\/user\\\/tressissv\",\"https:\\\/\\\/open.spotify.com\\\/show\\\/3jmTe1Nf0wqMILl7diWV6h?si=d7112519f13c4593&nd=1\"]},{\"@type\":\"Person\",\"@id\":\"https:\\\/\\\/www.tressis.com\\\/ca\\\/#\\\/schema\\\/person\\\/b833c1d724d8764920b6d6852c70584e\",\"name\":\"Lola\",\"image\":{\"@type\":\"ImageObject\",\"inLanguage\":\"ca\",\"@id\":\"https:\\\/\\\/secure.gravatar.com\\\/avatar\\\/05e646486b23ff45df9649110609c7e31b8c4a3e2821caa23d6317f405e0c51d?s=96&d=mm&r=g\",\"url\":\"https:\\\/\\\/secure.gravatar.com\\\/avatar\\\/05e646486b23ff45df9649110609c7e31b8c4a3e2821caa23d6317f405e0c51d?s=96&d=mm&r=g\",\"contentUrl\":\"https:\\\/\\\/secure.gravatar.com\\\/avatar\\\/05e646486b23ff45df9649110609c7e31b8c4a3e2821caa23d6317f405e0c51d?s=96&d=mm&r=g\",\"caption\":\"Lola\"}}]}<\/script>\n<!-- \/ Yoast SEO plugin. -->","yoast_head_json":{"title":"Giro radical de los acontecimientos en Corea del Norte","description":"Kim Jong-un visit\u00f3 Pek\u00edn y reiter\u00f3 su deseo de dialogo con EE.UU.","robots":{"index":"index","follow":"follow","max-snippet":"max-snippet:-1","max-image-preview":"max-image-preview:large","max-video-preview":"max-video-preview:-1"},"canonical":"https:\/\/www.tressis.com\/ca\/blog\/giro-radical-de-los-acontecimientos-en-corea-del-norte\/","og_locale":"ca_ES","og_type":"article","og_title":"Giro radical de los acontecimientos en Corea del Norte","og_description":"Kim Jong-un visit\u00f3 Pek\u00edn y reiter\u00f3 su deseo de dialogo con EE.UU.","og_url":"https:\/\/www.tressis.com\/ca\/blog\/giro-radical-de-los-acontecimientos-en-corea-del-norte\/","og_site_name":"Tressis","article_publisher":"https:\/\/www.facebook.com\/Tressis\/","article_published_time":"2018-03-28T08:42:03+00:00","og_image":[{"width":1100,"height":487,"url":"https:\/\/www.tressis.com\/wp-content\/uploads\/2018\/03\/20180328-mmv.jpg","type":"image\/jpeg"}],"author":"Lola","twitter_card":"summary_large_image","twitter_creator":"@TressisSV","twitter_site":"@TressisSV","twitter_misc":{"Escrit per":"Lola","Temps estimat de lectura":"2 minuts"},"schema":{"@context":"https:\/\/schema.org","@graph":[{"@type":"Article","@id":"https:\/\/www.tressis.com\/ca\/blog\/giro-radical-de-los-acontecimientos-en-corea-del-norte\/#article","isPartOf":{"@id":"https:\/\/www.tressis.com\/ca\/blog\/giro-radical-de-los-acontecimientos-en-corea-del-norte\/"},"author":{"name":"Lola","@id":"https:\/\/www.tressis.com\/ca\/#\/schema\/person\/b833c1d724d8764920b6d6852c70584e"},"headline":"Giro radical de los acontecimientos en Corea del Norte","datePublished":"2018-03-28T08:42:03+00:00","mainEntityOfPage":{"@id":"https:\/\/www.tressis.com\/ca\/blog\/giro-radical-de-los-acontecimientos-en-corea-del-norte\/"},"wordCount":339,"commentCount":0,"publisher":{"@id":"https:\/\/www.tressis.com\/ca\/#organization"},"image":{"@id":"https:\/\/www.tressis.com\/ca\/blog\/giro-radical-de-los-acontecimientos-en-corea-del-norte\/#primaryimage"},"thumbnailUrl":"https:\/\/www.tressis.com\/wp-content\/uploads\/2018\/03\/20180328-mmv.jpg","keywords":["BCE","bolsa americana","bolsas europeas","Corea del Norte","EEUU","Facebook","finlandia","Pek\u00edn","PIB cuarto trimestre","sector tecnol\u00f3gico","Trump"],"articleSection":["Morning meeting"],"inLanguage":"ca","potentialAction":[{"@type":"CommentAction","name":"Comment","target":["https:\/\/www.tressis.com\/ca\/blog\/giro-radical-de-los-acontecimientos-en-corea-del-norte\/#respond"]}]},{"@type":"WebPage","@id":"https:\/\/www.tressis.com\/ca\/blog\/giro-radical-de-los-acontecimientos-en-corea-del-norte\/","url":"https:\/\/www.tressis.com\/ca\/blog\/giro-radical-de-los-acontecimientos-en-corea-del-norte\/","name":"Giro radical de los acontecimientos en Corea del Norte","isPartOf":{"@id":"https:\/\/www.tressis.com\/ca\/#website"},"primaryImageOfPage":{"@id":"https:\/\/www.tressis.com\/ca\/blog\/giro-radical-de-los-acontecimientos-en-corea-del-norte\/#primaryimage"},"image":{"@id":"https:\/\/www.tressis.com\/ca\/blog\/giro-radical-de-los-acontecimientos-en-corea-del-norte\/#primaryimage"},"thumbnailUrl":"https:\/\/www.tressis.com\/wp-content\/uploads\/2018\/03\/20180328-mmv.jpg","datePublished":"2018-03-28T08:42:03+00:00","description":"Kim Jong-un visit\u00f3 Pek\u00edn y reiter\u00f3 su deseo de dialogo con EE.UU.","breadcrumb":{"@id":"https:\/\/www.tressis.com\/ca\/blog\/giro-radical-de-los-acontecimientos-en-corea-del-norte\/#breadcrumb"},"inLanguage":"ca","potentialAction":[{"@type":"ReadAction","target":["https:\/\/www.tressis.com\/ca\/blog\/giro-radical-de-los-acontecimientos-en-corea-del-norte\/"]}]},{"@type":"ImageObject","inLanguage":"ca","@id":"https:\/\/www.tressis.com\/ca\/blog\/giro-radical-de-los-acontecimientos-en-corea-del-norte\/#primaryimage","url":"https:\/\/www.tressis.com\/wp-content\/uploads\/2018\/03\/20180328-mmv.jpg","contentUrl":"https:\/\/www.tressis.com\/wp-content\/uploads\/2018\/03\/20180328-mmv.jpg","width":1100,"height":487,"caption":"Giro radical de los acontecimientos en Corea del Norte"},{"@type":"BreadcrumbList","@id":"https:\/\/www.tressis.com\/ca\/blog\/giro-radical-de-los-acontecimientos-en-corea-del-norte\/#breadcrumb","itemListElement":[{"@type":"ListItem","position":1,"name":"Inicio","item":"https:\/\/www.tressis.com\/ca\/"},{"@type":"ListItem","position":2,"name":"Giro radical de los acontecimientos en Corea del Norte"}]},{"@type":"WebSite","@id":"https:\/\/www.tressis.com\/ca\/#website","url":"https:\/\/www.tressis.com\/ca\/","name":"Tressis banca privada","description":"Tressis | Planificaci\u00f3n financiera y gesti\u00f3n de patrimonios","publisher":{"@id":"https:\/\/www.tressis.com\/ca\/#organization"},"potentialAction":[{"@type":"SearchAction","target":{"@type":"EntryPoint","urlTemplate":"https:\/\/www.tressis.com\/ca\/?s={search_term_string}"},"query-input":{"@type":"PropertyValueSpecification","valueRequired":true,"valueName":"search_term_string"}}],"inLanguage":"ca"},{"@type":"Organization","@id":"https:\/\/www.tressis.com\/ca\/#organization","name":"Tressis","url":"https:\/\/www.tressis.com\/ca\/","logo":{"@type":"ImageObject","inLanguage":"ca","@id":"https:\/\/www.tressis.com\/ca\/#\/schema\/logo\/image\/","url":"https:\/\/www.tressis.com\/wp-content\/uploads\/2025\/06\/logo-tressis-112.png","contentUrl":"https:\/\/www.tressis.com\/wp-content\/uploads\/2025\/06\/logo-tressis-112.png","width":112,"height":112,"caption":"Tressis"},"image":{"@id":"https:\/\/www.tressis.com\/ca\/#\/schema\/logo\/image\/"},"sameAs":["https:\/\/www.facebook.com\/Tressis\/","https:\/\/x.com\/TressisSV","https:\/\/www.instagram.com\/tressissv\/?hl=es","https:\/\/linkedin.com\/company\/tressis\/","https:\/\/www.youtube.com\/user\/tressissv","https:\/\/open.spotify.com\/show\/3jmTe1Nf0wqMILl7diWV6h?si=d7112519f13c4593&nd=1"]},{"@type":"Person","@id":"https:\/\/www.tressis.com\/ca\/#\/schema\/person\/b833c1d724d8764920b6d6852c70584e","name":"Lola","image":{"@type":"ImageObject","inLanguage":"ca","@id":"https:\/\/secure.gravatar.com\/avatar\/05e646486b23ff45df9649110609c7e31b8c4a3e2821caa23d6317f405e0c51d?s=96&d=mm&r=g","url":"https:\/\/secure.gravatar.com\/avatar\/05e646486b23ff45df9649110609c7e31b8c4a3e2821caa23d6317f405e0c51d?s=96&d=mm&r=g","contentUrl":"https:\/\/secure.gravatar.com\/avatar\/05e646486b23ff45df9649110609c7e31b8c4a3e2821caa23d6317f405e0c51d?s=96&d=mm&r=g","caption":"Lola"}}]}},"_links":{"self":[{"href":"https:\/\/www.tressis.com\/ca\/wp-json\/wp\/v2\/posts\/28524","targetHints":{"allow":["GET"]}}],"collection":[{"href":"https:\/\/www.tressis.com\/ca\/wp-json\/wp\/v2\/posts"}],"about":[{"href":"https:\/\/www.tressis.com\/ca\/wp-json\/wp\/v2\/types\/post"}],"author":[{"embeddable":true,"href":"https:\/\/www.tressis.com\/ca\/wp-json\/wp\/v2\/users\/4"}],"replies":[{"embeddable":true,"href":"https:\/\/www.tressis.com\/ca\/wp-json\/wp\/v2\/comments?post=28524"}],"version-history":[{"count":0,"href":"https:\/\/www.tressis.com\/ca\/wp-json\/wp\/v2\/posts\/28524\/revisions"}],"wp:featuredmedia":[{"embeddable":true,"href":"https:\/\/www.tressis.com\/ca\/wp-json\/wp\/v2\/media\/28525"}],"wp:attachment":[{"href":"https:\/\/www.tressis.com\/ca\/wp-json\/wp\/v2\/media?parent=28524"}],"wp:term":[{"taxonomy":"category","embeddable":true,"href":"https:\/\/www.tressis.com\/ca\/wp-json\/wp\/v2\/categories?post=28524"},{"taxonomy":"post_tag","embeddable":true,"href":"https:\/\/www.tressis.com\/ca\/wp-json\/wp\/v2\/tags?post=28524"}],"curies":[{"name":"wp","href":"https:\/\/api.w.org\/{rel}","templated":true}]}}