{"id":28494,"date":"2018-03-23T10:55:23","date_gmt":"2018-03-23T09:55:23","guid":{"rendered":"http:\/\/www.tressis.com\/blog\/?p=28494"},"modified":"2018-03-23T10:55:23","modified_gmt":"2018-03-23T09:55:23","slug":"ee-uu-declara-la-guerra-comercial-a-china","status":"publish","type":"post","link":"https:\/\/www.tressis.com\/ca\/blog\/ee-uu-declara-la-guerra-comercial-a-china\/","title":{"rendered":"EE.UU. declara la guerra comercial a China"},"content":{"rendered":"<p>Las bolsas caen arrastradas por el temor a una guerra comercial entre China y Estados Unidos.<!--more--><\/p>\n<p>El presidente Trump anunciaba ayer nuevas sanciones comerciales contra productos chinos por valor de 50.000 millones, acusando al gigante asi\u00e1tico de robar tecnolog\u00eda y derechos de propiedad intelectual. Mientras, el gobierno de Xi Jinping prometi\u00f3 responder a estas medidas. Todo apunta a que el pr\u00f3ximo episodio de esta guerra lo sufrir\u00e1n los agricultores del Medio Oeste americano, votantes republicanos.  <\/p>\n<p>En este caso Europa ha salido mejor parada, pero a ver cu\u00e1nto tiempo tarda Trump en darse cuenta del d\u00e9ficit comercial de la primera econom\u00eda del mundo con la zona comunitaria. Por ahora nos libramos hasta de las restricciones al acero anunciadas hace un par de semanas. Pero los empresarios empiezan a estar preocupados y las encuestas de actividad del sector privado han registrado en marzo m\u00ednimos de m\u00e1s de un a\u00f1o. Aunque la media de la lectura del PMI del primer trimestre sigue siendo relativamente alentadora, indicando un aumento del PIB de 0,7-0,8%, la p\u00e9rdida de impulso desde el boyante inicio de a\u00f1o ha sido bastante dr\u00e1stica. De hecho, la confianza de los empresarios alemanes sufr\u00eda un nuevo rev\u00e9s.<\/p>\n<p>Los bonos est\u00e1n sirviendo de refugio, aunque no de una manera tan clara como cabr\u00eda esperar. Es posible que el mercado este descontado que imponer aranceles implica que los productos se volver\u00e1n m\u00e1s caros e incentivar\u00e1n la inflaci\u00f3n, pero los efectos negativos para la econom\u00eda de una guerra comercial podr\u00edan provocar precisamente lo contrario.<\/p>\n<p>Hoy, Viernes de Dolores, la comunicaci\u00f3n de datos macroecon\u00f3micos ser\u00e1 escasa, pero eso da igual a un mercado que vuelve a vivir de las decisiones pol\u00edticas y ha dado la espalda a los buenos datos econ\u00f3micos publicados en los \u00faltimos doce meses.<\/p>\n<p>Buen fin de semana.<\/p>\n<p><center><strong>Jorge Gonz\u00e1lez G\u00f3mez<\/strong><br \/>\nDirecci\u00f3n de Inversiones<\/center><\/p>\n","protected":false},"excerpt":{"rendered":"<p>Las bolsas caen arrastradas por el temor a una guerra comercial entre China y Estados Unidos.<\/p>\n","protected":false},"author":4,"featured_media":28495,"comment_status":"open","ping_status":"closed","sticky":false,"template":"","format":"standard","meta":{"_acf_changed":false,"footnotes":""},"categories":[9721],"tags":[789,854,1118,1810,1829,1884,2492,2556,4061,4856,4927,5738,6013,6734,6973],"class_list":["post-28494","post","type-post","status-publish","format-standard","has-post-thumbnail","hentry","category-morning-meeting","tag-bonos-refugio","tag-buenos-datos-economicos","tag-china","tag-decisiones-politicas","tag-deficit-comercial","tag-derechos-propiedad-intelectual","tag-estados-unidos","tag-europa","tag-medio-oeste-americano","tag-pib","tag-pmi","tag-republicanos","tag-sanciones-comerciales","tag-trump","tag-xi-jinping"],"acf":[],"yoast_head":"<!-- This site is optimized with the Yoast SEO plugin v27.4 - https:\/\/yoast.com\/product\/yoast-seo-wordpress\/ -->\n<title>EE.UU. declara la guerra comercial a China<\/title>\n<meta name=\"description\" content=\"Trump acusa al gigante asi\u00e1tico de robar tecnolog\u00eda y derechos de propiedad intelectual\" \/>\n<meta name=\"robots\" content=\"index, follow, max-snippet:-1, max-image-preview:large, max-video-preview:-1\" \/>\n<link rel=\"canonical\" href=\"https:\/\/www.tressis.com\/ca\/blog\/ee-uu-declara-la-guerra-comercial-a-china\/\" \/>\n<meta property=\"og:locale\" content=\"ca_ES\" \/>\n<meta property=\"og:type\" content=\"article\" \/>\n<meta property=\"og:title\" content=\"EE.UU. declara la guerra comercial a China\" \/>\n<meta property=\"og:description\" content=\"Trump acusa al gigante asi\u00e1tico de robar tecnolog\u00eda y derechos de propiedad intelectual\" \/>\n<meta property=\"og:url\" content=\"https:\/\/www.tressis.com\/ca\/blog\/ee-uu-declara-la-guerra-comercial-a-china\/\" \/>\n<meta property=\"og:site_name\" content=\"Tressis\" \/>\n<meta property=\"article:publisher\" content=\"https:\/\/www.facebook.com\/Tressis\/\" \/>\n<meta property=\"article:published_time\" content=\"2018-03-23T09:55:23+00:00\" \/>\n<meta property=\"og:image\" content=\"https:\/\/www.tressis.com\/wp-content\/uploads\/2018\/03\/20180323-mmv.jpg\" \/>\n\t<meta property=\"og:image:width\" content=\"1100\" \/>\n\t<meta property=\"og:image:height\" content=\"487\" \/>\n\t<meta property=\"og:image:type\" content=\"image\/jpeg\" \/>\n<meta name=\"author\" content=\"Lola\" \/>\n<meta name=\"twitter:card\" content=\"summary_large_image\" \/>\n<meta name=\"twitter:creator\" content=\"@TressisSV\" \/>\n<meta name=\"twitter:site\" content=\"@TressisSV\" \/>\n<meta name=\"twitter:label1\" content=\"Escrit per\" \/>\n\t<meta name=\"twitter:data1\" content=\"Lola\" \/>\n\t<meta name=\"twitter:label2\" content=\"Temps estimat de lectura\" \/>\n\t<meta name=\"twitter:data2\" content=\"2 minuts\" \/>\n<script type=\"application\/ld+json\" class=\"yoast-schema-graph\">{\"@context\":\"https:\\\/\\\/schema.org\",\"@graph\":[{\"@type\":\"Article\",\"@id\":\"https:\\\/\\\/www.tressis.com\\\/ca\\\/blog\\\/ee-uu-declara-la-guerra-comercial-a-china\\\/#article\",\"isPartOf\":{\"@id\":\"https:\\\/\\\/www.tressis.com\\\/ca\\\/blog\\\/ee-uu-declara-la-guerra-comercial-a-china\\\/\"},\"author\":{\"name\":\"Lola\",\"@id\":\"https:\\\/\\\/www.tressis.com\\\/ca\\\/#\\\/schema\\\/person\\\/b833c1d724d8764920b6d6852c70584e\"},\"headline\":\"EE.UU. declara la guerra comercial a China\",\"datePublished\":\"2018-03-23T09:55:23+00:00\",\"mainEntityOfPage\":{\"@id\":\"https:\\\/\\\/www.tressis.com\\\/ca\\\/blog\\\/ee-uu-declara-la-guerra-comercial-a-china\\\/\"},\"wordCount\":338,\"commentCount\":0,\"publisher\":{\"@id\":\"https:\\\/\\\/www.tressis.com\\\/ca\\\/#organization\"},\"image\":{\"@id\":\"https:\\\/\\\/www.tressis.com\\\/ca\\\/blog\\\/ee-uu-declara-la-guerra-comercial-a-china\\\/#primaryimage\"},\"thumbnailUrl\":\"https:\\\/\\\/www.tressis.com\\\/wp-content\\\/uploads\\\/2018\\\/03\\\/20180323-mmv.jpg\",\"keywords\":[\"bonos refugio\",\"buenos datos econ\u00f3micos\",\"china\",\"decisiones pol\u00edticas\",\"d\u00e9ficit comercial\",\"derechos propiedad intelectual\",\"Estados Unidos\",\"Europa\",\"medio oeste americano\",\"PIB\",\"PMI\",\"republicanos\",\"sanciones comerciales\",\"Trump\",\"Xi Jinping\"],\"articleSection\":[\"Morning meeting\"],\"inLanguage\":\"ca\",\"potentialAction\":[{\"@type\":\"CommentAction\",\"name\":\"Comment\",\"target\":[\"https:\\\/\\\/www.tressis.com\\\/ca\\\/blog\\\/ee-uu-declara-la-guerra-comercial-a-china\\\/#respond\"]}]},{\"@type\":\"WebPage\",\"@id\":\"https:\\\/\\\/www.tressis.com\\\/ca\\\/blog\\\/ee-uu-declara-la-guerra-comercial-a-china\\\/\",\"url\":\"https:\\\/\\\/www.tressis.com\\\/ca\\\/blog\\\/ee-uu-declara-la-guerra-comercial-a-china\\\/\",\"name\":\"EE.UU. declara la guerra comercial a China\",\"isPartOf\":{\"@id\":\"https:\\\/\\\/www.tressis.com\\\/ca\\\/#website\"},\"primaryImageOfPage\":{\"@id\":\"https:\\\/\\\/www.tressis.com\\\/ca\\\/blog\\\/ee-uu-declara-la-guerra-comercial-a-china\\\/#primaryimage\"},\"image\":{\"@id\":\"https:\\\/\\\/www.tressis.com\\\/ca\\\/blog\\\/ee-uu-declara-la-guerra-comercial-a-china\\\/#primaryimage\"},\"thumbnailUrl\":\"https:\\\/\\\/www.tressis.com\\\/wp-content\\\/uploads\\\/2018\\\/03\\\/20180323-mmv.jpg\",\"datePublished\":\"2018-03-23T09:55:23+00:00\",\"description\":\"Trump acusa al gigante asi\u00e1tico de robar tecnolog\u00eda y derechos de propiedad intelectual\",\"breadcrumb\":{\"@id\":\"https:\\\/\\\/www.tressis.com\\\/ca\\\/blog\\\/ee-uu-declara-la-guerra-comercial-a-china\\\/#breadcrumb\"},\"inLanguage\":\"ca\",\"potentialAction\":[{\"@type\":\"ReadAction\",\"target\":[\"https:\\\/\\\/www.tressis.com\\\/ca\\\/blog\\\/ee-uu-declara-la-guerra-comercial-a-china\\\/\"]}]},{\"@type\":\"ImageObject\",\"inLanguage\":\"ca\",\"@id\":\"https:\\\/\\\/www.tressis.com\\\/ca\\\/blog\\\/ee-uu-declara-la-guerra-comercial-a-china\\\/#primaryimage\",\"url\":\"https:\\\/\\\/www.tressis.com\\\/wp-content\\\/uploads\\\/2018\\\/03\\\/20180323-mmv.jpg\",\"contentUrl\":\"https:\\\/\\\/www.tressis.com\\\/wp-content\\\/uploads\\\/2018\\\/03\\\/20180323-mmv.jpg\",\"width\":1100,\"height\":487,\"caption\":\"EE.UU. declara la guerra comercial a China\"},{\"@type\":\"BreadcrumbList\",\"@id\":\"https:\\\/\\\/www.tressis.com\\\/ca\\\/blog\\\/ee-uu-declara-la-guerra-comercial-a-china\\\/#breadcrumb\",\"itemListElement\":[{\"@type\":\"ListItem\",\"position\":1,\"name\":\"Inicio\",\"item\":\"https:\\\/\\\/www.tressis.com\\\/ca\\\/\"},{\"@type\":\"ListItem\",\"position\":2,\"name\":\"EE.UU. declara la guerra comercial a China\"}]},{\"@type\":\"WebSite\",\"@id\":\"https:\\\/\\\/www.tressis.com\\\/ca\\\/#website\",\"url\":\"https:\\\/\\\/www.tressis.com\\\/ca\\\/\",\"name\":\"Tressis banca privada\",\"description\":\"Tressis | Planificaci\u00f3n financiera y gesti\u00f3n de patrimonios\",\"publisher\":{\"@id\":\"https:\\\/\\\/www.tressis.com\\\/ca\\\/#organization\"},\"potentialAction\":[{\"@type\":\"SearchAction\",\"target\":{\"@type\":\"EntryPoint\",\"urlTemplate\":\"https:\\\/\\\/www.tressis.com\\\/ca\\\/?s={search_term_string}\"},\"query-input\":{\"@type\":\"PropertyValueSpecification\",\"valueRequired\":true,\"valueName\":\"search_term_string\"}}],\"inLanguage\":\"ca\"},{\"@type\":\"Organization\",\"@id\":\"https:\\\/\\\/www.tressis.com\\\/ca\\\/#organization\",\"name\":\"Tressis\",\"url\":\"https:\\\/\\\/www.tressis.com\\\/ca\\\/\",\"logo\":{\"@type\":\"ImageObject\",\"inLanguage\":\"ca\",\"@id\":\"https:\\\/\\\/www.tressis.com\\\/ca\\\/#\\\/schema\\\/logo\\\/image\\\/\",\"url\":\"https:\\\/\\\/www.tressis.com\\\/wp-content\\\/uploads\\\/2025\\\/06\\\/logo-tressis-112.png\",\"contentUrl\":\"https:\\\/\\\/www.tressis.com\\\/wp-content\\\/uploads\\\/2025\\\/06\\\/logo-tressis-112.png\",\"width\":112,\"height\":112,\"caption\":\"Tressis\"},\"image\":{\"@id\":\"https:\\\/\\\/www.tressis.com\\\/ca\\\/#\\\/schema\\\/logo\\\/image\\\/\"},\"sameAs\":[\"https:\\\/\\\/www.facebook.com\\\/Tressis\\\/\",\"https:\\\/\\\/x.com\\\/TressisSV\",\"https:\\\/\\\/www.instagram.com\\\/tressissv\\\/?hl=es\",\"https:\\\/\\\/linkedin.com\\\/company\\\/tressis\\\/\",\"https:\\\/\\\/www.youtube.com\\\/user\\\/tressissv\",\"https:\\\/\\\/open.spotify.com\\\/show\\\/3jmTe1Nf0wqMILl7diWV6h?si=d7112519f13c4593&nd=1\"]},{\"@type\":\"Person\",\"@id\":\"https:\\\/\\\/www.tressis.com\\\/ca\\\/#\\\/schema\\\/person\\\/b833c1d724d8764920b6d6852c70584e\",\"name\":\"Lola\",\"image\":{\"@type\":\"ImageObject\",\"inLanguage\":\"ca\",\"@id\":\"https:\\\/\\\/secure.gravatar.com\\\/avatar\\\/05e646486b23ff45df9649110609c7e31b8c4a3e2821caa23d6317f405e0c51d?s=96&d=mm&r=g\",\"url\":\"https:\\\/\\\/secure.gravatar.com\\\/avatar\\\/05e646486b23ff45df9649110609c7e31b8c4a3e2821caa23d6317f405e0c51d?s=96&d=mm&r=g\",\"contentUrl\":\"https:\\\/\\\/secure.gravatar.com\\\/avatar\\\/05e646486b23ff45df9649110609c7e31b8c4a3e2821caa23d6317f405e0c51d?s=96&d=mm&r=g\",\"caption\":\"Lola\"}}]}<\/script>\n<!-- \/ Yoast SEO plugin. -->","yoast_head_json":{"title":"EE.UU. declara la guerra comercial a China","description":"Trump acusa al gigante asi\u00e1tico de robar tecnolog\u00eda y derechos de propiedad intelectual","robots":{"index":"index","follow":"follow","max-snippet":"max-snippet:-1","max-image-preview":"max-image-preview:large","max-video-preview":"max-video-preview:-1"},"canonical":"https:\/\/www.tressis.com\/ca\/blog\/ee-uu-declara-la-guerra-comercial-a-china\/","og_locale":"ca_ES","og_type":"article","og_title":"EE.UU. declara la guerra comercial a China","og_description":"Trump acusa al gigante asi\u00e1tico de robar tecnolog\u00eda y derechos de propiedad intelectual","og_url":"https:\/\/www.tressis.com\/ca\/blog\/ee-uu-declara-la-guerra-comercial-a-china\/","og_site_name":"Tressis","article_publisher":"https:\/\/www.facebook.com\/Tressis\/","article_published_time":"2018-03-23T09:55:23+00:00","og_image":[{"width":1100,"height":487,"url":"https:\/\/www.tressis.com\/wp-content\/uploads\/2018\/03\/20180323-mmv.jpg","type":"image\/jpeg"}],"author":"Lola","twitter_card":"summary_large_image","twitter_creator":"@TressisSV","twitter_site":"@TressisSV","twitter_misc":{"Escrit per":"Lola","Temps estimat de lectura":"2 minuts"},"schema":{"@context":"https:\/\/schema.org","@graph":[{"@type":"Article","@id":"https:\/\/www.tressis.com\/ca\/blog\/ee-uu-declara-la-guerra-comercial-a-china\/#article","isPartOf":{"@id":"https:\/\/www.tressis.com\/ca\/blog\/ee-uu-declara-la-guerra-comercial-a-china\/"},"author":{"name":"Lola","@id":"https:\/\/www.tressis.com\/ca\/#\/schema\/person\/b833c1d724d8764920b6d6852c70584e"},"headline":"EE.UU. declara la guerra comercial a China","datePublished":"2018-03-23T09:55:23+00:00","mainEntityOfPage":{"@id":"https:\/\/www.tressis.com\/ca\/blog\/ee-uu-declara-la-guerra-comercial-a-china\/"},"wordCount":338,"commentCount":0,"publisher":{"@id":"https:\/\/www.tressis.com\/ca\/#organization"},"image":{"@id":"https:\/\/www.tressis.com\/ca\/blog\/ee-uu-declara-la-guerra-comercial-a-china\/#primaryimage"},"thumbnailUrl":"https:\/\/www.tressis.com\/wp-content\/uploads\/2018\/03\/20180323-mmv.jpg","keywords":["bonos refugio","buenos datos econ\u00f3micos","china","decisiones pol\u00edticas","d\u00e9ficit comercial","derechos propiedad intelectual","Estados Unidos","Europa","medio oeste americano","PIB","PMI","republicanos","sanciones comerciales","Trump","Xi Jinping"],"articleSection":["Morning meeting"],"inLanguage":"ca","potentialAction":[{"@type":"CommentAction","name":"Comment","target":["https:\/\/www.tressis.com\/ca\/blog\/ee-uu-declara-la-guerra-comercial-a-china\/#respond"]}]},{"@type":"WebPage","@id":"https:\/\/www.tressis.com\/ca\/blog\/ee-uu-declara-la-guerra-comercial-a-china\/","url":"https:\/\/www.tressis.com\/ca\/blog\/ee-uu-declara-la-guerra-comercial-a-china\/","name":"EE.UU. declara la guerra comercial a China","isPartOf":{"@id":"https:\/\/www.tressis.com\/ca\/#website"},"primaryImageOfPage":{"@id":"https:\/\/www.tressis.com\/ca\/blog\/ee-uu-declara-la-guerra-comercial-a-china\/#primaryimage"},"image":{"@id":"https:\/\/www.tressis.com\/ca\/blog\/ee-uu-declara-la-guerra-comercial-a-china\/#primaryimage"},"thumbnailUrl":"https:\/\/www.tressis.com\/wp-content\/uploads\/2018\/03\/20180323-mmv.jpg","datePublished":"2018-03-23T09:55:23+00:00","description":"Trump acusa al gigante asi\u00e1tico de robar tecnolog\u00eda y derechos de propiedad intelectual","breadcrumb":{"@id":"https:\/\/www.tressis.com\/ca\/blog\/ee-uu-declara-la-guerra-comercial-a-china\/#breadcrumb"},"inLanguage":"ca","potentialAction":[{"@type":"ReadAction","target":["https:\/\/www.tressis.com\/ca\/blog\/ee-uu-declara-la-guerra-comercial-a-china\/"]}]},{"@type":"ImageObject","inLanguage":"ca","@id":"https:\/\/www.tressis.com\/ca\/blog\/ee-uu-declara-la-guerra-comercial-a-china\/#primaryimage","url":"https:\/\/www.tressis.com\/wp-content\/uploads\/2018\/03\/20180323-mmv.jpg","contentUrl":"https:\/\/www.tressis.com\/wp-content\/uploads\/2018\/03\/20180323-mmv.jpg","width":1100,"height":487,"caption":"EE.UU. declara la guerra comercial a China"},{"@type":"BreadcrumbList","@id":"https:\/\/www.tressis.com\/ca\/blog\/ee-uu-declara-la-guerra-comercial-a-china\/#breadcrumb","itemListElement":[{"@type":"ListItem","position":1,"name":"Inicio","item":"https:\/\/www.tressis.com\/ca\/"},{"@type":"ListItem","position":2,"name":"EE.UU. declara la guerra comercial a China"}]},{"@type":"WebSite","@id":"https:\/\/www.tressis.com\/ca\/#website","url":"https:\/\/www.tressis.com\/ca\/","name":"Tressis banca privada","description":"Tressis | Planificaci\u00f3n financiera y gesti\u00f3n de patrimonios","publisher":{"@id":"https:\/\/www.tressis.com\/ca\/#organization"},"potentialAction":[{"@type":"SearchAction","target":{"@type":"EntryPoint","urlTemplate":"https:\/\/www.tressis.com\/ca\/?s={search_term_string}"},"query-input":{"@type":"PropertyValueSpecification","valueRequired":true,"valueName":"search_term_string"}}],"inLanguage":"ca"},{"@type":"Organization","@id":"https:\/\/www.tressis.com\/ca\/#organization","name":"Tressis","url":"https:\/\/www.tressis.com\/ca\/","logo":{"@type":"ImageObject","inLanguage":"ca","@id":"https:\/\/www.tressis.com\/ca\/#\/schema\/logo\/image\/","url":"https:\/\/www.tressis.com\/wp-content\/uploads\/2025\/06\/logo-tressis-112.png","contentUrl":"https:\/\/www.tressis.com\/wp-content\/uploads\/2025\/06\/logo-tressis-112.png","width":112,"height":112,"caption":"Tressis"},"image":{"@id":"https:\/\/www.tressis.com\/ca\/#\/schema\/logo\/image\/"},"sameAs":["https:\/\/www.facebook.com\/Tressis\/","https:\/\/x.com\/TressisSV","https:\/\/www.instagram.com\/tressissv\/?hl=es","https:\/\/linkedin.com\/company\/tressis\/","https:\/\/www.youtube.com\/user\/tressissv","https:\/\/open.spotify.com\/show\/3jmTe1Nf0wqMILl7diWV6h?si=d7112519f13c4593&nd=1"]},{"@type":"Person","@id":"https:\/\/www.tressis.com\/ca\/#\/schema\/person\/b833c1d724d8764920b6d6852c70584e","name":"Lola","image":{"@type":"ImageObject","inLanguage":"ca","@id":"https:\/\/secure.gravatar.com\/avatar\/05e646486b23ff45df9649110609c7e31b8c4a3e2821caa23d6317f405e0c51d?s=96&d=mm&r=g","url":"https:\/\/secure.gravatar.com\/avatar\/05e646486b23ff45df9649110609c7e31b8c4a3e2821caa23d6317f405e0c51d?s=96&d=mm&r=g","contentUrl":"https:\/\/secure.gravatar.com\/avatar\/05e646486b23ff45df9649110609c7e31b8c4a3e2821caa23d6317f405e0c51d?s=96&d=mm&r=g","caption":"Lola"}}]}},"_links":{"self":[{"href":"https:\/\/www.tressis.com\/ca\/wp-json\/wp\/v2\/posts\/28494","targetHints":{"allow":["GET"]}}],"collection":[{"href":"https:\/\/www.tressis.com\/ca\/wp-json\/wp\/v2\/posts"}],"about":[{"href":"https:\/\/www.tressis.com\/ca\/wp-json\/wp\/v2\/types\/post"}],"author":[{"embeddable":true,"href":"https:\/\/www.tressis.com\/ca\/wp-json\/wp\/v2\/users\/4"}],"replies":[{"embeddable":true,"href":"https:\/\/www.tressis.com\/ca\/wp-json\/wp\/v2\/comments?post=28494"}],"version-history":[{"count":0,"href":"https:\/\/www.tressis.com\/ca\/wp-json\/wp\/v2\/posts\/28494\/revisions"}],"wp:featuredmedia":[{"embeddable":true,"href":"https:\/\/www.tressis.com\/ca\/wp-json\/wp\/v2\/media\/28495"}],"wp:attachment":[{"href":"https:\/\/www.tressis.com\/ca\/wp-json\/wp\/v2\/media?parent=28494"}],"wp:term":[{"taxonomy":"category","embeddable":true,"href":"https:\/\/www.tressis.com\/ca\/wp-json\/wp\/v2\/categories?post=28494"},{"taxonomy":"post_tag","embeddable":true,"href":"https:\/\/www.tressis.com\/ca\/wp-json\/wp\/v2\/tags?post=28494"}],"curies":[{"name":"wp","href":"https:\/\/api.w.org\/{rel}","templated":true}]}}