{"id":28412,"date":"2018-03-15T10:43:57","date_gmt":"2018-03-15T09:43:57","guid":{"rendered":"http:\/\/www.tressis.com\/blog\/?p=28412"},"modified":"2018-03-15T10:43:57","modified_gmt":"2018-03-15T09:43:57","slug":"seguira-draghi-apoyando-a-los-mercados-por-mucho-tiempo","status":"publish","type":"post","link":"https:\/\/www.tressis.com\/ca\/blog\/seguira-draghi-apoyando-a-los-mercados-por-mucho-tiempo\/","title":{"rendered":"\u00bfSeguir\u00e1 Draghi apoyando a los mercados por mucho tiempo?"},"content":{"rendered":"<p>El temor a una guerra comercial por la pol\u00edtica proteccionista de la administraci\u00f3n Trump empieza a lastrar el comportamiento de ciertas compa\u00f1\u00edas estadounidenses.<!--more--><\/p>\n<p>La propuesta de gravar con aranceles del 25% las importaciones de acero y del 10% el aluminio impacta de lleno sobre Boeing, ya que no solo ve c\u00f3mo se pueden encarecer sus insumos, sino que tambi\u00e9n puede ser v\u00edctima de represalias por parte del Gobierno chino, en un momento en el que el gigante asi\u00e1tico desea impulsar sus propios modelos de largo recorrido.<\/p>\n<p>Estas noticias coincid\u00edan con datos macroecon\u00f3micos que ni fu ni fa, ya que las ventas minoristas en Estados Unidos decrecieron durante el febrero pasado, con lo cual suman tres meses seguidos de comportamientos negativos y el \u00edndice de precios a la producci\u00f3n del mismo mes ha reducido su ritmo de crecimiento. Normales, por tanto, las ca\u00eddas registradas ayer al otro lado del Atl\u00e1ntico.<\/p>\n<p>Pero eso al presidente parece que le da igual, \u00e9l sigue con su particular remodelaci\u00f3n de Gobierno. El \u00faltimo fichaje ha sido Larry Kudlow, presentador de televisi\u00f3n y que abomina los impuestos incluso m\u00e1s que el propio Trump, como nuevo director del Consejo Econ\u00f3mico Nacional en sustituci\u00f3n del carism\u00e1tico Gary Cohn.<\/p>\n<p>En Italia, el l\u00edder de la ultraderechista Liga Norte, Matteo Salvini, dejaba abierta ya la posibilidad de pactar un Gobierno con el movimiento antisistema Cinco Estrellas, el partido m\u00e1s votado, con el fin de poner fin al bloqueo pol\u00edtico que vive el pa\u00eds tras las elecciones del pasado d\u00eda 4. Por suerte para los inversores, ambos partidos han reducido mucho su tono sobre el futuro transalpino dentro de la Uni\u00f3n Europea y ahora simplemente apuestan por reformarla desde dentro.<\/p>\n<p>En un entorno donde parece que los pol\u00edticos quieren volver a ganar protagonismo, el presidente del BCE, Mario Draghi, volv\u00eda a ejercer de salvavidas al asegurar que los futuros ajustes que la instituci\u00f3n pueda acometer en sus pol\u00edticas ser\u00e1n predecibles y moderados con vistas a facilitar la convergencia de la inflaci\u00f3n, que se mueve &#8220;en la senda correcta&#8221;. O lo que es lo mismo, seguir\u00e1 apoyando a los mercados a\u00fan por mucho tiempo.<\/p>\n<p>Durante el d\u00eda de hoy tambi\u00e9n contaremos con los primeros datos de marzo, siendo la encuesta manufacturera de NY y el panorama de negocios de la Fed de Filadelfia los m\u00e1s esperados <\/p>\n<p>Buen d\u00eda.<\/p>\n<p><center><strong>Jorge Gonz\u00e1lez G\u00f3mez<\/strong><br \/>\nDirecci\u00f3n de Inversiones<\/center><\/p>\n","protected":false},"excerpt":{"rendered":"<p>El temor a una guerra comercial por la pol\u00edtica proteccionista de la administraci\u00f3n Trump empieza a lastrar el comportamiento de ciertas compa\u00f1\u00edas estadounidenses.<\/p>\n","protected":false},"author":4,"featured_media":28415,"comment_status":"open","ping_status":"closed","sticky":false,"template":"","format":"standard","meta":{"_acf_changed":false,"footnotes":""},"categories":[9721],"tags":[559,626,2129,2355,2720,2735,2960,3128,3453,3793,4005,6734,6772],"class_list":["post-28412","post","type-post","status-publish","format-standard","has-post-thumbnail","hentry","category-morning-meeting","tag-bce","tag-boeing","tag-draghi","tag-encuesta-manufacturera","tag-fed","tag-filadelfia","tag-gary-cohn","tag-guerra-comercial","tag-inflacion","tag-larry-kudlow","tag-matteo-salvini","tag-trump","tag-union-europea"],"acf":[],"yoast_head":"<!-- This site is optimized with the Yoast SEO plugin v27.4 - https:\/\/yoast.com\/product\/yoast-seo-wordpress\/ -->\n<title>\u00bfSeguir\u00e1 Draghi apoyando a los mercados por mucho tiempo?<\/title>\n<meta name=\"description\" content=\"El presidente volv\u00eda a ejercer de salvavidas al asegurar que los futuros ajustes que la instituci\u00f3n pueda acometer en sus pol\u00edticas ser\u00e1n predecibles y moderados\" \/>\n<meta name=\"robots\" content=\"index, follow, max-snippet:-1, max-image-preview:large, max-video-preview:-1\" \/>\n<link rel=\"canonical\" href=\"https:\/\/www.tressis.com\/ca\/blog\/seguira-draghi-apoyando-a-los-mercados-por-mucho-tiempo\/\" \/>\n<meta property=\"og:locale\" content=\"ca_ES\" \/>\n<meta property=\"og:type\" content=\"article\" \/>\n<meta property=\"og:title\" content=\"\u00bfSeguir\u00e1 Draghi apoyando a los mercados por mucho tiempo?\" \/>\n<meta property=\"og:description\" content=\"El presidente volv\u00eda a ejercer de salvavidas al asegurar que los futuros ajustes que la instituci\u00f3n pueda acometer en sus pol\u00edticas ser\u00e1n predecibles y moderados\" \/>\n<meta property=\"og:url\" content=\"https:\/\/www.tressis.com\/ca\/blog\/seguira-draghi-apoyando-a-los-mercados-por-mucho-tiempo\/\" \/>\n<meta property=\"og:site_name\" content=\"Tressis\" \/>\n<meta property=\"article:publisher\" content=\"https:\/\/www.facebook.com\/Tressis\/\" \/>\n<meta property=\"article:published_time\" content=\"2018-03-15T09:43:57+00:00\" \/>\n<meta property=\"og:image\" content=\"https:\/\/www.tressis.com\/wp-content\/uploads\/2018\/03\/20180315-mmv.jpg\" \/>\n\t<meta property=\"og:image:width\" content=\"1100\" \/>\n\t<meta property=\"og:image:height\" content=\"487\" \/>\n\t<meta property=\"og:image:type\" content=\"image\/jpeg\" \/>\n<meta name=\"author\" content=\"Lola\" \/>\n<meta name=\"twitter:card\" content=\"summary_large_image\" \/>\n<meta name=\"twitter:creator\" content=\"@TressisSV\" \/>\n<meta name=\"twitter:site\" content=\"@TressisSV\" \/>\n<meta name=\"twitter:label1\" content=\"Escrit per\" \/>\n\t<meta name=\"twitter:data1\" content=\"Lola\" \/>\n\t<meta name=\"twitter:label2\" content=\"Temps estimat de lectura\" \/>\n\t<meta name=\"twitter:data2\" content=\"2 minuts\" \/>\n<script type=\"application\/ld+json\" class=\"yoast-schema-graph\">{\"@context\":\"https:\\\/\\\/schema.org\",\"@graph\":[{\"@type\":\"Article\",\"@id\":\"https:\\\/\\\/www.tressis.com\\\/ca\\\/blog\\\/seguira-draghi-apoyando-a-los-mercados-por-mucho-tiempo\\\/#article\",\"isPartOf\":{\"@id\":\"https:\\\/\\\/www.tressis.com\\\/ca\\\/blog\\\/seguira-draghi-apoyando-a-los-mercados-por-mucho-tiempo\\\/\"},\"author\":{\"name\":\"Lola\",\"@id\":\"https:\\\/\\\/www.tressis.com\\\/ca\\\/#\\\/schema\\\/person\\\/b833c1d724d8764920b6d6852c70584e\"},\"headline\":\"\u00bfSeguir\u00e1 Draghi apoyando a los mercados por mucho tiempo?\",\"datePublished\":\"2018-03-15T09:43:57+00:00\",\"mainEntityOfPage\":{\"@id\":\"https:\\\/\\\/www.tressis.com\\\/ca\\\/blog\\\/seguira-draghi-apoyando-a-los-mercados-por-mucho-tiempo\\\/\"},\"wordCount\":436,\"commentCount\":0,\"publisher\":{\"@id\":\"https:\\\/\\\/www.tressis.com\\\/ca\\\/#organization\"},\"image\":{\"@id\":\"https:\\\/\\\/www.tressis.com\\\/ca\\\/blog\\\/seguira-draghi-apoyando-a-los-mercados-por-mucho-tiempo\\\/#primaryimage\"},\"thumbnailUrl\":\"https:\\\/\\\/www.tressis.com\\\/wp-content\\\/uploads\\\/2018\\\/03\\\/20180315-mmv.jpg\",\"keywords\":[\"BCE\",\"Boeing\",\"draghi\",\"encuesta manufacturera\",\"fed\",\"Filadelfia\",\"Gary Cohn\",\"guerra comercial\",\"inflaci\u00f3n\",\"Larry Kudlow\",\"Matteo Salvini\",\"Trump\",\"Uni\u00f3n Europea\"],\"articleSection\":[\"Morning meeting\"],\"inLanguage\":\"ca\",\"potentialAction\":[{\"@type\":\"CommentAction\",\"name\":\"Comment\",\"target\":[\"https:\\\/\\\/www.tressis.com\\\/ca\\\/blog\\\/seguira-draghi-apoyando-a-los-mercados-por-mucho-tiempo\\\/#respond\"]}]},{\"@type\":\"WebPage\",\"@id\":\"https:\\\/\\\/www.tressis.com\\\/ca\\\/blog\\\/seguira-draghi-apoyando-a-los-mercados-por-mucho-tiempo\\\/\",\"url\":\"https:\\\/\\\/www.tressis.com\\\/ca\\\/blog\\\/seguira-draghi-apoyando-a-los-mercados-por-mucho-tiempo\\\/\",\"name\":\"\u00bfSeguir\u00e1 Draghi apoyando a los mercados por mucho tiempo?\",\"isPartOf\":{\"@id\":\"https:\\\/\\\/www.tressis.com\\\/ca\\\/#website\"},\"primaryImageOfPage\":{\"@id\":\"https:\\\/\\\/www.tressis.com\\\/ca\\\/blog\\\/seguira-draghi-apoyando-a-los-mercados-por-mucho-tiempo\\\/#primaryimage\"},\"image\":{\"@id\":\"https:\\\/\\\/www.tressis.com\\\/ca\\\/blog\\\/seguira-draghi-apoyando-a-los-mercados-por-mucho-tiempo\\\/#primaryimage\"},\"thumbnailUrl\":\"https:\\\/\\\/www.tressis.com\\\/wp-content\\\/uploads\\\/2018\\\/03\\\/20180315-mmv.jpg\",\"datePublished\":\"2018-03-15T09:43:57+00:00\",\"description\":\"El presidente volv\u00eda a ejercer de salvavidas al asegurar que los futuros ajustes que la instituci\u00f3n pueda acometer en sus pol\u00edticas ser\u00e1n predecibles y moderados\",\"breadcrumb\":{\"@id\":\"https:\\\/\\\/www.tressis.com\\\/ca\\\/blog\\\/seguira-draghi-apoyando-a-los-mercados-por-mucho-tiempo\\\/#breadcrumb\"},\"inLanguage\":\"ca\",\"potentialAction\":[{\"@type\":\"ReadAction\",\"target\":[\"https:\\\/\\\/www.tressis.com\\\/ca\\\/blog\\\/seguira-draghi-apoyando-a-los-mercados-por-mucho-tiempo\\\/\"]}]},{\"@type\":\"ImageObject\",\"inLanguage\":\"ca\",\"@id\":\"https:\\\/\\\/www.tressis.com\\\/ca\\\/blog\\\/seguira-draghi-apoyando-a-los-mercados-por-mucho-tiempo\\\/#primaryimage\",\"url\":\"https:\\\/\\\/www.tressis.com\\\/wp-content\\\/uploads\\\/2018\\\/03\\\/20180315-mmv.jpg\",\"contentUrl\":\"https:\\\/\\\/www.tressis.com\\\/wp-content\\\/uploads\\\/2018\\\/03\\\/20180315-mmv.jpg\",\"width\":1100,\"height\":487,\"caption\":\"\u00bfSeguir\u00e1 Draghi apoyando a los mercados a\u00fan por mucho tiempo?\"},{\"@type\":\"BreadcrumbList\",\"@id\":\"https:\\\/\\\/www.tressis.com\\\/ca\\\/blog\\\/seguira-draghi-apoyando-a-los-mercados-por-mucho-tiempo\\\/#breadcrumb\",\"itemListElement\":[{\"@type\":\"ListItem\",\"position\":1,\"name\":\"Inicio\",\"item\":\"https:\\\/\\\/www.tressis.com\\\/ca\\\/\"},{\"@type\":\"ListItem\",\"position\":2,\"name\":\"\u00bfSeguir\u00e1 Draghi apoyando a los mercados por mucho tiempo?\"}]},{\"@type\":\"WebSite\",\"@id\":\"https:\\\/\\\/www.tressis.com\\\/ca\\\/#website\",\"url\":\"https:\\\/\\\/www.tressis.com\\\/ca\\\/\",\"name\":\"Tressis banca privada\",\"description\":\"Tressis | Planificaci\u00f3n financiera y gesti\u00f3n de patrimonios\",\"publisher\":{\"@id\":\"https:\\\/\\\/www.tressis.com\\\/ca\\\/#organization\"},\"potentialAction\":[{\"@type\":\"SearchAction\",\"target\":{\"@type\":\"EntryPoint\",\"urlTemplate\":\"https:\\\/\\\/www.tressis.com\\\/ca\\\/?s={search_term_string}\"},\"query-input\":{\"@type\":\"PropertyValueSpecification\",\"valueRequired\":true,\"valueName\":\"search_term_string\"}}],\"inLanguage\":\"ca\"},{\"@type\":\"Organization\",\"@id\":\"https:\\\/\\\/www.tressis.com\\\/ca\\\/#organization\",\"name\":\"Tressis\",\"url\":\"https:\\\/\\\/www.tressis.com\\\/ca\\\/\",\"logo\":{\"@type\":\"ImageObject\",\"inLanguage\":\"ca\",\"@id\":\"https:\\\/\\\/www.tressis.com\\\/ca\\\/#\\\/schema\\\/logo\\\/image\\\/\",\"url\":\"https:\\\/\\\/www.tressis.com\\\/wp-content\\\/uploads\\\/2025\\\/06\\\/logo-tressis-112.png\",\"contentUrl\":\"https:\\\/\\\/www.tressis.com\\\/wp-content\\\/uploads\\\/2025\\\/06\\\/logo-tressis-112.png\",\"width\":112,\"height\":112,\"caption\":\"Tressis\"},\"image\":{\"@id\":\"https:\\\/\\\/www.tressis.com\\\/ca\\\/#\\\/schema\\\/logo\\\/image\\\/\"},\"sameAs\":[\"https:\\\/\\\/www.facebook.com\\\/Tressis\\\/\",\"https:\\\/\\\/x.com\\\/TressisSV\",\"https:\\\/\\\/www.instagram.com\\\/tressissv\\\/?hl=es\",\"https:\\\/\\\/linkedin.com\\\/company\\\/tressis\\\/\",\"https:\\\/\\\/www.youtube.com\\\/user\\\/tressissv\",\"https:\\\/\\\/open.spotify.com\\\/show\\\/3jmTe1Nf0wqMILl7diWV6h?si=d7112519f13c4593&nd=1\"]},{\"@type\":\"Person\",\"@id\":\"https:\\\/\\\/www.tressis.com\\\/ca\\\/#\\\/schema\\\/person\\\/b833c1d724d8764920b6d6852c70584e\",\"name\":\"Lola\",\"image\":{\"@type\":\"ImageObject\",\"inLanguage\":\"ca\",\"@id\":\"https:\\\/\\\/secure.gravatar.com\\\/avatar\\\/05e646486b23ff45df9649110609c7e31b8c4a3e2821caa23d6317f405e0c51d?s=96&d=mm&r=g\",\"url\":\"https:\\\/\\\/secure.gravatar.com\\\/avatar\\\/05e646486b23ff45df9649110609c7e31b8c4a3e2821caa23d6317f405e0c51d?s=96&d=mm&r=g\",\"contentUrl\":\"https:\\\/\\\/secure.gravatar.com\\\/avatar\\\/05e646486b23ff45df9649110609c7e31b8c4a3e2821caa23d6317f405e0c51d?s=96&d=mm&r=g\",\"caption\":\"Lola\"}}]}<\/script>\n<!-- \/ Yoast SEO plugin. -->","yoast_head_json":{"title":"\u00bfSeguir\u00e1 Draghi apoyando a los mercados por mucho tiempo?","description":"El presidente volv\u00eda a ejercer de salvavidas al asegurar que los futuros ajustes que la instituci\u00f3n pueda acometer en sus pol\u00edticas ser\u00e1n predecibles y moderados","robots":{"index":"index","follow":"follow","max-snippet":"max-snippet:-1","max-image-preview":"max-image-preview:large","max-video-preview":"max-video-preview:-1"},"canonical":"https:\/\/www.tressis.com\/ca\/blog\/seguira-draghi-apoyando-a-los-mercados-por-mucho-tiempo\/","og_locale":"ca_ES","og_type":"article","og_title":"\u00bfSeguir\u00e1 Draghi apoyando a los mercados por mucho tiempo?","og_description":"El presidente volv\u00eda a ejercer de salvavidas al asegurar que los futuros ajustes que la instituci\u00f3n pueda acometer en sus pol\u00edticas ser\u00e1n predecibles y moderados","og_url":"https:\/\/www.tressis.com\/ca\/blog\/seguira-draghi-apoyando-a-los-mercados-por-mucho-tiempo\/","og_site_name":"Tressis","article_publisher":"https:\/\/www.facebook.com\/Tressis\/","article_published_time":"2018-03-15T09:43:57+00:00","og_image":[{"width":1100,"height":487,"url":"https:\/\/www.tressis.com\/wp-content\/uploads\/2018\/03\/20180315-mmv.jpg","type":"image\/jpeg"}],"author":"Lola","twitter_card":"summary_large_image","twitter_creator":"@TressisSV","twitter_site":"@TressisSV","twitter_misc":{"Escrit per":"Lola","Temps estimat de lectura":"2 minuts"},"schema":{"@context":"https:\/\/schema.org","@graph":[{"@type":"Article","@id":"https:\/\/www.tressis.com\/ca\/blog\/seguira-draghi-apoyando-a-los-mercados-por-mucho-tiempo\/#article","isPartOf":{"@id":"https:\/\/www.tressis.com\/ca\/blog\/seguira-draghi-apoyando-a-los-mercados-por-mucho-tiempo\/"},"author":{"name":"Lola","@id":"https:\/\/www.tressis.com\/ca\/#\/schema\/person\/b833c1d724d8764920b6d6852c70584e"},"headline":"\u00bfSeguir\u00e1 Draghi apoyando a los mercados por mucho tiempo?","datePublished":"2018-03-15T09:43:57+00:00","mainEntityOfPage":{"@id":"https:\/\/www.tressis.com\/ca\/blog\/seguira-draghi-apoyando-a-los-mercados-por-mucho-tiempo\/"},"wordCount":436,"commentCount":0,"publisher":{"@id":"https:\/\/www.tressis.com\/ca\/#organization"},"image":{"@id":"https:\/\/www.tressis.com\/ca\/blog\/seguira-draghi-apoyando-a-los-mercados-por-mucho-tiempo\/#primaryimage"},"thumbnailUrl":"https:\/\/www.tressis.com\/wp-content\/uploads\/2018\/03\/20180315-mmv.jpg","keywords":["BCE","Boeing","draghi","encuesta manufacturera","fed","Filadelfia","Gary Cohn","guerra comercial","inflaci\u00f3n","Larry Kudlow","Matteo Salvini","Trump","Uni\u00f3n Europea"],"articleSection":["Morning meeting"],"inLanguage":"ca","potentialAction":[{"@type":"CommentAction","name":"Comment","target":["https:\/\/www.tressis.com\/ca\/blog\/seguira-draghi-apoyando-a-los-mercados-por-mucho-tiempo\/#respond"]}]},{"@type":"WebPage","@id":"https:\/\/www.tressis.com\/ca\/blog\/seguira-draghi-apoyando-a-los-mercados-por-mucho-tiempo\/","url":"https:\/\/www.tressis.com\/ca\/blog\/seguira-draghi-apoyando-a-los-mercados-por-mucho-tiempo\/","name":"\u00bfSeguir\u00e1 Draghi apoyando a los mercados por mucho tiempo?","isPartOf":{"@id":"https:\/\/www.tressis.com\/ca\/#website"},"primaryImageOfPage":{"@id":"https:\/\/www.tressis.com\/ca\/blog\/seguira-draghi-apoyando-a-los-mercados-por-mucho-tiempo\/#primaryimage"},"image":{"@id":"https:\/\/www.tressis.com\/ca\/blog\/seguira-draghi-apoyando-a-los-mercados-por-mucho-tiempo\/#primaryimage"},"thumbnailUrl":"https:\/\/www.tressis.com\/wp-content\/uploads\/2018\/03\/20180315-mmv.jpg","datePublished":"2018-03-15T09:43:57+00:00","description":"El presidente volv\u00eda a ejercer de salvavidas al asegurar que los futuros ajustes que la instituci\u00f3n pueda acometer en sus pol\u00edticas ser\u00e1n predecibles y moderados","breadcrumb":{"@id":"https:\/\/www.tressis.com\/ca\/blog\/seguira-draghi-apoyando-a-los-mercados-por-mucho-tiempo\/#breadcrumb"},"inLanguage":"ca","potentialAction":[{"@type":"ReadAction","target":["https:\/\/www.tressis.com\/ca\/blog\/seguira-draghi-apoyando-a-los-mercados-por-mucho-tiempo\/"]}]},{"@type":"ImageObject","inLanguage":"ca","@id":"https:\/\/www.tressis.com\/ca\/blog\/seguira-draghi-apoyando-a-los-mercados-por-mucho-tiempo\/#primaryimage","url":"https:\/\/www.tressis.com\/wp-content\/uploads\/2018\/03\/20180315-mmv.jpg","contentUrl":"https:\/\/www.tressis.com\/wp-content\/uploads\/2018\/03\/20180315-mmv.jpg","width":1100,"height":487,"caption":"\u00bfSeguir\u00e1 Draghi apoyando a los mercados a\u00fan por mucho tiempo?"},{"@type":"BreadcrumbList","@id":"https:\/\/www.tressis.com\/ca\/blog\/seguira-draghi-apoyando-a-los-mercados-por-mucho-tiempo\/#breadcrumb","itemListElement":[{"@type":"ListItem","position":1,"name":"Inicio","item":"https:\/\/www.tressis.com\/ca\/"},{"@type":"ListItem","position":2,"name":"\u00bfSeguir\u00e1 Draghi apoyando a los mercados por mucho tiempo?"}]},{"@type":"WebSite","@id":"https:\/\/www.tressis.com\/ca\/#website","url":"https:\/\/www.tressis.com\/ca\/","name":"Tressis banca privada","description":"Tressis | Planificaci\u00f3n financiera y gesti\u00f3n de patrimonios","publisher":{"@id":"https:\/\/www.tressis.com\/ca\/#organization"},"potentialAction":[{"@type":"SearchAction","target":{"@type":"EntryPoint","urlTemplate":"https:\/\/www.tressis.com\/ca\/?s={search_term_string}"},"query-input":{"@type":"PropertyValueSpecification","valueRequired":true,"valueName":"search_term_string"}}],"inLanguage":"ca"},{"@type":"Organization","@id":"https:\/\/www.tressis.com\/ca\/#organization","name":"Tressis","url":"https:\/\/www.tressis.com\/ca\/","logo":{"@type":"ImageObject","inLanguage":"ca","@id":"https:\/\/www.tressis.com\/ca\/#\/schema\/logo\/image\/","url":"https:\/\/www.tressis.com\/wp-content\/uploads\/2025\/06\/logo-tressis-112.png","contentUrl":"https:\/\/www.tressis.com\/wp-content\/uploads\/2025\/06\/logo-tressis-112.png","width":112,"height":112,"caption":"Tressis"},"image":{"@id":"https:\/\/www.tressis.com\/ca\/#\/schema\/logo\/image\/"},"sameAs":["https:\/\/www.facebook.com\/Tressis\/","https:\/\/x.com\/TressisSV","https:\/\/www.instagram.com\/tressissv\/?hl=es","https:\/\/linkedin.com\/company\/tressis\/","https:\/\/www.youtube.com\/user\/tressissv","https:\/\/open.spotify.com\/show\/3jmTe1Nf0wqMILl7diWV6h?si=d7112519f13c4593&nd=1"]},{"@type":"Person","@id":"https:\/\/www.tressis.com\/ca\/#\/schema\/person\/b833c1d724d8764920b6d6852c70584e","name":"Lola","image":{"@type":"ImageObject","inLanguage":"ca","@id":"https:\/\/secure.gravatar.com\/avatar\/05e646486b23ff45df9649110609c7e31b8c4a3e2821caa23d6317f405e0c51d?s=96&d=mm&r=g","url":"https:\/\/secure.gravatar.com\/avatar\/05e646486b23ff45df9649110609c7e31b8c4a3e2821caa23d6317f405e0c51d?s=96&d=mm&r=g","contentUrl":"https:\/\/secure.gravatar.com\/avatar\/05e646486b23ff45df9649110609c7e31b8c4a3e2821caa23d6317f405e0c51d?s=96&d=mm&r=g","caption":"Lola"}}]}},"_links":{"self":[{"href":"https:\/\/www.tressis.com\/ca\/wp-json\/wp\/v2\/posts\/28412","targetHints":{"allow":["GET"]}}],"collection":[{"href":"https:\/\/www.tressis.com\/ca\/wp-json\/wp\/v2\/posts"}],"about":[{"href":"https:\/\/www.tressis.com\/ca\/wp-json\/wp\/v2\/types\/post"}],"author":[{"embeddable":true,"href":"https:\/\/www.tressis.com\/ca\/wp-json\/wp\/v2\/users\/4"}],"replies":[{"embeddable":true,"href":"https:\/\/www.tressis.com\/ca\/wp-json\/wp\/v2\/comments?post=28412"}],"version-history":[{"count":0,"href":"https:\/\/www.tressis.com\/ca\/wp-json\/wp\/v2\/posts\/28412\/revisions"}],"wp:featuredmedia":[{"embeddable":true,"href":"https:\/\/www.tressis.com\/ca\/wp-json\/wp\/v2\/media\/28415"}],"wp:attachment":[{"href":"https:\/\/www.tressis.com\/ca\/wp-json\/wp\/v2\/media?parent=28412"}],"wp:term":[{"taxonomy":"category","embeddable":true,"href":"https:\/\/www.tressis.com\/ca\/wp-json\/wp\/v2\/categories?post=28412"},{"taxonomy":"post_tag","embeddable":true,"href":"https:\/\/www.tressis.com\/ca\/wp-json\/wp\/v2\/tags?post=28412"}],"curies":[{"name":"wp","href":"https:\/\/api.w.org\/{rel}","templated":true}]}}