{"id":28389,"date":"2018-03-14T10:45:53","date_gmt":"2018-03-14T09:45:53","guid":{"rendered":"http:\/\/www.tressis.com\/blog\/?p=28389"},"modified":"2018-03-14T10:45:53","modified_gmt":"2018-03-14T09:45:53","slug":"cese-fulminante-de-tillerson","status":"publish","type":"post","link":"https:\/\/www.tressis.com\/ca\/blog\/cese-fulminante-de-tillerson\/","title":{"rendered":"Cese fulminante de Tillerson"},"content":{"rendered":"<p>Se huele el miedo a todo lo que sea ver a Trump haciendo del verdadero Trump y contra eso no hay fortaleza del entorno o de los beneficios que valgan.<!--more--><\/p>\n<p>Los inversores llevan a\u00f1os sin estar preparados para que les roben &#8220;la Navidad&#8221;, ni tampoco lo est\u00e1n para lo que sea conflicto pol\u00edtico en EEUU, porque para Europa el cuerpo ya est\u00e1 de vuelta. Menos mal, por el bien de los activos de riesgo, que al menos en el muy corto plazo las presiones inflacionistas est\u00e1n demostrando quiz\u00e1s haber sido un vano espejismo.<\/p>\n<p>El cese fulminante de Tillerson al frente de Exteriores no ha sido tan mal recogido como el nombre de su sustituto, un ortodoxo republicano que no solo ameniz\u00f3 la jornada de ayer, sino que promete movimiento en los pr\u00f3ximos meses. Y qui\u00e9n sabe si con esto la geopol\u00edtica internacional volver\u00e1 al centro del tablero, con Corea e Ir\u00e1n como protagonistas confirmados, m\u00e1s la posibilidad de contar con China como invitado de excepci\u00f3n.<\/p>\n<p>Decimos China, porque despu\u00e9s de un peque\u00f1o gran paso respecto al aluminio y el acero, el siguiente objetivo puede ser de pa\u00eds y no de producto, dado que con el <i>America First<\/i> hay que defender lo americano de lo extranjero. Claro que &#8220;calentarle los cascos&#8221; a un socio comercial preferencial y gran tenedor de deuda, a la vez que enemigo no declarado en Asia-Pac\u00edfico, siempre puede acabar en un periodo de reflexi\u00f3n en el que las amenazas terminan por perder intensidad. No es por restarle m\u00e9ritos a nadie, es que ya lo hemos visto antes.<\/p>\n<p>Los inversores nunca caminar\u00e1n solos cuando de miedo se trata. Ah\u00ed estuvo por ejemplo la OCDE, sum\u00e1ndose a las voces muy autorizadas de que una guerra comercial a gran escala bien podr\u00eda acabar con el mejor periodo de crecimiento econ\u00f3mico de la era post-Lehmann. Y qui\u00e9n sabe si peor.<\/p>\n<p>Pero no era el d\u00eda de la OCDE ni tampoco, sorprendentemente, de fijar toda la atenci\u00f3n en los datos de inflaci\u00f3n de EE.UU. El que tanto el IPC general como el subyacente se quedaran anclados donde estaban, 2,2% y 1,8%, respectivamente, no tiene por qu\u00e9 ser un dato insulso, pues puede estar indicando que, como dec\u00edamos al principio, la presi\u00f3n en precios no es tan profunda como parece creer parte del mercado. Sin embargo, esto no es impedimento para que este mismo mercado est\u00e9 instalado en el convencimiento de que las subidas de tipos van a continuar.<\/p>\n<p>Fuera de lo de siempre, bancos centrales y m\u00e1s pol\u00edtica, no podemos pasar por alto la \u00faltima lectura de confianza de las peque\u00f1as compa\u00f1\u00edas de EE.UU., que en febrero alcanz\u00f3 el segundo nivel m\u00e1s alto en su historia, demostrando c\u00f3mo muchas veces los &#8220;civiles&#8221; reflejan la desconexi\u00f3n que hay en Palacio de la vida real.<\/p>\n<p>\u200bBuen d\u00eda\u200b.<\/p>\n<p><center><strong>Am\u00edlcar Barrios Vilallonga<\/strong><br \/>\nDirecci\u00f3n de Inversiones<\/center><\/p>\n","protected":false},"excerpt":{"rendered":"<p>Se huele el miedo a todo lo que sea ver a Trump haciendo del verdadero Trump y contra eso no hay fortaleza del entorno o de los beneficios que valgan.<\/p>\n","protected":false},"author":4,"featured_media":28390,"comment_status":"open","ping_status":"closed","sticky":false,"template":"","format":"standard","meta":{"_acf_changed":false,"footnotes":""},"categories":[9721],"tags":[198,316,1118,1467,2206,3644,3822,4277,4576,4653,5157,6577,6734],"class_list":["post-28389","post","type-post","status-publish","format-standard","has-post-thumbnail","hentry","category-morning-meeting","tag-america-first","tag-asia","tag-china","tag-corea","tag-eeuu","tag-ipc","tag-lehmann","tag-ministerior-exteriores","tag-ocde","tag-pacifico","tag-presiones-inflacionistas","tag-tillerson","tag-trump"],"acf":[],"yoast_head":"<!-- This site is optimized with the Yoast SEO plugin v27.4 - https:\/\/yoast.com\/product\/yoast-seo-wordpress\/ -->\n<title>Cese fulminante de Tillerson<\/title>\n<meta name=\"description\" content=\"Su sustituto es un ortodoxo republicano que no solo ameniz\u00f3 la jornada de ayer, sino que promete movimiento en los pr\u00f3ximos meses\" \/>\n<meta name=\"robots\" content=\"index, follow, max-snippet:-1, max-image-preview:large, max-video-preview:-1\" \/>\n<link rel=\"canonical\" href=\"https:\/\/www.tressis.com\/ca\/blog\/cese-fulminante-de-tillerson\/\" \/>\n<meta property=\"og:locale\" content=\"ca_ES\" \/>\n<meta property=\"og:type\" content=\"article\" \/>\n<meta property=\"og:title\" content=\"Cese fulminante de Tillerson\" \/>\n<meta property=\"og:description\" content=\"Su sustituto es un ortodoxo republicano que no solo ameniz\u00f3 la jornada de ayer, sino que promete movimiento en los pr\u00f3ximos meses\" \/>\n<meta property=\"og:url\" content=\"https:\/\/www.tressis.com\/ca\/blog\/cese-fulminante-de-tillerson\/\" \/>\n<meta property=\"og:site_name\" content=\"Tressis\" \/>\n<meta property=\"article:publisher\" content=\"https:\/\/www.facebook.com\/Tressis\/\" \/>\n<meta property=\"article:published_time\" content=\"2018-03-14T09:45:53+00:00\" \/>\n<meta property=\"og:image\" content=\"https:\/\/www.tressis.com\/wp-content\/uploads\/2018\/03\/20180314-mmv.jpg\" \/>\n\t<meta property=\"og:image:width\" content=\"1100\" \/>\n\t<meta property=\"og:image:height\" content=\"487\" \/>\n\t<meta property=\"og:image:type\" content=\"image\/jpeg\" \/>\n<meta name=\"author\" content=\"Lola\" \/>\n<meta name=\"twitter:card\" content=\"summary_large_image\" \/>\n<meta name=\"twitter:creator\" content=\"@TressisSV\" \/>\n<meta name=\"twitter:site\" content=\"@TressisSV\" \/>\n<meta name=\"twitter:label1\" content=\"Escrit per\" \/>\n\t<meta name=\"twitter:data1\" content=\"Lola\" \/>\n\t<meta name=\"twitter:label2\" content=\"Temps estimat de lectura\" \/>\n\t<meta name=\"twitter:data2\" content=\"3 minuts\" \/>\n<script type=\"application\/ld+json\" class=\"yoast-schema-graph\">{\"@context\":\"https:\\\/\\\/schema.org\",\"@graph\":[{\"@type\":\"Article\",\"@id\":\"https:\\\/\\\/www.tressis.com\\\/ca\\\/blog\\\/cese-fulminante-de-tillerson\\\/#article\",\"isPartOf\":{\"@id\":\"https:\\\/\\\/www.tressis.com\\\/ca\\\/blog\\\/cese-fulminante-de-tillerson\\\/\"},\"author\":{\"name\":\"Lola\",\"@id\":\"https:\\\/\\\/www.tressis.com\\\/ca\\\/#\\\/schema\\\/person\\\/b833c1d724d8764920b6d6852c70584e\"},\"headline\":\"Cese fulminante de Tillerson\",\"datePublished\":\"2018-03-14T09:45:53+00:00\",\"mainEntityOfPage\":{\"@id\":\"https:\\\/\\\/www.tressis.com\\\/ca\\\/blog\\\/cese-fulminante-de-tillerson\\\/\"},\"wordCount\":510,\"commentCount\":0,\"publisher\":{\"@id\":\"https:\\\/\\\/www.tressis.com\\\/ca\\\/#organization\"},\"image\":{\"@id\":\"https:\\\/\\\/www.tressis.com\\\/ca\\\/blog\\\/cese-fulminante-de-tillerson\\\/#primaryimage\"},\"thumbnailUrl\":\"https:\\\/\\\/www.tressis.com\\\/wp-content\\\/uploads\\\/2018\\\/03\\\/20180314-mmv.jpg\",\"keywords\":[\"america first\",\"Asia\",\"china\",\"Corea\",\"EEUU\",\"IPC\",\"Lehmann\",\"ministerior exteriores\",\"OCDE\",\"Pac\u00edfico\",\"presiones inflacionistas\",\"Tillerson\",\"Trump\"],\"articleSection\":[\"Morning meeting\"],\"inLanguage\":\"ca\",\"potentialAction\":[{\"@type\":\"CommentAction\",\"name\":\"Comment\",\"target\":[\"https:\\\/\\\/www.tressis.com\\\/ca\\\/blog\\\/cese-fulminante-de-tillerson\\\/#respond\"]}]},{\"@type\":\"WebPage\",\"@id\":\"https:\\\/\\\/www.tressis.com\\\/ca\\\/blog\\\/cese-fulminante-de-tillerson\\\/\",\"url\":\"https:\\\/\\\/www.tressis.com\\\/ca\\\/blog\\\/cese-fulminante-de-tillerson\\\/\",\"name\":\"Cese fulminante de Tillerson\",\"isPartOf\":{\"@id\":\"https:\\\/\\\/www.tressis.com\\\/ca\\\/#website\"},\"primaryImageOfPage\":{\"@id\":\"https:\\\/\\\/www.tressis.com\\\/ca\\\/blog\\\/cese-fulminante-de-tillerson\\\/#primaryimage\"},\"image\":{\"@id\":\"https:\\\/\\\/www.tressis.com\\\/ca\\\/blog\\\/cese-fulminante-de-tillerson\\\/#primaryimage\"},\"thumbnailUrl\":\"https:\\\/\\\/www.tressis.com\\\/wp-content\\\/uploads\\\/2018\\\/03\\\/20180314-mmv.jpg\",\"datePublished\":\"2018-03-14T09:45:53+00:00\",\"description\":\"Su sustituto es un ortodoxo republicano que no solo ameniz\u00f3 la jornada de ayer, sino que promete movimiento en los pr\u00f3ximos meses\",\"breadcrumb\":{\"@id\":\"https:\\\/\\\/www.tressis.com\\\/ca\\\/blog\\\/cese-fulminante-de-tillerson\\\/#breadcrumb\"},\"inLanguage\":\"ca\",\"potentialAction\":[{\"@type\":\"ReadAction\",\"target\":[\"https:\\\/\\\/www.tressis.com\\\/ca\\\/blog\\\/cese-fulminante-de-tillerson\\\/\"]}]},{\"@type\":\"ImageObject\",\"inLanguage\":\"ca\",\"@id\":\"https:\\\/\\\/www.tressis.com\\\/ca\\\/blog\\\/cese-fulminante-de-tillerson\\\/#primaryimage\",\"url\":\"https:\\\/\\\/www.tressis.com\\\/wp-content\\\/uploads\\\/2018\\\/03\\\/20180314-mmv.jpg\",\"contentUrl\":\"https:\\\/\\\/www.tressis.com\\\/wp-content\\\/uploads\\\/2018\\\/03\\\/20180314-mmv.jpg\",\"width\":1100,\"height\":487,\"caption\":\"Cese fulminante de Tillerson\"},{\"@type\":\"BreadcrumbList\",\"@id\":\"https:\\\/\\\/www.tressis.com\\\/ca\\\/blog\\\/cese-fulminante-de-tillerson\\\/#breadcrumb\",\"itemListElement\":[{\"@type\":\"ListItem\",\"position\":1,\"name\":\"Inicio\",\"item\":\"https:\\\/\\\/www.tressis.com\\\/ca\\\/\"},{\"@type\":\"ListItem\",\"position\":2,\"name\":\"Cese fulminante de Tillerson\"}]},{\"@type\":\"WebSite\",\"@id\":\"https:\\\/\\\/www.tressis.com\\\/ca\\\/#website\",\"url\":\"https:\\\/\\\/www.tressis.com\\\/ca\\\/\",\"name\":\"Tressis banca privada\",\"description\":\"Tressis | Planificaci\u00f3n financiera y gesti\u00f3n de patrimonios\",\"publisher\":{\"@id\":\"https:\\\/\\\/www.tressis.com\\\/ca\\\/#organization\"},\"potentialAction\":[{\"@type\":\"SearchAction\",\"target\":{\"@type\":\"EntryPoint\",\"urlTemplate\":\"https:\\\/\\\/www.tressis.com\\\/ca\\\/?s={search_term_string}\"},\"query-input\":{\"@type\":\"PropertyValueSpecification\",\"valueRequired\":true,\"valueName\":\"search_term_string\"}}],\"inLanguage\":\"ca\"},{\"@type\":\"Organization\",\"@id\":\"https:\\\/\\\/www.tressis.com\\\/ca\\\/#organization\",\"name\":\"Tressis\",\"url\":\"https:\\\/\\\/www.tressis.com\\\/ca\\\/\",\"logo\":{\"@type\":\"ImageObject\",\"inLanguage\":\"ca\",\"@id\":\"https:\\\/\\\/www.tressis.com\\\/ca\\\/#\\\/schema\\\/logo\\\/image\\\/\",\"url\":\"https:\\\/\\\/www.tressis.com\\\/wp-content\\\/uploads\\\/2025\\\/06\\\/logo-tressis-112.png\",\"contentUrl\":\"https:\\\/\\\/www.tressis.com\\\/wp-content\\\/uploads\\\/2025\\\/06\\\/logo-tressis-112.png\",\"width\":112,\"height\":112,\"caption\":\"Tressis\"},\"image\":{\"@id\":\"https:\\\/\\\/www.tressis.com\\\/ca\\\/#\\\/schema\\\/logo\\\/image\\\/\"},\"sameAs\":[\"https:\\\/\\\/www.facebook.com\\\/Tressis\\\/\",\"https:\\\/\\\/x.com\\\/TressisSV\",\"https:\\\/\\\/www.instagram.com\\\/tressissv\\\/?hl=es\",\"https:\\\/\\\/linkedin.com\\\/company\\\/tressis\\\/\",\"https:\\\/\\\/www.youtube.com\\\/user\\\/tressissv\",\"https:\\\/\\\/open.spotify.com\\\/show\\\/3jmTe1Nf0wqMILl7diWV6h?si=d7112519f13c4593&nd=1\"]},{\"@type\":\"Person\",\"@id\":\"https:\\\/\\\/www.tressis.com\\\/ca\\\/#\\\/schema\\\/person\\\/b833c1d724d8764920b6d6852c70584e\",\"name\":\"Lola\",\"image\":{\"@type\":\"ImageObject\",\"inLanguage\":\"ca\",\"@id\":\"https:\\\/\\\/secure.gravatar.com\\\/avatar\\\/05e646486b23ff45df9649110609c7e31b8c4a3e2821caa23d6317f405e0c51d?s=96&d=mm&r=g\",\"url\":\"https:\\\/\\\/secure.gravatar.com\\\/avatar\\\/05e646486b23ff45df9649110609c7e31b8c4a3e2821caa23d6317f405e0c51d?s=96&d=mm&r=g\",\"contentUrl\":\"https:\\\/\\\/secure.gravatar.com\\\/avatar\\\/05e646486b23ff45df9649110609c7e31b8c4a3e2821caa23d6317f405e0c51d?s=96&d=mm&r=g\",\"caption\":\"Lola\"}}]}<\/script>\n<!-- \/ Yoast SEO plugin. -->","yoast_head_json":{"title":"Cese fulminante de Tillerson","description":"Su sustituto es un ortodoxo republicano que no solo ameniz\u00f3 la jornada de ayer, sino que promete movimiento en los pr\u00f3ximos meses","robots":{"index":"index","follow":"follow","max-snippet":"max-snippet:-1","max-image-preview":"max-image-preview:large","max-video-preview":"max-video-preview:-1"},"canonical":"https:\/\/www.tressis.com\/ca\/blog\/cese-fulminante-de-tillerson\/","og_locale":"ca_ES","og_type":"article","og_title":"Cese fulminante de Tillerson","og_description":"Su sustituto es un ortodoxo republicano que no solo ameniz\u00f3 la jornada de ayer, sino que promete movimiento en los pr\u00f3ximos meses","og_url":"https:\/\/www.tressis.com\/ca\/blog\/cese-fulminante-de-tillerson\/","og_site_name":"Tressis","article_publisher":"https:\/\/www.facebook.com\/Tressis\/","article_published_time":"2018-03-14T09:45:53+00:00","og_image":[{"width":1100,"height":487,"url":"https:\/\/www.tressis.com\/wp-content\/uploads\/2018\/03\/20180314-mmv.jpg","type":"image\/jpeg"}],"author":"Lola","twitter_card":"summary_large_image","twitter_creator":"@TressisSV","twitter_site":"@TressisSV","twitter_misc":{"Escrit per":"Lola","Temps estimat de lectura":"3 minuts"},"schema":{"@context":"https:\/\/schema.org","@graph":[{"@type":"Article","@id":"https:\/\/www.tressis.com\/ca\/blog\/cese-fulminante-de-tillerson\/#article","isPartOf":{"@id":"https:\/\/www.tressis.com\/ca\/blog\/cese-fulminante-de-tillerson\/"},"author":{"name":"Lola","@id":"https:\/\/www.tressis.com\/ca\/#\/schema\/person\/b833c1d724d8764920b6d6852c70584e"},"headline":"Cese fulminante de Tillerson","datePublished":"2018-03-14T09:45:53+00:00","mainEntityOfPage":{"@id":"https:\/\/www.tressis.com\/ca\/blog\/cese-fulminante-de-tillerson\/"},"wordCount":510,"commentCount":0,"publisher":{"@id":"https:\/\/www.tressis.com\/ca\/#organization"},"image":{"@id":"https:\/\/www.tressis.com\/ca\/blog\/cese-fulminante-de-tillerson\/#primaryimage"},"thumbnailUrl":"https:\/\/www.tressis.com\/wp-content\/uploads\/2018\/03\/20180314-mmv.jpg","keywords":["america first","Asia","china","Corea","EEUU","IPC","Lehmann","ministerior exteriores","OCDE","Pac\u00edfico","presiones inflacionistas","Tillerson","Trump"],"articleSection":["Morning meeting"],"inLanguage":"ca","potentialAction":[{"@type":"CommentAction","name":"Comment","target":["https:\/\/www.tressis.com\/ca\/blog\/cese-fulminante-de-tillerson\/#respond"]}]},{"@type":"WebPage","@id":"https:\/\/www.tressis.com\/ca\/blog\/cese-fulminante-de-tillerson\/","url":"https:\/\/www.tressis.com\/ca\/blog\/cese-fulminante-de-tillerson\/","name":"Cese fulminante de Tillerson","isPartOf":{"@id":"https:\/\/www.tressis.com\/ca\/#website"},"primaryImageOfPage":{"@id":"https:\/\/www.tressis.com\/ca\/blog\/cese-fulminante-de-tillerson\/#primaryimage"},"image":{"@id":"https:\/\/www.tressis.com\/ca\/blog\/cese-fulminante-de-tillerson\/#primaryimage"},"thumbnailUrl":"https:\/\/www.tressis.com\/wp-content\/uploads\/2018\/03\/20180314-mmv.jpg","datePublished":"2018-03-14T09:45:53+00:00","description":"Su sustituto es un ortodoxo republicano que no solo ameniz\u00f3 la jornada de ayer, sino que promete movimiento en los pr\u00f3ximos meses","breadcrumb":{"@id":"https:\/\/www.tressis.com\/ca\/blog\/cese-fulminante-de-tillerson\/#breadcrumb"},"inLanguage":"ca","potentialAction":[{"@type":"ReadAction","target":["https:\/\/www.tressis.com\/ca\/blog\/cese-fulminante-de-tillerson\/"]}]},{"@type":"ImageObject","inLanguage":"ca","@id":"https:\/\/www.tressis.com\/ca\/blog\/cese-fulminante-de-tillerson\/#primaryimage","url":"https:\/\/www.tressis.com\/wp-content\/uploads\/2018\/03\/20180314-mmv.jpg","contentUrl":"https:\/\/www.tressis.com\/wp-content\/uploads\/2018\/03\/20180314-mmv.jpg","width":1100,"height":487,"caption":"Cese fulminante de Tillerson"},{"@type":"BreadcrumbList","@id":"https:\/\/www.tressis.com\/ca\/blog\/cese-fulminante-de-tillerson\/#breadcrumb","itemListElement":[{"@type":"ListItem","position":1,"name":"Inicio","item":"https:\/\/www.tressis.com\/ca\/"},{"@type":"ListItem","position":2,"name":"Cese fulminante de Tillerson"}]},{"@type":"WebSite","@id":"https:\/\/www.tressis.com\/ca\/#website","url":"https:\/\/www.tressis.com\/ca\/","name":"Tressis banca privada","description":"Tressis | Planificaci\u00f3n financiera y gesti\u00f3n de patrimonios","publisher":{"@id":"https:\/\/www.tressis.com\/ca\/#organization"},"potentialAction":[{"@type":"SearchAction","target":{"@type":"EntryPoint","urlTemplate":"https:\/\/www.tressis.com\/ca\/?s={search_term_string}"},"query-input":{"@type":"PropertyValueSpecification","valueRequired":true,"valueName":"search_term_string"}}],"inLanguage":"ca"},{"@type":"Organization","@id":"https:\/\/www.tressis.com\/ca\/#organization","name":"Tressis","url":"https:\/\/www.tressis.com\/ca\/","logo":{"@type":"ImageObject","inLanguage":"ca","@id":"https:\/\/www.tressis.com\/ca\/#\/schema\/logo\/image\/","url":"https:\/\/www.tressis.com\/wp-content\/uploads\/2025\/06\/logo-tressis-112.png","contentUrl":"https:\/\/www.tressis.com\/wp-content\/uploads\/2025\/06\/logo-tressis-112.png","width":112,"height":112,"caption":"Tressis"},"image":{"@id":"https:\/\/www.tressis.com\/ca\/#\/schema\/logo\/image\/"},"sameAs":["https:\/\/www.facebook.com\/Tressis\/","https:\/\/x.com\/TressisSV","https:\/\/www.instagram.com\/tressissv\/?hl=es","https:\/\/linkedin.com\/company\/tressis\/","https:\/\/www.youtube.com\/user\/tressissv","https:\/\/open.spotify.com\/show\/3jmTe1Nf0wqMILl7diWV6h?si=d7112519f13c4593&nd=1"]},{"@type":"Person","@id":"https:\/\/www.tressis.com\/ca\/#\/schema\/person\/b833c1d724d8764920b6d6852c70584e","name":"Lola","image":{"@type":"ImageObject","inLanguage":"ca","@id":"https:\/\/secure.gravatar.com\/avatar\/05e646486b23ff45df9649110609c7e31b8c4a3e2821caa23d6317f405e0c51d?s=96&d=mm&r=g","url":"https:\/\/secure.gravatar.com\/avatar\/05e646486b23ff45df9649110609c7e31b8c4a3e2821caa23d6317f405e0c51d?s=96&d=mm&r=g","contentUrl":"https:\/\/secure.gravatar.com\/avatar\/05e646486b23ff45df9649110609c7e31b8c4a3e2821caa23d6317f405e0c51d?s=96&d=mm&r=g","caption":"Lola"}}]}},"_links":{"self":[{"href":"https:\/\/www.tressis.com\/ca\/wp-json\/wp\/v2\/posts\/28389","targetHints":{"allow":["GET"]}}],"collection":[{"href":"https:\/\/www.tressis.com\/ca\/wp-json\/wp\/v2\/posts"}],"about":[{"href":"https:\/\/www.tressis.com\/ca\/wp-json\/wp\/v2\/types\/post"}],"author":[{"embeddable":true,"href":"https:\/\/www.tressis.com\/ca\/wp-json\/wp\/v2\/users\/4"}],"replies":[{"embeddable":true,"href":"https:\/\/www.tressis.com\/ca\/wp-json\/wp\/v2\/comments?post=28389"}],"version-history":[{"count":0,"href":"https:\/\/www.tressis.com\/ca\/wp-json\/wp\/v2\/posts\/28389\/revisions"}],"wp:featuredmedia":[{"embeddable":true,"href":"https:\/\/www.tressis.com\/ca\/wp-json\/wp\/v2\/media\/28390"}],"wp:attachment":[{"href":"https:\/\/www.tressis.com\/ca\/wp-json\/wp\/v2\/media?parent=28389"}],"wp:term":[{"taxonomy":"category","embeddable":true,"href":"https:\/\/www.tressis.com\/ca\/wp-json\/wp\/v2\/categories?post=28389"},{"taxonomy":"post_tag","embeddable":true,"href":"https:\/\/www.tressis.com\/ca\/wp-json\/wp\/v2\/tags?post=28389"}],"curies":[{"name":"wp","href":"https:\/\/api.w.org\/{rel}","templated":true}]}}