{"id":28358,"date":"2018-03-09T10:33:31","date_gmt":"2018-03-09T09:33:31","guid":{"rendered":"http:\/\/www.tressis.com\/blog\/?p=28358"},"modified":"2018-03-09T10:33:31","modified_gmt":"2018-03-09T09:33:31","slug":"llegaran-a-entenderse-kim-jong-un-y-donald-trump","status":"publish","type":"post","link":"https:\/\/www.tressis.com\/ca\/blog\/llegaran-a-entenderse-kim-jong-un-y-donald-trump\/","title":{"rendered":"\u00bfLlegar\u00e1n a entenderse Kim Jong-un y Donald Trump?"},"content":{"rendered":"<p>Donald Trump ya tiene su \u201cdeseada\u201d guerra, aunque no implicar\u00e1 la actuaci\u00f3n del ej\u00e9rcito puesto que ser\u00e1 comercial.<!--more--><\/p>\n<p>En contra de su propio partido pol\u00edtico, la Reserva Federal, los principales empresarios y a pesar del enfado de sus socios estrat\u00e9gicos, el presidente de EE.UU. firmaba ayer aranceles para la importaci\u00f3n de acero y aluminio, que ser\u00e1n del 25% y del 10%, respectivamente. Como no pod\u00eda ser de otra manera, el populismo rode\u00f3 todo el acto. La \u00fanica buena noticia: por ahora, M\u00e9xico y Canad\u00e1 se salvan de las medidas.<\/p>\n<p>Tambi\u00e9n ayer saltaba otra noticia bomba. El dictador norcoreano, Kim Jong-un, invit\u00f3 a Donald Trump a reunirse con \u00e9l para negociar el programa nuclear y el presidente estadounidense acept\u00f3. Noticia celebrada por las bolsas asi\u00e1ticas durante la madrugada, aunque ya veremos luego cu\u00e1l es la intenci\u00f3n de unos mandatarios que parecen sufrir un trastorno de bipolaridad.<\/p>\n<p>En Europa, se acerca el fin de una era. Eso es lo que dej\u00f3 entrever Mario Draghi, con un peque\u00f1o cambio en el discurso tras la reuni\u00f3n de la entidad monetaria, gracias al buen comportamiento de la econom\u00eda europea. Todo indica que las compras de activos (QE) tienen los d\u00edas contados, los que quedan hasta septiembre y siempre que nada se tuerza. Compras que s\u00ed que se mantendr\u00e1n en Jap\u00f3n <i>sine die<\/i>.<\/p>\n<p>Durante la jornada, los inversores estar\u00e1n atentos a las reacciones tras las medidas de Trump. Por ahora, Turqu\u00eda podr\u00eda dejar de comprar algod\u00f3n americano, China tecnolog\u00eda, Brasil y Corea del Sur buscar\u00e1n una excepci\u00f3n y \u00bfEuropa?<\/p>\n<p>Hoy se conocer\u00e1n los datos de empleo americanos que no deber\u00edan deparar grandes sorpresas, algo parecido a lo ya ocurrido con la balanza comercial alemana.<\/p>\n<p>Buen fin de semana.<\/p>\n<p><center><strong>Jorge Gonz\u00e1lez G\u00f3mez<\/strong><br \/>\nDirecci\u00f3n de Inversiones<\/center><\/p>\n","protected":false},"excerpt":{"rendered":"<p>Donald Trump ya tiene su \u201cdeseada\u201d guerra, aunque no implicar\u00e1 la actuaci\u00f3n del ej\u00e9rcito puesto que ser\u00e1 comercial.<\/p>\n","protected":false},"author":4,"featured_media":28359,"comment_status":"open","ping_status":"closed","sticky":false,"template":"","format":"standard","meta":{"_acf_changed":false,"footnotes":""},"categories":[9721],"tags":[281,452,660,807,989,1469,2120,2168,2206,2556,3766,3973,4240,5038,5313,5761,6754],"class_list":["post-28358","post","type-post","status-publish","format-standard","has-post-thumbnail","hentry","category-morning-meeting","tag-aranceles","tag-balanza-comercial-alemana","tag-bolsas-asiaticas","tag-brasil","tag-canada","tag-corea-del-sur","tag-donald-trump","tag-economia-europea","tag-eeuu","tag-europa","tag-kim-jong-un","tag-mario-draghi","tag-mexico","tag-populismo","tag-qe","tag-reserva-federal","tag-turquia"],"acf":[],"yoast_head":"<!-- This site is optimized with the Yoast SEO plugin v27.4 - https:\/\/yoast.com\/product\/yoast-seo-wordpress\/ -->\n<title>\u00bfLlegar\u00e1n a entenderse Kim Jong-un y Donald Trump?<\/title>\n<meta name=\"description\" content=\"Ya veremos cu\u00e1l es la intenci\u00f3n de unos mandatarios que parecen sufrir un trastorno de bipolaridad\" \/>\n<meta name=\"robots\" content=\"index, follow, max-snippet:-1, max-image-preview:large, max-video-preview:-1\" \/>\n<link rel=\"canonical\" href=\"https:\/\/www.tressis.com\/ca\/blog\/llegaran-a-entenderse-kim-jong-un-y-donald-trump\/\" \/>\n<meta property=\"og:locale\" content=\"ca_ES\" \/>\n<meta property=\"og:type\" content=\"article\" \/>\n<meta property=\"og:title\" content=\"\u00bfLlegar\u00e1n a entenderse Kim Jong-un y Donald Trump?\" \/>\n<meta property=\"og:description\" content=\"Ya veremos cu\u00e1l es la intenci\u00f3n de unos mandatarios que parecen sufrir un trastorno de bipolaridad\" \/>\n<meta property=\"og:url\" content=\"https:\/\/www.tressis.com\/ca\/blog\/llegaran-a-entenderse-kim-jong-un-y-donald-trump\/\" \/>\n<meta property=\"og:site_name\" content=\"Tressis\" \/>\n<meta property=\"article:publisher\" content=\"https:\/\/www.facebook.com\/Tressis\/\" \/>\n<meta property=\"article:published_time\" content=\"2018-03-09T09:33:31+00:00\" \/>\n<meta property=\"og:image\" content=\"https:\/\/www.tressis.com\/wp-content\/uploads\/2018\/03\/20180309-mmv.jpg\" \/>\n\t<meta property=\"og:image:width\" content=\"1100\" \/>\n\t<meta property=\"og:image:height\" content=\"487\" \/>\n\t<meta property=\"og:image:type\" content=\"image\/jpeg\" \/>\n<meta name=\"author\" content=\"Lola\" \/>\n<meta name=\"twitter:card\" content=\"summary_large_image\" \/>\n<meta name=\"twitter:creator\" content=\"@TressisSV\" \/>\n<meta name=\"twitter:site\" content=\"@TressisSV\" \/>\n<meta name=\"twitter:label1\" content=\"Escrit per\" \/>\n\t<meta name=\"twitter:data1\" content=\"Lola\" \/>\n\t<meta name=\"twitter:label2\" content=\"Temps estimat de lectura\" \/>\n\t<meta name=\"twitter:data2\" content=\"2 minuts\" \/>\n<script type=\"application\/ld+json\" class=\"yoast-schema-graph\">{\"@context\":\"https:\\\/\\\/schema.org\",\"@graph\":[{\"@type\":\"Article\",\"@id\":\"https:\\\/\\\/www.tressis.com\\\/ca\\\/blog\\\/llegaran-a-entenderse-kim-jong-un-y-donald-trump\\\/#article\",\"isPartOf\":{\"@id\":\"https:\\\/\\\/www.tressis.com\\\/ca\\\/blog\\\/llegaran-a-entenderse-kim-jong-un-y-donald-trump\\\/\"},\"author\":{\"name\":\"Lola\",\"@id\":\"https:\\\/\\\/www.tressis.com\\\/ca\\\/#\\\/schema\\\/person\\\/b833c1d724d8764920b6d6852c70584e\"},\"headline\":\"\u00bfLlegar\u00e1n a entenderse Kim Jong-un y Donald Trump?\",\"datePublished\":\"2018-03-09T09:33:31+00:00\",\"mainEntityOfPage\":{\"@id\":\"https:\\\/\\\/www.tressis.com\\\/ca\\\/blog\\\/llegaran-a-entenderse-kim-jong-un-y-donald-trump\\\/\"},\"wordCount\":326,\"commentCount\":0,\"publisher\":{\"@id\":\"https:\\\/\\\/www.tressis.com\\\/ca\\\/#organization\"},\"image\":{\"@id\":\"https:\\\/\\\/www.tressis.com\\\/ca\\\/blog\\\/llegaran-a-entenderse-kim-jong-un-y-donald-trump\\\/#primaryimage\"},\"thumbnailUrl\":\"https:\\\/\\\/www.tressis.com\\\/wp-content\\\/uploads\\\/2018\\\/03\\\/20180309-mmv.jpg\",\"keywords\":[\"aranceles\",\"balanza comercial alemana\",\"bolsas asi\u00e1ticas\",\"Brasil\",\"Canad\u00e1\",\"Corea del Sur\",\"Donald Trump\",\"econom\u00eda europea\",\"EEUU\",\"Europa\",\"Kim Jong-un\",\"Mario Draghi\",\"M\u00e9xico\",\"populismo\",\"QE\",\"Reserva Federal\",\"Turqu\u00eda\"],\"articleSection\":[\"Morning meeting\"],\"inLanguage\":\"ca\",\"potentialAction\":[{\"@type\":\"CommentAction\",\"name\":\"Comment\",\"target\":[\"https:\\\/\\\/www.tressis.com\\\/ca\\\/blog\\\/llegaran-a-entenderse-kim-jong-un-y-donald-trump\\\/#respond\"]}]},{\"@type\":\"WebPage\",\"@id\":\"https:\\\/\\\/www.tressis.com\\\/ca\\\/blog\\\/llegaran-a-entenderse-kim-jong-un-y-donald-trump\\\/\",\"url\":\"https:\\\/\\\/www.tressis.com\\\/ca\\\/blog\\\/llegaran-a-entenderse-kim-jong-un-y-donald-trump\\\/\",\"name\":\"\u00bfLlegar\u00e1n a entenderse Kim Jong-un y Donald Trump?\",\"isPartOf\":{\"@id\":\"https:\\\/\\\/www.tressis.com\\\/ca\\\/#website\"},\"primaryImageOfPage\":{\"@id\":\"https:\\\/\\\/www.tressis.com\\\/ca\\\/blog\\\/llegaran-a-entenderse-kim-jong-un-y-donald-trump\\\/#primaryimage\"},\"image\":{\"@id\":\"https:\\\/\\\/www.tressis.com\\\/ca\\\/blog\\\/llegaran-a-entenderse-kim-jong-un-y-donald-trump\\\/#primaryimage\"},\"thumbnailUrl\":\"https:\\\/\\\/www.tressis.com\\\/wp-content\\\/uploads\\\/2018\\\/03\\\/20180309-mmv.jpg\",\"datePublished\":\"2018-03-09T09:33:31+00:00\",\"description\":\"Ya veremos cu\u00e1l es la intenci\u00f3n de unos mandatarios que parecen sufrir un trastorno de bipolaridad\",\"breadcrumb\":{\"@id\":\"https:\\\/\\\/www.tressis.com\\\/ca\\\/blog\\\/llegaran-a-entenderse-kim-jong-un-y-donald-trump\\\/#breadcrumb\"},\"inLanguage\":\"ca\",\"potentialAction\":[{\"@type\":\"ReadAction\",\"target\":[\"https:\\\/\\\/www.tressis.com\\\/ca\\\/blog\\\/llegaran-a-entenderse-kim-jong-un-y-donald-trump\\\/\"]}]},{\"@type\":\"ImageObject\",\"inLanguage\":\"ca\",\"@id\":\"https:\\\/\\\/www.tressis.com\\\/ca\\\/blog\\\/llegaran-a-entenderse-kim-jong-un-y-donald-trump\\\/#primaryimage\",\"url\":\"https:\\\/\\\/www.tressis.com\\\/wp-content\\\/uploads\\\/2018\\\/03\\\/20180309-mmv.jpg\",\"contentUrl\":\"https:\\\/\\\/www.tressis.com\\\/wp-content\\\/uploads\\\/2018\\\/03\\\/20180309-mmv.jpg\",\"width\":1100,\"height\":487,\"caption\":\"\u00bfLlegar\u00e1n a entenderse Kim Jong-un y Donald Trump?\"},{\"@type\":\"BreadcrumbList\",\"@id\":\"https:\\\/\\\/www.tressis.com\\\/ca\\\/blog\\\/llegaran-a-entenderse-kim-jong-un-y-donald-trump\\\/#breadcrumb\",\"itemListElement\":[{\"@type\":\"ListItem\",\"position\":1,\"name\":\"Inicio\",\"item\":\"https:\\\/\\\/www.tressis.com\\\/ca\\\/\"},{\"@type\":\"ListItem\",\"position\":2,\"name\":\"\u00bfLlegar\u00e1n a entenderse Kim Jong-un y Donald Trump?\"}]},{\"@type\":\"WebSite\",\"@id\":\"https:\\\/\\\/www.tressis.com\\\/ca\\\/#website\",\"url\":\"https:\\\/\\\/www.tressis.com\\\/ca\\\/\",\"name\":\"Tressis banca privada\",\"description\":\"Tressis | Planificaci\u00f3n financiera y gesti\u00f3n de patrimonios\",\"publisher\":{\"@id\":\"https:\\\/\\\/www.tressis.com\\\/ca\\\/#organization\"},\"potentialAction\":[{\"@type\":\"SearchAction\",\"target\":{\"@type\":\"EntryPoint\",\"urlTemplate\":\"https:\\\/\\\/www.tressis.com\\\/ca\\\/?s={search_term_string}\"},\"query-input\":{\"@type\":\"PropertyValueSpecification\",\"valueRequired\":true,\"valueName\":\"search_term_string\"}}],\"inLanguage\":\"ca\"},{\"@type\":\"Organization\",\"@id\":\"https:\\\/\\\/www.tressis.com\\\/ca\\\/#organization\",\"name\":\"Tressis\",\"url\":\"https:\\\/\\\/www.tressis.com\\\/ca\\\/\",\"logo\":{\"@type\":\"ImageObject\",\"inLanguage\":\"ca\",\"@id\":\"https:\\\/\\\/www.tressis.com\\\/ca\\\/#\\\/schema\\\/logo\\\/image\\\/\",\"url\":\"https:\\\/\\\/www.tressis.com\\\/wp-content\\\/uploads\\\/2025\\\/06\\\/logo-tressis-112.png\",\"contentUrl\":\"https:\\\/\\\/www.tressis.com\\\/wp-content\\\/uploads\\\/2025\\\/06\\\/logo-tressis-112.png\",\"width\":112,\"height\":112,\"caption\":\"Tressis\"},\"image\":{\"@id\":\"https:\\\/\\\/www.tressis.com\\\/ca\\\/#\\\/schema\\\/logo\\\/image\\\/\"},\"sameAs\":[\"https:\\\/\\\/www.facebook.com\\\/Tressis\\\/\",\"https:\\\/\\\/x.com\\\/TressisSV\",\"https:\\\/\\\/www.instagram.com\\\/tressissv\\\/?hl=es\",\"https:\\\/\\\/linkedin.com\\\/company\\\/tressis\\\/\",\"https:\\\/\\\/www.youtube.com\\\/user\\\/tressissv\",\"https:\\\/\\\/open.spotify.com\\\/show\\\/3jmTe1Nf0wqMILl7diWV6h?si=d7112519f13c4593&nd=1\"]},{\"@type\":\"Person\",\"@id\":\"https:\\\/\\\/www.tressis.com\\\/ca\\\/#\\\/schema\\\/person\\\/b833c1d724d8764920b6d6852c70584e\",\"name\":\"Lola\",\"image\":{\"@type\":\"ImageObject\",\"inLanguage\":\"ca\",\"@id\":\"https:\\\/\\\/secure.gravatar.com\\\/avatar\\\/05e646486b23ff45df9649110609c7e31b8c4a3e2821caa23d6317f405e0c51d?s=96&d=mm&r=g\",\"url\":\"https:\\\/\\\/secure.gravatar.com\\\/avatar\\\/05e646486b23ff45df9649110609c7e31b8c4a3e2821caa23d6317f405e0c51d?s=96&d=mm&r=g\",\"contentUrl\":\"https:\\\/\\\/secure.gravatar.com\\\/avatar\\\/05e646486b23ff45df9649110609c7e31b8c4a3e2821caa23d6317f405e0c51d?s=96&d=mm&r=g\",\"caption\":\"Lola\"}}]}<\/script>\n<!-- \/ Yoast SEO plugin. -->","yoast_head_json":{"title":"\u00bfLlegar\u00e1n a entenderse Kim Jong-un y Donald Trump?","description":"Ya veremos cu\u00e1l es la intenci\u00f3n de unos mandatarios que parecen sufrir un trastorno de bipolaridad","robots":{"index":"index","follow":"follow","max-snippet":"max-snippet:-1","max-image-preview":"max-image-preview:large","max-video-preview":"max-video-preview:-1"},"canonical":"https:\/\/www.tressis.com\/ca\/blog\/llegaran-a-entenderse-kim-jong-un-y-donald-trump\/","og_locale":"ca_ES","og_type":"article","og_title":"\u00bfLlegar\u00e1n a entenderse Kim Jong-un y Donald Trump?","og_description":"Ya veremos cu\u00e1l es la intenci\u00f3n de unos mandatarios que parecen sufrir un trastorno de bipolaridad","og_url":"https:\/\/www.tressis.com\/ca\/blog\/llegaran-a-entenderse-kim-jong-un-y-donald-trump\/","og_site_name":"Tressis","article_publisher":"https:\/\/www.facebook.com\/Tressis\/","article_published_time":"2018-03-09T09:33:31+00:00","og_image":[{"width":1100,"height":487,"url":"https:\/\/www.tressis.com\/wp-content\/uploads\/2018\/03\/20180309-mmv.jpg","type":"image\/jpeg"}],"author":"Lola","twitter_card":"summary_large_image","twitter_creator":"@TressisSV","twitter_site":"@TressisSV","twitter_misc":{"Escrit per":"Lola","Temps estimat de lectura":"2 minuts"},"schema":{"@context":"https:\/\/schema.org","@graph":[{"@type":"Article","@id":"https:\/\/www.tressis.com\/ca\/blog\/llegaran-a-entenderse-kim-jong-un-y-donald-trump\/#article","isPartOf":{"@id":"https:\/\/www.tressis.com\/ca\/blog\/llegaran-a-entenderse-kim-jong-un-y-donald-trump\/"},"author":{"name":"Lola","@id":"https:\/\/www.tressis.com\/ca\/#\/schema\/person\/b833c1d724d8764920b6d6852c70584e"},"headline":"\u00bfLlegar\u00e1n a entenderse Kim Jong-un y Donald Trump?","datePublished":"2018-03-09T09:33:31+00:00","mainEntityOfPage":{"@id":"https:\/\/www.tressis.com\/ca\/blog\/llegaran-a-entenderse-kim-jong-un-y-donald-trump\/"},"wordCount":326,"commentCount":0,"publisher":{"@id":"https:\/\/www.tressis.com\/ca\/#organization"},"image":{"@id":"https:\/\/www.tressis.com\/ca\/blog\/llegaran-a-entenderse-kim-jong-un-y-donald-trump\/#primaryimage"},"thumbnailUrl":"https:\/\/www.tressis.com\/wp-content\/uploads\/2018\/03\/20180309-mmv.jpg","keywords":["aranceles","balanza comercial alemana","bolsas asi\u00e1ticas","Brasil","Canad\u00e1","Corea del Sur","Donald Trump","econom\u00eda europea","EEUU","Europa","Kim Jong-un","Mario Draghi","M\u00e9xico","populismo","QE","Reserva Federal","Turqu\u00eda"],"articleSection":["Morning meeting"],"inLanguage":"ca","potentialAction":[{"@type":"CommentAction","name":"Comment","target":["https:\/\/www.tressis.com\/ca\/blog\/llegaran-a-entenderse-kim-jong-un-y-donald-trump\/#respond"]}]},{"@type":"WebPage","@id":"https:\/\/www.tressis.com\/ca\/blog\/llegaran-a-entenderse-kim-jong-un-y-donald-trump\/","url":"https:\/\/www.tressis.com\/ca\/blog\/llegaran-a-entenderse-kim-jong-un-y-donald-trump\/","name":"\u00bfLlegar\u00e1n a entenderse Kim Jong-un y Donald Trump?","isPartOf":{"@id":"https:\/\/www.tressis.com\/ca\/#website"},"primaryImageOfPage":{"@id":"https:\/\/www.tressis.com\/ca\/blog\/llegaran-a-entenderse-kim-jong-un-y-donald-trump\/#primaryimage"},"image":{"@id":"https:\/\/www.tressis.com\/ca\/blog\/llegaran-a-entenderse-kim-jong-un-y-donald-trump\/#primaryimage"},"thumbnailUrl":"https:\/\/www.tressis.com\/wp-content\/uploads\/2018\/03\/20180309-mmv.jpg","datePublished":"2018-03-09T09:33:31+00:00","description":"Ya veremos cu\u00e1l es la intenci\u00f3n de unos mandatarios que parecen sufrir un trastorno de bipolaridad","breadcrumb":{"@id":"https:\/\/www.tressis.com\/ca\/blog\/llegaran-a-entenderse-kim-jong-un-y-donald-trump\/#breadcrumb"},"inLanguage":"ca","potentialAction":[{"@type":"ReadAction","target":["https:\/\/www.tressis.com\/ca\/blog\/llegaran-a-entenderse-kim-jong-un-y-donald-trump\/"]}]},{"@type":"ImageObject","inLanguage":"ca","@id":"https:\/\/www.tressis.com\/ca\/blog\/llegaran-a-entenderse-kim-jong-un-y-donald-trump\/#primaryimage","url":"https:\/\/www.tressis.com\/wp-content\/uploads\/2018\/03\/20180309-mmv.jpg","contentUrl":"https:\/\/www.tressis.com\/wp-content\/uploads\/2018\/03\/20180309-mmv.jpg","width":1100,"height":487,"caption":"\u00bfLlegar\u00e1n a entenderse Kim Jong-un y Donald Trump?"},{"@type":"BreadcrumbList","@id":"https:\/\/www.tressis.com\/ca\/blog\/llegaran-a-entenderse-kim-jong-un-y-donald-trump\/#breadcrumb","itemListElement":[{"@type":"ListItem","position":1,"name":"Inicio","item":"https:\/\/www.tressis.com\/ca\/"},{"@type":"ListItem","position":2,"name":"\u00bfLlegar\u00e1n a entenderse Kim Jong-un y Donald Trump?"}]},{"@type":"WebSite","@id":"https:\/\/www.tressis.com\/ca\/#website","url":"https:\/\/www.tressis.com\/ca\/","name":"Tressis banca privada","description":"Tressis | Planificaci\u00f3n financiera y gesti\u00f3n de patrimonios","publisher":{"@id":"https:\/\/www.tressis.com\/ca\/#organization"},"potentialAction":[{"@type":"SearchAction","target":{"@type":"EntryPoint","urlTemplate":"https:\/\/www.tressis.com\/ca\/?s={search_term_string}"},"query-input":{"@type":"PropertyValueSpecification","valueRequired":true,"valueName":"search_term_string"}}],"inLanguage":"ca"},{"@type":"Organization","@id":"https:\/\/www.tressis.com\/ca\/#organization","name":"Tressis","url":"https:\/\/www.tressis.com\/ca\/","logo":{"@type":"ImageObject","inLanguage":"ca","@id":"https:\/\/www.tressis.com\/ca\/#\/schema\/logo\/image\/","url":"https:\/\/www.tressis.com\/wp-content\/uploads\/2025\/06\/logo-tressis-112.png","contentUrl":"https:\/\/www.tressis.com\/wp-content\/uploads\/2025\/06\/logo-tressis-112.png","width":112,"height":112,"caption":"Tressis"},"image":{"@id":"https:\/\/www.tressis.com\/ca\/#\/schema\/logo\/image\/"},"sameAs":["https:\/\/www.facebook.com\/Tressis\/","https:\/\/x.com\/TressisSV","https:\/\/www.instagram.com\/tressissv\/?hl=es","https:\/\/linkedin.com\/company\/tressis\/","https:\/\/www.youtube.com\/user\/tressissv","https:\/\/open.spotify.com\/show\/3jmTe1Nf0wqMILl7diWV6h?si=d7112519f13c4593&nd=1"]},{"@type":"Person","@id":"https:\/\/www.tressis.com\/ca\/#\/schema\/person\/b833c1d724d8764920b6d6852c70584e","name":"Lola","image":{"@type":"ImageObject","inLanguage":"ca","@id":"https:\/\/secure.gravatar.com\/avatar\/05e646486b23ff45df9649110609c7e31b8c4a3e2821caa23d6317f405e0c51d?s=96&d=mm&r=g","url":"https:\/\/secure.gravatar.com\/avatar\/05e646486b23ff45df9649110609c7e31b8c4a3e2821caa23d6317f405e0c51d?s=96&d=mm&r=g","contentUrl":"https:\/\/secure.gravatar.com\/avatar\/05e646486b23ff45df9649110609c7e31b8c4a3e2821caa23d6317f405e0c51d?s=96&d=mm&r=g","caption":"Lola"}}]}},"_links":{"self":[{"href":"https:\/\/www.tressis.com\/ca\/wp-json\/wp\/v2\/posts\/28358","targetHints":{"allow":["GET"]}}],"collection":[{"href":"https:\/\/www.tressis.com\/ca\/wp-json\/wp\/v2\/posts"}],"about":[{"href":"https:\/\/www.tressis.com\/ca\/wp-json\/wp\/v2\/types\/post"}],"author":[{"embeddable":true,"href":"https:\/\/www.tressis.com\/ca\/wp-json\/wp\/v2\/users\/4"}],"replies":[{"embeddable":true,"href":"https:\/\/www.tressis.com\/ca\/wp-json\/wp\/v2\/comments?post=28358"}],"version-history":[{"count":0,"href":"https:\/\/www.tressis.com\/ca\/wp-json\/wp\/v2\/posts\/28358\/revisions"}],"wp:featuredmedia":[{"embeddable":true,"href":"https:\/\/www.tressis.com\/ca\/wp-json\/wp\/v2\/media\/28359"}],"wp:attachment":[{"href":"https:\/\/www.tressis.com\/ca\/wp-json\/wp\/v2\/media?parent=28358"}],"wp:term":[{"taxonomy":"category","embeddable":true,"href":"https:\/\/www.tressis.com\/ca\/wp-json\/wp\/v2\/categories?post=28358"},{"taxonomy":"post_tag","embeddable":true,"href":"https:\/\/www.tressis.com\/ca\/wp-json\/wp\/v2\/tags?post=28358"}],"curies":[{"name":"wp","href":"https:\/\/api.w.org\/{rel}","templated":true}]}}