{"id":28244,"date":"2018-02-22T10:37:06","date_gmt":"2018-02-22T09:37:06","guid":{"rendered":"http:\/\/www.tressis.com\/blog\/?p=28244"},"modified":"2018-02-22T10:37:06","modified_gmt":"2018-02-22T09:37:06","slug":"nada-alarmante-sorprendente","status":"publish","type":"post","link":"https:\/\/www.tressis.com\/ca\/blog\/nada-alarmante-sorprendente\/","title":{"rendered":"Nada alarmante, pero s\u00ed sorprendente"},"content":{"rendered":"<p>El mercado vuelve a preocuparse por la inflaci\u00f3n tras unos d\u00edas de calma y eso que \u00fanicamente dos miembros de la Fed se mostraron inquietos por el incremento en los precios durante su \u00faltima reuni\u00f3n. <!--more--> Sin embargo, esta se celebr\u00f3 antes del anuncio de los datos de desempleo del mes de enero, que reflejaron un aumento de los salarios y una tasa de desempleo del 4,1%, y de las \u00faltimas ca\u00eddas de las bolsas mundiales.<\/p>\n<p>Los mercados se lo tomaron mal y hubo nuevas correcciones en Wall Street. Nada alarmante, pero s\u00ed sorprendente, teniendo en cuenta que seg\u00fan la propia Fed el crecimiento durante 2018 ser\u00e1 superior a sus estimaciones iniciales y que las condiciones del mercado laboral mantendr\u00e1n su aceleraci\u00f3n durante este a\u00f1o. \u00bfEl motivo? Seguramente fuera el repunte del <i>treasury<\/i> hasta rozar el 3%, cifra en la que ya empieza a atraer parte del capital invertido en renta variable y a ajustar las valoraciones de los beneficios futuros de las compa\u00f1\u00edas. A esto se un\u00eda la ca\u00edda de las ventas de las viviendas de segunda mano, provocando que el sector inmobiliario sea el m\u00e1s bajista en lo que va de a\u00f1o.<\/p>\n<p>Por su parte, los indicadores PMI manufactureros y de servicios de Alemania y Francia han registrado descensos respecto a enero, pero siguen subiendo con fuerte ritmo. De hecho, anticipan el mayor crecimiento de la regi\u00f3n en m\u00e1s de una d\u00e9cada. Seguramente lo m\u00e1s importante de estos datos sea que el aumento del empleo en el sector servicios sigui\u00f3 situ\u00e1ndose en m\u00e1ximos de la \u00faltima d\u00e9cada, mientras que la expansi\u00f3n de las plantillas en el manufacturero, a pesar de retroceder, se sit\u00faa cerca de m\u00e1ximos de los \u00faltimos veinte a\u00f1os.<\/p>\n<p>Durante el d\u00eda de hoy tendremos pocas novedades desde el terreno empresarial, pero en la vertiente macroecon\u00f3mica los IPC de Francia e Italia podr\u00edan traer nuevos movimientos en los mercados de renta fija.<\/p>\n<p>Buen d\u00eda.<\/p>\n<p><center><strong>Jorge Gonz\u00e1lez<\/strong><br \/>\nDirecci\u00f3n de Inversiones<\/center><\/p>\n","protected":false},"excerpt":{"rendered":"<p>El mercado vuelve a preocuparse por la inflaci\u00f3n tras unos d\u00edas de calma y eso que \u00fanicamente dos miembros de la Fed se mostraron inquietos por el incremento en los precios durante su \u00faltima reuni\u00f3n.<\/p>\n","protected":false},"author":4,"featured_media":28246,"comment_status":"open","ping_status":"closed","sticky":false,"template":"","format":"standard","meta":{"_acf_changed":false,"footnotes":""},"categories":[9721],"tags":[658,2720,2879,3453,3644,3696,5614,5642,6711,6955],"class_list":["post-28244","post","type-post","status-publish","format-standard","has-post-thumbnail","hentry","category-morning-meeting","tag-bolsas","tag-fed","tag-francia","tag-inflacion","tag-ipc","tag-italia","tag-renta-fija","tag-renta-variable","tag-treasury","tag-wall-street"],"acf":[],"yoast_head":"<!-- This site is optimized with the Yoast SEO plugin v27.4 - https:\/\/yoast.com\/product\/yoast-seo-wordpress\/ -->\n<title>Nada alarmante, pero s\u00ed sorprendente<\/title>\n<meta name=\"description\" content=\"Los mercados se lo tomaron mal y hubo nuevas correcciones en Wall Street. Nada alarmante, pero s\u00ed sorprendente, teniendo en cuenta que seg\u00fan la propia Fed el crecimiento durante 2018 ser\u00e1 superior a sus estimaciones.\" \/>\n<meta name=\"robots\" content=\"index, follow, max-snippet:-1, max-image-preview:large, max-video-preview:-1\" \/>\n<link rel=\"canonical\" href=\"https:\/\/www.tressis.com\/ca\/blog\/nada-alarmante-sorprendente\/\" \/>\n<meta property=\"og:locale\" content=\"ca_ES\" \/>\n<meta property=\"og:type\" content=\"article\" \/>\n<meta property=\"og:title\" content=\"Nada alarmante, pero s\u00ed sorprendente\" \/>\n<meta property=\"og:description\" content=\"Los mercados se lo tomaron mal y hubo nuevas correcciones en Wall Street. Nada alarmante, pero s\u00ed sorprendente, teniendo en cuenta que seg\u00fan la propia Fed el crecimiento durante 2018 ser\u00e1 superior a sus estimaciones.\" \/>\n<meta property=\"og:url\" content=\"https:\/\/www.tressis.com\/ca\/blog\/nada-alarmante-sorprendente\/\" \/>\n<meta property=\"og:site_name\" content=\"Tressis\" \/>\n<meta property=\"article:publisher\" content=\"https:\/\/www.facebook.com\/Tressis\/\" \/>\n<meta property=\"article:published_time\" content=\"2018-02-22T09:37:06+00:00\" \/>\n<meta property=\"og:image\" content=\"https:\/\/www.tressis.com\/wp-content\/uploads\/2018\/02\/20180222mm.jpg\" \/>\n\t<meta property=\"og:image:width\" content=\"1100\" \/>\n\t<meta property=\"og:image:height\" content=\"487\" \/>\n\t<meta property=\"og:image:type\" content=\"image\/jpeg\" \/>\n<meta name=\"author\" content=\"Lola\" \/>\n<meta name=\"twitter:card\" content=\"summary_large_image\" \/>\n<meta name=\"twitter:creator\" content=\"@TressisSV\" \/>\n<meta name=\"twitter:site\" content=\"@TressisSV\" \/>\n<meta name=\"twitter:label1\" content=\"Escrit per\" \/>\n\t<meta name=\"twitter:data1\" content=\"Lola\" \/>\n\t<meta name=\"twitter:label2\" content=\"Temps estimat de lectura\" \/>\n\t<meta name=\"twitter:data2\" content=\"2 minuts\" \/>\n<script type=\"application\/ld+json\" class=\"yoast-schema-graph\">{\"@context\":\"https:\\\/\\\/schema.org\",\"@graph\":[{\"@type\":\"Article\",\"@id\":\"https:\\\/\\\/www.tressis.com\\\/ca\\\/blog\\\/nada-alarmante-sorprendente\\\/#article\",\"isPartOf\":{\"@id\":\"https:\\\/\\\/www.tressis.com\\\/ca\\\/blog\\\/nada-alarmante-sorprendente\\\/\"},\"author\":{\"name\":\"Lola\",\"@id\":\"https:\\\/\\\/www.tressis.com\\\/ca\\\/#\\\/schema\\\/person\\\/b833c1d724d8764920b6d6852c70584e\"},\"headline\":\"Nada alarmante, pero s\u00ed sorprendente\",\"datePublished\":\"2018-02-22T09:37:06+00:00\",\"mainEntityOfPage\":{\"@id\":\"https:\\\/\\\/www.tressis.com\\\/ca\\\/blog\\\/nada-alarmante-sorprendente\\\/\"},\"wordCount\":354,\"commentCount\":0,\"publisher\":{\"@id\":\"https:\\\/\\\/www.tressis.com\\\/ca\\\/#organization\"},\"image\":{\"@id\":\"https:\\\/\\\/www.tressis.com\\\/ca\\\/blog\\\/nada-alarmante-sorprendente\\\/#primaryimage\"},\"thumbnailUrl\":\"https:\\\/\\\/www.tressis.com\\\/wp-content\\\/uploads\\\/2018\\\/02\\\/20180222mm.jpg\",\"keywords\":[\"bolsas\",\"fed\",\"Francia\",\"inflaci\u00f3n\",\"IPC\",\"Italia\",\"renta fija\",\"renta variable\",\"Treasury\",\"Wall Street\"],\"articleSection\":[\"Morning meeting\"],\"inLanguage\":\"ca\",\"potentialAction\":[{\"@type\":\"CommentAction\",\"name\":\"Comment\",\"target\":[\"https:\\\/\\\/www.tressis.com\\\/ca\\\/blog\\\/nada-alarmante-sorprendente\\\/#respond\"]}]},{\"@type\":\"WebPage\",\"@id\":\"https:\\\/\\\/www.tressis.com\\\/ca\\\/blog\\\/nada-alarmante-sorprendente\\\/\",\"url\":\"https:\\\/\\\/www.tressis.com\\\/ca\\\/blog\\\/nada-alarmante-sorprendente\\\/\",\"name\":\"Nada alarmante, pero s\u00ed sorprendente\",\"isPartOf\":{\"@id\":\"https:\\\/\\\/www.tressis.com\\\/ca\\\/#website\"},\"primaryImageOfPage\":{\"@id\":\"https:\\\/\\\/www.tressis.com\\\/ca\\\/blog\\\/nada-alarmante-sorprendente\\\/#primaryimage\"},\"image\":{\"@id\":\"https:\\\/\\\/www.tressis.com\\\/ca\\\/blog\\\/nada-alarmante-sorprendente\\\/#primaryimage\"},\"thumbnailUrl\":\"https:\\\/\\\/www.tressis.com\\\/wp-content\\\/uploads\\\/2018\\\/02\\\/20180222mm.jpg\",\"datePublished\":\"2018-02-22T09:37:06+00:00\",\"description\":\"Los mercados se lo tomaron mal y hubo nuevas correcciones en Wall Street. Nada alarmante, pero s\u00ed sorprendente, teniendo en cuenta que seg\u00fan la propia Fed el crecimiento durante 2018 ser\u00e1 superior a sus estimaciones.\",\"breadcrumb\":{\"@id\":\"https:\\\/\\\/www.tressis.com\\\/ca\\\/blog\\\/nada-alarmante-sorprendente\\\/#breadcrumb\"},\"inLanguage\":\"ca\",\"potentialAction\":[{\"@type\":\"ReadAction\",\"target\":[\"https:\\\/\\\/www.tressis.com\\\/ca\\\/blog\\\/nada-alarmante-sorprendente\\\/\"]}]},{\"@type\":\"ImageObject\",\"inLanguage\":\"ca\",\"@id\":\"https:\\\/\\\/www.tressis.com\\\/ca\\\/blog\\\/nada-alarmante-sorprendente\\\/#primaryimage\",\"url\":\"https:\\\/\\\/www.tressis.com\\\/wp-content\\\/uploads\\\/2018\\\/02\\\/20180222mm.jpg\",\"contentUrl\":\"https:\\\/\\\/www.tressis.com\\\/wp-content\\\/uploads\\\/2018\\\/02\\\/20180222mm.jpg\",\"width\":1100,\"height\":487,\"caption\":\"Nada alarmante, pero s\u00ed sorprendente\"},{\"@type\":\"BreadcrumbList\",\"@id\":\"https:\\\/\\\/www.tressis.com\\\/ca\\\/blog\\\/nada-alarmante-sorprendente\\\/#breadcrumb\",\"itemListElement\":[{\"@type\":\"ListItem\",\"position\":1,\"name\":\"Inicio\",\"item\":\"https:\\\/\\\/www.tressis.com\\\/ca\\\/\"},{\"@type\":\"ListItem\",\"position\":2,\"name\":\"Nada alarmante, pero s\u00ed sorprendente\"}]},{\"@type\":\"WebSite\",\"@id\":\"https:\\\/\\\/www.tressis.com\\\/ca\\\/#website\",\"url\":\"https:\\\/\\\/www.tressis.com\\\/ca\\\/\",\"name\":\"Tressis banca privada\",\"description\":\"Tressis | Planificaci\u00f3n financiera y gesti\u00f3n de patrimonios\",\"publisher\":{\"@id\":\"https:\\\/\\\/www.tressis.com\\\/ca\\\/#organization\"},\"potentialAction\":[{\"@type\":\"SearchAction\",\"target\":{\"@type\":\"EntryPoint\",\"urlTemplate\":\"https:\\\/\\\/www.tressis.com\\\/ca\\\/?s={search_term_string}\"},\"query-input\":{\"@type\":\"PropertyValueSpecification\",\"valueRequired\":true,\"valueName\":\"search_term_string\"}}],\"inLanguage\":\"ca\"},{\"@type\":\"Organization\",\"@id\":\"https:\\\/\\\/www.tressis.com\\\/ca\\\/#organization\",\"name\":\"Tressis\",\"url\":\"https:\\\/\\\/www.tressis.com\\\/ca\\\/\",\"logo\":{\"@type\":\"ImageObject\",\"inLanguage\":\"ca\",\"@id\":\"https:\\\/\\\/www.tressis.com\\\/ca\\\/#\\\/schema\\\/logo\\\/image\\\/\",\"url\":\"https:\\\/\\\/www.tressis.com\\\/wp-content\\\/uploads\\\/2025\\\/06\\\/logo-tressis-112.png\",\"contentUrl\":\"https:\\\/\\\/www.tressis.com\\\/wp-content\\\/uploads\\\/2025\\\/06\\\/logo-tressis-112.png\",\"width\":112,\"height\":112,\"caption\":\"Tressis\"},\"image\":{\"@id\":\"https:\\\/\\\/www.tressis.com\\\/ca\\\/#\\\/schema\\\/logo\\\/image\\\/\"},\"sameAs\":[\"https:\\\/\\\/www.facebook.com\\\/Tressis\\\/\",\"https:\\\/\\\/x.com\\\/TressisSV\",\"https:\\\/\\\/www.instagram.com\\\/tressissv\\\/?hl=es\",\"https:\\\/\\\/linkedin.com\\\/company\\\/tressis\\\/\",\"https:\\\/\\\/www.youtube.com\\\/user\\\/tressissv\",\"https:\\\/\\\/open.spotify.com\\\/show\\\/3jmTe1Nf0wqMILl7diWV6h?si=d7112519f13c4593&nd=1\"]},{\"@type\":\"Person\",\"@id\":\"https:\\\/\\\/www.tressis.com\\\/ca\\\/#\\\/schema\\\/person\\\/b833c1d724d8764920b6d6852c70584e\",\"name\":\"Lola\",\"image\":{\"@type\":\"ImageObject\",\"inLanguage\":\"ca\",\"@id\":\"https:\\\/\\\/secure.gravatar.com\\\/avatar\\\/05e646486b23ff45df9649110609c7e31b8c4a3e2821caa23d6317f405e0c51d?s=96&d=mm&r=g\",\"url\":\"https:\\\/\\\/secure.gravatar.com\\\/avatar\\\/05e646486b23ff45df9649110609c7e31b8c4a3e2821caa23d6317f405e0c51d?s=96&d=mm&r=g\",\"contentUrl\":\"https:\\\/\\\/secure.gravatar.com\\\/avatar\\\/05e646486b23ff45df9649110609c7e31b8c4a3e2821caa23d6317f405e0c51d?s=96&d=mm&r=g\",\"caption\":\"Lola\"}}]}<\/script>\n<!-- \/ Yoast SEO plugin. -->","yoast_head_json":{"title":"Nada alarmante, pero s\u00ed sorprendente","description":"Los mercados se lo tomaron mal y hubo nuevas correcciones en Wall Street. Nada alarmante, pero s\u00ed sorprendente, teniendo en cuenta que seg\u00fan la propia Fed el crecimiento durante 2018 ser\u00e1 superior a sus estimaciones.","robots":{"index":"index","follow":"follow","max-snippet":"max-snippet:-1","max-image-preview":"max-image-preview:large","max-video-preview":"max-video-preview:-1"},"canonical":"https:\/\/www.tressis.com\/ca\/blog\/nada-alarmante-sorprendente\/","og_locale":"ca_ES","og_type":"article","og_title":"Nada alarmante, pero s\u00ed sorprendente","og_description":"Los mercados se lo tomaron mal y hubo nuevas correcciones en Wall Street. Nada alarmante, pero s\u00ed sorprendente, teniendo en cuenta que seg\u00fan la propia Fed el crecimiento durante 2018 ser\u00e1 superior a sus estimaciones.","og_url":"https:\/\/www.tressis.com\/ca\/blog\/nada-alarmante-sorprendente\/","og_site_name":"Tressis","article_publisher":"https:\/\/www.facebook.com\/Tressis\/","article_published_time":"2018-02-22T09:37:06+00:00","og_image":[{"width":1100,"height":487,"url":"https:\/\/www.tressis.com\/wp-content\/uploads\/2018\/02\/20180222mm.jpg","type":"image\/jpeg"}],"author":"Lola","twitter_card":"summary_large_image","twitter_creator":"@TressisSV","twitter_site":"@TressisSV","twitter_misc":{"Escrit per":"Lola","Temps estimat de lectura":"2 minuts"},"schema":{"@context":"https:\/\/schema.org","@graph":[{"@type":"Article","@id":"https:\/\/www.tressis.com\/ca\/blog\/nada-alarmante-sorprendente\/#article","isPartOf":{"@id":"https:\/\/www.tressis.com\/ca\/blog\/nada-alarmante-sorprendente\/"},"author":{"name":"Lola","@id":"https:\/\/www.tressis.com\/ca\/#\/schema\/person\/b833c1d724d8764920b6d6852c70584e"},"headline":"Nada alarmante, pero s\u00ed sorprendente","datePublished":"2018-02-22T09:37:06+00:00","mainEntityOfPage":{"@id":"https:\/\/www.tressis.com\/ca\/blog\/nada-alarmante-sorprendente\/"},"wordCount":354,"commentCount":0,"publisher":{"@id":"https:\/\/www.tressis.com\/ca\/#organization"},"image":{"@id":"https:\/\/www.tressis.com\/ca\/blog\/nada-alarmante-sorprendente\/#primaryimage"},"thumbnailUrl":"https:\/\/www.tressis.com\/wp-content\/uploads\/2018\/02\/20180222mm.jpg","keywords":["bolsas","fed","Francia","inflaci\u00f3n","IPC","Italia","renta fija","renta variable","Treasury","Wall Street"],"articleSection":["Morning meeting"],"inLanguage":"ca","potentialAction":[{"@type":"CommentAction","name":"Comment","target":["https:\/\/www.tressis.com\/ca\/blog\/nada-alarmante-sorprendente\/#respond"]}]},{"@type":"WebPage","@id":"https:\/\/www.tressis.com\/ca\/blog\/nada-alarmante-sorprendente\/","url":"https:\/\/www.tressis.com\/ca\/blog\/nada-alarmante-sorprendente\/","name":"Nada alarmante, pero s\u00ed sorprendente","isPartOf":{"@id":"https:\/\/www.tressis.com\/ca\/#website"},"primaryImageOfPage":{"@id":"https:\/\/www.tressis.com\/ca\/blog\/nada-alarmante-sorprendente\/#primaryimage"},"image":{"@id":"https:\/\/www.tressis.com\/ca\/blog\/nada-alarmante-sorprendente\/#primaryimage"},"thumbnailUrl":"https:\/\/www.tressis.com\/wp-content\/uploads\/2018\/02\/20180222mm.jpg","datePublished":"2018-02-22T09:37:06+00:00","description":"Los mercados se lo tomaron mal y hubo nuevas correcciones en Wall Street. Nada alarmante, pero s\u00ed sorprendente, teniendo en cuenta que seg\u00fan la propia Fed el crecimiento durante 2018 ser\u00e1 superior a sus estimaciones.","breadcrumb":{"@id":"https:\/\/www.tressis.com\/ca\/blog\/nada-alarmante-sorprendente\/#breadcrumb"},"inLanguage":"ca","potentialAction":[{"@type":"ReadAction","target":["https:\/\/www.tressis.com\/ca\/blog\/nada-alarmante-sorprendente\/"]}]},{"@type":"ImageObject","inLanguage":"ca","@id":"https:\/\/www.tressis.com\/ca\/blog\/nada-alarmante-sorprendente\/#primaryimage","url":"https:\/\/www.tressis.com\/wp-content\/uploads\/2018\/02\/20180222mm.jpg","contentUrl":"https:\/\/www.tressis.com\/wp-content\/uploads\/2018\/02\/20180222mm.jpg","width":1100,"height":487,"caption":"Nada alarmante, pero s\u00ed sorprendente"},{"@type":"BreadcrumbList","@id":"https:\/\/www.tressis.com\/ca\/blog\/nada-alarmante-sorprendente\/#breadcrumb","itemListElement":[{"@type":"ListItem","position":1,"name":"Inicio","item":"https:\/\/www.tressis.com\/ca\/"},{"@type":"ListItem","position":2,"name":"Nada alarmante, pero s\u00ed sorprendente"}]},{"@type":"WebSite","@id":"https:\/\/www.tressis.com\/ca\/#website","url":"https:\/\/www.tressis.com\/ca\/","name":"Tressis banca privada","description":"Tressis | Planificaci\u00f3n financiera y gesti\u00f3n de patrimonios","publisher":{"@id":"https:\/\/www.tressis.com\/ca\/#organization"},"potentialAction":[{"@type":"SearchAction","target":{"@type":"EntryPoint","urlTemplate":"https:\/\/www.tressis.com\/ca\/?s={search_term_string}"},"query-input":{"@type":"PropertyValueSpecification","valueRequired":true,"valueName":"search_term_string"}}],"inLanguage":"ca"},{"@type":"Organization","@id":"https:\/\/www.tressis.com\/ca\/#organization","name":"Tressis","url":"https:\/\/www.tressis.com\/ca\/","logo":{"@type":"ImageObject","inLanguage":"ca","@id":"https:\/\/www.tressis.com\/ca\/#\/schema\/logo\/image\/","url":"https:\/\/www.tressis.com\/wp-content\/uploads\/2025\/06\/logo-tressis-112.png","contentUrl":"https:\/\/www.tressis.com\/wp-content\/uploads\/2025\/06\/logo-tressis-112.png","width":112,"height":112,"caption":"Tressis"},"image":{"@id":"https:\/\/www.tressis.com\/ca\/#\/schema\/logo\/image\/"},"sameAs":["https:\/\/www.facebook.com\/Tressis\/","https:\/\/x.com\/TressisSV","https:\/\/www.instagram.com\/tressissv\/?hl=es","https:\/\/linkedin.com\/company\/tressis\/","https:\/\/www.youtube.com\/user\/tressissv","https:\/\/open.spotify.com\/show\/3jmTe1Nf0wqMILl7diWV6h?si=d7112519f13c4593&nd=1"]},{"@type":"Person","@id":"https:\/\/www.tressis.com\/ca\/#\/schema\/person\/b833c1d724d8764920b6d6852c70584e","name":"Lola","image":{"@type":"ImageObject","inLanguage":"ca","@id":"https:\/\/secure.gravatar.com\/avatar\/05e646486b23ff45df9649110609c7e31b8c4a3e2821caa23d6317f405e0c51d?s=96&d=mm&r=g","url":"https:\/\/secure.gravatar.com\/avatar\/05e646486b23ff45df9649110609c7e31b8c4a3e2821caa23d6317f405e0c51d?s=96&d=mm&r=g","contentUrl":"https:\/\/secure.gravatar.com\/avatar\/05e646486b23ff45df9649110609c7e31b8c4a3e2821caa23d6317f405e0c51d?s=96&d=mm&r=g","caption":"Lola"}}]}},"_links":{"self":[{"href":"https:\/\/www.tressis.com\/ca\/wp-json\/wp\/v2\/posts\/28244","targetHints":{"allow":["GET"]}}],"collection":[{"href":"https:\/\/www.tressis.com\/ca\/wp-json\/wp\/v2\/posts"}],"about":[{"href":"https:\/\/www.tressis.com\/ca\/wp-json\/wp\/v2\/types\/post"}],"author":[{"embeddable":true,"href":"https:\/\/www.tressis.com\/ca\/wp-json\/wp\/v2\/users\/4"}],"replies":[{"embeddable":true,"href":"https:\/\/www.tressis.com\/ca\/wp-json\/wp\/v2\/comments?post=28244"}],"version-history":[{"count":0,"href":"https:\/\/www.tressis.com\/ca\/wp-json\/wp\/v2\/posts\/28244\/revisions"}],"wp:featuredmedia":[{"embeddable":true,"href":"https:\/\/www.tressis.com\/ca\/wp-json\/wp\/v2\/media\/28246"}],"wp:attachment":[{"href":"https:\/\/www.tressis.com\/ca\/wp-json\/wp\/v2\/media?parent=28244"}],"wp:term":[{"taxonomy":"category","embeddable":true,"href":"https:\/\/www.tressis.com\/ca\/wp-json\/wp\/v2\/categories?post=28244"},{"taxonomy":"post_tag","embeddable":true,"href":"https:\/\/www.tressis.com\/ca\/wp-json\/wp\/v2\/tags?post=28244"}],"curies":[{"name":"wp","href":"https:\/\/api.w.org\/{rel}","templated":true}]}}