{"id":28044,"date":"2018-02-02T11:01:02","date_gmt":"2018-02-02T10:01:02","guid":{"rendered":"http:\/\/www.tressis.com\/blog\/?p=28044"},"modified":"2018-02-02T11:01:02","modified_gmt":"2018-02-02T10:01:02","slug":"la-prudencia-una-virtud","status":"publish","type":"post","link":"https:\/\/www.tressis.com\/ca\/blog\/la-prudencia-una-virtud\/","title":{"rendered":"La prudencia es una virtud"},"content":{"rendered":"<p>No hay quien pare a los bonos en estos momentos (no en precio, sino en rentabilidad), pese a quien pese.<!--more--><\/p>\n<p>Bien visto, las expectativas de inflaci\u00f3n tampoco han sufrido un cambio radical, as\u00ed que por qu\u00e9 no pensar que el mercado est\u00e1 cotizando solamente expectativas sobre pol\u00edticas monetarias en lugar de presiones por la v\u00eda de los precios. Adem\u00e1s de que a los IPC a\u00fan les queda, no hay que dejar de lado que, por ejemplo, el BCE advierte cada d\u00eda con m\u00e1s vehemencia que de romper el trabajo de los \u00faltimos a\u00f1os, de momento nada, que la prudencia es una virtud.<\/p>\n<p>Sin embargo, tambi\u00e9n queda pensar que en vez de un movimiento en tal o cual sentido del banco central X o del Y, los mercados tengan toda la atenci\u00f3n puesta en el crecimiento global. No porque por fin el entorno acompa\u00f1e, sino porque esa mejora obligue precisamente a endurecer la pol\u00edtica monetaria. De hecho, la bater\u00eda de PMI de manufacturas que se publicaron a lo largo del d\u00eda de ayer vienen a confirmar el &#8220;miedo&#8221; a que la actividad siga mejorando. Primero fueron los de China y Jap\u00f3n, pero m\u00e1s tarde, tanto en Europa como en EE.UU. los datos publicados se mantienen en el entorno de los 60 puntos, reflejando las buenas perspectivas para los pr\u00f3ximos meses. Solo el descenso del Reino Unido, motivado por la fuerte inflaci\u00f3n, debe ser considerado aparte.<\/p>\n<p>En lo que a resultados se refiere, lo que llevamos tambi\u00e9n confirma las previsiones positivas, ya sea en beneficio o en ventas. Respecto al d\u00eda de ayer, atenci\u00f3n m\u00e1xima para los gigantes de la revoluci\u00f3n tecnol\u00f3gica. Como ha sucedido con los bancos, este sector tambi\u00e9n sufre contrastes a cuenta de la reforma fiscal de Trump, pues as\u00ed como Google la sufre por culpa del coste de la repatriaci\u00f3n de los beneficios en el exterior, Amazon ya empieza a beneficiarse del recorte de impuestos. Luego est\u00e1 Apple, que con menos ventas recoge m\u00e1s beneficios, comprensible si colocan tel\u00e9fonos a m\u00e1s de 1000 d\u00f3lares.<\/p>\n<p>Buen fin de semana.<\/p>\n<p><center><strong>Am\u00edlcar Barrios Vilallonga<\/strong><br \/>\nDirecci\u00f3n de Inversiones<\/center><\/p>\n","protected":false},"excerpt":{"rendered":"<p>No hay quien pare a los bonos en estos momentos (no en precio, sino en rentabilidad), pese a quien pese.<\/p>\n","protected":false},"author":4,"featured_media":28045,"comment_status":"open","ping_status":"closed","sticky":false,"template":"","format":"standard","meta":{"_acf_changed":false,"footnotes":""},"categories":[9721],"tags":[186,259,476,553,559,1118,1571,2102,2206,2542,2556,3084,3644,3714,4935,5026,5159,5294,5656,5883],"class_list":["post-28044","post","type-post","status-publish","format-standard","has-post-thumbnail","hentry","category-morning-meeting","tag-amazon","tag-apple","tag-banco-central","tag-bateria-de-pmi","tag-bce","tag-china","tag-crecimiento-global","tag-dolar","tag-eeuu","tag-euro","tag-europa","tag-google","tag-ipc","tag-japon","tag-pmi-de-manufacturas","tag-politicas-monetarias","tag-presiones-via-precios","tag-prudencia","tag-rentabilidad","tag-revolucion-tecnologica"],"acf":[],"yoast_head":"<!-- This site is optimized with the Yoast SEO plugin v27.4 - https:\/\/yoast.com\/product\/yoast-seo-wordpress\/ -->\n<title>La prudencia es una virtud<\/title>\n<meta name=\"description\" content=\"\u00bfPor qu\u00e9 los mercados tienen toda la atenci\u00f3n puesta en el crecimiento global?\" \/>\n<meta name=\"robots\" content=\"index, follow, max-snippet:-1, max-image-preview:large, max-video-preview:-1\" \/>\n<link rel=\"canonical\" href=\"https:\/\/www.tressis.com\/ca\/blog\/la-prudencia-una-virtud\/\" \/>\n<meta property=\"og:locale\" content=\"ca_ES\" \/>\n<meta property=\"og:type\" content=\"article\" \/>\n<meta property=\"og:title\" content=\"La prudencia es una virtud\" \/>\n<meta property=\"og:description\" content=\"\u00bfPor qu\u00e9 los mercados tienen toda la atenci\u00f3n puesta en el crecimiento global?\" \/>\n<meta property=\"og:url\" content=\"https:\/\/www.tressis.com\/ca\/blog\/la-prudencia-una-virtud\/\" \/>\n<meta property=\"og:site_name\" content=\"Tressis\" \/>\n<meta property=\"article:publisher\" content=\"https:\/\/www.facebook.com\/Tressis\/\" \/>\n<meta property=\"article:published_time\" content=\"2018-02-02T10:01:02+00:00\" \/>\n<meta property=\"og:image\" content=\"https:\/\/www.tressis.com\/wp-content\/uploads\/2018\/02\/20180202-mmv.jpg\" \/>\n\t<meta property=\"og:image:width\" content=\"1100\" \/>\n\t<meta property=\"og:image:height\" content=\"487\" \/>\n\t<meta property=\"og:image:type\" content=\"image\/jpeg\" \/>\n<meta name=\"author\" content=\"Lola\" \/>\n<meta name=\"twitter:card\" content=\"summary_large_image\" \/>\n<meta name=\"twitter:creator\" content=\"@TressisSV\" \/>\n<meta name=\"twitter:site\" content=\"@TressisSV\" \/>\n<meta name=\"twitter:label1\" content=\"Escrit per\" \/>\n\t<meta name=\"twitter:data1\" content=\"Lola\" \/>\n\t<meta name=\"twitter:label2\" content=\"Temps estimat de lectura\" \/>\n\t<meta name=\"twitter:data2\" content=\"2 minuts\" \/>\n<script type=\"application\/ld+json\" class=\"yoast-schema-graph\">{\"@context\":\"https:\\\/\\\/schema.org\",\"@graph\":[{\"@type\":\"Article\",\"@id\":\"https:\\\/\\\/www.tressis.com\\\/ca\\\/blog\\\/la-prudencia-una-virtud\\\/#article\",\"isPartOf\":{\"@id\":\"https:\\\/\\\/www.tressis.com\\\/ca\\\/blog\\\/la-prudencia-una-virtud\\\/\"},\"author\":{\"name\":\"Lola\",\"@id\":\"https:\\\/\\\/www.tressis.com\\\/ca\\\/#\\\/schema\\\/person\\\/b833c1d724d8764920b6d6852c70584e\"},\"headline\":\"La prudencia es una virtud\",\"datePublished\":\"2018-02-02T10:01:02+00:00\",\"mainEntityOfPage\":{\"@id\":\"https:\\\/\\\/www.tressis.com\\\/ca\\\/blog\\\/la-prudencia-una-virtud\\\/\"},\"wordCount\":382,\"commentCount\":0,\"publisher\":{\"@id\":\"https:\\\/\\\/www.tressis.com\\\/ca\\\/#organization\"},\"image\":{\"@id\":\"https:\\\/\\\/www.tressis.com\\\/ca\\\/blog\\\/la-prudencia-una-virtud\\\/#primaryimage\"},\"thumbnailUrl\":\"https:\\\/\\\/www.tressis.com\\\/wp-content\\\/uploads\\\/2018\\\/02\\\/20180202-mmv.jpg\",\"keywords\":[\"amazon\",\"Apple\",\"banco central\",\"bater\u00eda de PMI\",\"BCE\",\"china\",\"crecimiento global\",\"dolar\",\"EEUU\",\"euro\",\"Europa\",\"Google\",\"IPC\",\"Jap\u00f3n\",\"PMI de manufacturas\",\"pol\u00edticas monetarias\",\"presiones v\u00eda precios\",\"prudencia\",\"rentabilidad\",\"revoluci\u00f3n tecnol\u00f3gica\"],\"articleSection\":[\"Morning meeting\"],\"inLanguage\":\"ca\",\"potentialAction\":[{\"@type\":\"CommentAction\",\"name\":\"Comment\",\"target\":[\"https:\\\/\\\/www.tressis.com\\\/ca\\\/blog\\\/la-prudencia-una-virtud\\\/#respond\"]}]},{\"@type\":\"WebPage\",\"@id\":\"https:\\\/\\\/www.tressis.com\\\/ca\\\/blog\\\/la-prudencia-una-virtud\\\/\",\"url\":\"https:\\\/\\\/www.tressis.com\\\/ca\\\/blog\\\/la-prudencia-una-virtud\\\/\",\"name\":\"La prudencia es una virtud\",\"isPartOf\":{\"@id\":\"https:\\\/\\\/www.tressis.com\\\/ca\\\/#website\"},\"primaryImageOfPage\":{\"@id\":\"https:\\\/\\\/www.tressis.com\\\/ca\\\/blog\\\/la-prudencia-una-virtud\\\/#primaryimage\"},\"image\":{\"@id\":\"https:\\\/\\\/www.tressis.com\\\/ca\\\/blog\\\/la-prudencia-una-virtud\\\/#primaryimage\"},\"thumbnailUrl\":\"https:\\\/\\\/www.tressis.com\\\/wp-content\\\/uploads\\\/2018\\\/02\\\/20180202-mmv.jpg\",\"datePublished\":\"2018-02-02T10:01:02+00:00\",\"description\":\"\u00bfPor qu\u00e9 los mercados tienen toda la atenci\u00f3n puesta en el crecimiento global?\",\"breadcrumb\":{\"@id\":\"https:\\\/\\\/www.tressis.com\\\/ca\\\/blog\\\/la-prudencia-una-virtud\\\/#breadcrumb\"},\"inLanguage\":\"ca\",\"potentialAction\":[{\"@type\":\"ReadAction\",\"target\":[\"https:\\\/\\\/www.tressis.com\\\/ca\\\/blog\\\/la-prudencia-una-virtud\\\/\"]}]},{\"@type\":\"ImageObject\",\"inLanguage\":\"ca\",\"@id\":\"https:\\\/\\\/www.tressis.com\\\/ca\\\/blog\\\/la-prudencia-una-virtud\\\/#primaryimage\",\"url\":\"https:\\\/\\\/www.tressis.com\\\/wp-content\\\/uploads\\\/2018\\\/02\\\/20180202-mmv.jpg\",\"contentUrl\":\"https:\\\/\\\/www.tressis.com\\\/wp-content\\\/uploads\\\/2018\\\/02\\\/20180202-mmv.jpg\",\"width\":1100,\"height\":487,\"caption\":\"La prudencia es una virtud\"},{\"@type\":\"BreadcrumbList\",\"@id\":\"https:\\\/\\\/www.tressis.com\\\/ca\\\/blog\\\/la-prudencia-una-virtud\\\/#breadcrumb\",\"itemListElement\":[{\"@type\":\"ListItem\",\"position\":1,\"name\":\"Inicio\",\"item\":\"https:\\\/\\\/www.tressis.com\\\/ca\\\/\"},{\"@type\":\"ListItem\",\"position\":2,\"name\":\"La prudencia es una virtud\"}]},{\"@type\":\"WebSite\",\"@id\":\"https:\\\/\\\/www.tressis.com\\\/ca\\\/#website\",\"url\":\"https:\\\/\\\/www.tressis.com\\\/ca\\\/\",\"name\":\"Tressis banca privada\",\"description\":\"Tressis | Planificaci\u00f3n financiera y gesti\u00f3n de patrimonios\",\"publisher\":{\"@id\":\"https:\\\/\\\/www.tressis.com\\\/ca\\\/#organization\"},\"potentialAction\":[{\"@type\":\"SearchAction\",\"target\":{\"@type\":\"EntryPoint\",\"urlTemplate\":\"https:\\\/\\\/www.tressis.com\\\/ca\\\/?s={search_term_string}\"},\"query-input\":{\"@type\":\"PropertyValueSpecification\",\"valueRequired\":true,\"valueName\":\"search_term_string\"}}],\"inLanguage\":\"ca\"},{\"@type\":\"Organization\",\"@id\":\"https:\\\/\\\/www.tressis.com\\\/ca\\\/#organization\",\"name\":\"Tressis\",\"url\":\"https:\\\/\\\/www.tressis.com\\\/ca\\\/\",\"logo\":{\"@type\":\"ImageObject\",\"inLanguage\":\"ca\",\"@id\":\"https:\\\/\\\/www.tressis.com\\\/ca\\\/#\\\/schema\\\/logo\\\/image\\\/\",\"url\":\"https:\\\/\\\/www.tressis.com\\\/wp-content\\\/uploads\\\/2025\\\/06\\\/logo-tressis-112.png\",\"contentUrl\":\"https:\\\/\\\/www.tressis.com\\\/wp-content\\\/uploads\\\/2025\\\/06\\\/logo-tressis-112.png\",\"width\":112,\"height\":112,\"caption\":\"Tressis\"},\"image\":{\"@id\":\"https:\\\/\\\/www.tressis.com\\\/ca\\\/#\\\/schema\\\/logo\\\/image\\\/\"},\"sameAs\":[\"https:\\\/\\\/www.facebook.com\\\/Tressis\\\/\",\"https:\\\/\\\/x.com\\\/TressisSV\",\"https:\\\/\\\/www.instagram.com\\\/tressissv\\\/?hl=es\",\"https:\\\/\\\/linkedin.com\\\/company\\\/tressis\\\/\",\"https:\\\/\\\/www.youtube.com\\\/user\\\/tressissv\",\"https:\\\/\\\/open.spotify.com\\\/show\\\/3jmTe1Nf0wqMILl7diWV6h?si=d7112519f13c4593&nd=1\"]},{\"@type\":\"Person\",\"@id\":\"https:\\\/\\\/www.tressis.com\\\/ca\\\/#\\\/schema\\\/person\\\/b833c1d724d8764920b6d6852c70584e\",\"name\":\"Lola\",\"image\":{\"@type\":\"ImageObject\",\"inLanguage\":\"ca\",\"@id\":\"https:\\\/\\\/secure.gravatar.com\\\/avatar\\\/05e646486b23ff45df9649110609c7e31b8c4a3e2821caa23d6317f405e0c51d?s=96&d=mm&r=g\",\"url\":\"https:\\\/\\\/secure.gravatar.com\\\/avatar\\\/05e646486b23ff45df9649110609c7e31b8c4a3e2821caa23d6317f405e0c51d?s=96&d=mm&r=g\",\"contentUrl\":\"https:\\\/\\\/secure.gravatar.com\\\/avatar\\\/05e646486b23ff45df9649110609c7e31b8c4a3e2821caa23d6317f405e0c51d?s=96&d=mm&r=g\",\"caption\":\"Lola\"}}]}<\/script>\n<!-- \/ Yoast SEO plugin. -->","yoast_head_json":{"title":"La prudencia es una virtud","description":"\u00bfPor qu\u00e9 los mercados tienen toda la atenci\u00f3n puesta en el crecimiento global?","robots":{"index":"index","follow":"follow","max-snippet":"max-snippet:-1","max-image-preview":"max-image-preview:large","max-video-preview":"max-video-preview:-1"},"canonical":"https:\/\/www.tressis.com\/ca\/blog\/la-prudencia-una-virtud\/","og_locale":"ca_ES","og_type":"article","og_title":"La prudencia es una virtud","og_description":"\u00bfPor qu\u00e9 los mercados tienen toda la atenci\u00f3n puesta en el crecimiento global?","og_url":"https:\/\/www.tressis.com\/ca\/blog\/la-prudencia-una-virtud\/","og_site_name":"Tressis","article_publisher":"https:\/\/www.facebook.com\/Tressis\/","article_published_time":"2018-02-02T10:01:02+00:00","og_image":[{"width":1100,"height":487,"url":"https:\/\/www.tressis.com\/wp-content\/uploads\/2018\/02\/20180202-mmv.jpg","type":"image\/jpeg"}],"author":"Lola","twitter_card":"summary_large_image","twitter_creator":"@TressisSV","twitter_site":"@TressisSV","twitter_misc":{"Escrit per":"Lola","Temps estimat de lectura":"2 minuts"},"schema":{"@context":"https:\/\/schema.org","@graph":[{"@type":"Article","@id":"https:\/\/www.tressis.com\/ca\/blog\/la-prudencia-una-virtud\/#article","isPartOf":{"@id":"https:\/\/www.tressis.com\/ca\/blog\/la-prudencia-una-virtud\/"},"author":{"name":"Lola","@id":"https:\/\/www.tressis.com\/ca\/#\/schema\/person\/b833c1d724d8764920b6d6852c70584e"},"headline":"La prudencia es una virtud","datePublished":"2018-02-02T10:01:02+00:00","mainEntityOfPage":{"@id":"https:\/\/www.tressis.com\/ca\/blog\/la-prudencia-una-virtud\/"},"wordCount":382,"commentCount":0,"publisher":{"@id":"https:\/\/www.tressis.com\/ca\/#organization"},"image":{"@id":"https:\/\/www.tressis.com\/ca\/blog\/la-prudencia-una-virtud\/#primaryimage"},"thumbnailUrl":"https:\/\/www.tressis.com\/wp-content\/uploads\/2018\/02\/20180202-mmv.jpg","keywords":["amazon","Apple","banco central","bater\u00eda de PMI","BCE","china","crecimiento global","dolar","EEUU","euro","Europa","Google","IPC","Jap\u00f3n","PMI de manufacturas","pol\u00edticas monetarias","presiones v\u00eda precios","prudencia","rentabilidad","revoluci\u00f3n tecnol\u00f3gica"],"articleSection":["Morning meeting"],"inLanguage":"ca","potentialAction":[{"@type":"CommentAction","name":"Comment","target":["https:\/\/www.tressis.com\/ca\/blog\/la-prudencia-una-virtud\/#respond"]}]},{"@type":"WebPage","@id":"https:\/\/www.tressis.com\/ca\/blog\/la-prudencia-una-virtud\/","url":"https:\/\/www.tressis.com\/ca\/blog\/la-prudencia-una-virtud\/","name":"La prudencia es una virtud","isPartOf":{"@id":"https:\/\/www.tressis.com\/ca\/#website"},"primaryImageOfPage":{"@id":"https:\/\/www.tressis.com\/ca\/blog\/la-prudencia-una-virtud\/#primaryimage"},"image":{"@id":"https:\/\/www.tressis.com\/ca\/blog\/la-prudencia-una-virtud\/#primaryimage"},"thumbnailUrl":"https:\/\/www.tressis.com\/wp-content\/uploads\/2018\/02\/20180202-mmv.jpg","datePublished":"2018-02-02T10:01:02+00:00","description":"\u00bfPor qu\u00e9 los mercados tienen toda la atenci\u00f3n puesta en el crecimiento global?","breadcrumb":{"@id":"https:\/\/www.tressis.com\/ca\/blog\/la-prudencia-una-virtud\/#breadcrumb"},"inLanguage":"ca","potentialAction":[{"@type":"ReadAction","target":["https:\/\/www.tressis.com\/ca\/blog\/la-prudencia-una-virtud\/"]}]},{"@type":"ImageObject","inLanguage":"ca","@id":"https:\/\/www.tressis.com\/ca\/blog\/la-prudencia-una-virtud\/#primaryimage","url":"https:\/\/www.tressis.com\/wp-content\/uploads\/2018\/02\/20180202-mmv.jpg","contentUrl":"https:\/\/www.tressis.com\/wp-content\/uploads\/2018\/02\/20180202-mmv.jpg","width":1100,"height":487,"caption":"La prudencia es una virtud"},{"@type":"BreadcrumbList","@id":"https:\/\/www.tressis.com\/ca\/blog\/la-prudencia-una-virtud\/#breadcrumb","itemListElement":[{"@type":"ListItem","position":1,"name":"Inicio","item":"https:\/\/www.tressis.com\/ca\/"},{"@type":"ListItem","position":2,"name":"La prudencia es una virtud"}]},{"@type":"WebSite","@id":"https:\/\/www.tressis.com\/ca\/#website","url":"https:\/\/www.tressis.com\/ca\/","name":"Tressis banca privada","description":"Tressis | Planificaci\u00f3n financiera y gesti\u00f3n de patrimonios","publisher":{"@id":"https:\/\/www.tressis.com\/ca\/#organization"},"potentialAction":[{"@type":"SearchAction","target":{"@type":"EntryPoint","urlTemplate":"https:\/\/www.tressis.com\/ca\/?s={search_term_string}"},"query-input":{"@type":"PropertyValueSpecification","valueRequired":true,"valueName":"search_term_string"}}],"inLanguage":"ca"},{"@type":"Organization","@id":"https:\/\/www.tressis.com\/ca\/#organization","name":"Tressis","url":"https:\/\/www.tressis.com\/ca\/","logo":{"@type":"ImageObject","inLanguage":"ca","@id":"https:\/\/www.tressis.com\/ca\/#\/schema\/logo\/image\/","url":"https:\/\/www.tressis.com\/wp-content\/uploads\/2025\/06\/logo-tressis-112.png","contentUrl":"https:\/\/www.tressis.com\/wp-content\/uploads\/2025\/06\/logo-tressis-112.png","width":112,"height":112,"caption":"Tressis"},"image":{"@id":"https:\/\/www.tressis.com\/ca\/#\/schema\/logo\/image\/"},"sameAs":["https:\/\/www.facebook.com\/Tressis\/","https:\/\/x.com\/TressisSV","https:\/\/www.instagram.com\/tressissv\/?hl=es","https:\/\/linkedin.com\/company\/tressis\/","https:\/\/www.youtube.com\/user\/tressissv","https:\/\/open.spotify.com\/show\/3jmTe1Nf0wqMILl7diWV6h?si=d7112519f13c4593&nd=1"]},{"@type":"Person","@id":"https:\/\/www.tressis.com\/ca\/#\/schema\/person\/b833c1d724d8764920b6d6852c70584e","name":"Lola","image":{"@type":"ImageObject","inLanguage":"ca","@id":"https:\/\/secure.gravatar.com\/avatar\/05e646486b23ff45df9649110609c7e31b8c4a3e2821caa23d6317f405e0c51d?s=96&d=mm&r=g","url":"https:\/\/secure.gravatar.com\/avatar\/05e646486b23ff45df9649110609c7e31b8c4a3e2821caa23d6317f405e0c51d?s=96&d=mm&r=g","contentUrl":"https:\/\/secure.gravatar.com\/avatar\/05e646486b23ff45df9649110609c7e31b8c4a3e2821caa23d6317f405e0c51d?s=96&d=mm&r=g","caption":"Lola"}}]}},"_links":{"self":[{"href":"https:\/\/www.tressis.com\/ca\/wp-json\/wp\/v2\/posts\/28044","targetHints":{"allow":["GET"]}}],"collection":[{"href":"https:\/\/www.tressis.com\/ca\/wp-json\/wp\/v2\/posts"}],"about":[{"href":"https:\/\/www.tressis.com\/ca\/wp-json\/wp\/v2\/types\/post"}],"author":[{"embeddable":true,"href":"https:\/\/www.tressis.com\/ca\/wp-json\/wp\/v2\/users\/4"}],"replies":[{"embeddable":true,"href":"https:\/\/www.tressis.com\/ca\/wp-json\/wp\/v2\/comments?post=28044"}],"version-history":[{"count":0,"href":"https:\/\/www.tressis.com\/ca\/wp-json\/wp\/v2\/posts\/28044\/revisions"}],"wp:featuredmedia":[{"embeddable":true,"href":"https:\/\/www.tressis.com\/ca\/wp-json\/wp\/v2\/media\/28045"}],"wp:attachment":[{"href":"https:\/\/www.tressis.com\/ca\/wp-json\/wp\/v2\/media?parent=28044"}],"wp:term":[{"taxonomy":"category","embeddable":true,"href":"https:\/\/www.tressis.com\/ca\/wp-json\/wp\/v2\/categories?post=28044"},{"taxonomy":"post_tag","embeddable":true,"href":"https:\/\/www.tressis.com\/ca\/wp-json\/wp\/v2\/tags?post=28044"}],"curies":[{"name":"wp","href":"https:\/\/api.w.org\/{rel}","templated":true}]}}