{"id":28027,"date":"2018-01-31T10:49:36","date_gmt":"2018-01-31T09:49:36","guid":{"rendered":"http:\/\/www.tressis.com\/blog\/?p=28027"},"modified":"2018-01-31T10:49:36","modified_gmt":"2018-01-31T09:49:36","slug":"trump-conciliador","status":"publish","type":"post","link":"https:\/\/www.tressis.com\/ca\/blog\/trump-conciliador\/","title":{"rendered":"\u00bfTrump conciliador?"},"content":{"rendered":"<p>Pues aunque solo sea por unos d\u00edas, podemos decir que la tradicional descorrelaci\u00f3n entre las bolsas y los bonos considerados refugio, l\u00e9ase EE.UU. o Alemania, est\u00e1 virtualmente fuera de combate.<!--more--><\/p>\n<p>Demos la bienvenida a la volatilidad ahora que por fin el S&amp;P vuelve a ser capaz de perder m\u00e1s de un 1% en un d\u00eda, porque estamos en ese punto en que parece imperar la toma de beneficios sin m\u00e1s.<\/p>\n<p>El mercado esperaba entre atento y temeroso el discurso sobre el estado de la Uni\u00f3n de Donald Trump, pero el se\u00f1or presidente supo contenerse y pronunciar un discurso hasta conciliador. En t\u00e9rminos econ\u00f3micos volvi\u00f3 a la carga con el plan de inversi\u00f3n (o gasto, seg\u00fan se mire) en infraestructuras, una quimera que los inversores no terminan de creerse por segunda vez. No hubo menci\u00f3n a la Reserva Federal, que hoy pone el punto final a la era Yellen. Con la entrada del elegido de Trump, Jerome Powell, se espera continuismo en el sentido monetario, si bien el FOMC va a tener que hacer frente a un escenario de crecimiento combinado con est\u00edmulos fiscales y monetarios; todo sin inflaci\u00f3n pero con la confianza de los consumidores rondando los m\u00e1ximos de los \u00faltimos 17 a\u00f1os.<\/p>\n<p>Hablando de crecimiento, Europa confirma que lo lidera dentro de los bloques desarrollados con un 2,5% para todo 2017. A nivel pa\u00eds, se publicaron los PIB de Francia y Espa\u00f1a, con m\u00e1ximos de seis a\u00f1os el primero y sufriendo un descenso relativo el segundo por culpa de la crisis institucional catalana. Pero aunque los indicadores econ\u00f3micos reflejan el buen estado de forma de la regi\u00f3n, sigue faltando inflaci\u00f3n. El IPC alem\u00e1n, tambi\u00e9n conocido ayer, experimenta un retroceso de una d\u00e9cima en enero, y de ah\u00ed que los halcones del BCE est\u00e9n dando marcha atr\u00e1s a sus intenciones de ajusticiar al QE.<\/p>\n<p>Cerramos la ronda con los indicadores asi\u00e1ticos de esta madrugada. En el caso de Jap\u00f3n con una producci\u00f3n industrial que se suma a otros datos que hablan del buen momento que atraviesa el archipi\u00e9lago, mientras que para China preferimos esperar a los PMI de Caixin, dado que los oficiales (que por cierto han descendido en el presente mes) acostumbran a venir con colorante y edulcorante.<\/p>\n<p>En la secci\u00f3n de resultados de compa\u00f1\u00edas hoy destacan las cifras del Santander. La entidad acumula un beneficio neto un 7% superior a lo largo del a\u00f1o pasado, m\u00e1s positivo si cabe por tener en cuenta que a\u00fan se encuentra en plena digesti\u00f3n del Popular.<\/p>\n<p>Buen d\u00eda.<\/p>\n<p><center><strong>Am\u00edlcar Barrios Vilallonga<\/strong><br \/>\nDirecci\u00f3n de Inversiones<\/center><\/p>\n","protected":false},"excerpt":{"rendered":"<p>Pues aunque solo sea por unos d\u00edas, podemos decir que la tradicional descorrelaci\u00f3n entre las bolsas y los bonos considerados refugio, l\u00e9ase EE.UU. o Alemania, est\u00e1 virtualmente fuera de combate.<\/p>\n","protected":false},"author":4,"featured_media":28028,"comment_status":"open","ping_status":"closed","sticky":false,"template":"","format":"standard","meta":{"_acf_changed":false,"footnotes":""},"categories":[9721],"tags":[141,559,2206,2446,2556,2792,2879,3647,3714,3726,4934,5313,5760,5978,6658,6734,6920],"class_list":["post-28027","post","type-post","status-publish","format-standard","has-post-thumbnail","hentry","category-morning-meeting","tag-alemania","tag-bce","tag-eeuu","tag-espana","tag-europa","tag-fomc","tag-francia","tag-ipc-aleman","tag-japon","tag-jerome-powell","tag-pmi-de-caixin","tag-qe","tag-reserva-fderal","tag-sp","tag-toma-de-beneficios","tag-trump","tag-volatilidad"],"acf":[],"yoast_head":"<!-- This site is optimized with the Yoast SEO plugin v27.4 - https:\/\/yoast.com\/product\/yoast-seo-wordpress\/ -->\n<title>\u00bfTrump conciliador?<\/title>\n<meta name=\"description\" content=\"En parte, porque en t\u00e9rminos econ\u00f3micos volvi\u00f3 a la carga\" \/>\n<meta name=\"robots\" content=\"index, follow, max-snippet:-1, max-image-preview:large, max-video-preview:-1\" \/>\n<link rel=\"canonical\" href=\"https:\/\/www.tressis.com\/ca\/blog\/trump-conciliador\/\" \/>\n<meta property=\"og:locale\" content=\"ca_ES\" \/>\n<meta property=\"og:type\" content=\"article\" \/>\n<meta property=\"og:title\" content=\"\u00bfTrump conciliador?\" \/>\n<meta property=\"og:description\" content=\"En parte, porque en t\u00e9rminos econ\u00f3micos volvi\u00f3 a la carga\" \/>\n<meta property=\"og:url\" content=\"https:\/\/www.tressis.com\/ca\/blog\/trump-conciliador\/\" \/>\n<meta property=\"og:site_name\" content=\"Tressis\" \/>\n<meta property=\"article:publisher\" content=\"https:\/\/www.facebook.com\/Tressis\/\" \/>\n<meta property=\"article:published_time\" content=\"2018-01-31T09:49:36+00:00\" \/>\n<meta property=\"og:image\" content=\"https:\/\/www.tressis.com\/wp-content\/uploads\/2018\/01\/20170131-mmv.jpg\" \/>\n\t<meta property=\"og:image:width\" content=\"1100\" \/>\n\t<meta property=\"og:image:height\" content=\"487\" \/>\n\t<meta property=\"og:image:type\" content=\"image\/jpeg\" \/>\n<meta name=\"author\" content=\"Lola\" \/>\n<meta name=\"twitter:card\" content=\"summary_large_image\" \/>\n<meta name=\"twitter:creator\" content=\"@TressisSV\" \/>\n<meta name=\"twitter:site\" content=\"@TressisSV\" \/>\n<meta name=\"twitter:label1\" content=\"Escrit per\" \/>\n\t<meta name=\"twitter:data1\" content=\"Lola\" \/>\n\t<meta name=\"twitter:label2\" content=\"Temps estimat de lectura\" \/>\n\t<meta name=\"twitter:data2\" content=\"2 minuts\" \/>\n<script type=\"application\/ld+json\" class=\"yoast-schema-graph\">{\"@context\":\"https:\\\/\\\/schema.org\",\"@graph\":[{\"@type\":\"Article\",\"@id\":\"https:\\\/\\\/www.tressis.com\\\/ca\\\/blog\\\/trump-conciliador\\\/#article\",\"isPartOf\":{\"@id\":\"https:\\\/\\\/www.tressis.com\\\/ca\\\/blog\\\/trump-conciliador\\\/\"},\"author\":{\"name\":\"Lola\",\"@id\":\"https:\\\/\\\/www.tressis.com\\\/ca\\\/#\\\/schema\\\/person\\\/b833c1d724d8764920b6d6852c70584e\"},\"headline\":\"\u00bfTrump conciliador?\",\"datePublished\":\"2018-01-31T09:49:36+00:00\",\"mainEntityOfPage\":{\"@id\":\"https:\\\/\\\/www.tressis.com\\\/ca\\\/blog\\\/trump-conciliador\\\/\"},\"wordCount\":464,\"commentCount\":0,\"publisher\":{\"@id\":\"https:\\\/\\\/www.tressis.com\\\/ca\\\/#organization\"},\"image\":{\"@id\":\"https:\\\/\\\/www.tressis.com\\\/ca\\\/blog\\\/trump-conciliador\\\/#primaryimage\"},\"thumbnailUrl\":\"https:\\\/\\\/www.tressis.com\\\/wp-content\\\/uploads\\\/2018\\\/01\\\/20170131-mmv.jpg\",\"keywords\":[\"Alemania\",\"BCE\",\"EEUU\",\"Espa\u00f1a\",\"Europa\",\"FOMC\",\"Francia\",\"IPC alem\u00e1n\",\"Jap\u00f3n\",\"Jerome Powell\",\"PMI de Caixin\",\"QE\",\"Reserva Fderal\",\"S&amp;P\",\"toma de beneficios\",\"Trump\",\"volatilidad\"],\"articleSection\":[\"Morning meeting\"],\"inLanguage\":\"ca\",\"potentialAction\":[{\"@type\":\"CommentAction\",\"name\":\"Comment\",\"target\":[\"https:\\\/\\\/www.tressis.com\\\/ca\\\/blog\\\/trump-conciliador\\\/#respond\"]}]},{\"@type\":\"WebPage\",\"@id\":\"https:\\\/\\\/www.tressis.com\\\/ca\\\/blog\\\/trump-conciliador\\\/\",\"url\":\"https:\\\/\\\/www.tressis.com\\\/ca\\\/blog\\\/trump-conciliador\\\/\",\"name\":\"\u00bfTrump conciliador?\",\"isPartOf\":{\"@id\":\"https:\\\/\\\/www.tressis.com\\\/ca\\\/#website\"},\"primaryImageOfPage\":{\"@id\":\"https:\\\/\\\/www.tressis.com\\\/ca\\\/blog\\\/trump-conciliador\\\/#primaryimage\"},\"image\":{\"@id\":\"https:\\\/\\\/www.tressis.com\\\/ca\\\/blog\\\/trump-conciliador\\\/#primaryimage\"},\"thumbnailUrl\":\"https:\\\/\\\/www.tressis.com\\\/wp-content\\\/uploads\\\/2018\\\/01\\\/20170131-mmv.jpg\",\"datePublished\":\"2018-01-31T09:49:36+00:00\",\"description\":\"En parte, porque en t\u00e9rminos econ\u00f3micos volvi\u00f3 a la carga\",\"breadcrumb\":{\"@id\":\"https:\\\/\\\/www.tressis.com\\\/ca\\\/blog\\\/trump-conciliador\\\/#breadcrumb\"},\"inLanguage\":\"ca\",\"potentialAction\":[{\"@type\":\"ReadAction\",\"target\":[\"https:\\\/\\\/www.tressis.com\\\/ca\\\/blog\\\/trump-conciliador\\\/\"]}]},{\"@type\":\"ImageObject\",\"inLanguage\":\"ca\",\"@id\":\"https:\\\/\\\/www.tressis.com\\\/ca\\\/blog\\\/trump-conciliador\\\/#primaryimage\",\"url\":\"https:\\\/\\\/www.tressis.com\\\/wp-content\\\/uploads\\\/2018\\\/01\\\/20170131-mmv.jpg\",\"contentUrl\":\"https:\\\/\\\/www.tressis.com\\\/wp-content\\\/uploads\\\/2018\\\/01\\\/20170131-mmv.jpg\",\"width\":1100,\"height\":487,\"caption\":\"\u00bfTrump conciliador?\"},{\"@type\":\"BreadcrumbList\",\"@id\":\"https:\\\/\\\/www.tressis.com\\\/ca\\\/blog\\\/trump-conciliador\\\/#breadcrumb\",\"itemListElement\":[{\"@type\":\"ListItem\",\"position\":1,\"name\":\"Inicio\",\"item\":\"https:\\\/\\\/www.tressis.com\\\/ca\\\/\"},{\"@type\":\"ListItem\",\"position\":2,\"name\":\"\u00bfTrump conciliador?\"}]},{\"@type\":\"WebSite\",\"@id\":\"https:\\\/\\\/www.tressis.com\\\/ca\\\/#website\",\"url\":\"https:\\\/\\\/www.tressis.com\\\/ca\\\/\",\"name\":\"Tressis banca privada\",\"description\":\"Tressis | Planificaci\u00f3n financiera y gesti\u00f3n de patrimonios\",\"publisher\":{\"@id\":\"https:\\\/\\\/www.tressis.com\\\/ca\\\/#organization\"},\"potentialAction\":[{\"@type\":\"SearchAction\",\"target\":{\"@type\":\"EntryPoint\",\"urlTemplate\":\"https:\\\/\\\/www.tressis.com\\\/ca\\\/?s={search_term_string}\"},\"query-input\":{\"@type\":\"PropertyValueSpecification\",\"valueRequired\":true,\"valueName\":\"search_term_string\"}}],\"inLanguage\":\"ca\"},{\"@type\":\"Organization\",\"@id\":\"https:\\\/\\\/www.tressis.com\\\/ca\\\/#organization\",\"name\":\"Tressis\",\"url\":\"https:\\\/\\\/www.tressis.com\\\/ca\\\/\",\"logo\":{\"@type\":\"ImageObject\",\"inLanguage\":\"ca\",\"@id\":\"https:\\\/\\\/www.tressis.com\\\/ca\\\/#\\\/schema\\\/logo\\\/image\\\/\",\"url\":\"https:\\\/\\\/www.tressis.com\\\/wp-content\\\/uploads\\\/2025\\\/06\\\/logo-tressis-112.png\",\"contentUrl\":\"https:\\\/\\\/www.tressis.com\\\/wp-content\\\/uploads\\\/2025\\\/06\\\/logo-tressis-112.png\",\"width\":112,\"height\":112,\"caption\":\"Tressis\"},\"image\":{\"@id\":\"https:\\\/\\\/www.tressis.com\\\/ca\\\/#\\\/schema\\\/logo\\\/image\\\/\"},\"sameAs\":[\"https:\\\/\\\/www.facebook.com\\\/Tressis\\\/\",\"https:\\\/\\\/x.com\\\/TressisSV\",\"https:\\\/\\\/www.instagram.com\\\/tressissv\\\/?hl=es\",\"https:\\\/\\\/linkedin.com\\\/company\\\/tressis\\\/\",\"https:\\\/\\\/www.youtube.com\\\/user\\\/tressissv\",\"https:\\\/\\\/open.spotify.com\\\/show\\\/3jmTe1Nf0wqMILl7diWV6h?si=d7112519f13c4593&nd=1\"]},{\"@type\":\"Person\",\"@id\":\"https:\\\/\\\/www.tressis.com\\\/ca\\\/#\\\/schema\\\/person\\\/b833c1d724d8764920b6d6852c70584e\",\"name\":\"Lola\",\"image\":{\"@type\":\"ImageObject\",\"inLanguage\":\"ca\",\"@id\":\"https:\\\/\\\/secure.gravatar.com\\\/avatar\\\/05e646486b23ff45df9649110609c7e31b8c4a3e2821caa23d6317f405e0c51d?s=96&d=mm&r=g\",\"url\":\"https:\\\/\\\/secure.gravatar.com\\\/avatar\\\/05e646486b23ff45df9649110609c7e31b8c4a3e2821caa23d6317f405e0c51d?s=96&d=mm&r=g\",\"contentUrl\":\"https:\\\/\\\/secure.gravatar.com\\\/avatar\\\/05e646486b23ff45df9649110609c7e31b8c4a3e2821caa23d6317f405e0c51d?s=96&d=mm&r=g\",\"caption\":\"Lola\"}}]}<\/script>\n<!-- \/ Yoast SEO plugin. -->","yoast_head_json":{"title":"\u00bfTrump conciliador?","description":"En parte, porque en t\u00e9rminos econ\u00f3micos volvi\u00f3 a la carga","robots":{"index":"index","follow":"follow","max-snippet":"max-snippet:-1","max-image-preview":"max-image-preview:large","max-video-preview":"max-video-preview:-1"},"canonical":"https:\/\/www.tressis.com\/ca\/blog\/trump-conciliador\/","og_locale":"ca_ES","og_type":"article","og_title":"\u00bfTrump conciliador?","og_description":"En parte, porque en t\u00e9rminos econ\u00f3micos volvi\u00f3 a la carga","og_url":"https:\/\/www.tressis.com\/ca\/blog\/trump-conciliador\/","og_site_name":"Tressis","article_publisher":"https:\/\/www.facebook.com\/Tressis\/","article_published_time":"2018-01-31T09:49:36+00:00","og_image":[{"width":1100,"height":487,"url":"https:\/\/www.tressis.com\/wp-content\/uploads\/2018\/01\/20170131-mmv.jpg","type":"image\/jpeg"}],"author":"Lola","twitter_card":"summary_large_image","twitter_creator":"@TressisSV","twitter_site":"@TressisSV","twitter_misc":{"Escrit per":"Lola","Temps estimat de lectura":"2 minuts"},"schema":{"@context":"https:\/\/schema.org","@graph":[{"@type":"Article","@id":"https:\/\/www.tressis.com\/ca\/blog\/trump-conciliador\/#article","isPartOf":{"@id":"https:\/\/www.tressis.com\/ca\/blog\/trump-conciliador\/"},"author":{"name":"Lola","@id":"https:\/\/www.tressis.com\/ca\/#\/schema\/person\/b833c1d724d8764920b6d6852c70584e"},"headline":"\u00bfTrump conciliador?","datePublished":"2018-01-31T09:49:36+00:00","mainEntityOfPage":{"@id":"https:\/\/www.tressis.com\/ca\/blog\/trump-conciliador\/"},"wordCount":464,"commentCount":0,"publisher":{"@id":"https:\/\/www.tressis.com\/ca\/#organization"},"image":{"@id":"https:\/\/www.tressis.com\/ca\/blog\/trump-conciliador\/#primaryimage"},"thumbnailUrl":"https:\/\/www.tressis.com\/wp-content\/uploads\/2018\/01\/20170131-mmv.jpg","keywords":["Alemania","BCE","EEUU","Espa\u00f1a","Europa","FOMC","Francia","IPC alem\u00e1n","Jap\u00f3n","Jerome Powell","PMI de Caixin","QE","Reserva Fderal","S&amp;P","toma de beneficios","Trump","volatilidad"],"articleSection":["Morning meeting"],"inLanguage":"ca","potentialAction":[{"@type":"CommentAction","name":"Comment","target":["https:\/\/www.tressis.com\/ca\/blog\/trump-conciliador\/#respond"]}]},{"@type":"WebPage","@id":"https:\/\/www.tressis.com\/ca\/blog\/trump-conciliador\/","url":"https:\/\/www.tressis.com\/ca\/blog\/trump-conciliador\/","name":"\u00bfTrump conciliador?","isPartOf":{"@id":"https:\/\/www.tressis.com\/ca\/#website"},"primaryImageOfPage":{"@id":"https:\/\/www.tressis.com\/ca\/blog\/trump-conciliador\/#primaryimage"},"image":{"@id":"https:\/\/www.tressis.com\/ca\/blog\/trump-conciliador\/#primaryimage"},"thumbnailUrl":"https:\/\/www.tressis.com\/wp-content\/uploads\/2018\/01\/20170131-mmv.jpg","datePublished":"2018-01-31T09:49:36+00:00","description":"En parte, porque en t\u00e9rminos econ\u00f3micos volvi\u00f3 a la carga","breadcrumb":{"@id":"https:\/\/www.tressis.com\/ca\/blog\/trump-conciliador\/#breadcrumb"},"inLanguage":"ca","potentialAction":[{"@type":"ReadAction","target":["https:\/\/www.tressis.com\/ca\/blog\/trump-conciliador\/"]}]},{"@type":"ImageObject","inLanguage":"ca","@id":"https:\/\/www.tressis.com\/ca\/blog\/trump-conciliador\/#primaryimage","url":"https:\/\/www.tressis.com\/wp-content\/uploads\/2018\/01\/20170131-mmv.jpg","contentUrl":"https:\/\/www.tressis.com\/wp-content\/uploads\/2018\/01\/20170131-mmv.jpg","width":1100,"height":487,"caption":"\u00bfTrump conciliador?"},{"@type":"BreadcrumbList","@id":"https:\/\/www.tressis.com\/ca\/blog\/trump-conciliador\/#breadcrumb","itemListElement":[{"@type":"ListItem","position":1,"name":"Inicio","item":"https:\/\/www.tressis.com\/ca\/"},{"@type":"ListItem","position":2,"name":"\u00bfTrump conciliador?"}]},{"@type":"WebSite","@id":"https:\/\/www.tressis.com\/ca\/#website","url":"https:\/\/www.tressis.com\/ca\/","name":"Tressis banca privada","description":"Tressis | Planificaci\u00f3n financiera y gesti\u00f3n de patrimonios","publisher":{"@id":"https:\/\/www.tressis.com\/ca\/#organization"},"potentialAction":[{"@type":"SearchAction","target":{"@type":"EntryPoint","urlTemplate":"https:\/\/www.tressis.com\/ca\/?s={search_term_string}"},"query-input":{"@type":"PropertyValueSpecification","valueRequired":true,"valueName":"search_term_string"}}],"inLanguage":"ca"},{"@type":"Organization","@id":"https:\/\/www.tressis.com\/ca\/#organization","name":"Tressis","url":"https:\/\/www.tressis.com\/ca\/","logo":{"@type":"ImageObject","inLanguage":"ca","@id":"https:\/\/www.tressis.com\/ca\/#\/schema\/logo\/image\/","url":"https:\/\/www.tressis.com\/wp-content\/uploads\/2025\/06\/logo-tressis-112.png","contentUrl":"https:\/\/www.tressis.com\/wp-content\/uploads\/2025\/06\/logo-tressis-112.png","width":112,"height":112,"caption":"Tressis"},"image":{"@id":"https:\/\/www.tressis.com\/ca\/#\/schema\/logo\/image\/"},"sameAs":["https:\/\/www.facebook.com\/Tressis\/","https:\/\/x.com\/TressisSV","https:\/\/www.instagram.com\/tressissv\/?hl=es","https:\/\/linkedin.com\/company\/tressis\/","https:\/\/www.youtube.com\/user\/tressissv","https:\/\/open.spotify.com\/show\/3jmTe1Nf0wqMILl7diWV6h?si=d7112519f13c4593&nd=1"]},{"@type":"Person","@id":"https:\/\/www.tressis.com\/ca\/#\/schema\/person\/b833c1d724d8764920b6d6852c70584e","name":"Lola","image":{"@type":"ImageObject","inLanguage":"ca","@id":"https:\/\/secure.gravatar.com\/avatar\/05e646486b23ff45df9649110609c7e31b8c4a3e2821caa23d6317f405e0c51d?s=96&d=mm&r=g","url":"https:\/\/secure.gravatar.com\/avatar\/05e646486b23ff45df9649110609c7e31b8c4a3e2821caa23d6317f405e0c51d?s=96&d=mm&r=g","contentUrl":"https:\/\/secure.gravatar.com\/avatar\/05e646486b23ff45df9649110609c7e31b8c4a3e2821caa23d6317f405e0c51d?s=96&d=mm&r=g","caption":"Lola"}}]}},"_links":{"self":[{"href":"https:\/\/www.tressis.com\/ca\/wp-json\/wp\/v2\/posts\/28027","targetHints":{"allow":["GET"]}}],"collection":[{"href":"https:\/\/www.tressis.com\/ca\/wp-json\/wp\/v2\/posts"}],"about":[{"href":"https:\/\/www.tressis.com\/ca\/wp-json\/wp\/v2\/types\/post"}],"author":[{"embeddable":true,"href":"https:\/\/www.tressis.com\/ca\/wp-json\/wp\/v2\/users\/4"}],"replies":[{"embeddable":true,"href":"https:\/\/www.tressis.com\/ca\/wp-json\/wp\/v2\/comments?post=28027"}],"version-history":[{"count":0,"href":"https:\/\/www.tressis.com\/ca\/wp-json\/wp\/v2\/posts\/28027\/revisions"}],"wp:featuredmedia":[{"embeddable":true,"href":"https:\/\/www.tressis.com\/ca\/wp-json\/wp\/v2\/media\/28028"}],"wp:attachment":[{"href":"https:\/\/www.tressis.com\/ca\/wp-json\/wp\/v2\/media?parent=28027"}],"wp:term":[{"taxonomy":"category","embeddable":true,"href":"https:\/\/www.tressis.com\/ca\/wp-json\/wp\/v2\/categories?post=28027"},{"taxonomy":"post_tag","embeddable":true,"href":"https:\/\/www.tressis.com\/ca\/wp-json\/wp\/v2\/tags?post=28027"}],"curies":[{"name":"wp","href":"https:\/\/api.w.org\/{rel}","templated":true}]}}